{"id":8100,"date":"2019-08-02T10:00:19","date_gmt":"2019-08-02T08:00:19","guid":{"rendered":"https:\/\/skalnik.pl\/blog\/?p=8100"},"modified":"2025-07-04T08:18:52","modified_gmt":"2025-07-04T06:18:52","slug":"ksiazki-o-gorach-czyli-co-warto-przeczytac","status":"publish","type":"post","link":"https:\/\/www.skalnik.pl\/blog\/ksiazki-o-gorach-czyli-co-warto-przeczytac\/","title":{"rendered":"Najlepsze ksi\u0105\u017cki o g\u00f3rach, czyli co warto przeczyta\u0107"},"content":{"rendered":"\n<p><strong>Ksi\u0105\u017cki o&nbsp;g\u00f3rach to&nbsp;opowie\u015bci nie tylko o&nbsp;szczytach, graniach czy prze\u0142\u0119czach. To&nbsp;przede wszystkim historie ludzi, kt\u00f3rzy postanowili zmierzy\u0107 si\u0119 z&nbsp;nimi. Mog\u0105 to&nbsp;by\u0107 Tatry, Bieszczady, Alpy czy Andy, cho\u0107 i&nbsp;tak najwi\u0119cej ksi\u0105\u017cek o tematyce g\u00f3rskiej dzieje si\u0119 w\u015br\u00f3d najwy\u017cszych szczyt\u00f3w \u015bwiata \u2013&nbsp;w Himalajach.<\/strong><\/p>\n\n\n\n<p>Ksi\u0105\u017cki o g\u00f3rach to&nbsp;m\u00f3j konik ju\u017c od&nbsp;paru dobrych lat. Zdaj\u0119 sobie oczywi\u015bcie spraw\u0119, \u017ce&nbsp;nie jest to&nbsp;najcz\u0119\u015bciej lektura wybitna, jednak dla ciekawego tematu jestem gotowa przymkn\u0105\u0107 oko na&nbsp;niedoskona\u0142o\u015bci literackie. Kiedy zasiadam do&nbsp;lektury, historia przenosi mnie w&nbsp;krain\u0119 niezdobytych szczyt\u00f3w, heroicznej walki,&nbsp;mega ambicji i sztuki wolno\u015bci. Poza tym \u2013&nbsp;czy mo\u017cna wyobrazi\u0107 sobie lepsze \u201ech\u0142odziwo\u201d w&nbsp;upalny dzie\u0144 ni\u017c przedzieranie si\u0119 przez \u015bniegi w Tatrach, Andach Peruwia\u0144skich lub Himalajach?<\/p>\n\n\n\n<p>Przygotowa\u0142am list\u0119 siedmiu najlepszych ksi\u0105\u017cek g\u00f3rskich, kt\u00f3re s\u0105 pozycjami obowi\u0105zkowymi. Oczywi\u015bcie historii g\u00f3rskich wypraw przeczyta\u0142am o\u00a0wiele wi\u0119cej. Jak cz\u0142owiek wpada w\u00a0czytelniczy na\u0142\u00f3g, trudno mu\u00a0z\u00a0niego si\u0119 wydosta\u0107. Wybra\u0142am dla Was cztery biografie i\u00a0trzy ksi\u0105\u017cki o\u00a0charakterze reporta\u017cowym. Tytu\u0142y te w wi\u0119kszo\u015bci dotycz\u0105 polskich ludzi g\u00f3r \u2013\u00a0z tak\u0105 tradycj\u0105 dzia\u0142a\u0144 nie tylko w polskich g\u00f3rach (Tatrach i Bieszczadach), ale tak\u017ce w\u00a0Himalajach trudno, \u017ceby by\u0142o inaczej.<\/p>\n\n\n<div id=\"ez-toc-container\" class=\"ez-toc-v2_0_85 counter-hierarchy ez-toc-counter ez-toc-light-blue ez-toc-container-direction\">\n<div class=\"ez-toc-title-container\">\n<p class=\"ez-toc-title\" style=\"cursor:inherit\">SPIS TRE\u015aCI <\/p>\n<span class=\"ez-toc-title-toggle\"><a href=\"#\" class=\"ez-toc-pull-right ez-toc-btn ez-toc-btn-xs ez-toc-btn-default ez-toc-toggle\" aria-label=\"Prze\u0142\u0105cznik Spisu Tre\u015bci\"><span class=\"ez-toc-js-icon-con\"><span class=\"\"><span class=\"eztoc-hide\" style=\"display:none;\">Toggle<\/span><span class=\"ez-toc-icon-toggle-span\"><svg style=\"fill: #999;color:#999\" xmlns=\"http:\/\/www.w3.org\/2000\/svg\" class=\"list-377408\" width=\"20px\" height=\"20px\" viewBox=\"0 0 24 24\" fill=\"none\"><path d=\"M6 6H4v2h2V6zm14 0H8v2h12V6zM4 11h2v2H4v-2zm16 0H8v2h12v-2zM4 16h2v2H4v-2zm16 0H8v2h12v-2z\" fill=\"currentColor\"><\/path><\/svg><svg style=\"fill: #999;color:#999\" class=\"arrow-unsorted-368013\" xmlns=\"http:\/\/www.w3.org\/2000\/svg\" width=\"10px\" height=\"10px\" viewBox=\"0 0 24 24\" version=\"1.2\" baseProfile=\"tiny\"><path d=\"M18.2 9.3l-6.2-6.3-6.2 6.3c-.2.2-.3.4-.3.7s.1.5.3.7c.2.2.4.3.7.3h11c.3 0 .5-.1.7-.3.2-.2.3-.5.3-.7s-.1-.5-.3-.7zM5.8 14.7l6.2 6.3 6.2-6.3c.2-.2.3-.5.3-.7s-.1-.5-.3-.7c-.2-.2-.4-.3-.7-.3h-11c-.3 0-.5.1-.7.3-.2.2-.3.5-.3.7s.1.5.3.7z\"\/><\/svg><\/span><\/span><\/span><\/a><\/span><\/div>\n<nav><ul class='ez-toc-list ez-toc-list-level-1 ' ><li class='ez-toc-page-1 ez-toc-heading-level-2'><a class=\"ez-toc-link ez-toc-heading-1\" href=\"https:\/\/www.skalnik.pl\/blog\/ksiazki-o-gorach-czyli-co-warto-przeczytac\/#%E2%80%9ESpod_zamarznietych_powiek%E2%80%9D_%E2%80%93_autobiografia_z_tematyka_gorska\" >&#8222;Spod zamarzni\u0119tych powiek&#8221; &#8211; autobiografia z tematyk\u0105 g\u00f3rsk\u0105<\/a><\/li><li class='ez-toc-page-1 ez-toc-heading-level-2'><a class=\"ez-toc-link ez-toc-heading-2\" href=\"https:\/\/www.skalnik.pl\/blog\/ksiazki-o-gorach-czyli-co-warto-przeczytac\/#O_gorach_%E2%80%93_ksiazka_Krzysztofa_Wielickiego_%E2%80%9EMoj_wybor%E2%80%9D\" >O g\u00f3rach &#8211; ksi\u0105\u017cka Krzysztofa Wielickiego &#8222;M\u00f3j wyb\u00f3r&#8221;<\/a><\/li><li class='ez-toc-page-1 ez-toc-heading-level-2'><a class=\"ez-toc-link ez-toc-heading-3\" href=\"https:\/\/www.skalnik.pl\/blog\/ksiazki-o-gorach-czyli-co-warto-przeczytac\/#%E2%80%9EWanda%E2%80%9D\" >&#8222;Wanda&#8221;<\/a><\/li><li class='ez-toc-page-1 ez-toc-heading-level-2'><a class=\"ez-toc-link ez-toc-heading-4\" href=\"https:\/\/www.skalnik.pl\/blog\/ksiazki-o-gorach-czyli-co-warto-przeczytac\/#%E2%80%9EKukuczka_Opowiesc_o_najslynniejszym_polskim_himalaiscie%E2%80%9D\" >&#8222;Kukuczka. Opowie\u015b\u0107 o najs\u0142ynniejszym polskim himalai\u015bcie&#8221;<\/a><\/li><li class='ez-toc-page-1 ez-toc-heading-level-2'><a class=\"ez-toc-link ez-toc-heading-5\" href=\"https:\/\/www.skalnik.pl\/blog\/ksiazki-o-gorach-czyli-co-warto-przeczytac\/#%E2%80%9EKomin_Pokutnikow%E2%80%9D\" >&#8222;Komin Pokutnik\u00f3w&#8221;<\/a><\/li><li class='ez-toc-page-1 ez-toc-heading-level-2'><a class=\"ez-toc-link ez-toc-heading-6\" href=\"https:\/\/www.skalnik.pl\/blog\/ksiazki-o-gorach-czyli-co-warto-przeczytac\/#%E2%80%9EK2_Tryumf_i_tragedia%E2%80%9D\" >&#8222;K2. Tryumf i tragedia&#8221;<\/a><\/li><li class='ez-toc-page-1 ez-toc-heading-level-2'><a class=\"ez-toc-link ez-toc-heading-7\" href=\"https:\/\/www.skalnik.pl\/blog\/ksiazki-o-gorach-czyli-co-warto-przeczytac\/#Wszystko_za_Everest\" >Wszystko za Everest<\/a><\/li><li class='ez-toc-page-1 ez-toc-heading-level-2'><a class=\"ez-toc-link ez-toc-heading-8\" href=\"https:\/\/www.skalnik.pl\/blog\/ksiazki-o-gorach-czyli-co-warto-przeczytac\/#Historie_o_gorach_i_kroniki_smierci_czyli_co_jeszcze_znajdziesz_w_tematyce_polskiego_himalaizmu_zimowego\" >Historie o g\u00f3rach i kroniki \u015bmierci, czyli co jeszcze znajdziesz w tematyce polskiego himalaizmu zimowego<\/a><\/li><\/ul><\/nav><\/div>\n<h2 class=\"content-structure\" data-content-structure-tag=\"h2\" data-content-structure-line-height=\"32px\"><span class=\"ez-toc-section\" id=\"%E2%80%9ESpod_zamarznietych_powiek%E2%80%9D_%E2%80%93_autobiografia_z_tematyka_gorska\"><\/span>&#8222;Spod zamarzni\u0119tych powiek&#8221; &#8211; autobiografia z tematyk\u0105 g\u00f3rsk\u0105<span class=\"ez-toc-section-end\"><\/span><\/h2>\n<p class=\"content-structure\" data-content-structure-tag=\"p\" data-content-structure-line-height=\"28px\">To autobiografia najs\u0142ynniejszego polskiego himalaisty m\u0142odego pokolenia \u2013\u00a0Adama Bieleckiego. Najs\u0142ynniejszego, a\u00a0jednocze\u015bnie dla niekt\u00f3rych najbardziej kontrowersyjnego. Je\u015bli masz 34\u00a0lata i\u00a0piszesz swoj\u0105 autobiografi\u0119, to\u00a0musisz by\u0107 naprawd\u0119 Kim\u015b. I\u00a0Adam jest takim cz\u0142owiekiem. W\u00a0ksi\u0105\u017cce, wydanej w\u00a02017 roku, mowa jest o\u00a0pocz\u0105tkach w\u00a0ska\u0142kach, pierwszych wyjazdach w\u00a0Alpy i\u00a0Kaukaz, a\u017c\u00a0w\u00a0ko\u0144cu o\u00a0wyprawach himalajskich \u2013\u00a0zar\u00f3wno tych zako\u0144czonych sukcesami, jak i\u00a0pora\u017ckami, gdy g\u00f3ra wygra\u0142a z\u00a0ludzkimi zamiarami.<\/p>\n<p class=\"content-structure\" data-content-structure-tag=\"p\" data-content-structure-line-height=\"28px\">Ksi\u0105\u017cka Adama Bieleckiego\u00a0<a href=\"https:\/\/skalnik.pl\/ksiazka-spod-zamarznietych-powiek-agora-659122\" target=\"_blank\" rel=\"noopener noreferrer\"><em>Spod zamarzni\u0119tych powiek<\/em><\/a> zamyka rozdzia\u0142 o\u00a0niewielkiej wyprawie na\u00a0Nanga Parbat autora i\u00a0Jacka Czecha. Jest rozdzia\u0142 po\u015bwi\u0119cony zimowemu wej\u015bciu na\u00a0Broad Peak, ale \u2013\u00a0ze wzgl\u0119d\u00f3w oczywistych \u2013\u00a0nie ma\u00a0w\u00a0niej opisu akcji ratunkowej, kt\u00f3ra mia\u0142a miejsce w lutym 2018 r.\u00a0po Elizabeth Revol i\u00a0Tomka Mackiewicza. Na\u00a0to trzeba b\u0119dzie poczeka\u0107 na\u00a0kolejn\u0105 ksi\u0105\u017ck\u0119 Bieleckiego.<\/p>\n<p><img loading=\"lazy\" decoding=\"async\" class=\"wp-image-8125 size-large\" title=\"Adam Bielecki ksi\u0105\u017cka\" src=\"https:\/\/skalnik.pl\/blog\/wp-content\/uploads\/2019\/07\/bielecki-ksi\u0105\u017cka-967x1024.jpg\" alt=\"Adam Bielecki spod zmarzni\u0119tych powiek\" width=\"967\" height=\"1024\" srcset=\"https:\/\/www.skalnik.pl\/blog\/wp-content\/uploads\/2019\/07\/bielecki-ksi\u0105\u017cka-967x1024.jpg 967w, https:\/\/www.skalnik.pl\/blog\/wp-content\/uploads\/2019\/07\/bielecki-ksi\u0105\u017cka-283x300.jpg 283w, https:\/\/www.skalnik.pl\/blog\/wp-content\/uploads\/2019\/07\/bielecki-ksi\u0105\u017cka-768x813.jpg 768w, https:\/\/www.skalnik.pl\/blog\/wp-content\/uploads\/2019\/07\/bielecki-ksi\u0105\u017cka.jpg 1166w\" sizes=\"auto, (max-width: 967px) 100vw, 967px\" \/><\/p>\n<p data-pm-slice=\"1 1 []\">Adam Bielecki podpisuje swoj\u0105 ksi\u0105\u017ck\u0119 na\u00a0Festiwalu G\u00f3rskim w\u00a0L\u0105dku. Ksi\u0105\u017cka ta\u00a0zosta\u0142a zlicytowana p\u00f3\u017aniej na\u00a0skalnikowej aukcji charytatywnej dla WO\u015aP.<\/p>\n<p>Ksi\u0105\u017cka ma\u00a0dodatek w\u00a0postaci kod\u00f3w QR, kt\u00f3re kieruj\u0105 do\u00a0filmik\u00f3w Adama, a\u00a0to sprawia, \u017ce\u00a0papier zyskuje interaktywno\u015b\u0107, a\u00a0czytelnik ma\u00a0mo\u017cliwo\u015b\u0107 przekonania si\u0119 nie tylko na\u00a0fotkach, ale i\u00a0filmikach, jak wygl\u0105da \u017cycie w\u00a0tych najwy\u017cszych g\u00f3rach.<\/p>\n<p>Bardzo si\u0119 ciesz\u0119, \u017ce\u00a0drugim autorem wymienionym na\u00a0ok\u0142adce jest Dominik Szczepa\u0144ski, kt\u00f3ry zapewne wiele dziennikarskich umiej\u0119tno\u015bci wni\u00f3s\u0142 w\u00a0uporz\u0105dkowanie ca\u0142o\u015bci. To\u00a0zapewne dzi\u0119ki niemu czemu czyta si\u0119 j\u0105\u00a0naprawd\u0119 szybko i\u00a0przyjemnie.<\/p>\n<h2><span class=\"ez-toc-section\" id=\"O_gorach_%E2%80%93_ksiazka_Krzysztofa_Wielickiego_%E2%80%9EMoj_wybor%E2%80%9D\"><\/span>O g\u00f3rach &#8211; ksi\u0105\u017cka Krzysztofa Wielickiego &#8222;M\u00f3j wyb\u00f3r&#8221;<span class=\"ez-toc-section-end\"><\/span><\/h2>\n<p>Co zrobi\u0107, je\u015bli bardzo znany polski himalaista zdobywca Korony Himalaj\u00f3w, kierownik wielu wypraw nie chce albo nie ma\u00a0czasu sam o\u00a0sobie napisa\u0107? Warto go\u00a0o\u00a0\u201epar\u0119\u201d rzeczy dopyta\u0107. Z\u00a0takiego odpytywania powstaje potem niezwyk\u0142a ksi\u0105\u017cka o g\u00f3rach, biografia w\u00a0postaci wywiadu-rzeki. Tak by\u0142o w\u00a0przypadku Krzysztofa Wielickiego i\u00a0dwutomowej ksi\u0105\u017cki <em>M\u00f3j wyb\u00f3r<\/em>. Pytania zadawa\u0142 dziennikarz Piotr Dr\u00f3\u017cd\u017c, kt\u00f3ry doskonale zna zar\u00f3wno specyfik\u0119 sportu, jakim jest wspinaczka wysokog\u00f3rska, jak i\u00a0\u015brodowisko polskich wspinaczy \u2013 \u201elodowych wojownik\u00f3w\u201d. Wynikiem rozmowy obu pan\u00f3w jest ksi\u0105\u017cka, kt\u00f3r\u0105 z\u00a0jednej strony chcia\u0142oby si\u0119 przeczyta\u0107 w\u00a0jeden wiecz\u00f3r, z\u00a0drugiej za\u015b \u2013\u00a0smakowa\u0107 jak najd\u0142u\u017cej. Nie pozostaje zatem nic innego, jak zmierzy\u0107 si\u0119 z t\u0105 pozycj\u0105 raz pierwszy, a\u00a0potem drugi.<\/p>\n<p>Troch\u0119 mnie, jako czytelnika, denerwowa\u0142o, \u017ce\u00a0pytanie zadawane przez pana Piotra s\u0105\u00a0zbyt szczeg\u00f3\u0142owe, \u017ce\u00a0on ju\u017c dobrze wie, co\u00a0mu odpowie Krzysztof Wielicki. Tam, gdzie czytelnik ma wypieki na\u00a0twarzy, obaj panowie zag\u0142\u0119biaj\u0105 si\u0119 w\u00a0szczeg\u00f3liki, a\u00a0pytania s\u0105\u00a0tak nafaszerowane danymi, \u017ce\u00a0\u0142atwo si\u0119 domy\u015bli\u0107, \u017ce\u00a0zapisuj\u0105 je\u00a0wraz z\u00a0odpowiedziami dla tych \u201eniewtajemniczonych\u201d. Co\u00a0oczywi\u015bcie nie zmienia faktu, \u017ce\u00a0historie opowiadane przez Wielickiego s\u0105\u00a0niezwykle ciekawe i\u00a0pozwalaj\u0105 na\u00a0bli\u017csze poznanie bohatera. Je\u015bli chcecie pozna\u0107 lepiej kierownika zimowych wypraw na\u00a0K2 przeczytajcie <em>M\u00f3j wyb\u00f3r<\/em>.<\/p>\n<p>\u00a0<\/p>\n<div id=\"attachment_8150\" style=\"width: 1034px\" class=\"wp-caption aligncenter\"><img loading=\"lazy\" decoding=\"async\" aria-describedby=\"caption-attachment-8150\" class=\"wp-image-8150 size-large\" title=\"Krzysztof Wielicki M\u00f3j wyb\u00f3r - dwa tomy\" src=\"https:\/\/skalnik.pl\/blog\/wp-content\/uploads\/2019\/07\/welicki-1024x725.jpg\" alt=\"\" width=\"1024\" height=\"725\" srcset=\"https:\/\/www.skalnik.pl\/blog\/wp-content\/uploads\/2019\/07\/welicki-1024x725.jpg 1024w, https:\/\/www.skalnik.pl\/blog\/wp-content\/uploads\/2019\/07\/welicki-300x212.jpg 300w, https:\/\/www.skalnik.pl\/blog\/wp-content\/uploads\/2019\/07\/welicki-768x544.jpg 768w, https:\/\/www.skalnik.pl\/blog\/wp-content\/uploads\/2019\/07\/welicki.jpg 1920w\" sizes=\"auto, (max-width: 1024px) 100vw, 1024px\" \/><p id=\"caption-attachment-8150\" class=\"wp-caption-text\">Dwutomowe wydanie ksi\u0105\u017cki M\u00f3j wyb\u00f3r Krzysztof Wielicki.<\/p><\/div>\n<h2 data-pm-slice=\"1 1 []\"><span class=\"ez-toc-section\" id=\"%E2%80%9EWanda%E2%80%9D\"><\/span>&#8222;Wanda&#8221;<span class=\"ez-toc-section-end\"><\/span><\/h2>\n<p>Nie mog\u0119 nie napisa\u0107 cho\u0107by paru s\u0142\u00f3w o\u00a0biografii najs\u0142ynniejszej naszej himalaistki. Chocia\u017c sama Wanda Rutkiewicz jest autork\u0105 lub wsp\u00f3\u0142autork\u0105 dw\u00f3ch ksi\u0105\u017cek (<em>Na jednej linie<\/em> i\u00a0<em>Uciec jak najwy\u017cej<\/em>), to\u00a0jednak najwi\u0119cej o\u00a0\u017cyciu tej niesamowitej kobiety dowiemy si\u0119 z\u00a0biografii, kt\u00f3ra wysz\u0142a spod pi\u00f3ra Anny Kowalskiej. Opowie\u015b\u0107 zaczyna si\u0119 w\u00a0P\u0142ungianach, gdzie Wanda przysz\u0142a na\u00a0\u015bwiat, a\u00a0ko\u0144czy na\u00a0stokach Kanczendzongi, gdzie widziano j\u0105\u00a0po raz ostatni. Autorka ma\u00a0niesamowity dar tworzenia fabu\u0142y z\u00a0dokument\u00f3w \u2013\u00a0niewa\u017cne czy s\u0105\u00a0to akty urodzenia czy sk\u0105pe zapiski w\u00a0dziennikach \u2013\u00a0oraz wplatania wypowiedzi tych, kt\u00f3rzy Wand\u0119 dobrze znali.<\/p>\n<div id=\"attachment_8149\" style=\"width: 1034px\" class=\"wp-caption aligncenter\"><img loading=\"lazy\" decoding=\"async\" aria-describedby=\"caption-attachment-8149\" class=\"wp-image-8149 size-large\" title=\"Mural i ok\u0142adka ksi\u0105\u017cki z Wand\u0105 Rutkiewicz\" src=\"https:\/\/skalnik.pl\/blog\/wp-content\/uploads\/2019\/07\/rutkiewicz-1024x710.jpg\" alt=\"\" width=\"1024\" height=\"710\" srcset=\"https:\/\/www.skalnik.pl\/blog\/wp-content\/uploads\/2019\/07\/rutkiewicz-1024x710.jpg 1024w, https:\/\/www.skalnik.pl\/blog\/wp-content\/uploads\/2019\/07\/rutkiewicz-300x208.jpg 300w, https:\/\/www.skalnik.pl\/blog\/wp-content\/uploads\/2019\/07\/rutkiewicz-768x533.jpg 768w, https:\/\/www.skalnik.pl\/blog\/wp-content\/uploads\/2019\/07\/rutkiewicz.jpg 1920w\" sizes=\"auto, (max-width: 1024px) 100vw, 1024px\" \/><p id=\"caption-attachment-8149\" class=\"wp-caption-text\">Wanda Rutkiewicz &#8211; na wroc\u0142awskim muralu i ok\u0142adce biografii.<\/p><\/div>\n<p>\u00a0<\/p>\n<p data-pm-slice=\"1 1 []\">Jest to\u00a0biografia przede wszystkim kobiety, a\u00a0w drugiej kolejno\u015bci himalaistki. Chocia\u017c \u017cycie Wandy Rutkiewicz nierozerwalnie by\u0142o zwi\u0105zane z\u00a0g\u00f3rami, autorka nie przyt\u0142acza ilo\u015bci\u0105 fakt\u00f3w, dokona\u0144, opis\u00f3w akcji g\u00f3rskich. Skupia si\u0119 raczej na\u00a0mniej znanych faktach z\u00a0\u017cycia naszej wybitnej himalaistki, pr\u00f3buj\u0105c dotrze\u0107 do\u00a0nowych informacji. O\u00a0\u017cyciu w\u00a0g\u00f3rach Wanda pisa\u0142a sama.<\/p>\n<h2 data-pm-slice=\"1 1 []\"><span class=\"ez-toc-section\" id=\"%E2%80%9EKukuczka_Opowiesc_o_najslynniejszym_polskim_himalaiscie%E2%80%9D\"><\/span>&#8222;Kukuczka. Opowie\u015b\u0107 o najs\u0142ynniejszym polskim himalai\u015bcie&#8221;<span class=\"ez-toc-section-end\"><\/span><\/h2>\n<p>Ksi\u0105\u017cka o Jerzym Kukuczce to jedna z\u00a0najlepszych ksi\u0105\u017cek o g\u00f3rach i\u00a0biografii cz\u0142owieka g\u00f3r, jakie czyta\u0142am. Naszpikowana faktami, ale nie przyt\u0142acza nimi. Autorzy \u2013\u00a0Dariusz Kortko i\u00a0Marcin Pietraszewski \u2013\u00a0dotarli do\u00a0przyjaci\u00f3\u0142 i wspinaczy, kt\u00f3rzy Jerzego znali i\u00a0w g\u00f3rach, na prze\u0142\u0119czach i\u00a0w dolinach. Ich wspomnienia sk\u0142adaj\u0105 si\u0119 na\u00a0portret cz\u0142owieka z\u00a0krwi i\u00a0ko\u015bci, z\u00a0wadami i\u00a0zaletami, z\u00a0mi\u0142o\u015bci\u0105 do\u00a0g\u00f3r, kt\u00f3r\u0105 przedk\u0142ada\u0142 nad wszystko.<\/p>\n<p>\u017beby by\u0107 dobrym himalaist\u0105 wystarczy pasja, wytrzyma\u0142o\u015b\u0107 na\u00a0trudy w\u0119dr\u00f3wki i\u00a0pewna doza szcz\u0119\u015bcia, kt\u00f3ra pozwala szacowa\u0107 bezpieczne ruchy na\u00a0drogach trudnych b\u0105d\u017a wielkich wysoko\u015bciach. Kukuczka odpowiada\u0142 na ka\u017cde wezwanie g\u00f3r. By\u0142 himalaist\u0105 wybitnym, a\u00a0to oznacza cechy charakteru, kt\u00f3re nie wszystkim pasuj\u0105 \u2013\u00a0pewna doza egocentryzmu, niezm\u0105cona wiara w\u00a0siebie (i\u00a0w\u00a0przypadku Jerzego tak\u017ce w\u00a0Boga) oraz up\u00f3r.<\/p>\n<p>\u00a0<\/p>\n<div id=\"attachment_8151\" style=\"width: 1034px\" class=\"wp-caption aligncenter\"><img loading=\"lazy\" decoding=\"async\" aria-describedby=\"caption-attachment-8151\" class=\"wp-image-8151 size-large\" title=\"Kukuczka - ksi\u0105\u017cka Dariusza Kortko i Marcina Pietraszewskiego\" src=\"https:\/\/skalnik.pl\/blog\/wp-content\/uploads\/2019\/07\/kukuczka-1024x768.jpg\" alt=\"\" width=\"1024\" height=\"768\" srcset=\"https:\/\/www.skalnik.pl\/blog\/wp-content\/uploads\/2019\/07\/kukuczka.jpg 1024w, https:\/\/www.skalnik.pl\/blog\/wp-content\/uploads\/2019\/07\/kukuczka-300x225.jpg 300w, https:\/\/www.skalnik.pl\/blog\/wp-content\/uploads\/2019\/07\/kukuczka-768x576.jpg 768w\" sizes=\"auto, (max-width: 1024px) 100vw, 1024px\" \/><p id=\"caption-attachment-8151\" class=\"wp-caption-text\">Biografia Jerzego Kukuczki w wydaniu cyfrowym.<\/p><\/div>\n<p data-pm-slice=\"1 1 []\">Na mojej li\u015bcie biografii do\u00a0przeczytania jest jeszcze miejsce kobiet. O sztuce wolno\u015bci opowiada <em>Halina<\/em> Anny Kowalskiej oraz ksi\u0105\u017cka, kt\u00f3rej autorem jest Denis Urubko <em>Skazany na\u00a0g\u00f3ry<\/em>.<\/p>\n<h2 data-pm-slice=\"1 1 []\"><span class=\"ez-toc-section\" id=\"%E2%80%9EKomin_Pokutnikow%E2%80%9D\"><\/span>&#8222;Komin Pokutnik\u00f3w&#8221;<span class=\"ez-toc-section-end\"><\/span><\/h2>\n<p>We wst\u0119pie napisa\u0142am, \u017ce\u00a0ksi\u0105\u017cki o g\u00f3rach rzadko s\u0105 dobr\u0105 literatur\u0105. Jest ksi\u0105\u017cka, kt\u00f3ra temu przeczy. I\u00a0to ksi\u0105\u017cka, kt\u00f3ra pierwszy raz zosta\u0142a wydana ponad 50\u00a0lat temu. Jej autor \u2013\u00a0Jan D\u0142ugosz \u2013 by\u0142 nietuzinkow\u0105 postaci\u0105. \u0141\u0105czy\u0142y si\u0119 w\u00a0nim i\u00a0splata\u0142y dwa talenty: pisarski i\u00a0taternicki. Dzi\u0119ki temu spod jego pi\u00f3ra wychodzi\u0142y opowie\u015bci niesamowite \u0142\u0105cz\u0105ce w\u00a0sobie ulotn\u0105 metafizyk\u0119, dobr\u0105 gaw\u0119d\u0119 i\u00a0reporta\u017c o\u00a0ludziach g\u00f3r.<\/p>\n<p><em>Komin Pokutnik\u00f3w<\/em> to\u00a0zbi\u00f3r opowie\u015bci o drugim cz\u0142owieku, o\u00a0dokonaniach taternik\u00f3w w\u00a0latach 50. XX\u00a0wieku. S\u0105\u00a0anegdoty, opisy zdobytych \u015bcian, wspomnienia z\u00a0wyjazd\u00f3w, dla wsp\u00f3\u0142czesnego czytelnika to\u00a0jak machina przenosz\u0105ca w\u00a0czasie. Miejsca w Tatrach zosta\u0142y te\u00a0same \u2013\u00a0Morskie Oko, Mi\u0119guszowieckie, Mnich, Ko\u015bcielec \u2013\u00a0zmienili si\u0119 ludzie nocuj\u0105cy w\u00a0schroniskach, przewodnicy, zmieni\u0142y si\u0119 sposoby wspinaczki, zmieni\u0142 si\u0119 wreszcie sprz\u0119t. Nie zmieni\u0142a si\u0119 jednak ch\u0119\u0107 dokonania w\u00a0g\u00f3rach czego\u015b wielkiego.<\/p>\n<p>Je\u015bli w\u00a0g\u00f3rach s\u0142yszeli\u015bcie kiedy\u015b o\u00a0czarnych motylach zwiastuj\u0105cych \u015bmier\u0107 i\u00a0pticach, to\u00a0wiedzcie, \u017ce\u00a0to w\u0142a\u015bnie D\u0142ugosz o\u00a0nich pisa\u0142.<\/p>\n<p>\u00a0<\/p>\n<div id=\"attachment_8148\" style=\"width: 1034px\" class=\"wp-caption aligncenter\"><img loading=\"lazy\" decoding=\"async\" aria-describedby=\"caption-attachment-8148\" class=\"wp-image-8148 size-large\" title=\"Epicka historia polskiego taternictwa i alpinizmu pi\u00f3ra Jana D\u0142ugosza\" src=\"https:\/\/skalnik.pl\/blog\/wp-content\/uploads\/2019\/07\/dlugosz-1024x724.jpg\" alt=\"\" width=\"1024\" height=\"724\" srcset=\"https:\/\/www.skalnik.pl\/blog\/wp-content\/uploads\/2019\/07\/dlugosz-1024x724.jpg 1024w, https:\/\/www.skalnik.pl\/blog\/wp-content\/uploads\/2019\/07\/dlugosz-300x212.jpg 300w, https:\/\/www.skalnik.pl\/blog\/wp-content\/uploads\/2019\/07\/dlugosz-768x543.jpg 768w, https:\/\/www.skalnik.pl\/blog\/wp-content\/uploads\/2019\/07\/dlugosz.jpg 1920w\" sizes=\"auto, (max-width: 1024px) 100vw, 1024px\" \/><p id=\"caption-attachment-8148\" class=\"wp-caption-text\">Cyfrowe wydanie Komina pokutnik\u00f3w Jana D\u0142ugosza<\/p><\/div>\n<p data-pm-slice=\"1 1 []\">Na koniec dwie najlepsze ksi\u0105\u017cki o g\u00f3rach autor\u00f3w zagranicznych. Celowo nie wybra\u0142am naj\u015bwie\u017cszych ksi\u0105\u017cek Bernadette McDonald pod tytu\u0142em <em>Kurtyka<\/em> czy <em>Stra\u017cniczka g\u00f3r<\/em>, ani biograficznych powie\u015bci o zachodnich wspinaczach, przewodnikach, lecz reporta\u017ce o\u00a0grupach ludzi w\u00a0najwy\u017cszych g\u00f3rach \u015bwiata. Obie ksi\u0105\u017cki opowiadaj\u0105 tragiczne historie w\u00a0dziejach \u015bwiatowego himalaizmu, heroicznych akcji ratunkowych. Na\u00a0podstawie jednej z\u00a0nich powsta\u0142 film <em>Everest<\/em>, za\u015b o\u00a0drugiej wiele z\u00a0was pewnie nawet nigdy nie s\u0142ysza\u0142o.<\/p>\n<h2><span class=\"ez-toc-section\" id=\"%E2%80%9EK2_Tryumf_i_tragedia%E2%80%9D\"><\/span>&#8222;K2. Tryumf i tragedia&#8221;<span class=\"ez-toc-section-end\"><\/span><\/h2>\n<p data-pm-slice=\"1 1 []\">Latem 1986 roku na\u00a0stokach K2\u00a0zgin\u0119\u0142o a\u017c\u00a013 himalaist\u00f3w z\u00a0r\u00f3\u017cnych kraj\u00f3w (w\u00a0tym Tadeusz Piotrowski, Wojciech Wr\u00f3\u017c i\u00a0Dobros\u0142awa Miodowicz-Wolf \u201eMr\u00f3wka\u201d). Autor ksi\u0105\u017cki <em>K2. Tryumf i\u00a0tragedia<\/em> \u2013\u00a0Jim Curran \u2013\u00a0by\u0142 filmowcem towarzysz\u0105cym brytyjskim himalaistom. Wychodzi\u0142 w\u00a0g\u00f3ry, ale nawet nie liczy\u0142 na\u00a0zdobycie szczytu. Dokumentowa\u0142 to, co\u00a0dzia\u0142o si\u0119 w\u00a0bazie i\u00a0na stokach K2. Z\u017cy\u0142 si\u0119 z\u00a0mi\u0119dzynarodowym towarzystwem himalaist\u00f3w, kt\u00f3rzy zjawili si\u0119 pod g\u00f3r\u0105 g\u00f3r. Jego ksi\u0105\u017cka stanowi reportersko-kronikarski zapis wydarze\u0144 z\u00a0tamtego lata pod drug\u0105 g\u00f3r\u0105 na\u00a0\u015bwiecie, kiedy to\u00a0tryumf zdobycia szczytu przeplata\u0142 si\u0119 z\u00a0tragiczn\u0105 \u015bmierci\u0105 g\u00f3rsk\u0105.<\/p>\n<div id=\"attachment_8147\" style=\"width: 1034px\" class=\"wp-caption aligncenter\"><img loading=\"lazy\" decoding=\"async\" aria-describedby=\"caption-attachment-8147\" class=\"wp-image-8147 size-large\" title=\"Ksi\u0105\u017cka K2. Triumf i tragedia - lektura w plenerze\" src=\"https:\/\/skalnik.pl\/blog\/wp-content\/uploads\/2019\/07\/curran-1024x678.jpg\" alt=\"\" width=\"1024\" height=\"678\" srcset=\"https:\/\/www.skalnik.pl\/blog\/wp-content\/uploads\/2019\/07\/curran-1024x678.jpg 1024w, https:\/\/www.skalnik.pl\/blog\/wp-content\/uploads\/2019\/07\/curran-300x199.jpg 300w, https:\/\/www.skalnik.pl\/blog\/wp-content\/uploads\/2019\/07\/curran-768x508.jpg 768w, https:\/\/www.skalnik.pl\/blog\/wp-content\/uploads\/2019\/07\/curran.jpg 1920w\" sizes=\"auto, (max-width: 1024px) 100vw, 1024px\" \/><p id=\"caption-attachment-8147\" class=\"wp-caption-text\">Wydanie ksi\u0105\u017cki Jima Currana sprzed 30 (!) lat.<\/p><\/div>\n<h2><span class=\"ez-toc-section\" id=\"Wszystko_za_Everest\"><\/span>Wszystko za Everest<span class=\"ez-toc-section-end\"><\/span><\/h2>\n<p data-pm-slice=\"1 1 []\">Z kolei John Krakauer, autor ksi\u0105\u017cki <em>Wszystko za\u00a0Everest<\/em>, by\u0142 uczestnikiem wyprawy na\u00a0najwy\u017csz\u0105 g\u00f3r\u0119 \u015bwiata w\u00a0pechowym 1996 roku. Himalajska turystyka wtedy dopiero raczkowa\u0142a, cho\u0107 trzeba przyzna\u0107, \u017ce\u00a0trzyma\u0142a poziom. Wprowadzaniem klient\u00f3w na\u00a0szczyt zajmowali si\u0119 liderzy z\u00a0wieloletnim do\u015bwiadczeniem g\u00f3rskim, kt\u00f3rzy sami, a\u00a0p\u00f3\u017aniej z\u00a0klientami wsp\u00f3lnie stawali na\u00a0Evere\u015bcie. G\u00f3ry nie wybaczaj\u0105 b\u0142\u0119d\u00f3w, a\u00a0najwy\u017csze g\u00f3ry nie wybaczaj\u0105 nawet drobnych zaniecha\u0144. Do\u00a0tragedii roku \u201996 doprowadzili uczestnicy i\u00a0kierownicy zar\u00f3wno wyprawy ameryka\u0144skiej, jak i\u00a0nowozelandzkiej. Opis Krakauera jest tak sugestywny, \u017ce\u00a0kwesti\u0105 czasu by\u0142o nakr\u0119cenie filmu na\u00a0podstawie ksi\u0105\u017cki.<\/p>\n<p data-pm-slice=\"1 1 []\">Poniewa\u017c wspinacz ze\u00a0mnie marny, nie zag\u0142\u0119biam si\u0119 w\u00a0ksi\u0105\u017cki o\u00a0wspinaczce. Zreszt\u0105 takich \u201efabularnych\u201d przet\u0142umaczonych na\u00a0polski chyba nie ma. Jedyne, jakie przychodz\u0105 mi\u00a0do g\u0142owy to\u00a0przewodniki (topo \u2013\u00a0jak to\u00a0si\u0119 m\u00f3wi w\u00a0\u015brodowisku) po\u00a0s\u0142ynnych rejonach wspinaczkowych oraz ksi\u0105\u017cki po\u015bwi\u0119cone treningowi wspinaczkowemu. Bohater\u00f3w zbyt wielu tam nie znajdziecie, za\u00a0to wiele praktycznych informacji niezb\u0119dnych w\u00a0ujarzmianiu skalnych pion\u00f3w.<\/p>\n<p data-pm-slice=\"1 1 []\"><a href=\"https:\/\/skalnik.pl\/sprzet-turystyczny\/ksiegarnia\/ksiegarnia-ksiazki\" target=\"_blank\" rel=\"noopener noreferrer\">Ksi\u0105\u017cki o\u00a0g\u00f3rach<\/a> pe\u0142ne przejmuj\u0105cych historii spisanych, by inni mogli prze\u017cy\u0107 niezwyk\u0142e przygody w domowym zaciszu, oraz cz\u0119sto traktuj\u0105ce o \u015bmierci w tajemniczych okoliczno\u015bciach czytam w\u00a0tramwaju, jad\u0105c do\u00a0pracy i\u00a0z pracy, w\u00a0domu na\u00a0kanapie i\u00a0w hamaku gdzie\u015b pod ska\u0142\u0105 albo w\u00a0lesie. Ka\u017cde miejsce jest dobre, \u017ceby si\u0119 przenie\u015b\u0107 na\u00a0drugi koniec \u015bwiata. Tym, kt\u00f3rzy za\u00a0wym\u00f3wk\u0119 maj\u0105 brak miejsca w\u00a0plecaku, polecam si\u0119ga\u0107 po te i inne tytu\u0142y w wersji ebookowej.<\/p>\n<h2 data-pm-slice=\"1 1 []\"><span class=\"ez-toc-section\" id=\"Historie_o_gorach_i_kroniki_smierci_czyli_co_jeszcze_znajdziesz_w_tematyce_polskiego_himalaizmu_zimowego\"><\/span>Historie o g\u00f3rach i kroniki \u015bmierci, czyli co jeszcze znajdziesz w tematyce polskiego himalaizmu zimowego<span class=\"ez-toc-section-end\"><\/span><\/h2>\n<p>Szukasz ksi\u0119garni internetowej, w kt\u00f3rej znajdziesz wspomnian\u0105 literatur\u0119? A mo\u017ce chcesz zakupi\u0107 tatrza\u0144skie opowie\u015bci lub ksi\u0105\u017cki traktuj\u0105ce o Bieszczadach? Takie klasyki jak <em>GOPR. Na ka\u017cde wezwanie<\/em> (autorzy: Wojciech Fusek i Jerzy Por\u0119bski) czy <em>Niech to szlak. Kronika \u015bmierci w g\u00f3rach<\/em> Bart\u0142omieja Kurasia czekaj\u0105 w naszej ksi\u0119garni internetowej. Twojej uwadze polecamy r\u00f3wnie\u017c opowie\u015bci, kt\u00f3re opowiada Leszek Cichy oraz Artur Hajzer. Warto si\u0119gn\u0105\u0107 po inne zagraniczne pozycje jak na przyk\u0142ad <em>Dotkni\u0119cie pustki<\/em> Joe Simpsona.<\/p>\n<p>\u00a0<\/p>","protected":false},"excerpt":{"rendered":"<p>Siedem ksi\u0105\u017cek g\u00f3rskich to tylko kropla spo\u015br\u00f3d dost\u0119pnej literatury g\u00f3rskiej. Cztery biografie i trzy ksi\u0105\u017cki akcji &#8211; dla laik\u00f3w i obeznanych z g\u00f3rsk\u0105 tematyk\u0105. Idealnie sprawdz\u0105 si\u0119 w upalne dni i wieczory.<\/p>\n","protected":false},"author":9,"featured_media":8270,"comment_status":"open","ping_status":"open","sticky":false,"template":"","format":"standard","meta":{"_acf_changed":false,"footnotes":""},"categories":[84],"tags":[28,164,92],"magento_category":[251],"magento_product":[],"class_list":["post-8100","post","type-post","status-publish","format-standard","has-post-thumbnail","hentry","category-pasja","tag-gory","tag-himalaizm","tag-styl-zycia"],"acf":[],"aioseo_notices":[],"aioseo_head":"\n\t\t<!-- All in One SEO 4.9.10 - aioseo.com -->\n\t<meta name=\"description\" content=\"Siedem ksi\u0105\u017cek g\u00f3rskich to tylko kropla spo\u015br\u00f3d dost\u0119pnej literatury g\u00f3rskiej. Cztery biografie i trzy ksi\u0105\u017cki akcji - dla laik\u00f3w i obeznanych z g\u00f3rsk\u0105 tematyk\u0105. Idealnie sprawdz\u0105 si\u0119 w upalne dni i wieczory.\" \/>\n\t<meta name=\"robots\" content=\"max-image-preview:large\" \/>\n\t<meta name=\"author\" content=\"Beata Nawrotkiewicz\"\/>\n\t<link rel=\"canonical\" href=\"https:\/\/www.skalnik.pl\/blog\/ksiazki-o-gorach-czyli-co-warto-przeczytac\/\" \/>\n\t<meta name=\"generator\" content=\"All in One SEO (AIOSEO) 4.9.10\" \/>\n\t\t<meta property=\"og:locale\" content=\"pl_PL\" \/>\n\t\t<meta property=\"og:site_name\" content=\"blog Skalnik - Blog, porady, artyku\u0142y - blog Skalnik\" \/>\n\t\t<meta property=\"og:type\" content=\"article\" \/>\n\t\t<meta property=\"og:title\" content=\"Najlepsze ksi\u0105\u017cki o g\u00f3rach, czyli co warto przeczyta\u0107 - blog Skalnik\" \/>\n\t\t<meta property=\"og:description\" content=\"Siedem ksi\u0105\u017cek g\u00f3rskich to tylko kropla spo\u015br\u00f3d dost\u0119pnej literatury g\u00f3rskiej. Cztery biografie i trzy ksi\u0105\u017cki akcji - dla laik\u00f3w i obeznanych z g\u00f3rsk\u0105 tematyk\u0105. Idealnie sprawdz\u0105 si\u0119 w upalne dni i wieczory.\" \/>\n\t\t<meta property=\"og:url\" content=\"https:\/\/www.skalnik.pl\/blog\/ksiazki-o-gorach-czyli-co-warto-przeczytac\/\" \/>\n\t\t<meta property=\"og:image\" content=\"https:\/\/skalnik.pl\/blog\/wp-content\/uploads\/2019\/07\/bielecki-ksi\u0105\u017cka-967x1024.jpg\" \/>\n\t\t<meta property=\"og:image:secure_url\" content=\"https:\/\/skalnik.pl\/blog\/wp-content\/uploads\/2019\/07\/bielecki-ksi\u0105\u017cka-967x1024.jpg\" \/>\n\t\t<meta property=\"article:tag\" content=\"pasja\" \/>\n\t\t<meta property=\"article:tag\" content=\"g\u00f3ry\" \/>\n\t\t<meta property=\"article:tag\" content=\"himalaizm\" \/>\n\t\t<meta property=\"article:tag\" content=\"styl \u017cycia\" \/>\n\t\t<meta property=\"article:published_time\" content=\"2019-08-02T08:00:19+00:00\" \/>\n\t\t<meta property=\"article:modified_time\" content=\"2025-07-04T06:18:52+00:00\" \/>\n\t\t<meta name=\"twitter:card\" content=\"summary_large_image\" \/>\n\t\t<meta name=\"twitter:title\" content=\"Najlepsze ksi\u0105\u017cki o g\u00f3rach, czyli co warto przeczyta\u0107 - blog Skalnik\" \/>\n\t\t<meta name=\"twitter:description\" content=\"Siedem ksi\u0105\u017cek g\u00f3rskich to tylko kropla spo\u015br\u00f3d dost\u0119pnej literatury g\u00f3rskiej. Cztery biografie i trzy ksi\u0105\u017cki akcji - dla laik\u00f3w i obeznanych z g\u00f3rsk\u0105 tematyk\u0105. Idealnie sprawdz\u0105 si\u0119 w upalne dni i wieczory.\" \/>\n\t\t<meta name=\"twitter:image\" content=\"https:\/\/skalnik.pl\/blog\/wp-content\/uploads\/2019\/07\/bielecki-ksi\u0105\u017cka-967x1024.jpg\" \/>\n\t\t<script type=\"application\/ld+json\" class=\"aioseo-schema\">\n\t\t\t{\"@context\":\"https:\\\/\\\/schema.org\",\"@graph\":[{\"@type\":\"BlogPosting\",\"@id\":\"https:\\\/\\\/www.skalnik.pl\\\/blog\\\/ksiazki-o-gorach-czyli-co-warto-przeczytac\\\/#blogposting\",\"name\":\"Najlepsze ksi\\u0105\\u017cki o g\\u00f3rach, czyli co warto przeczyta\\u0107 - blog Skalnik\",\"headline\":\"Najlepsze ksi\\u0105\\u017cki o g\\u00f3rach, czyli co warto przeczyta\\u0107\",\"author\":{\"@id\":\"https:\\\/\\\/www.skalnik.pl\\\/blog\\\/author\\\/beata-nawrotkiewicz\\\/#author\"},\"publisher\":{\"@id\":\"https:\\\/\\\/www.skalnik.pl\\\/blog\\\/#organization\"},\"image\":{\"@type\":\"ImageObject\",\"url\":\"https:\\\/\\\/www.skalnik.pl\\\/blog\\\/wp-content\\\/uploads\\\/2019\\\/08\\\/Ksi\\u0105\\u017cki-o-g\\u00f3rach.jpg\",\"width\":1920,\"height\":705,\"caption\":\"Ksi\\u0105\\u017cki o g\\u00f3rach\"},\"datePublished\":\"2019-08-02T10:00:19+02:00\",\"dateModified\":\"2025-07-04T08:18:52+02:00\",\"inLanguage\":\"pl-PL\",\"mainEntityOfPage\":{\"@id\":\"https:\\\/\\\/www.skalnik.pl\\\/blog\\\/ksiazki-o-gorach-czyli-co-warto-przeczytac\\\/#webpage\"},\"isPartOf\":{\"@id\":\"https:\\\/\\\/www.skalnik.pl\\\/blog\\\/ksiazki-o-gorach-czyli-co-warto-przeczytac\\\/#webpage\"},\"articleSection\":\"Pasja, g\\u00f3ry, himalaizm, styl \\u017cycia, 1302\"},{\"@type\":\"BreadcrumbList\",\"@id\":\"https:\\\/\\\/www.skalnik.pl\\\/blog\\\/ksiazki-o-gorach-czyli-co-warto-przeczytac\\\/#breadcrumblist\",\"itemListElement\":[{\"@type\":\"ListItem\",\"@id\":\"https:\\\/\\\/www.skalnik.pl\\\/blog#listItem\",\"position\":1,\"name\":\"Home\",\"item\":\"https:\\\/\\\/www.skalnik.pl\\\/blog\",\"nextItem\":{\"@type\":\"ListItem\",\"@id\":\"https:\\\/\\\/www.skalnik.pl\\\/blog\\\/.\\\/pasja\\\/#listItem\",\"name\":\"Pasja\"}},{\"@type\":\"ListItem\",\"@id\":\"https:\\\/\\\/www.skalnik.pl\\\/blog\\\/.\\\/pasja\\\/#listItem\",\"position\":2,\"name\":\"Pasja\",\"item\":\"https:\\\/\\\/www.skalnik.pl\\\/blog\\\/.\\\/pasja\\\/\",\"nextItem\":{\"@type\":\"ListItem\",\"@id\":\"https:\\\/\\\/www.skalnik.pl\\\/blog\\\/ksiazki-o-gorach-czyli-co-warto-przeczytac\\\/#listItem\",\"name\":\"Najlepsze ksi\\u0105\\u017cki o g\\u00f3rach, czyli co warto przeczyta\\u0107\"},\"previousItem\":{\"@type\":\"ListItem\",\"@id\":\"https:\\\/\\\/www.skalnik.pl\\\/blog#listItem\",\"name\":\"Home\"}},{\"@type\":\"ListItem\",\"@id\":\"https:\\\/\\\/www.skalnik.pl\\\/blog\\\/ksiazki-o-gorach-czyli-co-warto-przeczytac\\\/#listItem\",\"position\":3,\"name\":\"Najlepsze ksi\\u0105\\u017cki o g\\u00f3rach, czyli co warto przeczyta\\u0107\",\"previousItem\":{\"@type\":\"ListItem\",\"@id\":\"https:\\\/\\\/www.skalnik.pl\\\/blog\\\/.\\\/pasja\\\/#listItem\",\"name\":\"Pasja\"}}]},{\"@type\":\"Organization\",\"@id\":\"https:\\\/\\\/www.skalnik.pl\\\/blog\\\/#organization\",\"name\":\"blog Skalnik\",\"description\":\"Blog, porady, artyku\\u0142y - blog Skalnik\",\"url\":\"https:\\\/\\\/www.skalnik.pl\\\/blog\\\/\"},{\"@type\":\"Person\",\"@id\":\"https:\\\/\\\/www.skalnik.pl\\\/blog\\\/author\\\/beata-nawrotkiewicz\\\/#author\",\"url\":\"https:\\\/\\\/www.skalnik.pl\\\/blog\\\/author\\\/beata-nawrotkiewicz\\\/\",\"name\":\"Beata Nawrotkiewicz\",\"image\":{\"@type\":\"ImageObject\",\"@id\":\"https:\\\/\\\/www.skalnik.pl\\\/blog\\\/ksiazki-o-gorach-czyli-co-warto-przeczytac\\\/#authorImage\",\"url\":\"https:\\\/\\\/secure.gravatar.com\\\/avatar\\\/53cf81cfcc3a81694535515925ffcf159be725e8bd1fb455eeb9e2cadcaa5684?s=96&d=mm&r=g\",\"width\":96,\"height\":96,\"caption\":\"Beata Nawrotkiewicz\"}},{\"@type\":\"WebPage\",\"@id\":\"https:\\\/\\\/www.skalnik.pl\\\/blog\\\/ksiazki-o-gorach-czyli-co-warto-przeczytac\\\/#webpage\",\"url\":\"https:\\\/\\\/www.skalnik.pl\\\/blog\\\/ksiazki-o-gorach-czyli-co-warto-przeczytac\\\/\",\"name\":\"Najlepsze ksi\\u0105\\u017cki o g\\u00f3rach, czyli co warto przeczyta\\u0107 - blog Skalnik\",\"description\":\"Siedem ksi\\u0105\\u017cek g\\u00f3rskich to tylko kropla spo\\u015br\\u00f3d dost\\u0119pnej literatury g\\u00f3rskiej. Cztery biografie i trzy ksi\\u0105\\u017cki akcji - dla laik\\u00f3w i obeznanych z g\\u00f3rsk\\u0105 tematyk\\u0105. Idealnie sprawdz\\u0105 si\\u0119 w upalne dni i wieczory.\",\"inLanguage\":\"pl-PL\",\"isPartOf\":{\"@id\":\"https:\\\/\\\/www.skalnik.pl\\\/blog\\\/#website\"},\"breadcrumb\":{\"@id\":\"https:\\\/\\\/www.skalnik.pl\\\/blog\\\/ksiazki-o-gorach-czyli-co-warto-przeczytac\\\/#breadcrumblist\"},\"author\":{\"@id\":\"https:\\\/\\\/www.skalnik.pl\\\/blog\\\/author\\\/beata-nawrotkiewicz\\\/#author\"},\"creator\":{\"@id\":\"https:\\\/\\\/www.skalnik.pl\\\/blog\\\/author\\\/beata-nawrotkiewicz\\\/#author\"},\"image\":{\"@type\":\"ImageObject\",\"url\":\"https:\\\/\\\/www.skalnik.pl\\\/blog\\\/wp-content\\\/uploads\\\/2019\\\/08\\\/Ksi\\u0105\\u017cki-o-g\\u00f3rach.jpg\",\"@id\":\"https:\\\/\\\/www.skalnik.pl\\\/blog\\\/ksiazki-o-gorach-czyli-co-warto-przeczytac\\\/#mainImage\",\"width\":1920,\"height\":705,\"caption\":\"Ksi\\u0105\\u017cki o g\\u00f3rach\"},\"primaryImageOfPage\":{\"@id\":\"https:\\\/\\\/www.skalnik.pl\\\/blog\\\/ksiazki-o-gorach-czyli-co-warto-przeczytac\\\/#mainImage\"},\"datePublished\":\"2019-08-02T10:00:19+02:00\",\"dateModified\":\"2025-07-04T08:18:52+02:00\"},{\"@type\":\"WebSite\",\"@id\":\"https:\\\/\\\/www.skalnik.pl\\\/blog\\\/#website\",\"url\":\"https:\\\/\\\/www.skalnik.pl\\\/blog\\\/\",\"name\":\"blog Skalnik\",\"description\":\"Blog, porady, artyku\\u0142y - blog Skalnik\",\"inLanguage\":\"pl-PL\",\"publisher\":{\"@id\":\"https:\\\/\\\/www.skalnik.pl\\\/blog\\\/#organization\"}}]}\n\t\t<\/script>\n\t\t<!-- All in One SEO -->\n\n","aioseo_head_json":{"title":"Najlepsze ksi\u0105\u017cki o g\u00f3rach, czyli co warto przeczyta\u0107 - blog Skalnik","description":"Siedem ksi\u0105\u017cek g\u00f3rskich to tylko kropla spo\u015br\u00f3d dost\u0119pnej literatury g\u00f3rskiej. Cztery biografie i trzy ksi\u0105\u017cki akcji - dla laik\u00f3w i obeznanych z g\u00f3rsk\u0105 tematyk\u0105. Idealnie sprawdz\u0105 si\u0119 w upalne dni i wieczory.","canonical_url":"https:\/\/www.skalnik.pl\/blog\/ksiazki-o-gorach-czyli-co-warto-przeczytac\/","robots":"max-image-preview:large","keywords":"","webmasterTools":{"miscellaneous":""},"schema":{"@context":"https:\/\/schema.org","@graph":[{"@type":"BlogPosting","@id":"https:\/\/www.skalnik.pl\/blog\/ksiazki-o-gorach-czyli-co-warto-przeczytac\/#blogposting","name":"Najlepsze ksi\u0105\u017cki o g\u00f3rach, czyli co warto przeczyta\u0107 - blog Skalnik","headline":"Najlepsze ksi\u0105\u017cki o g\u00f3rach, czyli co warto przeczyta\u0107","author":{"@id":"https:\/\/www.skalnik.pl\/blog\/author\/beata-nawrotkiewicz\/#author"},"publisher":{"@id":"https:\/\/www.skalnik.pl\/blog\/#organization"},"image":{"@type":"ImageObject","url":"https:\/\/www.skalnik.pl\/blog\/wp-content\/uploads\/2019\/08\/Ksi\u0105\u017cki-o-g\u00f3rach.jpg","width":1920,"height":705,"caption":"Ksi\u0105\u017cki o g\u00f3rach"},"datePublished":"2019-08-02T10:00:19+02:00","dateModified":"2025-07-04T08:18:52+02:00","inLanguage":"pl-PL","mainEntityOfPage":{"@id":"https:\/\/www.skalnik.pl\/blog\/ksiazki-o-gorach-czyli-co-warto-przeczytac\/#webpage"},"isPartOf":{"@id":"https:\/\/www.skalnik.pl\/blog\/ksiazki-o-gorach-czyli-co-warto-przeczytac\/#webpage"},"articleSection":"Pasja, g\u00f3ry, himalaizm, styl \u017cycia, 1302"},{"@type":"BreadcrumbList","@id":"https:\/\/www.skalnik.pl\/blog\/ksiazki-o-gorach-czyli-co-warto-przeczytac\/#breadcrumblist","itemListElement":[{"@type":"ListItem","@id":"https:\/\/www.skalnik.pl\/blog#listItem","position":1,"name":"Home","item":"https:\/\/www.skalnik.pl\/blog","nextItem":{"@type":"ListItem","@id":"https:\/\/www.skalnik.pl\/blog\/.\/pasja\/#listItem","name":"Pasja"}},{"@type":"ListItem","@id":"https:\/\/www.skalnik.pl\/blog\/.\/pasja\/#listItem","position":2,"name":"Pasja","item":"https:\/\/www.skalnik.pl\/blog\/.\/pasja\/","nextItem":{"@type":"ListItem","@id":"https:\/\/www.skalnik.pl\/blog\/ksiazki-o-gorach-czyli-co-warto-przeczytac\/#listItem","name":"Najlepsze ksi\u0105\u017cki o g\u00f3rach, czyli co warto przeczyta\u0107"},"previousItem":{"@type":"ListItem","@id":"https:\/\/www.skalnik.pl\/blog#listItem","name":"Home"}},{"@type":"ListItem","@id":"https:\/\/www.skalnik.pl\/blog\/ksiazki-o-gorach-czyli-co-warto-przeczytac\/#listItem","position":3,"name":"Najlepsze ksi\u0105\u017cki o g\u00f3rach, czyli co warto przeczyta\u0107","previousItem":{"@type":"ListItem","@id":"https:\/\/www.skalnik.pl\/blog\/.\/pasja\/#listItem","name":"Pasja"}}]},{"@type":"Organization","@id":"https:\/\/www.skalnik.pl\/blog\/#organization","name":"blog Skalnik","description":"Blog, porady, artyku\u0142y - blog Skalnik","url":"https:\/\/www.skalnik.pl\/blog\/"},{"@type":"Person","@id":"https:\/\/www.skalnik.pl\/blog\/author\/beata-nawrotkiewicz\/#author","url":"https:\/\/www.skalnik.pl\/blog\/author\/beata-nawrotkiewicz\/","name":"Beata Nawrotkiewicz","image":{"@type":"ImageObject","@id":"https:\/\/www.skalnik.pl\/blog\/ksiazki-o-gorach-czyli-co-warto-przeczytac\/#authorImage","url":"https:\/\/secure.gravatar.com\/avatar\/53cf81cfcc3a81694535515925ffcf159be725e8bd1fb455eeb9e2cadcaa5684?s=96&d=mm&r=g","width":96,"height":96,"caption":"Beata Nawrotkiewicz"}},{"@type":"WebPage","@id":"https:\/\/www.skalnik.pl\/blog\/ksiazki-o-gorach-czyli-co-warto-przeczytac\/#webpage","url":"https:\/\/www.skalnik.pl\/blog\/ksiazki-o-gorach-czyli-co-warto-przeczytac\/","name":"Najlepsze ksi\u0105\u017cki o g\u00f3rach, czyli co warto przeczyta\u0107 - blog Skalnik","description":"Siedem ksi\u0105\u017cek g\u00f3rskich to tylko kropla spo\u015br\u00f3d dost\u0119pnej literatury g\u00f3rskiej. Cztery biografie i trzy ksi\u0105\u017cki akcji - dla laik\u00f3w i obeznanych z g\u00f3rsk\u0105 tematyk\u0105. Idealnie sprawdz\u0105 si\u0119 w upalne dni i wieczory.","inLanguage":"pl-PL","isPartOf":{"@id":"https:\/\/www.skalnik.pl\/blog\/#website"},"breadcrumb":{"@id":"https:\/\/www.skalnik.pl\/blog\/ksiazki-o-gorach-czyli-co-warto-przeczytac\/#breadcrumblist"},"author":{"@id":"https:\/\/www.skalnik.pl\/blog\/author\/beata-nawrotkiewicz\/#author"},"creator":{"@id":"https:\/\/www.skalnik.pl\/blog\/author\/beata-nawrotkiewicz\/#author"},"image":{"@type":"ImageObject","url":"https:\/\/www.skalnik.pl\/blog\/wp-content\/uploads\/2019\/08\/Ksi\u0105\u017cki-o-g\u00f3rach.jpg","@id":"https:\/\/www.skalnik.pl\/blog\/ksiazki-o-gorach-czyli-co-warto-przeczytac\/#mainImage","width":1920,"height":705,"caption":"Ksi\u0105\u017cki o g\u00f3rach"},"primaryImageOfPage":{"@id":"https:\/\/www.skalnik.pl\/blog\/ksiazki-o-gorach-czyli-co-warto-przeczytac\/#mainImage"},"datePublished":"2019-08-02T10:00:19+02:00","dateModified":"2025-07-04T08:18:52+02:00"},{"@type":"WebSite","@id":"https:\/\/www.skalnik.pl\/blog\/#website","url":"https:\/\/www.skalnik.pl\/blog\/","name":"blog Skalnik","description":"Blog, porady, artyku\u0142y - blog Skalnik","inLanguage":"pl-PL","publisher":{"@id":"https:\/\/www.skalnik.pl\/blog\/#organization"}}]},"og:locale":"pl_PL","og:site_name":"blog Skalnik - Blog, porady, artyku\u0142y - blog Skalnik","og:type":"article","og:title":"Najlepsze ksi\u0105\u017cki o g\u00f3rach, czyli co warto przeczyta\u0107 - blog Skalnik","og:description":"Siedem ksi\u0105\u017cek g\u00f3rskich to tylko kropla spo\u015br\u00f3d dost\u0119pnej literatury g\u00f3rskiej. Cztery biografie i trzy ksi\u0105\u017cki akcji - dla laik\u00f3w i obeznanych z g\u00f3rsk\u0105 tematyk\u0105. Idealnie sprawdz\u0105 si\u0119 w upalne dni i wieczory.","og:url":"https:\/\/www.skalnik.pl\/blog\/ksiazki-o-gorach-czyli-co-warto-przeczytac\/","og:image":"https:\/\/skalnik.pl\/blog\/wp-content\/uploads\/2019\/07\/bielecki-ksi\u0105\u017cka-967x1024.jpg","og:image:secure_url":"https:\/\/skalnik.pl\/blog\/wp-content\/uploads\/2019\/07\/bielecki-ksi\u0105\u017cka-967x1024.jpg","article:tag":["pasja","g\u00f3ry","himalaizm","styl \u017cycia"],"article:published_time":"2019-08-02T08:00:19+00:00","article:modified_time":"2025-07-04T06:18:52+00:00","twitter:card":"summary_large_image","twitter:title":"Najlepsze ksi\u0105\u017cki o g\u00f3rach, czyli co warto przeczyta\u0107 - blog Skalnik","twitter:description":"Siedem ksi\u0105\u017cek g\u00f3rskich to tylko kropla spo\u015br\u00f3d dost\u0119pnej literatury g\u00f3rskiej. Cztery biografie i trzy ksi\u0105\u017cki akcji - dla laik\u00f3w i obeznanych z g\u00f3rsk\u0105 tematyk\u0105. Idealnie sprawdz\u0105 si\u0119 w upalne dni i wieczory.","twitter:image":"https:\/\/skalnik.pl\/blog\/wp-content\/uploads\/2019\/07\/bielecki-ksi\u0105\u017cka-967x1024.jpg"},"aioseo_meta_data":{"post_id":"8100","title":null,"description":null,"keywords":[{"label":"ksi\u0105\u017cki o g\u00f3rach","value":"ksi\u0105\u017cki o g\u00f3rach"},{"label":"ksi\u0105\u017cka o g\u00f3rach","value":"ksi\u0105\u017cka o g\u00f3rach"},{"label":"ksi\u0105\u017cki o himalajach","value":"ksi\u0105\u017cki o himalajach"},{"label":"spod zamarzni\u0119tych powiek","value":"spod zamarzni\u0119tych powiek"},{"label":"Krzysztof Wielicki ksi\u0105\u017cka","value":"Krzysztof Wielicki ksi\u0105\u017cka"}],"keyphrases":{"focus":{"keyphrase":"","score":0,"analysis":{"keyphraseInTitle":{"score":0,"maxScore":9,"error":1}}},"additional":[]},"primary_term":null,"canonical_url":null,"og_title":null,"og_description":null,"og_object_type":"default","og_image_type":"default","og_image_url":null,"og_image_width":null,"og_image_height":null,"og_image_custom_url":null,"og_image_custom_fields":null,"og_video":"","og_custom_url":null,"og_article_section":null,"og_article_tags":[],"twitter_use_og":false,"twitter_card":"default","twitter_image_type":"default","twitter_image_url":null,"twitter_image_custom_url":null,"twitter_image_custom_fields":null,"twitter_title":null,"twitter_description":null,"schema":{"blockGraphs":[],"customGraphs":[],"default":{"data":{"Article":[],"Course":[],"Dataset":[],"FAQPage":[],"Movie":[],"Person":[],"Product":[],"ProductReview":[],"Car":[],"Recipe":[],"Service":[],"SoftwareApplication":[],"WebPage":[]},"graphName":"","isEnabled":true},"graphs":[]},"schema_type":"default","schema_type_options":null,"pillar_content":false,"robots_default":true,"robots_noindex":false,"robots_noarchive":false,"robots_nosnippet":false,"robots_nofollow":false,"robots_noimageindex":false,"robots_noodp":false,"robots_notranslate":false,"robots_max_snippet":"-1","robots_max_videopreview":"-1","robots_max_imagepreview":"large","priority":null,"frequency":"default","local_seo":null,"breadcrumb_settings":null,"limit_modified_date":false,"ai":null,"created":"2022-08-26 10:02:54","updated":"2026-02-17 21:36:26","seo_analyzer_scan_date":null},"aioseo_breadcrumb":"<div class=\"aioseo-breadcrumbs\"><span class=\"aioseo-breadcrumb\">\n\t\t\t<a href=\"https:\/\/www.skalnik.pl\/blog\" title=\"Home\">Home<\/a>\n\t\t<\/span><span class=\"aioseo-breadcrumb-separator\">&raquo;<\/span><span class=\"aioseo-breadcrumb\">\n\t\t\t<a href=\"https:\/\/www.skalnik.pl\/blog\/.\/pasja\/\" title=\"Pasja\">Pasja<\/a>\n\t\t<\/span><span class=\"aioseo-breadcrumb-separator\">&raquo;<\/span><span class=\"aioseo-breadcrumb\">\n\t\t\tNajlepsze ksi\u0105\u017cki o g\u00f3rach, czyli co warto przeczyta\u0107\n\t\t<\/span><\/div>","aioseo_breadcrumb_json":[{"label":"Home","link":"https:\/\/www.skalnik.pl\/blog"},{"label":"Pasja","link":"https:\/\/www.skalnik.pl\/blog\/.\/pasja\/"},{"label":"Najlepsze ksi\u0105\u017cki o g\u00f3rach, czyli co warto przeczyta\u0107","link":"https:\/\/www.skalnik.pl\/blog\/ksiazki-o-gorach-czyli-co-warto-przeczytac\/"}],"_links":{"self":[{"href":"https:\/\/www.skalnik.pl\/blog\/wp-json\/wp\/v2\/posts\/8100","targetHints":{"allow":["GET"]}}],"collection":[{"href":"https:\/\/www.skalnik.pl\/blog\/wp-json\/wp\/v2\/posts"}],"about":[{"href":"https:\/\/www.skalnik.pl\/blog\/wp-json\/wp\/v2\/types\/post"}],"author":[{"embeddable":true,"href":"https:\/\/www.skalnik.pl\/blog\/wp-json\/wp\/v2\/users\/9"}],"replies":[{"embeddable":true,"href":"https:\/\/www.skalnik.pl\/blog\/wp-json\/wp\/v2\/comments?post=8100"}],"version-history":[{"count":12,"href":"https:\/\/www.skalnik.pl\/blog\/wp-json\/wp\/v2\/posts\/8100\/revisions"}],"predecessor-version":[{"id":27156,"href":"https:\/\/www.skalnik.pl\/blog\/wp-json\/wp\/v2\/posts\/8100\/revisions\/27156"}],"wp:featuredmedia":[{"embeddable":true,"href":"https:\/\/www.skalnik.pl\/blog\/wp-json\/wp\/v2\/media\/8270"}],"wp:attachment":[{"href":"https:\/\/www.skalnik.pl\/blog\/wp-json\/wp\/v2\/media?parent=8100"}],"wp:term":[{"taxonomy":"category","embeddable":true,"href":"https:\/\/www.skalnik.pl\/blog\/wp-json\/wp\/v2\/categories?post=8100"},{"taxonomy":"post_tag","embeddable":true,"href":"https:\/\/www.skalnik.pl\/blog\/wp-json\/wp\/v2\/tags?post=8100"},{"taxonomy":"magento_category","embeddable":true,"href":"https:\/\/www.skalnik.pl\/blog\/wp-json\/wp\/v2\/magento_category?post=8100"},{"taxonomy":"magento_product","embeddable":true,"href":"https:\/\/www.skalnik.pl\/blog\/wp-json\/wp\/v2\/magento_product?post=8100"}],"curies":[{"name":"wp","href":"https:\/\/api.w.org\/{rel}","templated":true}]}}