{"id":8450,"date":"2019-08-23T07:28:32","date_gmt":"2019-08-23T05:28:32","guid":{"rendered":"https:\/\/skalnik.pl\/blog\/?p=8450"},"modified":"2024-08-29T08:58:47","modified_gmt":"2024-08-29T06:58:47","slug":"jak-wejsc-na-rysy-latem","status":"publish","type":"post","link":"https:\/\/www.skalnik.pl\/blog\/jak-wejsc-na-rysy-latem\/","title":{"rendered":"Wej\u015bcie na Rysy &#8211; jak wej\u015b\u0107 na Rysy latem od polskiej strony"},"content":{"rendered":"<p><strong>Najwy\u017cszy szczyt w Tatrach po stronie polskiej. A co za tym idzie \u2013 tak\u017ce najwy\u017csza g\u00f3ra w Polsce. Nic dziwnego, \u017ce wiele os\u00f3b marzy o tym, by na ni\u0105 wej\u015b\u0107. Z ca\u0142ego kraju zje\u017cd\u017caj\u0105 si\u0119 tysi\u0105ce turyst\u00f3w z zamiarem spr\u00f3bowania swoich si\u0142 w drodze na Rysy. Atrakcyjno\u015b\u0107 tego celu przyci\u0105ga mniej i bardziej zaawansowanych g\u00f3ro\u0142az\u00f3w, w ka\u017cdym mo\u017cliwym wieku i z r\u00f3\u017cnym stopniem g\u00f3rskiego do\u015bwiadczenia. A wszystko dlatego, \u017ce w Polsce wy\u017cej stan\u0105\u0107 si\u0119 ju\u017c nie da.<\/strong><\/p>\n<div id=\"ez-toc-container\" class=\"ez-toc-v2_0_85 counter-hierarchy ez-toc-counter ez-toc-light-blue ez-toc-container-direction\">\n<div class=\"ez-toc-title-container\">\n<p class=\"ez-toc-title\" style=\"cursor:inherit\">SPIS TRE\u015aCI <\/p>\n<span class=\"ez-toc-title-toggle\"><a href=\"#\" class=\"ez-toc-pull-right ez-toc-btn ez-toc-btn-xs ez-toc-btn-default ez-toc-toggle\" aria-label=\"Prze\u0142\u0105cznik Spisu Tre\u015bci\"><span class=\"ez-toc-js-icon-con\"><span class=\"\"><span class=\"eztoc-hide\" style=\"display:none;\">Toggle<\/span><span class=\"ez-toc-icon-toggle-span\"><svg style=\"fill: #999;color:#999\" xmlns=\"http:\/\/www.w3.org\/2000\/svg\" class=\"list-377408\" width=\"20px\" height=\"20px\" viewBox=\"0 0 24 24\" fill=\"none\"><path d=\"M6 6H4v2h2V6zm14 0H8v2h12V6zM4 11h2v2H4v-2zm16 0H8v2h12v-2zM4 16h2v2H4v-2zm16 0H8v2h12v-2z\" fill=\"currentColor\"><\/path><\/svg><svg style=\"fill: #999;color:#999\" class=\"arrow-unsorted-368013\" xmlns=\"http:\/\/www.w3.org\/2000\/svg\" width=\"10px\" height=\"10px\" viewBox=\"0 0 24 24\" version=\"1.2\" baseProfile=\"tiny\"><path d=\"M18.2 9.3l-6.2-6.3-6.2 6.3c-.2.2-.3.4-.3.7s.1.5.3.7c.2.2.4.3.7.3h11c.3 0 .5-.1.7-.3.2-.2.3-.5.3-.7s-.1-.5-.3-.7zM5.8 14.7l6.2 6.3 6.2-6.3c.2-.2.3-.5.3-.7s-.1-.5-.3-.7c-.2-.2-.4-.3-.7-.3h-11c-.3 0-.5.1-.7.3-.2.2-.3.5-.3.7s.1.5.3.7z\"\/><\/svg><\/span><\/span><\/span><\/a><\/span><\/div>\n<nav><ul class='ez-toc-list ez-toc-list-level-1 ' ><li class='ez-toc-page-1 ez-toc-heading-level-2'><a class=\"ez-toc-link ez-toc-heading-1\" href=\"https:\/\/www.skalnik.pl\/blog\/jak-wejsc-na-rysy-latem\/#Szlak_na_Rysy\" >Szlak na Rysy<\/a><\/li><li class='ez-toc-page-1 ez-toc-heading-level-2'><a class=\"ez-toc-link ez-toc-heading-2\" href=\"https:\/\/www.skalnik.pl\/blog\/jak-wejsc-na-rysy-latem\/#Oslawiona_asfaltowka\" >Os\u0142awiona asfalt\u00f3wka<\/a><\/li><li class='ez-toc-page-1 ez-toc-heading-level-2'><a class=\"ez-toc-link ez-toc-heading-3\" href=\"https:\/\/www.skalnik.pl\/blog\/jak-wejsc-na-rysy-latem\/#Morskie_Oko_i_Czarny_Staw_pod_Rysami\" >Morskie Oko i Czarny Staw pod Rysami<\/a><\/li><li class='ez-toc-page-1 ez-toc-heading-level-2'><a class=\"ez-toc-link ez-toc-heading-4\" href=\"https:\/\/www.skalnik.pl\/blog\/jak-wejsc-na-rysy-latem\/#U_podnoza_szczytu\" >U podn\u00f3\u017ca szczytu<\/a><\/li><li class='ez-toc-page-1 ez-toc-heading-level-2'><a class=\"ez-toc-link ez-toc-heading-5\" href=\"https:\/\/www.skalnik.pl\/blog\/jak-wejsc-na-rysy-latem\/#Trudnosci_w_drodze_na_Rysy\" >Trudno\u015bci w drodze na Rysy<\/a><\/li><li class='ez-toc-page-1 ez-toc-heading-level-2'><a class=\"ez-toc-link ez-toc-heading-6\" href=\"https:\/\/www.skalnik.pl\/blog\/jak-wejsc-na-rysy-latem\/#Szlak_na_Rysy_%E2%80%93_lancuchy\" >Szlak na Rysy \u2013 \u0142a\u0144cuchy<\/a><\/li><li class='ez-toc-page-1 ez-toc-heading-level-2'><a class=\"ez-toc-link ez-toc-heading-7\" href=\"https:\/\/www.skalnik.pl\/blog\/jak-wejsc-na-rysy-latem\/#Widoki_ze_szczytu_Rysow\" >Widoki ze szczytu Rys\u00f3w<\/a><\/li><li class='ez-toc-page-1 ez-toc-heading-level-2'><a class=\"ez-toc-link ez-toc-heading-8\" href=\"https:\/\/www.skalnik.pl\/blog\/jak-wejsc-na-rysy-latem\/#Kilka_praktycznych_wskazowek\" >Kilka praktycznych wskaz\u00f3wek<\/a><\/li><\/ul><\/nav><\/div>\n<h2><span class=\"ez-toc-section\" id=\"Szlak_na_Rysy\"><\/span><strong>Szlak na Rysy<\/strong><span class=\"ez-toc-section-end\"><\/span><\/h2>\n<p>Na Rysy mo\u017cna wej\u015b\u0107 na dwa sposoby \u2013 czerwonym szlakiem od strony s\u0142owackiej i tak\u017ce czerwonym od Morskiego Oka, czyli ze strony polskiej. Mimo \u017ce r\u00f3\u017cni\u0105 si\u0119 one mi\u0119dzy sob\u0105 poziomem trudno\u015bci, to o obu na pewno mo\u017cna powiedzie\u0107 to samo \u2013 s\u0105 \u017cmudne, d\u0142ugie i trzeba pokona\u0107 po drodze du\u017c\u0105 r\u00f3\u017cnic\u0119 wysoko\u015bci. Przygotowanie do wej\u015bcia na Rysy powiniene\u015b zacz\u0105\u0107 jeszcze na nizinach, bo na nic si\u0119 zdadz\u0105 twoje ch\u0119ci, je\u017celi ca\u0142y rok przesiedzia\u0142e\u015b przed biurkiem lub na kanapie. Mimo \u017ce pozornie \u0142atwo si\u0119 dosta\u0107 w ich rejon \u2013 w ko\u0144cu szlak zaczyna si\u0119 w najbardziej obleganym miejscu polskich Tatr \u2013 to jest to bez dw\u00f3ch zda\u0144 szczyt wymagaj\u0105cy.<\/p>\n<p>Na co konkretnie trzeba si\u0119 przygotowa\u0107? Postaram si\u0119 opisa\u0107 to poni\u017cej. A poniewa\u017c szlak z Morskiego Oka wzbudza du\u017co emocji, zw\u0142aszcza w\u015br\u00f3d pocz\u0105tkuj\u0105cych turyst\u00f3w, to w\u0142a\u015bnie nim si\u0119 b\u0119dziemy wspina\u0107.<\/p>\n<p><b>Droga<\/b>: Palenica Bia\u0142cza\u0144ska \u2013 Morskie Oko \u2013 Czarny Staw pod Rysami \u2013 Bula pod Rysami \u2013 Rysy \u2013 Bula pod Rysami \u2013 Czarny Staw pod Rysami \u2013 Morskie Oko \u2013 Palenica<\/p>\n<p><b>Czas wed\u0142ug mapy<\/b>: 11 h 40\u2019<\/p>\n<p><b>Dystans<\/b>: 24,8 km (12,4 km w jedn\u0105 stron\u0119)<\/p>\n<p><b>Przewy\u017cszenie<\/b>: 1515 m (suma podej\u015b\u0107: 1708 m)<\/p>\n<h2><span class=\"ez-toc-section\" id=\"Oslawiona_asfaltowka\"><\/span><strong>Os\u0142awiona asfalt\u00f3wka<\/strong><span class=\"ez-toc-section-end\"><\/span><\/h2>\n<p>Jak ju\u017c pisa\u0142am wy\u017cej, do wej\u015bcia przyda ci si\u0119 dobra kondycja. Po polskiej stronie najdalej mo\u017cesz dojecha\u0107 busem lub autem na parking w Palenicy Bia\u0142cza\u0144skiej (obecnie trzeba rezerwowa\u0107 miejsca parkingowe na kilka dni wcze\u015bniej &#8211; sprawd\u017a na stronach TPN), kt\u00f3ry znajduje si\u0119 na wysoko\u015bci 984 m n.p.m. (a ty finalnie masz si\u0119 znale\u017a\u0107 ponad 1500 metr\u00f3w wy\u017cej!). Tutaj przejdziesz przez bramki wej\u015bciowe do Tatrza\u0144skiego Parku Narodowego i zaczniesz swoj\u0105 przygod\u0119. Pocz\u0105tek to oczywi\u015bcie os\u0142awiona asfalt\u00f3wka prowadz\u0105ca do Morskiego Oka (przez niekt\u00f3rych b\u0142\u0119dnie nazywana ceprostrad\u0105, bo ta w\u0142a\u015bciwa znajduje si\u0119 gdzie indziej). Ten spacer zajmie ci 2 godziny z kawa\u0142kiem. Przez wprawionych w bojach g\u00f3ro\u0142az\u00f3w jest to znienawidzone 9 km dreptania asfaltem, ale s\u0105 sposoby, by sobie tych nerw\u00f3w oszcz\u0119dzi\u0107.<\/p>\n<div id=\"attachment_8453\" style=\"width: 586px\" class=\"wp-caption aligncenter\"><img loading=\"lazy\" decoding=\"async\" aria-describedby=\"caption-attachment-8453\" class=\"wp-image-8453 size-full\" src=\"https:\/\/skalnik.pl\/blog\/wp-content\/uploads\/2019\/08\/droga-Oswalda-Balzera-e1566129840165.jpg\" alt=\"Droga do Morskiego Oka\" width=\"576\" height=\"1024\" srcset=\"https:\/\/www.skalnik.pl\/blog\/wp-content\/uploads\/2019\/08\/droga-Oswalda-Balzera-e1566129840165.jpg 576w, https:\/\/www.skalnik.pl\/blog\/wp-content\/uploads\/2019\/08\/droga-Oswalda-Balzera-e1566129840165-169x300.jpg 169w\" sizes=\"auto, (max-width: 576px) 100vw, 576px\" \/><p id=\"caption-attachment-8453\" class=\"wp-caption-text\">Droga Oswalda Balzera, czyli &#8222;asfalt\u00f3wka&#8221; do Morskiego Oka. W tle wida\u0107 ju\u017c szczyty.<\/p><\/div>\n<p>Aby polubi\u0107 ten element wycieczki, polecam na asfalt\u00f3wk\u0119 stawi\u0107 si\u0119 bardzo wcze\u015bnie rano, co zreszt\u0105 jest w og\u00f3le dobrym pomys\u0142em w wycieczce na Rysy. O \u015bwicie nie ma tu t\u0142um\u00f3w i co chwil\u0119 wymijaj\u0105cych si\u0119 fasi\u0105g\u00f3w (przypominam przy okazji, \u017ce prawdziwy piechur nie korzysta z tych us\u0142ug o \u017cadnej porze). W promieniach porannego s\u0142o\u0144ca r\u00f3wnie\u017c ta droga potrafi mie\u0107 sw\u00f3j urok. Po nied\u0142ugiej chwili od wyj\u015bcia z parkingu w tle majacz\u0105 ju\u017c szczyty Mi\u0119guszowieckie, z ka\u017cdym krokiem coraz lepiej widoczne, a pierwszy na widoku (ju\u017c po oko\u0142o 10 minutach od bramek) wy\u0142ania nam si\u0119 najwy\u017cszy szczyt Tatr \u2013 Gerlach.<\/p>\n<p>Po 45 minutach dotrzesz do Wodogrzmot\u00f3w Mickiewicza. Z mostu wida\u0107 dwa z trzech wodospad\u00f3w \u2013 Po\u015bredni i Ni\u017cni Wodogrzmot, odpowiednio po prawej i po lewej stronie drogi. Jeszcze kawa\u0142ek w\u0119dr\u00f3wki za nimi i zacznie si\u0119 seria skr\u00f3t\u00f3w przecinaj\u0105cych asfaltow\u0105 drog\u0119. Po oko\u0142o 2,5 godziny od wyj\u015bcia z parkingu meldujemy si\u0119 w Morskim Oku.<\/p>\n<div class=\"page_gallery\">\n\n\t\t<style type=\"text\/css\">\n\t\t\t#gallery-1 {\n\t\t\t\tmargin: auto;\n\t\t\t}\n\t\t\t#gallery-1 .gallery-item {\n\t\t\t\tfloat: left;\n\t\t\t\tmargin-top: 10px;\n\t\t\t\ttext-align: center;\n\t\t\t\twidth: 33%;\n\t\t\t}\n\t\t\t#gallery-1 img {\n\t\t\t\tborder: 2px solid #cfcfcf;\n\t\t\t}\n\t\t\t#gallery-1 .gallery-caption {\n\t\t\t\tmargin-left: 0;\n\t\t\t}\n\t\t\t\/* see gallery_shortcode() in wp-includes\/media.php *\/\n\t\t<\/style>\n\t\t<div id='gallery-1' class='gallery galleryid-8450 gallery-columns-3 gallery-size-full'><dl class='gallery-item'>\n\t\t\t<dt class='gallery-icon landscape'>\n\t\t\t\t<img loading=\"lazy\" decoding=\"async\" width=\"1024\" height=\"576\" src=\"https:\/\/www.skalnik.pl\/blog\/wp-content\/uploads\/2019\/08\/skrot-do-morskiego-oka.jpg\" class=\"attachment-full size-full\" alt=\"Skr\u00f3t do Morskiego Oka\" aria-describedby=\"gallery-1-8456\" srcset=\"https:\/\/www.skalnik.pl\/blog\/wp-content\/uploads\/2019\/08\/skrot-do-morskiego-oka.jpg 1024w, https:\/\/www.skalnik.pl\/blog\/wp-content\/uploads\/2019\/08\/skrot-do-morskiego-oka-300x169.jpg 300w, https:\/\/www.skalnik.pl\/blog\/wp-content\/uploads\/2019\/08\/skrot-do-morskiego-oka-768x432.jpg 768w\" sizes=\"auto, (max-width: 1024px) 100vw, 1024px\" \/>\n\t\t\t<\/dt>\n\t\t\t\t<dd class='wp-caption-text gallery-caption' id='gallery-1-8456'>\n\t\t\t\tSkr\u00f3ty pozwalaj\u0105 zaoszcz\u0119dzi\u0107 troch\u0119 czasu.\n\t\t\t\t<\/dd><\/dl><dl class='gallery-item'>\n\t\t\t<dt class='gallery-icon landscape'>\n\t\t\t\t<img loading=\"lazy\" decoding=\"async\" width=\"1024\" height=\"576\" src=\"https:\/\/www.skalnik.pl\/blog\/wp-content\/uploads\/2019\/08\/lawki-przy-asfalcie.jpg\" class=\"attachment-full size-full\" alt=\"\u0141awki przy drodze asfaltowej\" aria-describedby=\"gallery-1-8454\" srcset=\"https:\/\/www.skalnik.pl\/blog\/wp-content\/uploads\/2019\/08\/lawki-przy-asfalcie.jpg 1024w, https:\/\/www.skalnik.pl\/blog\/wp-content\/uploads\/2019\/08\/lawki-przy-asfalcie-300x169.jpg 300w, https:\/\/www.skalnik.pl\/blog\/wp-content\/uploads\/2019\/08\/lawki-przy-asfalcie-768x432.jpg 768w\" sizes=\"auto, (max-width: 1024px) 100vw, 1024px\" \/>\n\t\t\t<\/dt>\n\t\t\t\t<dd class='wp-caption-text gallery-caption' id='gallery-1-8454'>\n\t\t\t\tPrzy drodze mo\u017cna spotka\u0107 przyjemne miejsca odpoczynkowe\n\t\t\t\t<\/dd><\/dl><dl class='gallery-item'>\n\t\t\t<dt class='gallery-icon landscape'>\n\t\t\t\t<img loading=\"lazy\" decoding=\"async\" width=\"1024\" height=\"576\" src=\"https:\/\/www.skalnik.pl\/blog\/wp-content\/uploads\/2019\/08\/polana-wlosienica.jpg\" class=\"attachment-full size-full\" alt=\"Polana W\u0142osienica\" aria-describedby=\"gallery-1-8457\" srcset=\"https:\/\/www.skalnik.pl\/blog\/wp-content\/uploads\/2019\/08\/polana-wlosienica.jpg 1024w, https:\/\/www.skalnik.pl\/blog\/wp-content\/uploads\/2019\/08\/polana-wlosienica-300x169.jpg 300w, https:\/\/www.skalnik.pl\/blog\/wp-content\/uploads\/2019\/08\/polana-wlosienica-768x432.jpg 768w\" sizes=\"auto, (max-width: 1024px) 100vw, 1024px\" \/>\n\t\t\t<\/dt>\n\t\t\t\t<dd class='wp-caption-text gallery-caption' id='gallery-1-8457'>\n\t\t\t\tPolana W\u0142osienica &#8211; tutaj fasi\u0105gi ko\u0144cz\u0105 sw\u00f3j kurs.\n\t\t\t\t<\/dd><\/dl><br style=\"clear: both\" \/>\n\t\t<\/div>\n\n<\/div>\n<h2><span class=\"ez-toc-section\" id=\"Morskie_Oko_i_Czarny_Staw_pod_Rysami\"><\/span><strong>Morskie Oko i Czarny Staw pod Rysami<\/strong><span class=\"ez-toc-section-end\"><\/span><\/h2>\n<p>Morskie Oko mo\u017cna \u015bmia\u0142o nazwa\u0107 wizyt\u00f3wk\u0105 polskich Tatr (zw\u0142aszcza jak si\u0119 podliczy ilo\u015b\u0107 odwiedzaj\u0105cych je turyst\u00f3w, w tym obcokrajowc\u00f3w). I nie ma co si\u0119 dziwi\u0107 \u2013 jest pi\u0119kne. Staw otaczaj\u0105 wysoko wznosz\u0105ce si\u0119 Szczyty Mi\u0119guszy \u2013 Czarny, Po\u015bredni i Wielki Mi\u0119guszowiecki Szczyt. Dumnie prezentuje si\u0119 sylwetka Mnicha, kt\u00f3ra &#8211; mimo \u017ce ni\u017csza od towarzyszy, przyci\u0105ga od razu wzrok swoj\u0105 ostr\u0105, zadziorn\u0105 turniczk\u0105. To miejsce, to r\u00f3wnie\u017c doskona\u0142a baza wypadowa dla taternik\u00f3w.<\/p>\n<div id=\"attachment_8458\" style=\"width: 1034px\" class=\"wp-caption aligncenter\"><img loading=\"lazy\" decoding=\"async\" aria-describedby=\"caption-attachment-8458\" class=\"wp-image-8458 size-full\" src=\"https:\/\/skalnik.pl\/blog\/wp-content\/uploads\/2019\/08\/mieguszowieckie-szczyty-morskie-oko.jpg\" alt=\"Szczyty Mi\u0119guszowieckie nad Morskim Okiem\" width=\"1024\" height=\"576\" srcset=\"https:\/\/www.skalnik.pl\/blog\/wp-content\/uploads\/2019\/08\/mieguszowieckie-szczyty-morskie-oko.jpg 1024w, https:\/\/www.skalnik.pl\/blog\/wp-content\/uploads\/2019\/08\/mieguszowieckie-szczyty-morskie-oko-300x169.jpg 300w, https:\/\/www.skalnik.pl\/blog\/wp-content\/uploads\/2019\/08\/mieguszowieckie-szczyty-morskie-oko-768x432.jpg 768w\" sizes=\"auto, (max-width: 1024px) 100vw, 1024px\" \/><p id=\"caption-attachment-8458\" class=\"wp-caption-text\">Szczyty Mi\u0119guszowieckie wznosz\u0105 si\u0119 dumnie nad Morskim Okiem<\/p><\/div>\n<p>Ze schroniska czeka ci\u0119 jeszcze czterogodzinna wyrypa do g\u00f3ry, wi\u0119c to dobry moment na kr\u00f3tki odpoczynek i jak\u0105\u015b przek\u0105sk\u0119. W schronisku znajduje si\u0119 przechowalnia plecak\u00f3w, mo\u017cna za 3 z\u0142 zostawi\u0107 wi\u0119kszy sprz\u0119t np. \u015bpiw\u00f3r, karimat\u0119 i odzie\u017c, je\u015bli jeste\u015b przygotowany\/a r\u00f3wnie\u017c na nocleg w g\u00f3rach.<\/p>\n<p>Po odpoczynku, z Morskiego Oka ruszamy czerwonym szlakiem wzd\u0142u\u017c stawu w stron\u0119 Czarnego Stawu pod Rysami. Jest to bardzo przyjemny spacerek po kamiennej \u015bcie\u017cce, a\u017c dojdziesz po 20 minutach do schod\u00f3w wiod\u0105cych pod staw. Niepozorne kamienne schodki potrafi\u0105 naprawd\u0119 da\u0107 w ko\u015b\u0107, ale jest to dobra rozgrzewka, bo od tego momentu twoja droga b\u0119dzie coraz bardziej stroma. Przy Czarnym Stawie oczywi\u015bcie warto si\u0119 zatrzyma\u0107, poniewa\u017c to \u015bwietny punkt widokowy na znajduj\u0105ce si\u0119 poni\u017cej Morskie Oko i Dolin\u0119 Rybiego Potoku. Wida\u0107 st\u0105d, jak woda z Czarnego Stawu sp\u0142ywa kaskadami Czarnostawia\u0144skiej Siklawy wprost do Morskiego Oka. Nad Czarnym Stawem pod Rysami wznosi si\u0119 te\u017c oczywi\u015bcie cel twojej wspinaczki \u2013 Rysy, wraz z grani\u0105 Ni\u017cnych Rys\u00f3w i \u017babimi szczytami. Po prawej stronie wida\u0107 tak\u017ce historyczn\u0105 Kazalnic\u0119 Mi\u0119guszowieck\u0105, na kt\u00f3rej znajduj\u0105 si\u0119 najtrudniejsze drogi wspinaczkowe w Tatrach. Ty tutaj odbijasz w przeciwn\u0105 stron\u0119. Znak wskazuje jeszcze 3 h 20 minut do szczytu.<\/p>\n<div class=\"page_gallery\">\n\n\t\t<style type=\"text\/css\">\n\t\t\t#gallery-2 {\n\t\t\t\tmargin: auto;\n\t\t\t}\n\t\t\t#gallery-2 .gallery-item {\n\t\t\t\tfloat: left;\n\t\t\t\tmargin-top: 10px;\n\t\t\t\ttext-align: center;\n\t\t\t\twidth: 33%;\n\t\t\t}\n\t\t\t#gallery-2 img {\n\t\t\t\tborder: 2px solid #cfcfcf;\n\t\t\t}\n\t\t\t#gallery-2 .gallery-caption {\n\t\t\t\tmargin-left: 0;\n\t\t\t}\n\t\t\t\/* see gallery_shortcode() in wp-includes\/media.php *\/\n\t\t<\/style>\n\t\t<div id='gallery-2' class='gallery galleryid-8450 gallery-columns-3 gallery-size-full'><dl class='gallery-item'>\n\t\t\t<dt class='gallery-icon landscape'>\n\t\t\t\t<img loading=\"lazy\" decoding=\"async\" width=\"1024\" height=\"576\" src=\"https:\/\/www.skalnik.pl\/blog\/wp-content\/uploads\/2019\/08\/morskie-oko-widok-na-rysy.jpg\" class=\"attachment-full size-full\" alt=\"Widok na Czarnostawia\u0144ski Kocio\u0142\" aria-describedby=\"gallery-2-8464\" srcset=\"https:\/\/www.skalnik.pl\/blog\/wp-content\/uploads\/2019\/08\/morskie-oko-widok-na-rysy.jpg 1024w, https:\/\/www.skalnik.pl\/blog\/wp-content\/uploads\/2019\/08\/morskie-oko-widok-na-rysy-300x169.jpg 300w, https:\/\/www.skalnik.pl\/blog\/wp-content\/uploads\/2019\/08\/morskie-oko-widok-na-rysy-768x432.jpg 768w\" sizes=\"auto, (max-width: 1024px) 100vw, 1024px\" \/>\n\t\t\t<\/dt>\n\t\t\t\t<dd class='wp-caption-text gallery-caption' id='gallery-2-8464'>\n\t\t\t\tNad Morskim Okiem mo\u017cemy spojrze\u0107 w stron\u0119 naszego celu \ud83d\ude42\n\t\t\t\t<\/dd><\/dl><dl class='gallery-item'>\n\t\t\t<dt class='gallery-icon portrait'>\n\t\t\t\t<img loading=\"lazy\" decoding=\"async\" width=\"576\" height=\"1024\" src=\"https:\/\/www.skalnik.pl\/blog\/wp-content\/uploads\/2019\/08\/drogowskaz-czrny-staw-e1566148871198.jpg\" class=\"attachment-full size-full\" alt=\"Szlak odbija na Czarny Staw.\" aria-describedby=\"gallery-2-8463\" srcset=\"https:\/\/www.skalnik.pl\/blog\/wp-content\/uploads\/2019\/08\/drogowskaz-czrny-staw-e1566148871198.jpg 576w, https:\/\/www.skalnik.pl\/blog\/wp-content\/uploads\/2019\/08\/drogowskaz-czrny-staw-e1566148871198-169x300.jpg 169w\" sizes=\"auto, (max-width: 576px) 100vw, 576px\" \/>\n\t\t\t<\/dt>\n\t\t\t\t<dd class='wp-caption-text gallery-caption' id='gallery-2-8463'>\n\t\t\t\tSzlak odbija na Czarny Staw.\n\t\t\t\t<\/dd><\/dl><dl class='gallery-item'>\n\t\t\t<dt class='gallery-icon landscape'>\n\t\t\t\t<img loading=\"lazy\" decoding=\"async\" width=\"1024\" height=\"576\" src=\"https:\/\/www.skalnik.pl\/blog\/wp-content\/uploads\/2019\/08\/czarny-sta-krzyz.jpg\" class=\"attachment-full size-full\" alt=\"Charakterystyczny \u017celazny krzy\u017c\" aria-describedby=\"gallery-2-8460\" srcset=\"https:\/\/www.skalnik.pl\/blog\/wp-content\/uploads\/2019\/08\/czarny-sta-krzyz.jpg 1024w, https:\/\/www.skalnik.pl\/blog\/wp-content\/uploads\/2019\/08\/czarny-sta-krzyz-300x169.jpg 300w, https:\/\/www.skalnik.pl\/blog\/wp-content\/uploads\/2019\/08\/czarny-sta-krzyz-768x432.jpg 768w\" sizes=\"auto, (max-width: 1024px) 100vw, 1024px\" \/>\n\t\t\t<\/dt>\n\t\t\t\t<dd class='wp-caption-text gallery-caption' id='gallery-2-8460'>\n\t\t\t\tCharakterystyczny \u017celazny krzy\u017c zosta\u0142 przeniesiony znad Morskiego Oka nad Czarny Staw w 1836 r. \n\t\t\t\t<\/dd><\/dl><br style=\"clear: both\" \/><dl class='gallery-item'>\n\t\t\t<dt class='gallery-icon portrait'>\n\t\t\t\t<img loading=\"lazy\" decoding=\"async\" width=\"576\" height=\"1024\" src=\"https:\/\/www.skalnik.pl\/blog\/wp-content\/uploads\/2019\/08\/rysy-drogowskaz-e1566148858356.jpg\" class=\"attachment-full size-full\" alt=\"Szlak na Rysy\" aria-describedby=\"gallery-2-8465\" srcset=\"https:\/\/www.skalnik.pl\/blog\/wp-content\/uploads\/2019\/08\/rysy-drogowskaz-e1566148858356.jpg 576w, https:\/\/www.skalnik.pl\/blog\/wp-content\/uploads\/2019\/08\/rysy-drogowskaz-e1566148858356-169x300.jpg 169w\" sizes=\"auto, (max-width: 576px) 100vw, 576px\" \/>\n\t\t\t<\/dt>\n\t\t\t\t<dd class='wp-caption-text gallery-caption' id='gallery-2-8465'>\n\t\t\t\tDo szczytu jeszcze kawa\u0142ek, ale ju\u017c go wyra\u017anie wida\u0107.\n\t\t\t\t<\/dd><\/dl><dl class='gallery-item'>\n\t\t\t<dt class='gallery-icon portrait'>\n\t\t\t\t<img loading=\"lazy\" decoding=\"async\" width=\"576\" height=\"1024\" src=\"https:\/\/www.skalnik.pl\/blog\/wp-content\/uploads\/2019\/08\/czarny-staw-rysy-e1566148836284.jpg\" class=\"attachment-full size-full\" alt=\"Czarny Staw pod Rysami\" aria-describedby=\"gallery-2-8462\" srcset=\"https:\/\/www.skalnik.pl\/blog\/wp-content\/uploads\/2019\/08\/czarny-staw-rysy-e1566148836284.jpg 576w, https:\/\/www.skalnik.pl\/blog\/wp-content\/uploads\/2019\/08\/czarny-staw-rysy-e1566148836284-169x300.jpg 169w\" sizes=\"auto, (max-width: 576px) 100vw, 576px\" \/>\n\t\t\t<\/dt>\n\t\t\t\t<dd class='wp-caption-text gallery-caption' id='gallery-2-8462'>\n\t\t\t\tCzarny Staw to dobre miejsce na przerw\u0119 i pami\u0105tkowe fotki.\n\t\t\t\t<\/dd><\/dl><dl class='gallery-item'>\n\t\t\t<dt class='gallery-icon landscape'>\n\t\t\t\t<img loading=\"lazy\" decoding=\"async\" width=\"1024\" height=\"576\" src=\"https:\/\/www.skalnik.pl\/blog\/wp-content\/uploads\/2019\/08\/czarny-staw-miedziane.jpg\" class=\"attachment-full size-full\" alt=\"Miedziane i Opalony Wierch odbite w stawie\" aria-describedby=\"gallery-2-8461\" srcset=\"https:\/\/www.skalnik.pl\/blog\/wp-content\/uploads\/2019\/08\/czarny-staw-miedziane.jpg 1024w, https:\/\/www.skalnik.pl\/blog\/wp-content\/uploads\/2019\/08\/czarny-staw-miedziane-300x169.jpg 300w, https:\/\/www.skalnik.pl\/blog\/wp-content\/uploads\/2019\/08\/czarny-staw-miedziane-768x432.jpg 768w\" sizes=\"auto, (max-width: 1024px) 100vw, 1024px\" \/>\n\t\t\t<\/dt>\n\t\t\t\t<dd class='wp-caption-text gallery-caption' id='gallery-2-8461'>\n\t\t\t\tWoda nie zawsze jest ponura &#8211; tafla Czarnego Stawu pod Rysami pi\u0119knie odbija szczyty. Tutaj Miedziane i Opalony Wierch.\n\t\t\t\t<\/dd><\/dl><br style=\"clear: both\" \/>\n\t\t<\/div>\n\n<\/div>\n<h2><span class=\"ez-toc-section\" id=\"U_podnoza_szczytu\"><\/span><strong>U podn\u00f3\u017ca szczytu<\/strong><span class=\"ez-toc-section-end\"><\/span><\/h2>\n<p>Znad Czarnego Stawu pod Rysami musisz dosta\u0107 si\u0119 dok\u0142adnie na jego drug\u0105 stron\u0119. Poprowadzi ci\u0119 tam \u015bcie\u017cka wzd\u0142u\u017c lewego brzegu stawu. U\u0142o\u017cone na niej kamyki wij\u0105 si\u0119 w wyra\u017an\u0105 drog\u0119, gdy j\u0105 pokonasz, b\u0119dziesz u podn\u00f3\u017ca wymarzonej g\u00f3ry. W tym miejscu wszystko, co naj\u0142atwiejsze, jest ju\u017c za tob\u0105. Zaczyna si\u0119 w\u0142a\u015bnie d\u0142ugie podej\u015bcie po stromych stopniach, obsypuj\u0105cym si\u0119 kamienisto-trawiastym zboczu i cz\u0119sto \u015bliskim b\u0142ocie. D\u0142ugi Piarg to bardzo \u017cmudny i wyczerpuj\u0105cy element szlaku na Rysy. To w\u0142a\u015bnie tu g\u00f3ra weryfikuje kondycj\u0119 i gotowo\u015b\u0107 organizmu na takie wyzwania. Mimo \u017ce technicznych trudno\u015bci jeszcze tutaj nie ma, to zawracaj\u0105cy ludzie na tym podej\u015bciu s\u0105 nierzadkim widokiem.<\/p>\n<div id=\"attachment_8459\" style=\"width: 586px\" class=\"wp-caption aligncenter\"><img loading=\"lazy\" decoding=\"async\" aria-describedby=\"caption-attachment-8459\" class=\"size-full wp-image-8459\" src=\"https:\/\/skalnik.pl\/blog\/wp-content\/uploads\/2019\/08\/sciezka-czarny-staw-e1566148849579.jpg\" alt=\"\u015acie\u017cka nad Czarnym Stawem\" width=\"576\" height=\"1024\" srcset=\"https:\/\/www.skalnik.pl\/blog\/wp-content\/uploads\/2019\/08\/sciezka-czarny-staw-e1566148849579.jpg 576w, https:\/\/www.skalnik.pl\/blog\/wp-content\/uploads\/2019\/08\/sciezka-czarny-staw-e1566148849579-169x300.jpg 169w\" sizes=\"auto, (max-width: 576px) 100vw, 576px\" \/><p id=\"caption-attachment-8459\" class=\"wp-caption-text\">Wzd\u0142u\u017c lewego brzegu stawu biegnie w\u0105ska \u015bcie\u017cka. Dalej wida\u0107 ju\u017c podej\u015bcie D\u0142ugim Piargiem i zakosy.<\/p><\/div>\n<p>Po p\u00f3\u0142godzinnym podej\u015bciu, \u015bcie\u017cka wije si\u0119 brzegiem Kot\u0142a pod Rysami, kt\u00f3ry jest jednym z najbardziej zacienionych miejsc w Tatrach. Tu mo\u017cesz zacz\u0105\u0107 czu\u0107 ch\u0142\u00f3d, a przy gorszej pogodzie robi si\u0119 tam te\u017c bardzo \u015blisko, wi\u0119c przydatnym sprz\u0119tem s\u0105 kije trekkingowe, o dobrych\u00a0butach g\u00f3rskich ju\u017c nie wspominaj\u0105c, bo to mam nadziej\u0119, \u017ce jest dla ciebie oczywiste.<\/p>\n<p><span style=\"color: #3366ff;\">Tutaj znajdziesz <a style=\"color: #3366ff;\" href=\"https:\/\/skalnik.pl\/buty\"><b>buty w g\u00f3ry<\/b><\/a>.<\/span><\/p>\n<div id=\"attachment_8467\" style=\"width: 1034px\" class=\"wp-caption aligncenter\"><img loading=\"lazy\" decoding=\"async\" aria-describedby=\"caption-attachment-8467\" class=\"size-full wp-image-8467\" src=\"https:\/\/skalnik.pl\/blog\/wp-content\/uploads\/2019\/08\/podejscie-rysy-kije.jpg\" alt=\"Podej\u015bcie na Rysya\" width=\"1024\" height=\"576\" srcset=\"https:\/\/www.skalnik.pl\/blog\/wp-content\/uploads\/2019\/08\/podejscie-rysy-kije.jpg 1024w, https:\/\/www.skalnik.pl\/blog\/wp-content\/uploads\/2019\/08\/podejscie-rysy-kije-300x169.jpg 300w, https:\/\/www.skalnik.pl\/blog\/wp-content\/uploads\/2019\/08\/podejscie-rysy-kije-768x432.jpg 768w\" sizes=\"auto, (max-width: 1024px) 100vw, 1024px\" \/><p id=\"caption-attachment-8467\" class=\"wp-caption-text\">Kije trekkingowe na podej\u015bciu s\u0105 naprawd\u0119 dobrym kompanem.<\/p><\/div>\n<p>Poniewa\u017c nie chc\u0119 ci\u0119 zniech\u0119ca\u0107 ani straszy\u0107, to w ca\u0142ej tej udr\u0119ce jest tak\u017ce niema\u0142y plus \u2013 widoki. No, pod warunkiem, \u017ce masz dobr\u0105 pogod\u0119, bo ja ju\u017c mia\u0142am okazj\u0119 i\u015b\u0107 do g\u00f3ry, kompletnie nie wiedz\u0105c, co jest dooko\u0142a. Mam nadziej\u0119, \u017ce ty b\u0119dziesz mie\u0107 wi\u0119cej szcz\u0119\u015bcia. Z tej perspektywy pi\u0119knie wida\u0107 oba stawy i schronisko w dole. Po jakim\u015b czasie znikn\u0105 ci one z pola widzenia, ale spokojnie \u2013 nie na sta\u0142e i to dobry znak, bo \u015bwiadczy o tym, \u017ce jeste\u015b coraz wy\u017cej. W drodze do \u0142a\u0144cuch\u00f3w miniesz bardzo charakterystyczny g\u0142az na D\u0142ugim Piargu (mi on si\u0119 kojarzy z tak\u0105 lwi\u0105 ska\u0142\u0105) \u2013 idealne miejsce na pami\u0105tkowe foto. A wiadomo \u2013 takie s\u0105 oblegane, wi\u0119c czasem trzeba posta\u0107 do niego w kolejce.<\/p>\n<div id=\"attachment_8468\" style=\"width: 1034px\" class=\"wp-caption aligncenter\"><img loading=\"lazy\" decoding=\"async\" aria-describedby=\"caption-attachment-8468\" class=\"wp-image-8468 size-full\" src=\"https:\/\/skalnik.pl\/blog\/wp-content\/uploads\/2019\/08\/charakterystyczny-glaz-w-drodze-na-rysy.jpg\" alt=\"Droga na Rysy - charakterystyczny g\u0142az\" width=\"1024\" height=\"576\" srcset=\"https:\/\/www.skalnik.pl\/blog\/wp-content\/uploads\/2019\/08\/charakterystyczny-glaz-w-drodze-na-rysy.jpg 1024w, https:\/\/www.skalnik.pl\/blog\/wp-content\/uploads\/2019\/08\/charakterystyczny-glaz-w-drodze-na-rysy-300x169.jpg 300w, https:\/\/www.skalnik.pl\/blog\/wp-content\/uploads\/2019\/08\/charakterystyczny-glaz-w-drodze-na-rysy-768x432.jpg 768w\" sizes=\"auto, (max-width: 1024px) 100vw, 1024px\" \/><p id=\"caption-attachment-8468\" class=\"wp-caption-text\">Mia\u0142am szcz\u0119\u015bcie (albo by\u0142am przezorna, wychodz\u0105c wcze\u015bniej), bo nie musia\u0142am sta\u0107 w kolejce do zdj\u0119cia na g\u0142azie.<\/p><\/div>\n<p>Pn\u0105c si\u0119 do g\u00f3ry, b\u0119dziesz mija\u0107 r\u00f3wnie\u017c r\u00f3\u017cnej wielko\u015bci tak zwane &#8222;wieczne \u015bniegi&#8221;, co w przypadku drogi na Rysy wida\u0107 go\u0142ym okiem ju\u017c na pocz\u0105tku podej\u015bcia, a nawet z Morskiego Oka. Poka\u017ane p\u0142aty \u015bniegu zalegaj\u0105 tutaj w kotle i pod \u015bcianami Buli przez ca\u0142y rok. Bula pod Rysami jest kolejnym charakterystycznym punktem na twojej drodze. Raczej jej nie pominiesz, poniewa\u017c w jej rejonie teren si\u0119 ewidentnie wyp\u0142aszcza. Bula wznosi si\u0119 na wysoko\u015bci 2054 m n.p.m. Ale, uwaga! Szlak na ni\u0105 bezpo\u015brednio nie prowadzi, miniesz j\u0105 praw\u0105 stron\u0105 i zostawisz w tyle. To kolejne dobre miejsce na szybk\u0105 regeneracj\u0119, dlatego \u017ce zaraz, kilka krok\u00f3w za ni\u0105, zaczynaj\u0105 si\u0119 ju\u017c pierwsze \u0142a\u0144cuchy. W pobli\u017cu Buli (z p\u00f3\u0142nocno-wschodniej strony) wznosz\u0105 si\u0119 Tomkowe Ig\u0142y. Wyra\u017anie tu widoczne ostre turnie od razu rozpoznasz, bo nazwa \u201eig\u0142y\u201d pasuje do nich jak ula\u0142.<\/p>\n<div class=\"page_gallery\">\n\n\t\t<style type=\"text\/css\">\n\t\t\t#gallery-3 {\n\t\t\t\tmargin: auto;\n\t\t\t}\n\t\t\t#gallery-3 .gallery-item {\n\t\t\t\tfloat: left;\n\t\t\t\tmargin-top: 10px;\n\t\t\t\ttext-align: center;\n\t\t\t\twidth: 33%;\n\t\t\t}\n\t\t\t#gallery-3 img {\n\t\t\t\tborder: 2px solid #cfcfcf;\n\t\t\t}\n\t\t\t#gallery-3 .gallery-caption {\n\t\t\t\tmargin-left: 0;\n\t\t\t}\n\t\t\t\/* see gallery_shortcode() in wp-includes\/media.php *\/\n\t\t<\/style>\n\t\t<div id='gallery-3' class='gallery galleryid-8450 gallery-columns-3 gallery-size-full'><dl class='gallery-item'>\n\t\t\t<dt class='gallery-icon landscape'>\n\t\t\t\t<img loading=\"lazy\" decoding=\"async\" width=\"1024\" height=\"576\" src=\"https:\/\/www.skalnik.pl\/blog\/wp-content\/uploads\/2019\/08\/platy-sniegu.jpg\" class=\"attachment-full size-full\" alt=\"P\u0142aty \u015bniegu\" aria-describedby=\"gallery-3-8473\" srcset=\"https:\/\/www.skalnik.pl\/blog\/wp-content\/uploads\/2019\/08\/platy-sniegu.jpg 1024w, https:\/\/www.skalnik.pl\/blog\/wp-content\/uploads\/2019\/08\/platy-sniegu-300x169.jpg 300w, https:\/\/www.skalnik.pl\/blog\/wp-content\/uploads\/2019\/08\/platy-sniegu-768x432.jpg 768w\" sizes=\"auto, (max-width: 1024px) 100vw, 1024px\" \/>\n\t\t\t<\/dt>\n\t\t\t\t<dd class='wp-caption-text gallery-caption' id='gallery-3-8473'>\n\t\t\t\tP\u0142aty \u015bniegu w drodze na Rysy to normalny widok przez ca\u0142y rok.\n\t\t\t\t<\/dd><\/dl><dl class='gallery-item'>\n\t\t\t<dt class='gallery-icon landscape'>\n\t\t\t\t<img loading=\"lazy\" decoding=\"async\" width=\"1024\" height=\"576\" src=\"https:\/\/www.skalnik.pl\/blog\/wp-content\/uploads\/2019\/08\/bula-pod-rysami.jpg\" class=\"attachment-full size-full\" alt=\"Bula pod Rysami\" aria-describedby=\"gallery-3-8472\" srcset=\"https:\/\/www.skalnik.pl\/blog\/wp-content\/uploads\/2019\/08\/bula-pod-rysami.jpg 1024w, https:\/\/www.skalnik.pl\/blog\/wp-content\/uploads\/2019\/08\/bula-pod-rysami-300x169.jpg 300w, https:\/\/www.skalnik.pl\/blog\/wp-content\/uploads\/2019\/08\/bula-pod-rysami-768x432.jpg 768w\" sizes=\"auto, (max-width: 1024px) 100vw, 1024px\" \/>\n\t\t\t<\/dt>\n\t\t\t\t<dd class='wp-caption-text gallery-caption' id='gallery-3-8472'>\n\t\t\t\tBula pod Rysami 2054 m n.p.m.\n\t\t\t\t<\/dd><\/dl><dl class='gallery-item'>\n\t\t\t<dt class='gallery-icon landscape'>\n\t\t\t\t<img loading=\"lazy\" decoding=\"async\" width=\"1024\" height=\"576\" src=\"https:\/\/www.skalnik.pl\/blog\/wp-content\/uploads\/2019\/08\/tomkowe-igly.jpg\" class=\"attachment-full size-full\" alt=\"Tomkowe Ig\u0142y\" aria-describedby=\"gallery-3-8469\" srcset=\"https:\/\/www.skalnik.pl\/blog\/wp-content\/uploads\/2019\/08\/tomkowe-igly.jpg 1024w, https:\/\/www.skalnik.pl\/blog\/wp-content\/uploads\/2019\/08\/tomkowe-igly-300x169.jpg 300w, https:\/\/www.skalnik.pl\/blog\/wp-content\/uploads\/2019\/08\/tomkowe-igly-768x432.jpg 768w\" sizes=\"auto, (max-width: 1024px) 100vw, 1024px\" \/>\n\t\t\t<\/dt>\n\t\t\t\t<dd class='wp-caption-text gallery-caption' id='gallery-3-8469'>\n\t\t\t\tTomkowe Ig\u0142y z bliska robi\u0105 wra\u017cenie&#8230;\n\t\t\t\t<\/dd><\/dl><br style=\"clear: both\" \/><dl class='gallery-item'>\n\t\t\t<dt class='gallery-icon landscape'>\n\t\t\t\t<img loading=\"lazy\" decoding=\"async\" width=\"1024\" height=\"576\" src=\"https:\/\/www.skalnik.pl\/blog\/wp-content\/uploads\/2019\/08\/zabi-kon.jpg\" class=\"attachment-full size-full\" alt=\"\u017babi Ko\u0144\" aria-describedby=\"gallery-3-8471\" srcset=\"https:\/\/www.skalnik.pl\/blog\/wp-content\/uploads\/2019\/08\/zabi-kon.jpg 1024w, https:\/\/www.skalnik.pl\/blog\/wp-content\/uploads\/2019\/08\/zabi-kon-300x169.jpg 300w, https:\/\/www.skalnik.pl\/blog\/wp-content\/uploads\/2019\/08\/zabi-kon-768x432.jpg 768w\" sizes=\"auto, (max-width: 1024px) 100vw, 1024px\" \/>\n\t\t\t<\/dt>\n\t\t\t\t<dd class='wp-caption-text gallery-caption' id='gallery-3-8471'>\n\t\t\t\tTak samo jak gra\u0144 \u017babiego Konia i \u017babiej Turni Mi\u0119guszowieckiej w towarzystwie Wo\u0142owej Grani.\n\t\t\t\t<\/dd><\/dl><dl class='gallery-item'>\n\t\t\t<dt class='gallery-icon landscape'>\n\t\t\t\t<img loading=\"lazy\" decoding=\"async\" width=\"1024\" height=\"576\" src=\"https:\/\/www.skalnik.pl\/blog\/wp-content\/uploads\/2019\/08\/kociol-pod-rysami.jpg\" class=\"attachment-full size-full\" alt=\"Kocio\u0142 pod Rysami\" aria-describedby=\"gallery-3-8470\" srcset=\"https:\/\/www.skalnik.pl\/blog\/wp-content\/uploads\/2019\/08\/kociol-pod-rysami.jpg 1024w, https:\/\/www.skalnik.pl\/blog\/wp-content\/uploads\/2019\/08\/kociol-pod-rysami-300x169.jpg 300w, https:\/\/www.skalnik.pl\/blog\/wp-content\/uploads\/2019\/08\/kociol-pod-rysami-768x432.jpg 768w\" sizes=\"auto, (max-width: 1024px) 100vw, 1024px\" \/>\n\t\t\t<\/dt>\n\t\t\t\t<dd class='wp-caption-text gallery-caption' id='gallery-3-8470'>\n\t\t\t\tKocio\u0142 pod Rysami to ciemna, krucha i \u015bliska cz\u0119\u015b\u0107 szlaku.\n\t\t\t\t<\/dd><\/dl>\n\t\t\t<br style='clear: both' \/>\n\t\t<\/div>\n\n<\/div>\n<p>Po ciep\u0142ej herbatce z \u0142adnym widokiem czas na owiane groz\u0105\u2026<\/p>\n<h2><span class=\"ez-toc-section\" id=\"Trudnosci_w_drodze_na_Rysy\"><\/span><strong>Trudno\u015bci w drodze na Rysy<\/strong><span class=\"ez-toc-section-end\"><\/span><\/h2>\n<p>Do tej pory najwi\u0119kszymi trudno\u015bciami by\u0142o strome podej\u015bcie D\u0142ugim Piargiem, d\u0142ugi dystans oraz osypuj\u0105ce si\u0119 spod n\u00f3g i \u015bliskie kamienie. Je\u015bli ten test przeszed\u0142e\u015b\/a\u015b bez problemu to super \u2013 czas na najciekawszy element szlaku. I tu te\u017c czas na moj\u0105 dygresj\u0119: bardzo du\u017co os\u00f3b zapuszcza si\u0119 wysoko bez przygotowania, poniewa\u017c szlak w \u00be d\u0142ugo\u015bci rzeczywi\u015bcie nie oferuje nic ciekawego, poza widokami. B\u0119d\u0105c ju\u017c tak blisko, ludzie bez wcze\u015bniejszego obycia ze ska\u0142\u0105, ekspozycj\u0105 i do\u015bwiadczenia na \u0142a\u0144cuchach, decyduj\u0105 si\u0119 na kolejny krok w stron\u0119 trudno\u015bci, nie bardzo wiedz\u0105c, czym one w zasadzie s\u0105. Je\u015bli te\u017c czujesz, \u017ce nale\u017cysz do tej grupy, to m\u00f3wi\u0119 ci &#8211; zawr\u00f3\u0107, nie ma w tym nic z\u0142ego. G\u00f3ra nigdzie si\u0119 nie wybiera. Naprawd\u0119 nie ma sensu si\u0119 \u015bciera\u0107, je\u015bli cho\u0107 drobna cz\u0105stka ciebie czuje, \u017ce nie jest pewna tego, co robi. Nag\u0142a panika przy zderzeniu z przepa\u015bciami i wymagaj\u0105cym terenem jest realnym zagro\u017ceniem i cudownie, jak tylko na niej si\u0119 ko\u0144czy. Niestety ci\u0105gle jeszcze docieraj\u0105 na niziny gorsze historie, a twoje ryzyko nara\u017ca tak\u017ce innych, kt\u00f3rzy znajd\u0105 si\u0119 w pobli\u017cu. Koniec dygresji.<\/p>\n<div id=\"attachment_8477\" style=\"width: 1034px\" class=\"wp-caption aligncenter\"><img loading=\"lazy\" decoding=\"async\" aria-describedby=\"caption-attachment-8477\" class=\"size-full wp-image-8477\" src=\"https:\/\/skalnik.pl\/blog\/wp-content\/uploads\/2019\/08\/lancuchy-na-rysach.jpg\" alt=\"Ekspozycja na \u0142a\u0144cuchach\" width=\"1024\" height=\"576\" srcset=\"https:\/\/www.skalnik.pl\/blog\/wp-content\/uploads\/2019\/08\/lancuchy-na-rysach.jpg 1024w, https:\/\/www.skalnik.pl\/blog\/wp-content\/uploads\/2019\/08\/lancuchy-na-rysach-300x169.jpg 300w, https:\/\/www.skalnik.pl\/blog\/wp-content\/uploads\/2019\/08\/lancuchy-na-rysach-768x432.jpg 768w\" sizes=\"auto, (max-width: 1024px) 100vw, 1024px\" \/><p id=\"caption-attachment-8477\" class=\"wp-caption-text\">Ekspozycja na odcinku z \u0142a\u0144cuchami jest naprawd\u0119 du\u017ca.<\/p><\/div>\n<p>Skoro odpocz\u0105\u0142e\u015b\/a\u015b i wiesz, co robisz, mo\u017cemy i\u015b\u0107 dalej.<\/p>\n<h2><span class=\"ez-toc-section\" id=\"Szlak_na_Rysy_%E2%80%93_lancuchy\"><\/span><strong>Szlak na Rysy \u2013 \u0142a\u0144cuchy<\/strong><span class=\"ez-toc-section-end\"><\/span><\/h2>\n<p>Do szczytu zosta\u0142o czasowo oko\u0142o 1 \u2013 1,5h. \u0141a\u0144cuchy od tego miejsca ci\u0105gn\u0105 si\u0119 w sumie na d\u0142ugo\u015bci 300 m ju\u017c do samego wierzcho\u0142ka, ale s\u0105 tak\u017ce miejsca, gdzie mo\u017cna na chwil\u0119 z\u0142apa\u0107 oddech. W zasadzie pomi\u0119dzy grupami \u0142a\u0144cuch\u00f3w znajduj\u0105 si\u0119 przej\u015bcia zwyk\u0142\u0105 \u015bcie\u017ck\u0105. I bardzo dobrze, \u017ce one s\u0105, poniewa\u017c musisz pami\u0119ta\u0107, \u017ce szlak jest obustronny i cz\u0119sto trzeba si\u0119 mija\u0107 z osobami schodz\u0105cymi. Gdy wybierzesz si\u0119 na szczyt w pi\u0119kny letni dzie\u0144, to zapewne sam\/a nie b\u0119dziesz, a niekt\u00f3rym si\u0119 spieszy do g\u00f3ry i mog\u0105 ci\u0119 tak\u017ce mija\u0107 bokiem. Generalnie \u2013 trzeba uwa\u017ca\u0107, im wi\u0119cej jest ludzi dooko\u0142a \u2013 tym bardziej.<\/p>\n<div id=\"attachment_8478\" style=\"width: 586px\" class=\"wp-caption aligncenter\"><img loading=\"lazy\" decoding=\"async\" aria-describedby=\"caption-attachment-8478\" class=\"size-full wp-image-8478\" src=\"https:\/\/skalnik.pl\/blog\/wp-content\/uploads\/2019\/08\/poczatek-trudnosci-e1566160555387.jpg\" alt=\"Pocz\u0105tek trudno\u015bci na Rysach\" width=\"576\" height=\"1024\" srcset=\"https:\/\/www.skalnik.pl\/blog\/wp-content\/uploads\/2019\/08\/poczatek-trudnosci-e1566160555387.jpg 576w, https:\/\/www.skalnik.pl\/blog\/wp-content\/uploads\/2019\/08\/poczatek-trudnosci-e1566160555387-169x300.jpg 169w\" sizes=\"auto, (max-width: 576px) 100vw, 576px\" \/><p id=\"caption-attachment-8478\" class=\"wp-caption-text\">Trudno\u015bci zaczynaj\u0105 si\u0119 niepozornie. Kruchy szlak zamienia si\u0119 w wi\u0119ksze bloki, a w oddali wida\u0107 \u0142a\u0144cuchy.<\/p><\/div>\n<p>\u0141a\u0144cuchami wkraczasz na skaln\u0105 grz\u0119d\u0119, kt\u00f3ra przebiega po lewej stronie \u017clebu, a dok\u0142adniej Rysy. W\u0142a\u015bnie tej, o kt\u00f3rej wi\u0119kszo\u015b\u0107 my\u015bli, \u017ce wzi\u0119\u0142a si\u0119 z niej nazwa szczytu (tak naprawd\u0119 pochodzi ona od licznych rys na d\u0142ugim zboczu, kt\u00f3re przechodzi przez Ni\u017cnie Rysy a\u017c do \u017babiej grani). Twoja droga b\u0119dzie teraz ca\u0142y czas stroma. Nieraz trzeba b\u0119dzie zadrze\u0107 wysoko nog\u0119 i trzyma\u0107 si\u0119 \u0142a\u0144cucha. S\u0105 te\u017c miejsca, gdzie bez problemu mo\u017cna chwyta\u0107 si\u0119 ska\u0142y. Granitowe tarcie daje pewny chwyt. \u0141a\u0144cuchy s\u0105 poprowadzone przez bloki skalne, a czasem ca\u0142kiem du\u017ce, bardziej g\u0142adkie p\u0142yty.<\/p>\n<div class=\"page_gallery\">\n\n\t\t<style type=\"text\/css\">\n\t\t\t#gallery-4 {\n\t\t\t\tmargin: auto;\n\t\t\t}\n\t\t\t#gallery-4 .gallery-item {\n\t\t\t\tfloat: left;\n\t\t\t\tmargin-top: 10px;\n\t\t\t\ttext-align: center;\n\t\t\t\twidth: 33%;\n\t\t\t}\n\t\t\t#gallery-4 img {\n\t\t\t\tborder: 2px solid #cfcfcf;\n\t\t\t}\n\t\t\t#gallery-4 .gallery-caption {\n\t\t\t\tmargin-left: 0;\n\t\t\t}\n\t\t\t\/* see gallery_shortcode() in wp-includes\/media.php *\/\n\t\t<\/style>\n\t\t<div id='gallery-4' class='gallery galleryid-8450 gallery-columns-3 gallery-size-full'><dl class='gallery-item'>\n\t\t\t<dt class='gallery-icon landscape'>\n\t\t\t\t<img loading=\"lazy\" decoding=\"async\" width=\"1024\" height=\"576\" src=\"https:\/\/www.skalnik.pl\/blog\/wp-content\/uploads\/2019\/08\/wejscie-na-grzede.jpg\" class=\"attachment-full size-full\" alt=\"Wej\u015bcie na grz\u0119d\u0119 - Rysy\" aria-describedby=\"gallery-4-8482\" srcset=\"https:\/\/www.skalnik.pl\/blog\/wp-content\/uploads\/2019\/08\/wejscie-na-grzede.jpg 1024w, https:\/\/www.skalnik.pl\/blog\/wp-content\/uploads\/2019\/08\/wejscie-na-grzede-300x169.jpg 300w, https:\/\/www.skalnik.pl\/blog\/wp-content\/uploads\/2019\/08\/wejscie-na-grzede-768x432.jpg 768w\" sizes=\"auto, (max-width: 1024px) 100vw, 1024px\" \/>\n\t\t\t<\/dt>\n\t\t\t\t<dd class='wp-caption-text gallery-caption' id='gallery-4-8482'>\n\t\t\t\tWkraczamy przy pomocy \u0142a\u0144cuch\u00f3w na skaln\u0105 grz\u0119d\u0119.\n\t\t\t\t<\/dd><\/dl><dl class='gallery-item'>\n\t\t\t<dt class='gallery-icon landscape'>\n\t\t\t\t<img loading=\"lazy\" decoding=\"async\" width=\"1024\" height=\"576\" src=\"https:\/\/www.skalnik.pl\/blog\/wp-content\/uploads\/2019\/08\/lancuchy-rysy-3.jpg\" class=\"attachment-full size-full\" alt=\"\u0141a\u0144cuchy na Rysach\" aria-describedby=\"gallery-4-8479\" srcset=\"https:\/\/www.skalnik.pl\/blog\/wp-content\/uploads\/2019\/08\/lancuchy-rysy-3.jpg 1024w, https:\/\/www.skalnik.pl\/blog\/wp-content\/uploads\/2019\/08\/lancuchy-rysy-3-300x169.jpg 300w, https:\/\/www.skalnik.pl\/blog\/wp-content\/uploads\/2019\/08\/lancuchy-rysy-3-768x432.jpg 768w\" sizes=\"auto, (max-width: 1024px) 100vw, 1024px\" \/>\n\t\t\t<\/dt>\n\t\t\t\t<dd class='wp-caption-text gallery-caption' id='gallery-4-8479'>\n\t\t\t\t\u0141a\u0144cuchy s\u0105 poprowadzone przez r\u00f3\u017cne formacje.\n\t\t\t\t<\/dd><\/dl><dl class='gallery-item'>\n\t\t\t<dt class='gallery-icon portrait'>\n\t\t\t\t<img loading=\"lazy\" decoding=\"async\" width=\"429\" height=\"675\" src=\"https:\/\/www.skalnik.pl\/blog\/wp-content\/uploads\/2019\/08\/lancuchy-rysy-2.jpg\" class=\"attachment-full size-full\" alt=\"\u0141a\u0144cuchy na Rysach\" aria-describedby=\"gallery-4-8480\" srcset=\"https:\/\/www.skalnik.pl\/blog\/wp-content\/uploads\/2019\/08\/lancuchy-rysy-2.jpg 429w, https:\/\/www.skalnik.pl\/blog\/wp-content\/uploads\/2019\/08\/lancuchy-rysy-2-191x300.jpg 191w\" sizes=\"auto, (max-width: 429px) 100vw, 429px\" \/>\n\t\t\t<\/dt>\n\t\t\t\t<dd class='wp-caption-text gallery-caption' id='gallery-4-8480'>\n\t\t\t\tCzasem pn\u0105 si\u0119 do g\u00f3ry po litych p\u0142ytach.\n\t\t\t\t<\/dd><\/dl><br style=\"clear: both\" \/><dl class='gallery-item'>\n\t\t\t<dt class='gallery-icon landscape'>\n\t\t\t\t<img loading=\"lazy\" decoding=\"async\" width=\"1024\" height=\"576\" src=\"https:\/\/www.skalnik.pl\/blog\/wp-content\/uploads\/2019\/08\/lancuchy-rysy.jpg\" class=\"attachment-full size-full\" alt=\"\u0141a\u0144cuchy na Rysach\" aria-describedby=\"gallery-4-8481\" srcset=\"https:\/\/www.skalnik.pl\/blog\/wp-content\/uploads\/2019\/08\/lancuchy-rysy.jpg 1024w, https:\/\/www.skalnik.pl\/blog\/wp-content\/uploads\/2019\/08\/lancuchy-rysy-300x169.jpg 300w, https:\/\/www.skalnik.pl\/blog\/wp-content\/uploads\/2019\/08\/lancuchy-rysy-768x432.jpg 768w\" sizes=\"auto, (max-width: 1024px) 100vw, 1024px\" \/>\n\t\t\t<\/dt>\n\t\t\t\t<dd class='wp-caption-text gallery-caption' id='gallery-4-8481'>\n\t\t\t\tInnym razem s\u0142u\u017c\u0105 jako por\u0119cz przy stromych przej\u015bciach.\n\t\t\t\t<\/dd><\/dl>\n\t\t\t<br style='clear: both' \/>\n\t\t<\/div>\n\n<\/div>\n<p>To, co b\u0119dzie ci sprawia\u0107 najwi\u0119ksz\u0105 trudno\u015b\u0107, to zale\u017cy od ciebie \u2013 twoich umiej\u0119tno\u015bci, si\u0142y, l\u0119k\u00f3w, a nawet wzrostu. Ekspozycja co prawda jest ca\u0142y czas bardzo du\u017ca, ale masz j\u0105 za plecami. Przez wi\u0119ksz\u0105 cz\u0119\u015b\u0107 tej wspinaczki b\u0119dziesz podziwia\u0107 struktur\u0119 ska\u0142y. Warto jednak czasem si\u0119 rozejrze\u0107 na boki, poniewa\u017c znowu tutaj pi\u0119knie wida\u0107 stawy, a tak\u017ce bardzo dok\u0142adnie gra\u0144 \u017babiego Konia \u2013 cel tatrza\u0144skich wspinaczy.<\/p>\n<div id=\"attachment_8476\" style=\"width: 1034px\" class=\"wp-caption aligncenter\"><img loading=\"lazy\" decoding=\"async\" aria-describedby=\"caption-attachment-8476\" class=\"size-full wp-image-8476\" src=\"https:\/\/skalnik.pl\/blog\/wp-content\/uploads\/2019\/08\/morskie-oko-czarny-staw.jpg\" alt=\"Widok na stawy z drogi na Rysy\" width=\"1024\" height=\"576\" srcset=\"https:\/\/www.skalnik.pl\/blog\/wp-content\/uploads\/2019\/08\/morskie-oko-czarny-staw.jpg 1024w, https:\/\/www.skalnik.pl\/blog\/wp-content\/uploads\/2019\/08\/morskie-oko-czarny-staw-300x169.jpg 300w, https:\/\/www.skalnik.pl\/blog\/wp-content\/uploads\/2019\/08\/morskie-oko-czarny-staw-768x432.jpg 768w\" sizes=\"auto, (max-width: 1024px) 100vw, 1024px\" \/><p id=\"caption-attachment-8476\" class=\"wp-caption-text\">Warto si\u0119 czasami odwr\u00f3ci\u0107 dla takich widok\u00f3w \ud83d\ude09<\/p><\/div>\n<h2><span class=\"ez-toc-section\" id=\"Widoki_ze_szczytu_Rysow\"><\/span><strong>Widoki ze szczytu Rys\u00f3w<\/strong><span class=\"ez-toc-section-end\"><\/span><\/h2>\n<p>Grz\u0119da ko\u0144czy si\u0119 wyj\u015bciem na prze\u0142\u0105czk\u0119. Wszyscy pisz\u0105, \u017ce to najbardziej eksponowane miejsce na szlaku. I maj\u0105 racj\u0119! Dlatego tu jeszcze si\u0119 nie rozlu\u017aniaj. Przej\u015bcie jest bardzo w\u0105skie, a po obu jego stronach \u2013 przepa\u015b\u0107 ponad 500 metr\u00f3w w d\u00f3\u0142. Nie b\u0119d\u0119 pisa\u0107, \u017ce to najtrudniejszy odcinek, bo jak ju\u017c wspomnia\u0142am \u2013 zale\u017cy co, na kim robi wra\u017cenie. W ka\u017cdym razie to miejsce poznasz na pewno, a z niego masz ju\u017c 5 minut do szczytu. Poruszaj\u0105c si\u0119 wschodni\u0105 stron\u0105 grani, mijasz jeszcze kilka \u0142a\u0144cuch\u00f3w, blok\u00f3w skalnych i\u2026 jeste\u015b na szczycie! Gratulacje!<\/p>\n<div id=\"attachment_8483\" style=\"width: 1034px\" class=\"wp-caption aligncenter\"><img loading=\"lazy\" decoding=\"async\" aria-describedby=\"caption-attachment-8483\" class=\"size-full wp-image-8483\" src=\"https:\/\/skalnik.pl\/blog\/wp-content\/uploads\/2019\/08\/rysy-szczyt.jpg\" alt=\"Rysy\" width=\"1024\" height=\"576\" srcset=\"https:\/\/www.skalnik.pl\/blog\/wp-content\/uploads\/2019\/08\/rysy-szczyt.jpg 1024w, https:\/\/www.skalnik.pl\/blog\/wp-content\/uploads\/2019\/08\/rysy-szczyt-300x169.jpg 300w, https:\/\/www.skalnik.pl\/blog\/wp-content\/uploads\/2019\/08\/rysy-szczyt-768x432.jpg 768w\" sizes=\"auto, (max-width: 1024px) 100vw, 1024px\" \/><p id=\"caption-attachment-8483\" class=\"wp-caption-text\">Ostatnie kroki w drodze na szczyt. Za eksponowan\u0105 prze\u0142\u0119cz\u0105 teren jest ju\u017c du\u017co prostszy<\/p><\/div>\n<p>Widoki zapieraj\u0105 dech. Mo\u017cesz podziwia\u0107 jak na d\u0142oni Wysokie Tatry S\u0142owackie \u2013 na pierwszym planie doskonale wida\u0107 Wysok\u0105, a dalej r\u00f3wnie\u017c Ganek, Ko\u0144czyst\u0105 i Gerlach. W dole pi\u0119knie prezentuje si\u0119 z ca\u0142ym swoim otoczeniem Mi\u0119guszowiecka Dolina. Wida\u0107 tak\u017ce na p\u00f3\u0142nocy szczyty wok\u00f3\u0142 Doliny Rybiego Potoku i Dolin\u0119 Bia\u0142ej Wody. Rozr\u00f3\u017cnisz bez problemu r\u00f3wnie\u017c Tatry Zachodnie. W takich momentach mo\u017cna by mie\u0107 oczy dooko\u0142a g\u0142owy. Przy dobrej pogodzie z Rys\u00f3w wida\u0107 a\u017c 80 innych szczyt\u00f3w i 13 staw\u00f3w. Podobno przy idealnych warunkach widoczno\u015b\u0107 jest na 200 km do przodu, wi\u0119c realnie mo\u017cesz zobaczy\u0107 nawet Krak\u00f3w w oddali!<\/p>\n<div class=\"page_gallery\">\n\n\t\t<style type=\"text\/css\">\n\t\t\t#gallery-5 {\n\t\t\t\tmargin: auto;\n\t\t\t}\n\t\t\t#gallery-5 .gallery-item {\n\t\t\t\tfloat: left;\n\t\t\t\tmargin-top: 10px;\n\t\t\t\ttext-align: center;\n\t\t\t\twidth: 33%;\n\t\t\t}\n\t\t\t#gallery-5 img {\n\t\t\t\tborder: 2px solid #cfcfcf;\n\t\t\t}\n\t\t\t#gallery-5 .gallery-caption {\n\t\t\t\tmargin-left: 0;\n\t\t\t}\n\t\t\t\/* see gallery_shortcode() in wp-includes\/media.php *\/\n\t\t<\/style>\n\t\t<div id='gallery-5' class='gallery galleryid-8450 gallery-columns-3 gallery-size-full'><dl class='gallery-item'>\n\t\t\t<dt class='gallery-icon landscape'>\n\t\t\t\t<img loading=\"lazy\" decoding=\"async\" width=\"1024\" height=\"577\" src=\"https:\/\/www.skalnik.pl\/blog\/wp-content\/uploads\/2019\/08\/tatry-bielskie-slowackie.jpg\" class=\"attachment-full size-full\" alt=\"\" aria-describedby=\"gallery-5-8488\" srcset=\"https:\/\/www.skalnik.pl\/blog\/wp-content\/uploads\/2019\/08\/tatry-bielskie-slowackie.jpg 1024w, https:\/\/www.skalnik.pl\/blog\/wp-content\/uploads\/2019\/08\/tatry-bielskie-slowackie-300x169.jpg 300w, https:\/\/www.skalnik.pl\/blog\/wp-content\/uploads\/2019\/08\/tatry-bielskie-slowackie-768x433.jpg 768w\" sizes=\"auto, (max-width: 1024px) 100vw, 1024px\" \/>\n\t\t\t<\/dt>\n\t\t\t\t<dd class='wp-caption-text gallery-caption' id='gallery-5-8488'>\n\t\t\t\tWidok na stron\u0119 wschodni\u0105 &#8211; Tatry Bielskie i Wysokie\n\t\t\t\t<\/dd><\/dl><dl class='gallery-item'>\n\t\t\t<dt class='gallery-icon landscape'>\n\t\t\t\t<img loading=\"lazy\" decoding=\"async\" width=\"1024\" height=\"577\" src=\"https:\/\/www.skalnik.pl\/blog\/wp-content\/uploads\/2019\/08\/gerlach.jpg\" class=\"attachment-full size-full\" alt=\"Gerlach i Ganek\" aria-describedby=\"gallery-5-8485\" srcset=\"https:\/\/www.skalnik.pl\/blog\/wp-content\/uploads\/2019\/08\/gerlach.jpg 1024w, https:\/\/www.skalnik.pl\/blog\/wp-content\/uploads\/2019\/08\/gerlach-300x169.jpg 300w, https:\/\/www.skalnik.pl\/blog\/wp-content\/uploads\/2019\/08\/gerlach-768x433.jpg 768w\" sizes=\"auto, (max-width: 1024px) 100vw, 1024px\" \/>\n\t\t\t<\/dt>\n\t\t\t\t<dd class='wp-caption-text gallery-caption' id='gallery-5-8485'>\n\t\t\t\tZe szczytu dobrze wida\u0107 kr\u00f3la Tatr. Gerlach, a za nim szczyty znad Doliny Starole\u015bnej\n\t\t\t\t<\/dd><\/dl><dl class='gallery-item'>\n\t\t\t<dt class='gallery-icon landscape'>\n\t\t\t\t<img loading=\"lazy\" decoding=\"async\" width=\"1024\" height=\"577\" src=\"https:\/\/www.skalnik.pl\/blog\/wp-content\/uploads\/2019\/08\/polskie-tatry.jpg\" class=\"attachment-full size-full\" alt=\"Widok na polskie Tatry\" aria-describedby=\"gallery-5-8486\" srcset=\"https:\/\/www.skalnik.pl\/blog\/wp-content\/uploads\/2019\/08\/polskie-tatry.jpg 1024w, https:\/\/www.skalnik.pl\/blog\/wp-content\/uploads\/2019\/08\/polskie-tatry-300x169.jpg 300w, https:\/\/www.skalnik.pl\/blog\/wp-content\/uploads\/2019\/08\/polskie-tatry-768x433.jpg 768w\" sizes=\"auto, (max-width: 1024px) 100vw, 1024px\" \/>\n\t\t\t<\/dt>\n\t\t\t\t<dd class='wp-caption-text gallery-caption' id='gallery-5-8486'>\n\t\t\t\tWidok na polsk\u0105 stron\u0119 i cz\u0119\u015b\u0107 Tatr Zachodnich. W dole Morskie Oko, a na dalszym planie Orla Per\u0107 i szczyty znad polskich dolin tatrza\u0144skich.\n\t\t\t\t<\/dd><\/dl><br style=\"clear: both\" \/><dl class='gallery-item'>\n\t\t\t<dt class='gallery-icon landscape'>\n\t\t\t\t<img loading=\"lazy\" decoding=\"async\" width=\"1024\" height=\"577\" src=\"https:\/\/www.skalnik.pl\/blog\/wp-content\/uploads\/2019\/08\/niznie-rysy.jpg\" class=\"attachment-full size-full\" alt=\"Gra\u0144 Ni\u017cnych Rys\u00f3w\" aria-describedby=\"gallery-5-8487\" srcset=\"https:\/\/www.skalnik.pl\/blog\/wp-content\/uploads\/2019\/08\/niznie-rysy.jpg 1024w, https:\/\/www.skalnik.pl\/blog\/wp-content\/uploads\/2019\/08\/niznie-rysy-300x169.jpg 300w, https:\/\/www.skalnik.pl\/blog\/wp-content\/uploads\/2019\/08\/niznie-rysy-768x433.jpg 768w\" sizes=\"auto, (max-width: 1024px) 100vw, 1024px\" \/>\n\t\t\t<\/dt>\n\t\t\t\t<dd class='wp-caption-text gallery-caption' id='gallery-5-8487'>\n\t\t\t\tGra\u0144 Ni\u017cnych Rys\u00f3w ze szczytu zdaje si\u0119 by\u0107 na wyci\u0105gni\u0119cie r\u0119ki.\n\t\t\t\t<\/dd><\/dl>\n\t\t\t<br style='clear: both' \/>\n\t\t<\/div>\n\n<\/div>\n<p>Rysy maj\u0105 trzy wierzcho\u0142ki, a ich najwy\u017cszy liczy sobie 2503 m n.p.m. (wed\u0142ug najnowszych danych jest to jednak 2500 m n.p.m.) W ca\u0142o\u015bci znajduje si\u0119 po stronie s\u0142owackiej, dlatego my pami\u0119tamy zawsze wysoko\u015b\u0107 wierzcho\u0142ka granicznego, p\u00f3\u0142nocno-zachodniego, czyli 2499 m n.p.m. Warto si\u0119 pokusi\u0107 o te 4 (a mo\u017ce tylko 1 ;)) dodatkowe metry i przej\u015b\u0107 na najwy\u017cszy wierzcho\u0142ek. Przej\u015bcie jest eksponowane, ale nie ma w nim trudno\u015bci. To dos\u0142ownie kilka krok\u00f3w.<\/p>\n<div id=\"attachment_8484\" style=\"width: 1034px\" class=\"wp-caption aligncenter\"><img loading=\"lazy\" decoding=\"async\" aria-describedby=\"caption-attachment-8484\" class=\"size-full wp-image-8484\" src=\"https:\/\/skalnik.pl\/blog\/wp-content\/uploads\/2019\/08\/rysy-wierzcholek-slowacki.jpg\" alt=\"S\u0142owacki wierzcho\u0142ek Rys\u00f3w \" width=\"1024\" height=\"577\" srcset=\"https:\/\/www.skalnik.pl\/blog\/wp-content\/uploads\/2019\/08\/rysy-wierzcholek-slowacki.jpg 1024w, https:\/\/www.skalnik.pl\/blog\/wp-content\/uploads\/2019\/08\/rysy-wierzcholek-slowacki-300x169.jpg 300w, https:\/\/www.skalnik.pl\/blog\/wp-content\/uploads\/2019\/08\/rysy-wierzcholek-slowacki-768x433.jpg 768w\" sizes=\"auto, (max-width: 1024px) 100vw, 1024px\" \/><p id=\"caption-attachment-8484\" class=\"wp-caption-text\">Przej\u015bcie na s\u0142owacki wierzcho\u0142ek, a w tle Wysoka i Gerlach.<\/p><\/div>\n<h2><span class=\"ez-toc-section\" id=\"Kilka_praktycznych_wskazowek\"><\/span><strong>Kilka praktycznych wskaz\u00f3wek<\/strong><span class=\"ez-toc-section-end\"><\/span><\/h2>\n<p>Na koniec chc\u0119 ci zostawi\u0107 par\u0119 praktycznych wskaz\u00f3wek, je\u015bli ci si\u0119 spodobaj\u0105, korzystaj \u015bmia\u0142o.<\/p>\n<p>&#8211; <b>Trudno\u015b\u0107 szlaku<\/b>: m\u00f3wi si\u0119, \u017ce to jeden z najtrudniejszych szlak\u00f3w w Tatrach. Wskaz\u00f3wka ode mnie: osw\u00f3j si\u0119 z ekspozycj\u0105 i sztucznymi u\u0142atwieniami, zanim wybierzesz si\u0119 na Rysy. Na pierwszy raz \u015bwietnym wyborem jest Szpiglasowy Wierch od Doliny Pi\u0119ciu Staw\u00f3w lub Zawrat z Doliny G\u0105sienicowej. Rysy nie powinny by\u0107 twoim pierwszym tatrza\u0144skim szczytem, je\u015bli nie masz do\u015bwiadczenia.<\/p>\n<p>&#8211; <b>Pora roku i dnia<\/b>: na Rysy najlepiej wybra\u0107 si\u0119 oczywi\u015bcie latem (lipiec i sierpie\u0144, a przy dobrych warunkach czerwiec i wrzesie\u0144). Wtedy dzie\u0144 jest najd\u0142u\u017cszy, a pogoda naj\u0142adniejsza. Na szlaku nie powinno ju\u017c by\u0107 topniej\u0105cego \u015bniegu. I wtedy te\u017c&#8230; wchodzi najwi\u0119cej ludzi\u2026 Rysy to najwy\u017csza g\u00f3ra w ca\u0142ych Tatrach, na kt\u00f3r\u0105 prowadzi szlak turystyczny. Postaw na \u015bwit. I tak zapewne nie b\u0119dziesz sam\/a na szlaku, ale z prawdziwym t\u0142umem miniesz si\u0119, ju\u017c schodz\u0105c. W trudno\u015bciach lepiej nie sta\u0107 w kolejce i nie przepycha\u0107 si\u0119 mi\u0119dzy sob\u0105.<\/p>\n<p>&#8211; <b>Dojazd:<\/b> na parking w Palenicy Bia\u0142cza\u0144skiej przez ca\u0142y tydzie\u0144 kursuj\u0105 busy z Zakopanego. Zazwyczaj je\u017cd\u017c\u0105 one do godzin wieczornych. Warto sprawdzi\u0107 rozk\u0142ad, je\u015bli planuje si\u0119 wraca\u0107 po zmroku do Zakopanego. Swoje auto mo\u017cna zostawi\u0107 na parkingu po wcze\u015bniejszej rezerwacji miejsca. Rezerwowa\u0107 mo\u017cna online na stronach TPN.<\/p>\n<p>&#8211; <b>Pogoda<\/b>: przed wyj\u015bciem pogod\u0119 zawsze nale\u017cy sprawdzi\u0107, to oczywiste, ale do\u015bwiadczenie nauczy\u0142o mnie, \u017ce w Tatrach najlepiej si\u0119 sprawdza ta, kt\u00f3r\u0105 aktualnie wida\u0107 na niebie. Obserwuj chmury, mg\u0142y i wiatr na bie\u017c\u0105co, by w razie za\u0142amania zawr\u00f3ci\u0107. W g\u00f3rach najpewniejsza pogoda jest rano, wi\u0119c to kolejny pow\u00f3d, by wcze\u015bniej wsta\u0107. Popo\u0142udniu cz\u0119sto jest zmienna i przychodzi za\u0142amanie. We\u017a te\u017c pod uwag\u0119, \u017ce na szczycie temperatura b\u0119dzie ni\u017csza o co najmniej kilka stopni, a wiatr pot\u0119guje zimno.<\/p>\n<p>&#8211; <b>Co ze sob\u0105 zabra\u0107?<\/b> Dobr\u0105 kondycj\u0119, troch\u0119 zdrowego rozs\u0105dku i oczywi\u015bcie \u0142adn\u0105 pogod\u0119. A tak ca\u0142kiem serio to dobr\u0105 porad\u0119 znajdziesz w naszym filmie:<\/p>\n<p><iframe loading=\"lazy\" src=\"https:\/\/www.youtube.com\/embed\/tzJ2iQ4x64s\" width=\"800\" height=\"442\" frameborder=\"0\" allowfullscreen=\"allowfullscreen\"><\/iframe><\/p>\n<p>Dla mnie \u015bwi\u0119ta tr\u00f3jca w g\u00f3rach to: buty, kurtka przeciwdeszczowa i plecak \u2013 to musi by\u0107 pierwszorz\u0119dnej jako\u015bci, sprawdzone i niezawodne. Reszt\u0119 mo\u017cna nadrobi\u0107 do\u015bwiadczeniem.<\/p>\n<p><span style=\"color: #3366ff;\">Pod tym linkiem znajdziesz <b><a style=\"color: #3366ff;\" href=\"https:\/\/skalnik.pl\/odziez\/przeciwdeszczowa\" target=\"_blank\" rel=\"noopener noreferrer\">kurtki przeciwdeszczowe<\/a><\/b> nie tylko w Tatry.<\/span><\/p>\n<p>&#8211; <b>Zestaw typu via ferrata<\/b>: ratownicy i pracownicy Tatrza\u0144skiego Parku Narodowego sugeruj\u0105 u\u017cywanie na szlakach ze sztucznymi u\u0142atwieniami zestawu \u2013 uprz\u0105\u017c i lon\u017ca. Je\u015bli tylko masz ochot\u0119, to zabezpiecz si\u0119 w ten spos\u00f3b. Wcze\u015bniej jednak po\u0107wicz przepinanie, \u017ceby nie sprawi\u0107 sobie k\u0142opotu na wysoko\u015bci. We\u017a te\u017c pod uwag\u0119, \u017ce lon\u017ca b\u0119dzie mniej p\u0142ynnie przesuwa\u0107 si\u0119 po \u0142a\u0144cuchu ni\u017c stalowej lince, wi\u0119c wybierz tak\u0105 z du\u017cym prze\u015bwitem karabink\u00f3w.<\/p>\n<p>&#8211; <b>Ostro\u017cno\u015b\u0107<\/b>: naprawd\u0119 w takich miejscach jej nigdy za wiele. Rysy s\u0105 obsypuj\u0105cym si\u0119 szlakiem, zar\u00f3wno w dolnej, jak i g\u00f3rnej jego cz\u0119\u015bci. B\u0105d\u017a ostro\u017cny\/a, by nie zrzuca\u0107 kamieni na innych i czyjny\/a, by wypatrywa\u0107 tych, kt\u00f3re mog\u0105 spa\u015b\u0107 na ciebie.<\/p>\n<p>&#8211; <b>W MOKu<\/b> (czyli schronisku nad Morskim Okiem) mo\u017cesz zostawi\u0107 du\u017cy plecak i uda\u0107 si\u0119 na szczyt z mniejszym pakunkiem, je\u015bli sp\u0119dzasz w g\u00f3rach kilka dni.<\/p>\n<p>&#8211; <b>Pami\u0119taj<\/b>, \u017ce zej\u015bcie trwa r\u00f3wnie d\u0142ugo co wej\u015bcie, wi\u0119c zaplanuj na zdobycie Rys\u00f3w ca\u0142y dzie\u0144. To oko\u0142o 8 godzin z samego Morskiego Oka i z powrotem.<\/p>\n<p>&#8211; <b>Je\u015bli masz czas<\/b>, polecam schodz\u0105c, zje\u015b\u0107 obiad w Roztoce \u2013 maj\u0105 tam przepyszn\u0105 kuchni\u0119.<\/p>\n\n\t\t<style type=\"text\/css\">\n\t\t\t#gallery-6 {\n\t\t\t\tmargin: auto;\n\t\t\t}\n\t\t\t#gallery-6 .gallery-item {\n\t\t\t\tfloat: left;\n\t\t\t\tmargin-top: 10px;\n\t\t\t\ttext-align: center;\n\t\t\t\twidth: 33%;\n\t\t\t}\n\t\t\t#gallery-6 img {\n\t\t\t\tborder: 2px solid #cfcfcf;\n\t\t\t}\n\t\t\t#gallery-6 .gallery-caption {\n\t\t\t\tmargin-left: 0;\n\t\t\t}\n\t\t\t\/* see gallery_shortcode() in wp-includes\/media.php *\/\n\t\t<\/style>\n\t\t<div id='gallery-6' class='gallery galleryid-8450 gallery-columns-3 gallery-size-full'><dl class='gallery-item'>\n\t\t\t<dt class='gallery-icon portrait'>\n\t\t\t\t<img loading=\"lazy\" decoding=\"async\" width=\"576\" height=\"1024\" src=\"https:\/\/www.skalnik.pl\/blog\/wp-content\/uploads\/2019\/08\/przechowalnia-plecakow-w-moku-e1571933442304.jpg\" class=\"attachment-full size-full\" alt=\"Przechowalnia plecak\u00f3w\" aria-describedby=\"gallery-6-8489\" \/>\n\t\t\t<\/dt>\n\t\t\t\t<dd class='wp-caption-text gallery-caption' id='gallery-6-8489'>\n\t\t\t\tPrzechowalnia plecak\u00f3w to dobry spos\u00f3b, by szczyt zdoby\u0107 na lekko.\n\t\t\t\t<\/dd><\/dl><dl class='gallery-item'>\n\t\t\t<dt class='gallery-icon portrait'>\n\t\t\t\t<img loading=\"lazy\" decoding=\"async\" width=\"576\" height=\"1024\" src=\"https:\/\/www.skalnik.pl\/blog\/wp-content\/uploads\/2019\/08\/roztoka-e1566165726429.jpg\" class=\"attachment-full size-full\" alt=\"Roztoka\" aria-describedby=\"gallery-6-8490\" srcset=\"https:\/\/www.skalnik.pl\/blog\/wp-content\/uploads\/2019\/08\/roztoka-e1566165726429.jpg 576w, https:\/\/www.skalnik.pl\/blog\/wp-content\/uploads\/2019\/08\/roztoka-e1566165726429-169x300.jpg 169w\" sizes=\"auto, (max-width: 576px) 100vw, 576px\" \/>\n\t\t\t<\/dt>\n\t\t\t\t<dd class='wp-caption-text gallery-caption' id='gallery-6-8490'>\n\t\t\t\tDo Roztoki trzeba nad\u0142o\u017cy\u0107 kawa\u0142ek drogi.\n\t\t\t\t<\/dd><\/dl><dl class='gallery-item'>\n\t\t\t<dt class='gallery-icon portrait'>\n\t\t\t\t<img loading=\"lazy\" decoding=\"async\" width=\"576\" height=\"1024\" src=\"https:\/\/www.skalnik.pl\/blog\/wp-content\/uploads\/2019\/08\/zasady-chodzenia-po-gorach-e1566165737999.jpg\" class=\"attachment-full size-full\" alt=\"Bezpiecze\u0144stwo w g\u00f3rach\" aria-describedby=\"gallery-6-8491\" srcset=\"https:\/\/www.skalnik.pl\/blog\/wp-content\/uploads\/2019\/08\/zasady-chodzenia-po-gorach-e1566165737999.jpg 576w, https:\/\/www.skalnik.pl\/blog\/wp-content\/uploads\/2019\/08\/zasady-chodzenia-po-gorach-e1566165737999-169x300.jpg 169w\" sizes=\"auto, (max-width: 576px) 100vw, 576px\" \/>\n\t\t\t<\/dt>\n\t\t\t\t<dd class='wp-caption-text gallery-caption' id='gallery-6-8491'>\n\t\t\t\tProste zasady, jak by\u0107 bezpiecznym w g\u00f3rach.\n\t\t\t\t<\/dd><\/dl><br style=\"clear: both\" \/>\n\t\t<\/div>\n\n<p>Na koniec pami\u0119taj, by kogo\u015b poinformowa\u0107 o swoich planach i na\u0142adowa\u0107 telefon. Numery ratunkowe do TOPR i HZS znajdziesz poni\u017cej. Warto zapisa\u0107 je sobie w telefonie.<\/p>\n<p>Do zobaczenia na szczycie!<\/p>\n\n\n<figure class=\"wp-block-image size-large\"><img loading=\"lazy\" decoding=\"async\" width=\"1024\" height=\"350\" src=\"https:\/\/skalnik.pl\/blog\/wp-content\/uploads\/2020\/07\/topr-hzs.jpg\" alt=\"\" class=\"wp-image-12940\" srcset=\"https:\/\/www.skalnik.pl\/blog\/wp-content\/uploads\/2020\/07\/topr-hzs.jpg 1024w, https:\/\/www.skalnik.pl\/blog\/wp-content\/uploads\/2020\/07\/topr-hzs-300x103.jpg 300w, https:\/\/www.skalnik.pl\/blog\/wp-content\/uploads\/2020\/07\/topr-hzs-768x263.jpg 768w\" sizes=\"auto, (max-width: 1024px) 100vw, 1024px\" \/><\/figure>\n\n\n\n<p>Je\u015bli jeste\u015b jedn\u0105 z tych os\u00f3b, kt\u00f3ra bardzo chcia\u0142aby wej\u015b\u0107 na Rysy, poniewa\u017c zdobywa kolejne szczyty do projektu Korona G\u00f3r Polski, to zajrzyj do naszych pozosta\u0142ych tekst\u00f3w o KGP &#8211; <a href=\"https:\/\/skalnik.pl\/blog\/tag\/korona-gor-polski\/\" target=\"_blank\" rel=\"noreferrer noopener\">tutaj<\/a>.<br><br>A mo\u017ce Rysy zainteresowa\u0142y ci\u0119 dlatego, \u017ce w\u0142a\u015bnie stawiasz sobie poprzeczk\u0119 coraz wy\u017cej i chcesz pr\u00f3bowa\u0107 swoich si\u0142 na coraz trudniejszych szlakach? To dla ciebie tak\u017ce co\u015b mamy! Co powiesz o via ferratach? I nie \u2013 wcale nie musisz jecha\u0107 nigdzie daleko. Mamy ca\u0142\u0105 seri\u0119 wpis\u00f3w o <a rel=\"noreferrer noopener\" href=\"https:\/\/skalnik.pl\/blog\/tag\/via-ferrata\/\" target=\"_blank\">via ferratach blisko Polski<\/a> \u2013 zajrzyj do niej koniecznie i zainspiruj si\u0119 na kolejn\u0105 przygod\u0119!<\/p>\n","protected":false},"excerpt":{"rendered":"<p>Najwy\u017cszy szczyt w Tatrach po stronie polskiej. A co za tym idzie \u2013 tak\u017ce najwy\u017csza g\u00f3ra w Polsce. Nic dziwnego, \u017ce wiele os\u00f3b marzy o tym, by na ni\u0105 wej\u015b\u0107. Z ca\u0142ego kraju zje\u017cd\u017caj\u0105 si\u0119 tysi\u0105ce turyst\u00f3w z zamiarem spr\u00f3bowania swoich si\u0142 w drodze na Rysy. Atrakcyjno\u015b\u0107 tego celu przyci\u0105ga mniej i bardziej zaawansowanych g\u00f3ro\u0142az\u00f3w, [&hellip;]<\/p>\n","protected":false},"author":28,"featured_media":13167,"comment_status":"open","ping_status":"open","sticky":false,"template":"","format":"standard","meta":{"_acf_changed":false,"footnotes":""},"categories":[84],"tags":[28,14,210],"magento_category":[79],"magento_product":[],"class_list":["post-8450","post","type-post","status-publish","format-standard","has-post-thumbnail","hentry","category-pasja","tag-gory","tag-tatry","tag-turystyka"],"acf":[],"aioseo_notices":[],"aioseo_head":"\n\t\t<!-- All in One SEO 4.9.10 - aioseo.com -->\n\t<meta name=\"description\" content=\"Rysy to najwy\u017cszy szczyt w Polsce i cel wielu turyst\u00f3w. Zobacz, jak wygl\u0105da przebieg szlaku od strony polskiej i czego mo\u017cna si\u0119 na nim spodziewa\u0107.\" \/>\n\t<meta name=\"robots\" content=\"max-image-preview:large\" \/>\n\t<meta name=\"author\" content=\"Angela Semczuk\"\/>\n\t<link rel=\"canonical\" href=\"https:\/\/www.skalnik.pl\/blog\/jak-wejsc-na-rysy-latem\/\" \/>\n\t<meta name=\"generator\" content=\"All in One SEO (AIOSEO) 4.9.10\" \/>\n\t\t<meta property=\"og:locale\" content=\"pl_PL\" \/>\n\t\t<meta property=\"og:site_name\" content=\"blog Skalnik - Blog, porady, artyku\u0142y - blog Skalnik\" \/>\n\t\t<meta property=\"og:type\" content=\"article\" \/>\n\t\t<meta property=\"og:title\" content=\"Wej\u015bcie na Rysy \u2013 jak wej\u015b\u0107 na Rysy latem od polskiej strony - blog Skalnik\" \/>\n\t\t<meta property=\"og:description\" content=\"Rysy to najwy\u017cszy szczyt w Polsce i cel wielu turyst\u00f3w. Zobacz, jak wygl\u0105da przebieg szlaku od strony polskiej i czego mo\u017cna si\u0119 na nim spodziewa\u0107.\" \/>\n\t\t<meta property=\"og:url\" content=\"https:\/\/www.skalnik.pl\/blog\/jak-wejsc-na-rysy-latem\/\" \/>\n\t\t<meta property=\"og:image\" content=\"https:\/\/skalnik.pl\/blog\/wp-content\/uploads\/2019\/08\/droga-Oswalda-Balzera-e1566129840165.jpg\" \/>\n\t\t<meta property=\"og:image:secure_url\" content=\"https:\/\/skalnik.pl\/blog\/wp-content\/uploads\/2019\/08\/droga-Oswalda-Balzera-e1566129840165.jpg\" \/>\n\t\t<meta property=\"article:tag\" content=\"pasja\" \/>\n\t\t<meta property=\"article:tag\" content=\"g\u00f3ry\" \/>\n\t\t<meta property=\"article:tag\" content=\"tatry\" \/>\n\t\t<meta property=\"article:tag\" content=\"turystyka\" \/>\n\t\t<meta property=\"article:published_time\" content=\"2019-08-23T05:28:32+00:00\" \/>\n\t\t<meta property=\"article:modified_time\" content=\"2024-08-29T06:58:47+00:00\" \/>\n\t\t<meta name=\"twitter:card\" content=\"summary_large_image\" \/>\n\t\t<meta name=\"twitter:title\" content=\"Wej\u015bcie na Rysy \u2013 jak wej\u015b\u0107 na Rysy latem od polskiej strony - blog Skalnik\" \/>\n\t\t<meta name=\"twitter:description\" content=\"Rysy to najwy\u017cszy szczyt w Polsce i cel wielu turyst\u00f3w. Zobacz, jak wygl\u0105da przebieg szlaku od strony polskiej i czego mo\u017cna si\u0119 na nim spodziewa\u0107.\" \/>\n\t\t<meta name=\"twitter:image\" content=\"https:\/\/skalnik.pl\/blog\/wp-content\/uploads\/2019\/08\/droga-Oswalda-Balzera-e1566129840165.jpg\" \/>\n\t\t<script type=\"application\/ld+json\" class=\"aioseo-schema\">\n\t\t\t{\"@context\":\"https:\\\/\\\/schema.org\",\"@graph\":[{\"@type\":\"BlogPosting\",\"@id\":\"https:\\\/\\\/www.skalnik.pl\\\/blog\\\/jak-wejsc-na-rysy-latem\\\/#blogposting\",\"name\":\"Wej\\u015bcie na Rysy \\u2013 jak wej\\u015b\\u0107 na Rysy latem od polskiej strony - blog Skalnik\",\"headline\":\"Wej\\u015bcie na Rysy &#8211; jak wej\\u015b\\u0107 na Rysy latem od polskiej strony\",\"author\":{\"@id\":\"https:\\\/\\\/www.skalnik.pl\\\/blog\\\/author\\\/angela-semczuk\\\/#author\"},\"publisher\":{\"@id\":\"https:\\\/\\\/www.skalnik.pl\\\/blog\\\/#organization\"},\"image\":{\"@type\":\"ImageObject\",\"url\":\"https:\\\/\\\/www.skalnik.pl\\\/blog\\\/wp-content\\\/uploads\\\/2019\\\/08\\\/rysy-blog-okladka-1.jpg\",\"width\":1920,\"height\":705,\"caption\":\"Widok na Rysy i Ni\\u017cne Rysy\"},\"datePublished\":\"2019-08-23T07:28:32+02:00\",\"dateModified\":\"2024-08-29T08:58:47+02:00\",\"inLanguage\":\"pl-PL\",\"commentCount\":2,\"mainEntityOfPage\":{\"@id\":\"https:\\\/\\\/www.skalnik.pl\\\/blog\\\/jak-wejsc-na-rysy-latem\\\/#webpage\"},\"isPartOf\":{\"@id\":\"https:\\\/\\\/www.skalnik.pl\\\/blog\\\/jak-wejsc-na-rysy-latem\\\/#webpage\"},\"articleSection\":\"Pasja, g\\u00f3ry, tatry, turystyka, 1248\"},{\"@type\":\"BreadcrumbList\",\"@id\":\"https:\\\/\\\/www.skalnik.pl\\\/blog\\\/jak-wejsc-na-rysy-latem\\\/#breadcrumblist\",\"itemListElement\":[{\"@type\":\"ListItem\",\"@id\":\"https:\\\/\\\/www.skalnik.pl\\\/blog#listItem\",\"position\":1,\"name\":\"Home\",\"item\":\"https:\\\/\\\/www.skalnik.pl\\\/blog\",\"nextItem\":{\"@type\":\"ListItem\",\"@id\":\"https:\\\/\\\/www.skalnik.pl\\\/blog\\\/.\\\/pasja\\\/#listItem\",\"name\":\"Pasja\"}},{\"@type\":\"ListItem\",\"@id\":\"https:\\\/\\\/www.skalnik.pl\\\/blog\\\/.\\\/pasja\\\/#listItem\",\"position\":2,\"name\":\"Pasja\",\"item\":\"https:\\\/\\\/www.skalnik.pl\\\/blog\\\/.\\\/pasja\\\/\",\"nextItem\":{\"@type\":\"ListItem\",\"@id\":\"https:\\\/\\\/www.skalnik.pl\\\/blog\\\/jak-wejsc-na-rysy-latem\\\/#listItem\",\"name\":\"Wej\\u015bcie na Rysy &#8211; jak wej\\u015b\\u0107 na Rysy latem od polskiej strony\"},\"previousItem\":{\"@type\":\"ListItem\",\"@id\":\"https:\\\/\\\/www.skalnik.pl\\\/blog#listItem\",\"name\":\"Home\"}},{\"@type\":\"ListItem\",\"@id\":\"https:\\\/\\\/www.skalnik.pl\\\/blog\\\/jak-wejsc-na-rysy-latem\\\/#listItem\",\"position\":3,\"name\":\"Wej\\u015bcie na Rysy &#8211; jak wej\\u015b\\u0107 na Rysy latem od polskiej strony\",\"previousItem\":{\"@type\":\"ListItem\",\"@id\":\"https:\\\/\\\/www.skalnik.pl\\\/blog\\\/.\\\/pasja\\\/#listItem\",\"name\":\"Pasja\"}}]},{\"@type\":\"Organization\",\"@id\":\"https:\\\/\\\/www.skalnik.pl\\\/blog\\\/#organization\",\"name\":\"blog Skalnik\",\"description\":\"Blog, porady, artyku\\u0142y - blog Skalnik\",\"url\":\"https:\\\/\\\/www.skalnik.pl\\\/blog\\\/\"},{\"@type\":\"Person\",\"@id\":\"https:\\\/\\\/www.skalnik.pl\\\/blog\\\/author\\\/angela-semczuk\\\/#author\",\"url\":\"https:\\\/\\\/www.skalnik.pl\\\/blog\\\/author\\\/angela-semczuk\\\/\",\"name\":\"Angela Semczuk\",\"image\":{\"@type\":\"ImageObject\",\"@id\":\"https:\\\/\\\/www.skalnik.pl\\\/blog\\\/jak-wejsc-na-rysy-latem\\\/#authorImage\",\"url\":\"https:\\\/\\\/secure.gravatar.com\\\/avatar\\\/2e35895ed566f66486e308460c0caf9f9fa2f4bd643a42453eb55d7aa3584457?s=96&d=mm&r=g\",\"width\":96,\"height\":96,\"caption\":\"Angela Semczuk\"}},{\"@type\":\"WebPage\",\"@id\":\"https:\\\/\\\/www.skalnik.pl\\\/blog\\\/jak-wejsc-na-rysy-latem\\\/#webpage\",\"url\":\"https:\\\/\\\/www.skalnik.pl\\\/blog\\\/jak-wejsc-na-rysy-latem\\\/\",\"name\":\"Wej\\u015bcie na Rysy \\u2013 jak wej\\u015b\\u0107 na Rysy latem od polskiej strony - blog Skalnik\",\"description\":\"Rysy to najwy\\u017cszy szczyt w Polsce i cel wielu turyst\\u00f3w. Zobacz, jak wygl\\u0105da przebieg szlaku od strony polskiej i czego mo\\u017cna si\\u0119 na nim spodziewa\\u0107.\",\"inLanguage\":\"pl-PL\",\"isPartOf\":{\"@id\":\"https:\\\/\\\/www.skalnik.pl\\\/blog\\\/#website\"},\"breadcrumb\":{\"@id\":\"https:\\\/\\\/www.skalnik.pl\\\/blog\\\/jak-wejsc-na-rysy-latem\\\/#breadcrumblist\"},\"author\":{\"@id\":\"https:\\\/\\\/www.skalnik.pl\\\/blog\\\/author\\\/angela-semczuk\\\/#author\"},\"creator\":{\"@id\":\"https:\\\/\\\/www.skalnik.pl\\\/blog\\\/author\\\/angela-semczuk\\\/#author\"},\"image\":{\"@type\":\"ImageObject\",\"url\":\"https:\\\/\\\/www.skalnik.pl\\\/blog\\\/wp-content\\\/uploads\\\/2019\\\/08\\\/rysy-blog-okladka-1.jpg\",\"@id\":\"https:\\\/\\\/www.skalnik.pl\\\/blog\\\/jak-wejsc-na-rysy-latem\\\/#mainImage\",\"width\":1920,\"height\":705,\"caption\":\"Widok na Rysy i Ni\\u017cne Rysy\"},\"primaryImageOfPage\":{\"@id\":\"https:\\\/\\\/www.skalnik.pl\\\/blog\\\/jak-wejsc-na-rysy-latem\\\/#mainImage\"},\"datePublished\":\"2019-08-23T07:28:32+02:00\",\"dateModified\":\"2024-08-29T08:58:47+02:00\"},{\"@type\":\"WebSite\",\"@id\":\"https:\\\/\\\/www.skalnik.pl\\\/blog\\\/#website\",\"url\":\"https:\\\/\\\/www.skalnik.pl\\\/blog\\\/\",\"name\":\"blog Skalnik\",\"description\":\"Blog, porady, artyku\\u0142y - blog Skalnik\",\"inLanguage\":\"pl-PL\",\"publisher\":{\"@id\":\"https:\\\/\\\/www.skalnik.pl\\\/blog\\\/#organization\"}}]}\n\t\t<\/script>\n\t\t<!-- All in One SEO -->\n\n","aioseo_head_json":{"title":"Wej\u015bcie na Rysy \u2013 jak wej\u015b\u0107 na Rysy latem od polskiej strony - blog Skalnik","description":"Rysy to najwy\u017cszy szczyt w Polsce i cel wielu turyst\u00f3w. Zobacz, jak wygl\u0105da przebieg szlaku od strony polskiej i czego mo\u017cna si\u0119 na nim spodziewa\u0107.","canonical_url":"https:\/\/www.skalnik.pl\/blog\/jak-wejsc-na-rysy-latem\/","robots":"max-image-preview:large","keywords":"","webmasterTools":{"miscellaneous":""},"schema":{"@context":"https:\/\/schema.org","@graph":[{"@type":"BlogPosting","@id":"https:\/\/www.skalnik.pl\/blog\/jak-wejsc-na-rysy-latem\/#blogposting","name":"Wej\u015bcie na Rysy \u2013 jak wej\u015b\u0107 na Rysy latem od polskiej strony - blog Skalnik","headline":"Wej\u015bcie na Rysy &#8211; jak wej\u015b\u0107 na Rysy latem od polskiej strony","author":{"@id":"https:\/\/www.skalnik.pl\/blog\/author\/angela-semczuk\/#author"},"publisher":{"@id":"https:\/\/www.skalnik.pl\/blog\/#organization"},"image":{"@type":"ImageObject","url":"https:\/\/www.skalnik.pl\/blog\/wp-content\/uploads\/2019\/08\/rysy-blog-okladka-1.jpg","width":1920,"height":705,"caption":"Widok na Rysy i Ni\u017cne Rysy"},"datePublished":"2019-08-23T07:28:32+02:00","dateModified":"2024-08-29T08:58:47+02:00","inLanguage":"pl-PL","commentCount":2,"mainEntityOfPage":{"@id":"https:\/\/www.skalnik.pl\/blog\/jak-wejsc-na-rysy-latem\/#webpage"},"isPartOf":{"@id":"https:\/\/www.skalnik.pl\/blog\/jak-wejsc-na-rysy-latem\/#webpage"},"articleSection":"Pasja, g\u00f3ry, tatry, turystyka, 1248"},{"@type":"BreadcrumbList","@id":"https:\/\/www.skalnik.pl\/blog\/jak-wejsc-na-rysy-latem\/#breadcrumblist","itemListElement":[{"@type":"ListItem","@id":"https:\/\/www.skalnik.pl\/blog#listItem","position":1,"name":"Home","item":"https:\/\/www.skalnik.pl\/blog","nextItem":{"@type":"ListItem","@id":"https:\/\/www.skalnik.pl\/blog\/.\/pasja\/#listItem","name":"Pasja"}},{"@type":"ListItem","@id":"https:\/\/www.skalnik.pl\/blog\/.\/pasja\/#listItem","position":2,"name":"Pasja","item":"https:\/\/www.skalnik.pl\/blog\/.\/pasja\/","nextItem":{"@type":"ListItem","@id":"https:\/\/www.skalnik.pl\/blog\/jak-wejsc-na-rysy-latem\/#listItem","name":"Wej\u015bcie na Rysy &#8211; jak wej\u015b\u0107 na Rysy latem od polskiej strony"},"previousItem":{"@type":"ListItem","@id":"https:\/\/www.skalnik.pl\/blog#listItem","name":"Home"}},{"@type":"ListItem","@id":"https:\/\/www.skalnik.pl\/blog\/jak-wejsc-na-rysy-latem\/#listItem","position":3,"name":"Wej\u015bcie na Rysy &#8211; jak wej\u015b\u0107 na Rysy latem od polskiej strony","previousItem":{"@type":"ListItem","@id":"https:\/\/www.skalnik.pl\/blog\/.\/pasja\/#listItem","name":"Pasja"}}]},{"@type":"Organization","@id":"https:\/\/www.skalnik.pl\/blog\/#organization","name":"blog Skalnik","description":"Blog, porady, artyku\u0142y - blog Skalnik","url":"https:\/\/www.skalnik.pl\/blog\/"},{"@type":"Person","@id":"https:\/\/www.skalnik.pl\/blog\/author\/angela-semczuk\/#author","url":"https:\/\/www.skalnik.pl\/blog\/author\/angela-semczuk\/","name":"Angela Semczuk","image":{"@type":"ImageObject","@id":"https:\/\/www.skalnik.pl\/blog\/jak-wejsc-na-rysy-latem\/#authorImage","url":"https:\/\/secure.gravatar.com\/avatar\/2e35895ed566f66486e308460c0caf9f9fa2f4bd643a42453eb55d7aa3584457?s=96&d=mm&r=g","width":96,"height":96,"caption":"Angela Semczuk"}},{"@type":"WebPage","@id":"https:\/\/www.skalnik.pl\/blog\/jak-wejsc-na-rysy-latem\/#webpage","url":"https:\/\/www.skalnik.pl\/blog\/jak-wejsc-na-rysy-latem\/","name":"Wej\u015bcie na Rysy \u2013 jak wej\u015b\u0107 na Rysy latem od polskiej strony - blog Skalnik","description":"Rysy to najwy\u017cszy szczyt w Polsce i cel wielu turyst\u00f3w. Zobacz, jak wygl\u0105da przebieg szlaku od strony polskiej i czego mo\u017cna si\u0119 na nim spodziewa\u0107.","inLanguage":"pl-PL","isPartOf":{"@id":"https:\/\/www.skalnik.pl\/blog\/#website"},"breadcrumb":{"@id":"https:\/\/www.skalnik.pl\/blog\/jak-wejsc-na-rysy-latem\/#breadcrumblist"},"author":{"@id":"https:\/\/www.skalnik.pl\/blog\/author\/angela-semczuk\/#author"},"creator":{"@id":"https:\/\/www.skalnik.pl\/blog\/author\/angela-semczuk\/#author"},"image":{"@type":"ImageObject","url":"https:\/\/www.skalnik.pl\/blog\/wp-content\/uploads\/2019\/08\/rysy-blog-okladka-1.jpg","@id":"https:\/\/www.skalnik.pl\/blog\/jak-wejsc-na-rysy-latem\/#mainImage","width":1920,"height":705,"caption":"Widok na Rysy i Ni\u017cne Rysy"},"primaryImageOfPage":{"@id":"https:\/\/www.skalnik.pl\/blog\/jak-wejsc-na-rysy-latem\/#mainImage"},"datePublished":"2019-08-23T07:28:32+02:00","dateModified":"2024-08-29T08:58:47+02:00"},{"@type":"WebSite","@id":"https:\/\/www.skalnik.pl\/blog\/#website","url":"https:\/\/www.skalnik.pl\/blog\/","name":"blog Skalnik","description":"Blog, porady, artyku\u0142y - blog Skalnik","inLanguage":"pl-PL","publisher":{"@id":"https:\/\/www.skalnik.pl\/blog\/#organization"}}]},"og:locale":"pl_PL","og:site_name":"blog Skalnik - Blog, porady, artyku\u0142y - blog Skalnik","og:type":"article","og:title":"Wej\u015bcie na Rysy \u2013 jak wej\u015b\u0107 na Rysy latem od polskiej strony - blog Skalnik","og:description":"Rysy to najwy\u017cszy szczyt w Polsce i cel wielu turyst\u00f3w. Zobacz, jak wygl\u0105da przebieg szlaku od strony polskiej i czego mo\u017cna si\u0119 na nim spodziewa\u0107.","og:url":"https:\/\/www.skalnik.pl\/blog\/jak-wejsc-na-rysy-latem\/","og:image":"https:\/\/skalnik.pl\/blog\/wp-content\/uploads\/2019\/08\/droga-Oswalda-Balzera-e1566129840165.jpg","og:image:secure_url":"https:\/\/skalnik.pl\/blog\/wp-content\/uploads\/2019\/08\/droga-Oswalda-Balzera-e1566129840165.jpg","article:tag":["pasja","g\u00f3ry","tatry","turystyka"],"article:published_time":"2019-08-23T05:28:32+00:00","article:modified_time":"2024-08-29T06:58:47+00:00","twitter:card":"summary_large_image","twitter:title":"Wej\u015bcie na Rysy \u2013 jak wej\u015b\u0107 na Rysy latem od polskiej strony - blog Skalnik","twitter:description":"Rysy to najwy\u017cszy szczyt w Polsce i cel wielu turyst\u00f3w. Zobacz, jak wygl\u0105da przebieg szlaku od strony polskiej i czego mo\u017cna si\u0119 na nim spodziewa\u0107.","twitter:image":"https:\/\/skalnik.pl\/blog\/wp-content\/uploads\/2019\/08\/droga-Oswalda-Balzera-e1566129840165.jpg"},"aioseo_meta_data":{"post_id":"8450","title":null,"description":"Rysy to najwy\u017cszy szczyt w Polsce i cel wielu turyst\u00f3w. Zobacz, jak wygl\u0105da przebieg szlaku od strony polskiej i czego mo\u017cna si\u0119 na nim spodziewa\u0107.","keywords":[{"label":"szlaki w tatrach","value":"szlaki w tatrach"},{"label":"szlak na rysy","value":"szlak na rysy"},{"label":"wej\u015bcie na rysy","value":"wej\u015bcie na rysy"},{"label":"rysy wysoko\u015b\u0107","value":"rysy wysoko\u015b\u0107"},{"label":"najwy\u017cszy szczyt tatr","value":"najwy\u017cszy szczyt tatr"}],"keyphrases":{"focus":{"keyphrase":"","score":0,"analysis":{"keyphraseInTitle":{"score":0,"maxScore":9,"error":1}}},"additional":[]},"primary_term":null,"canonical_url":null,"og_title":null,"og_description":null,"og_object_type":"default","og_image_type":"default","og_image_url":null,"og_image_width":null,"og_image_height":null,"og_image_custom_url":null,"og_image_custom_fields":null,"og_video":"","og_custom_url":null,"og_article_section":null,"og_article_tags":[],"twitter_use_og":false,"twitter_card":"default","twitter_image_type":"default","twitter_image_url":null,"twitter_image_custom_url":null,"twitter_image_custom_fields":null,"twitter_title":null,"twitter_description":null,"schema":{"blockGraphs":[],"customGraphs":[],"default":{"data":{"Article":[],"Course":[],"Dataset":[],"FAQPage":[],"Movie":[],"Person":[],"Product":[],"ProductReview":[],"Car":[],"Recipe":[],"Service":[],"SoftwareApplication":[],"WebPage":[]},"graphName":"","isEnabled":true},"graphs":[]},"schema_type":"default","schema_type_options":null,"pillar_content":false,"robots_default":true,"robots_noindex":false,"robots_noarchive":false,"robots_nosnippet":false,"robots_nofollow":false,"robots_noimageindex":false,"robots_noodp":false,"robots_notranslate":false,"robots_max_snippet":"-1","robots_max_videopreview":"-1","robots_max_imagepreview":"large","priority":null,"frequency":"default","local_seo":null,"breadcrumb_settings":null,"limit_modified_date":false,"ai":null,"created":"2022-08-26 09:34:06","updated":"2026-02-17 21:37:28","seo_analyzer_scan_date":null},"aioseo_breadcrumb":"<div class=\"aioseo-breadcrumbs\"><span class=\"aioseo-breadcrumb\">\n\t\t\t<a href=\"https:\/\/www.skalnik.pl\/blog\" title=\"Home\">Home<\/a>\n\t\t<\/span><span class=\"aioseo-breadcrumb-separator\">&raquo;<\/span><span class=\"aioseo-breadcrumb\">\n\t\t\t<a href=\"https:\/\/www.skalnik.pl\/blog\/.\/pasja\/\" title=\"Pasja\">Pasja<\/a>\n\t\t<\/span><span class=\"aioseo-breadcrumb-separator\">&raquo;<\/span><span class=\"aioseo-breadcrumb\">\n\t\t\tWej\u015bcie na Rysy \u2013 jak wej\u015b\u0107 na Rysy latem od polskiej strony\n\t\t<\/span><\/div>","aioseo_breadcrumb_json":[{"label":"Home","link":"https:\/\/www.skalnik.pl\/blog"},{"label":"Pasja","link":"https:\/\/www.skalnik.pl\/blog\/.\/pasja\/"},{"label":"Wej\u015bcie na Rysy &#8211; jak wej\u015b\u0107 na Rysy latem od polskiej strony","link":"https:\/\/www.skalnik.pl\/blog\/jak-wejsc-na-rysy-latem\/"}],"_links":{"self":[{"href":"https:\/\/www.skalnik.pl\/blog\/wp-json\/wp\/v2\/posts\/8450","targetHints":{"allow":["GET"]}}],"collection":[{"href":"https:\/\/www.skalnik.pl\/blog\/wp-json\/wp\/v2\/posts"}],"about":[{"href":"https:\/\/www.skalnik.pl\/blog\/wp-json\/wp\/v2\/types\/post"}],"author":[{"embeddable":true,"href":"https:\/\/www.skalnik.pl\/blog\/wp-json\/wp\/v2\/users\/28"}],"replies":[{"embeddable":true,"href":"https:\/\/www.skalnik.pl\/blog\/wp-json\/wp\/v2\/comments?post=8450"}],"version-history":[{"count":33,"href":"https:\/\/www.skalnik.pl\/blog\/wp-json\/wp\/v2\/posts\/8450\/revisions"}],"predecessor-version":[{"id":26507,"href":"https:\/\/www.skalnik.pl\/blog\/wp-json\/wp\/v2\/posts\/8450\/revisions\/26507"}],"wp:featuredmedia":[{"embeddable":true,"href":"https:\/\/www.skalnik.pl\/blog\/wp-json\/wp\/v2\/media\/13167"}],"wp:attachment":[{"href":"https:\/\/www.skalnik.pl\/blog\/wp-json\/wp\/v2\/media?parent=8450"}],"wp:term":[{"taxonomy":"category","embeddable":true,"href":"https:\/\/www.skalnik.pl\/blog\/wp-json\/wp\/v2\/categories?post=8450"},{"taxonomy":"post_tag","embeddable":true,"href":"https:\/\/www.skalnik.pl\/blog\/wp-json\/wp\/v2\/tags?post=8450"},{"taxonomy":"magento_category","embeddable":true,"href":"https:\/\/www.skalnik.pl\/blog\/wp-json\/wp\/v2\/magento_category?post=8450"},{"taxonomy":"magento_product","embeddable":true,"href":"https:\/\/www.skalnik.pl\/blog\/wp-json\/wp\/v2\/magento_product?post=8450"}],"curies":[{"name":"wp","href":"https:\/\/api.w.org\/{rel}","templated":true}]}}