{"id":8525,"date":"2019-08-26T09:12:10","date_gmt":"2019-08-26T07:12:10","guid":{"rendered":"https:\/\/skalnik.pl\/blog\/?p=8525"},"modified":"2019-09-03T08:27:57","modified_gmt":"2019-09-03T06:27:57","slug":"jak-spakowac-plecak-turystyczny","status":"publish","type":"post","link":"https:\/\/www.skalnik.pl\/blog\/jak-spakowac-plecak-turystyczny\/","title":{"rendered":"Jak spakowa\u0107 plecak turystyczny"},"content":{"rendered":"<p><b>Niedbale albo \u017ale spakowany plecak to cz\u0119sta przyczyna dyskomfortu a mo\u017ce nawet b\u00f3lu podczas w\u0119dr\u00f3wki. To tak\u017ce potencjalne \u017ar\u00f3d\u0142o niebezpiecznych sytuacjach na trudniejszych odcinkach szlaku. Poznaj zasady ergonomicznego pakowania plecaka, ruszaj w drog\u0119 i ciesz si\u0119 przygod\u0105.<\/b><\/p>\n<p>&nbsp;<\/p>\n<div id=\"ez-toc-container\" class=\"ez-toc-v2_0_85 counter-hierarchy ez-toc-counter ez-toc-light-blue ez-toc-container-direction\">\n<div class=\"ez-toc-title-container\">\n<p class=\"ez-toc-title\" style=\"cursor:inherit\">SPIS TRE\u015aCI <\/p>\n<span class=\"ez-toc-title-toggle\"><a href=\"#\" class=\"ez-toc-pull-right ez-toc-btn ez-toc-btn-xs ez-toc-btn-default ez-toc-toggle\" aria-label=\"Prze\u0142\u0105cznik Spisu Tre\u015bci\"><span class=\"ez-toc-js-icon-con\"><span class=\"\"><span class=\"eztoc-hide\" style=\"display:none;\">Toggle<\/span><span class=\"ez-toc-icon-toggle-span\"><svg style=\"fill: #999;color:#999\" xmlns=\"http:\/\/www.w3.org\/2000\/svg\" class=\"list-377408\" width=\"20px\" height=\"20px\" viewBox=\"0 0 24 24\" fill=\"none\"><path d=\"M6 6H4v2h2V6zm14 0H8v2h12V6zM4 11h2v2H4v-2zm16 0H8v2h12v-2zM4 16h2v2H4v-2zm16 0H8v2h12v-2z\" fill=\"currentColor\"><\/path><\/svg><svg style=\"fill: #999;color:#999\" class=\"arrow-unsorted-368013\" xmlns=\"http:\/\/www.w3.org\/2000\/svg\" width=\"10px\" height=\"10px\" viewBox=\"0 0 24 24\" version=\"1.2\" baseProfile=\"tiny\"><path d=\"M18.2 9.3l-6.2-6.3-6.2 6.3c-.2.2-.3.4-.3.7s.1.5.3.7c.2.2.4.3.7.3h11c.3 0 .5-.1.7-.3.2-.2.3-.5.3-.7s-.1-.5-.3-.7zM5.8 14.7l6.2 6.3 6.2-6.3c.2-.2.3-.5.3-.7s-.1-.5-.3-.7c-.2-.2-.4-.3-.7-.3h-11c-.3 0-.5.1-.7.3-.2.2-.3.5-.3.7s.1.5.3.7z\"\/><\/svg><\/span><\/span><\/span><\/a><\/span><\/div>\n<nav><ul class='ez-toc-list ez-toc-list-level-1 ' ><li class='ez-toc-page-1 ez-toc-heading-level-2'><a class=\"ez-toc-link ez-toc-heading-1\" href=\"https:\/\/www.skalnik.pl\/blog\/jak-spakowac-plecak-turystyczny\/#Poznaj_swoj_plecak\" >Poznaj sw\u00f3j plecak<\/a><\/li><li class='ez-toc-page-1 ez-toc-heading-level-2'><a class=\"ez-toc-link ez-toc-heading-2\" href=\"https:\/\/www.skalnik.pl\/blog\/jak-spakowac-plecak-turystyczny\/#Jak_dobrze_spakowac_plecak\" >Jak dobrze spakowa\u0107 plecak<\/a><\/li><li class='ez-toc-page-1 ez-toc-heading-level-2'><a class=\"ez-toc-link ez-toc-heading-3\" href=\"https:\/\/www.skalnik.pl\/blog\/jak-spakowac-plecak-turystyczny\/#Dodatkowe_miejsce_w_plecaku\" >Dodatkowe miejsce w plecaku<\/a><\/li><li class='ez-toc-page-1 ez-toc-heading-level-2'><a class=\"ez-toc-link ez-toc-heading-4\" href=\"https:\/\/www.skalnik.pl\/blog\/jak-spakowac-plecak-turystyczny\/#Wlasciwa_regulacja_plecaka\" >W\u0142a\u015bciwa regulacja plecaka<\/a><\/li><\/ul><\/nav><\/div>\n<h2><span class=\"ez-toc-section\" id=\"Poznaj_swoj_plecak\"><\/span>Poznaj sw\u00f3j plecak<span class=\"ez-toc-section-end\"><\/span><\/h2>\n<p>Producenci sprz\u0119tu outdoorowego prze\u015bcigaj\u0105 si\u0119 w rozwi\u0105zaniach, kt\u00f3re proponuj\u0105 klientom. Szczerze \u2013 nie znam \u017cadnej osoby (sama te\u017c przyznaj\u0119 si\u0119 do tego ca\u0142kiem szczerze), kt\u00f3ra pozna\u0142aby sw\u00f3j plecak od podszewki i wiedzia\u0142a, do czego zaprojektowano poszczeg\u00f3lne kieszenie, klamry i troki. Producenci chwal\u0105 si\u0119 rozwi\u0105zaniami, a u\u017cytkownicy i tak wiedz\u0105 swoje. Gdyby jednak po\u015bwi\u0119ci\u0107 kwadrans jeszcze przed spakowaniem plecaka i przyjrze\u0107 si\u0119 dok\u0142adnie plecakowi \u2013 ile ciekawych zakamark\u00f3w i patent\u00f3w mo\u017cna znale\u017a\u0107. Czasem warto zmieni\u0107 swoje przyzwyczajenia i wypr\u00f3bowa\u0107 co\u015b nowego \u2013 z nu\u017c oka\u017ce si\u0119 to strza\u0142em w dziesi\u0105tk\u0119 i drobiazgiem, kt\u00f3ry zmieni komfort nie tylko u\u017cywania plecaka, ale w og\u00f3le w\u0119dr\u00f3wki.<\/p>\n<div class=\"grey_block\">W moim plecaku Osprey s\u0105 specjalne p\u0119tle do chwilowego od\u0142o\u017cenia kijk\u00f3w. Na pocz\u0105tku traktowa\u0142am je jako zb\u0119dny gad\u017cet &#8211; przecie\u017c <a href=\"https:\/\/skalnik.pl\/sprzet-turystyczny\/akcesoria-turystyczne\/akcesoria-turystyczne-kije-trekkingowe\" target=\"_blank\" rel=\"noopener\">kije trekkingowe<\/a> to sobie mog\u0119 ponie\u015b\u0107 w r\u0119ce. Mog\u0119, a i owszem, dop\u00f3ki nie zaczyna si\u0119 robi\u0107 na tyle stromo, \u017ce warto u\u017cy\u0107 r\u0105k do wsparcia. Ile mi czasu zaj\u0119\u0142o na nowo odkrycie tych uchwyt\u00f3w \u2013 wstyd si\u0119 przyzna\u0107. S\u0105 idealne, gdy mam przed sob\u0105 par\u0119 ruch\u00f3w \u201ez nap\u0119dem na cztery ko\u0144czyny\u201d w g\u00f3r\u0119. Dla odmiany bardzo szybko zaznajomi\u0142am si\u0119, polubi\u0142am i korzystam z elastycznej kieszeni na froncie, do kt\u00f3rej \u2013 zgodnie z przeznaczeniem \u2013 najcz\u0119\u015bciej wk\u0142adam kurtk\u0119 przeciwdeszczow\u0105.<\/div>\n<div class=\"page_gallery\">\n\n\t\t<style type=\"text\/css\">\n\t\t\t#gallery-1 {\n\t\t\t\tmargin: auto;\n\t\t\t}\n\t\t\t#gallery-1 .gallery-item {\n\t\t\t\tfloat: left;\n\t\t\t\tmargin-top: 10px;\n\t\t\t\ttext-align: center;\n\t\t\t\twidth: 33%;\n\t\t\t}\n\t\t\t#gallery-1 img {\n\t\t\t\tborder: 2px solid #cfcfcf;\n\t\t\t}\n\t\t\t#gallery-1 .gallery-caption {\n\t\t\t\tmargin-left: 0;\n\t\t\t}\n\t\t\t\/* see gallery_shortcode() in wp-includes\/media.php *\/\n\t\t<\/style>\n\t\t<div id='gallery-1' class='gallery galleryid-8525 gallery-columns-3 gallery-size-large'><dl class='gallery-item'>\n\t\t\t<dt class='gallery-icon landscape'>\n\t\t\t\t<img loading=\"lazy\" decoding=\"async\" width=\"1024\" height=\"1024\" src=\"https:\/\/www.skalnik.pl\/blog\/wp-content\/uploads\/2019\/08\/Xena_Stow-on-the-Go\u2122-trekking-pole-attachment_web-1024x1024.jpg\" class=\"attachment-large size-large\" alt=\"\" aria-describedby=\"gallery-1-8591\" srcset=\"https:\/\/www.skalnik.pl\/blog\/wp-content\/uploads\/2019\/08\/Xena_Stow-on-the-Go\u2122-trekking-pole-attachment_web-1024x1024.jpg 1024w, https:\/\/www.skalnik.pl\/blog\/wp-content\/uploads\/2019\/08\/Xena_Stow-on-the-Go\u2122-trekking-pole-attachment_web-300x300.jpg 300w, https:\/\/www.skalnik.pl\/blog\/wp-content\/uploads\/2019\/08\/Xena_Stow-on-the-Go\u2122-trekking-pole-attachment_web-768x768.jpg 768w, https:\/\/www.skalnik.pl\/blog\/wp-content\/uploads\/2019\/08\/Xena_Stow-on-the-Go\u2122-trekking-pole-attachment_web.jpg 2000w\" sizes=\"auto, (max-width: 1024px) 100vw, 1024px\" \/>\n\t\t\t<\/dt>\n\t\t\t\t<dd class='wp-caption-text gallery-caption' id='gallery-1-8591'>\n\t\t\t\tUchwyty do od\u0142o\u017cenia kij\u00f3w &#8211; Osprey\n\t\t\t\t<\/dd><\/dl><dl class='gallery-item'>\n\t\t\t<dt class='gallery-icon portrait'>\n\t\t\t\t<img loading=\"lazy\" decoding=\"async\" width=\"683\" height=\"1024\" src=\"https:\/\/www.skalnik.pl\/blog\/wp-content\/uploads\/2019\/08\/GMP_S19_Zulu_6-HYDRATION-ROUTING-683x1024.jpg\" class=\"attachment-large size-large\" alt=\"\" aria-describedby=\"gallery-1-8598\" srcset=\"https:\/\/www.skalnik.pl\/blog\/wp-content\/uploads\/2019\/08\/GMP_S19_Zulu_6-HYDRATION-ROUTING-683x1024.jpg 683w, https:\/\/www.skalnik.pl\/blog\/wp-content\/uploads\/2019\/08\/GMP_S19_Zulu_6-HYDRATION-ROUTING-200x300.jpg 200w, https:\/\/www.skalnik.pl\/blog\/wp-content\/uploads\/2019\/08\/GMP_S19_Zulu_6-HYDRATION-ROUTING-768x1152.jpg 768w\" sizes=\"auto, (max-width: 683px) 100vw, 683px\" \/>\n\t\t\t<\/dt>\n\t\t\t\t<dd class='wp-caption-text gallery-caption' id='gallery-1-8598'>\n\t\t\t\tWyprowadzenie rurki systemu hydracyjnego &#8211; Gregory\n\t\t\t\t<\/dd><\/dl><dl class='gallery-item'>\n\t\t\t<dt class='gallery-icon portrait'>\n\t\t\t\t<img loading=\"lazy\" decoding=\"async\" width=\"987\" height=\"1024\" src=\"https:\/\/www.skalnik.pl\/blog\/wp-content\/uploads\/2019\/08\/Aircontact50u10SL-3399-d3-s19-987x1024.jpg\" class=\"attachment-large size-large\" alt=\"\" aria-describedby=\"gallery-1-8603\" srcset=\"https:\/\/www.skalnik.pl\/blog\/wp-content\/uploads\/2019\/08\/Aircontact50u10SL-3399-d3-s19-987x1024.jpg 987w, https:\/\/www.skalnik.pl\/blog\/wp-content\/uploads\/2019\/08\/Aircontact50u10SL-3399-d3-s19-289x300.jpg 289w, https:\/\/www.skalnik.pl\/blog\/wp-content\/uploads\/2019\/08\/Aircontact50u10SL-3399-d3-s19-768x797.jpg 768w, https:\/\/www.skalnik.pl\/blog\/wp-content\/uploads\/2019\/08\/Aircontact50u10SL-3399-d3-s19.jpg 1500w\" sizes=\"auto, (max-width: 987px) 100vw, 987px\" \/>\n\t\t\t<\/dt>\n\t\t\t\t<dd class='wp-caption-text gallery-caption' id='gallery-1-8603'>\n\t\t\t\tOtwierany na suwak front plecaka &#8211; Deuter\n\t\t\t\t<\/dd><\/dl><br style=\"clear: both\" \/><dl class='gallery-item'>\n\t\t\t<dt class='gallery-icon landscape'>\n\t\t\t\t<img loading=\"lazy\" decoding=\"async\" width=\"1024\" height=\"1024\" src=\"https:\/\/www.skalnik.pl\/blog\/wp-content\/uploads\/2019\/08\/Kestrel_Sleeping-bag-base-compartment_web-1024x1024.jpg\" class=\"attachment-large size-large\" alt=\"\" aria-describedby=\"gallery-1-8600\" srcset=\"https:\/\/www.skalnik.pl\/blog\/wp-content\/uploads\/2019\/08\/Kestrel_Sleeping-bag-base-compartment_web-1024x1024.jpg 1024w, https:\/\/www.skalnik.pl\/blog\/wp-content\/uploads\/2019\/08\/Kestrel_Sleeping-bag-base-compartment_web-300x300.jpg 300w, https:\/\/www.skalnik.pl\/blog\/wp-content\/uploads\/2019\/08\/Kestrel_Sleeping-bag-base-compartment_web-768x768.jpg 768w, https:\/\/www.skalnik.pl\/blog\/wp-content\/uploads\/2019\/08\/Kestrel_Sleeping-bag-base-compartment_web.jpg 2000w\" sizes=\"auto, (max-width: 1024px) 100vw, 1024px\" \/>\n\t\t\t<\/dt>\n\t\t\t\t<dd class='wp-caption-text gallery-caption' id='gallery-1-8600'>\n\t\t\t\tOdpinana dolna cz\u0119\u015b\u0107 plecaka &#8211; Osprey\n\t\t\t\t<\/dd><\/dl><dl class='gallery-item'>\n\t\t\t<dt class='gallery-icon landscape'>\n\t\t\t\t<img loading=\"lazy\" decoding=\"async\" width=\"1024\" height=\"683\" src=\"https:\/\/www.skalnik.pl\/blog\/wp-content\/uploads\/2019\/08\/GMP_S19_Zulu_7-HIPBELT-POCKETS-1024x683.jpg\" class=\"attachment-large size-large\" alt=\"\" aria-describedby=\"gallery-1-8599\" srcset=\"https:\/\/www.skalnik.pl\/blog\/wp-content\/uploads\/2019\/08\/GMP_S19_Zulu_7-HIPBELT-POCKETS-1024x683.jpg 1024w, https:\/\/www.skalnik.pl\/blog\/wp-content\/uploads\/2019\/08\/GMP_S19_Zulu_7-HIPBELT-POCKETS-300x200.jpg 300w, https:\/\/www.skalnik.pl\/blog\/wp-content\/uploads\/2019\/08\/GMP_S19_Zulu_7-HIPBELT-POCKETS-768x512.jpg 768w\" sizes=\"auto, (max-width: 1024px) 100vw, 1024px\" \/>\n\t\t\t<\/dt>\n\t\t\t\t<dd class='wp-caption-text gallery-caption' id='gallery-1-8599'>\n\t\t\t\tKieszonka w pasie biodrowym &#8211; Gregory\n\t\t\t\t<\/dd><\/dl><dl class='gallery-item'>\n\t\t\t<dt class='gallery-icon portrait'>\n\t\t\t\t<img loading=\"lazy\" decoding=\"async\" width=\"740\" height=\"1024\" src=\"https:\/\/www.skalnik.pl\/blog\/wp-content\/uploads\/2019\/08\/Aircontact50u10SL-3399-d4-s19-740x1024.jpg\" class=\"attachment-large size-large\" alt=\"\" aria-describedby=\"gallery-1-8604\" srcset=\"https:\/\/www.skalnik.pl\/blog\/wp-content\/uploads\/2019\/08\/Aircontact50u10SL-3399-d4-s19-740x1024.jpg 740w, https:\/\/www.skalnik.pl\/blog\/wp-content\/uploads\/2019\/08\/Aircontact50u10SL-3399-d4-s19-217x300.jpg 217w, https:\/\/www.skalnik.pl\/blog\/wp-content\/uploads\/2019\/08\/Aircontact50u10SL-3399-d4-s19-768x1063.jpg 768w, https:\/\/www.skalnik.pl\/blog\/wp-content\/uploads\/2019\/08\/Aircontact50u10SL-3399-d4-s19.jpg 1500w\" sizes=\"auto, (max-width: 740px) 100vw, 740px\" \/>\n\t\t\t<\/dt>\n\t\t\t\t<dd class='wp-caption-text gallery-caption' id='gallery-1-8604'>\n\t\t\t\tElastyczne boczne kieszonki &#8211; Deuter\n\t\t\t\t<\/dd><\/dl><br style=\"clear: both\" \/><dl class='gallery-item'>\n\t\t\t<dt class='gallery-icon portrait'>\n\t\t\t\t<img loading=\"lazy\" decoding=\"async\" width=\"683\" height=\"1024\" src=\"https:\/\/www.skalnik.pl\/blog\/wp-content\/uploads\/2019\/08\/okulary-683x1024.jpg\" class=\"attachment-large size-large\" alt=\"\" aria-describedby=\"gallery-1-8609\" srcset=\"https:\/\/www.skalnik.pl\/blog\/wp-content\/uploads\/2019\/08\/okulary-683x1024.jpg 683w, https:\/\/www.skalnik.pl\/blog\/wp-content\/uploads\/2019\/08\/okulary-200x300.jpg 200w, https:\/\/www.skalnik.pl\/blog\/wp-content\/uploads\/2019\/08\/okulary-768x1152.jpg 768w, https:\/\/www.skalnik.pl\/blog\/wp-content\/uploads\/2019\/08\/okulary.jpg 1280w\" sizes=\"auto, (max-width: 683px) 100vw, 683px\" \/>\n\t\t\t<\/dt>\n\t\t\t\t<dd class='wp-caption-text gallery-caption' id='gallery-1-8609'>\n\t\t\t\tPraktyczny uchwyt na okulary &#8211; Gregory\n\t\t\t\t<\/dd><\/dl>\n\t\t\t<br style='clear: both' \/>\n\t\t<\/div>\n\n<\/div>\n<p>&nbsp;<\/p>\n<h2><span class=\"ez-toc-section\" id=\"Jak_dobrze_spakowac_plecak\"><\/span>Jak dobrze spakowa\u0107 plecak<span class=\"ez-toc-section-end\"><\/span><\/h2>\n<p>Najlepiej zgromadzi\u0107 wszystkie rzeczy, kt\u00f3re ostatecznie wyl\u0105duj\u0105 w plecaku, w jednym miejscu \u2013 chocia\u017cby na pod\u0142odze czy \u0142\u00f3\u017cku. Dzi\u0119ki temu mo\u017cesz zerkn\u0105\u0107 na wszystko, z\u0142apa\u0107 si\u0119 za g\u0142ow\u0119, a nast\u0119pnie powoli eliminowa\u0107 to, co nie jest ci potrzebne. Mo\u017cesz te\u017c sprawdza\u0107 metodycznie ka\u017cd\u0105 rzecz i w razie konieczno\u015bci b\u0142yskawicznie uzupe\u0142nia\u0107 braki. W bonusie natomiast otrzymujesz pi\u0119kny plan zdj\u0119ciowy, \u017ceby pokaza\u0107 innym swoje przygotowanie do wyprawy.<\/p>\n<div id=\"attachment_8589\" style=\"width: 1034px\" class=\"wp-caption aligncenter\"><img loading=\"lazy\" decoding=\"async\" aria-describedby=\"caption-attachment-8589\" class=\"wp-image-8589 size-large\" title=\"przygotowanie do pakowania plecaka\" src=\"https:\/\/skalnik.pl\/blog\/wp-content\/uploads\/2019\/08\/GMP_S19_Zulu_Enviro-3-1024x709.jpg\" alt=\"\" width=\"1024\" height=\"709\" srcset=\"https:\/\/www.skalnik.pl\/blog\/wp-content\/uploads\/2019\/08\/GMP_S19_Zulu_Enviro-3-1024x709.jpg 1024w, https:\/\/www.skalnik.pl\/blog\/wp-content\/uploads\/2019\/08\/GMP_S19_Zulu_Enviro-3-300x208.jpg 300w, https:\/\/www.skalnik.pl\/blog\/wp-content\/uploads\/2019\/08\/GMP_S19_Zulu_Enviro-3-768x532.jpg 768w\" sizes=\"auto, (max-width: 1024px) 100vw, 1024px\" \/><p id=\"caption-attachment-8589\" class=\"wp-caption-text\">Pi\u0119kny plan zdj\u0119ciowy przed zapakowaniem plecaka (fot. Gregory)<\/p><\/div>\n<p>To, ile rzeczy zabierzesz, zale\u017cy oczywi\u015bcie od charakteru wyjazdu. Powiem jedno &#8211; im mniej, tym lepiej, chocia\u017c rzadko komu zdarza si\u0119 nie ulec pokusie pustego plecaka, kt\u00f3ry nagle jest wype\u0142niony po brzegi i trudny do podniesienia z pod\u0142ogi.<\/p>\n<p>Gdy ju\u017c masz wszystko przygotowane, podziel zebrane przedmioty na trzy g\u0142\u00f3wne grupy:<\/p>\n<ul>\n<li>grupa 1.: lekkie, ale sporych rozmiar\u00f3w, rzadko u\u017cywane (np. \u015bpiw\u00f3r, bielizna, r\u0119cznik)<\/li>\n<li>grupa 2.: ci\u0119\u017ckie i niepor\u0119czne, u\u017cywane sporadycznie (np. kosmetyczka, zapasowe buty, odzie\u017c, elementy kuchni turystycznej, jedzenie)<\/li>\n<li>grupa 3.: lekkie rzeczy, kt\u00f3re musz\u0105 by\u0107 pod r\u0119k\u0105 (np. kurtka przeciwdeszczowa, puch\u00f3wka, apteczka)<\/li>\n<\/ul>\n<p>Oddzielnie u\u0142\u00f3\u017c tak\u017ce podr\u0119czne drobiazgi, dla kt\u00f3rych znajdzie si\u0119 miejsce w kieszonkach zewn\u0119trznych.<\/p>\n<p>&nbsp;<\/p>\n<div id=\"attachment_8590\" style=\"width: 490px\" class=\"wp-caption aligncenter\"><img loading=\"lazy\" decoding=\"async\" aria-describedby=\"caption-attachment-8590\" class=\"wp-image-8590 size-full\" title=\"Pakowanie plecaka na schemacie\" src=\"https:\/\/skalnik.pl\/blog\/wp-content\/uploads\/2019\/08\/schemat-pakowania-plecaka.jpg\" alt=\"\" width=\"480\" height=\"960\" srcset=\"https:\/\/www.skalnik.pl\/blog\/wp-content\/uploads\/2019\/08\/schemat-pakowania-plecaka.jpg 480w, https:\/\/www.skalnik.pl\/blog\/wp-content\/uploads\/2019\/08\/schemat-pakowania-plecaka-150x300.jpg 150w\" sizes=\"auto, (max-width: 480px) 100vw, 480px\" \/><p id=\"caption-attachment-8590\" class=\"wp-caption-text\">Schemat pakowania plecaka<\/p><\/div>\n<p>Rzeczy z grupy pierwszej l\u0105duj\u0105 na dnie plecaka. Wa\u017cne, \u017ceby ubrania szczelnie wype\u0142ni\u0142y przestrzenie, kt\u00f3re powsta\u0142y po schowaniu \u015bpiwora i\/lub maty samopompuj\u0105cej. Ciuchy outdoorowe maj\u0105 t\u0119 cudown\u0105 w\u0142a\u015bciwo\u015b\u0107, \u017ce nie trzeba ich prasowa\u0107, zatem nie b\u00f3j si\u0119 wciska\u0107 ich w najmniejsze zakamarki. Je\u015bli zostawisz wolne przestrzenie <a href=\"https:\/\/skalnik.pl\/sprzet-turystyczny\/plecaki\/plecaki-turystyczne\">plecak turystyczny<\/a> b\u0119dzie si\u0119 w tym miejscu \u201e\u0142ama\u0142\u201d, co sprawi, \u017ce b\u0119dzie mniej stabilny i mo\u017ce zaburza\u0107 r\u00f3wnowag\u0119 podczas marszu.<\/p>\n<p>Wi\u0119ksze plecaki maj\u0105 cz\u0119sto zamek w dolnej cz\u0119\u015bci plecaka, u\u0142atwia on wyci\u0105ganie \u015bpiwora bez konieczno\u015bci rozpakowania ca\u0142o\u015bci baga\u017cu. Jednak nie zapominaj o grawitacji \u2013 najcz\u0119\u015bciej rano w\u0142o\u017cenie \u015bpiwora z powrotem w to samo miejsce jest co najmniej k\u0142opotliwe. Jednak praktyka czyni mistrza \u2013 warto wi\u0119c pr\u00f3bowa\u0107.<\/p>\n<p>Najci\u0119\u017csze rzeczy \u2013 cz\u0119sto b\u0119d\u0105 to buty, zapas jedzenia, kuchenka i garnki turystyczne, ale tak\u017ce lina, uprz\u0105\u017c, ekspresy wspinaczkowe \u2013 powinny zaj\u0105\u0107 \u015brodkow\u0105 cz\u0119\u015b\u0107 komory plecaka. Im bli\u017cej plec\u00f3w, tym lepiej \u2013 znajd\u0105 si\u0119 bowiem najbli\u017cej twojego \u015brodka ci\u0119\u017cko\u015bci. Je\u015bli ci\u0119\u017ckie przedmioty s\u0105 jednocze\u015bnie sztywne lub maj\u0105 twarde kraw\u0119dzie, zawi\u0144 je w ubrania, dzi\u0119ki temu unikniesz irytuj\u0105cego wbijania si\u0119 tych przedmiot\u00f3w w plecy i niepotrzebnych przestoj\u00f3w podczas w\u0119dr\u00f3wki.<\/p>\n<p>Na samej g\u00f3rze g\u0142\u00f3wnej komory plecaka powinny si\u0119 znale\u017a\u0107 rzeczy, kt\u00f3re dobrze mie\u0107 na szlaku pod r\u0119k\u0105 \u2013 kurtka membranowa, docieplenie, a podczas ch\u0142odniejszych p\u00f3r roku tak\u017ce kurtka puchowa, zapasowe skarpetki, r\u0119kawiczki, czapka oraz apteczka. Te rzeczy mog\u0105 si\u0119 przyda\u0107 podczas za\u0142amania pogody lub jakiego\u015b wypadku, zatem szybkie do nich dotarcie jest kluczowe.<\/p>\n<div id=\"attachment_8595\" style=\"width: 1034px\" class=\"wp-caption aligncenter\"><img loading=\"lazy\" decoding=\"async\" aria-describedby=\"caption-attachment-8595\" class=\"wp-image-8595 size-large\" title=\"W\u0119dr\u00f3wka z plecakiem\" src=\"https:\/\/skalnik.pl\/blog\/wp-content\/uploads\/2019\/08\/Xenith_S18_Secondary_Lifestyle_02_web-1024x684.jpg\" alt=\"\" width=\"1024\" height=\"684\" srcset=\"https:\/\/www.skalnik.pl\/blog\/wp-content\/uploads\/2019\/08\/Xenith_S18_Secondary_Lifestyle_02_web-1024x684.jpg 1024w, https:\/\/www.skalnik.pl\/blog\/wp-content\/uploads\/2019\/08\/Xenith_S18_Secondary_Lifestyle_02_web-300x200.jpg 300w, https:\/\/www.skalnik.pl\/blog\/wp-content\/uploads\/2019\/08\/Xenith_S18_Secondary_Lifestyle_02_web-768x513.jpg 768w, https:\/\/www.skalnik.pl\/blog\/wp-content\/uploads\/2019\/08\/Xenith_S18_Secondary_Lifestyle_02_web.jpg 2000w\" sizes=\"auto, (max-width: 1024px) 100vw, 1024px\" \/><p id=\"caption-attachment-8595\" class=\"wp-caption-text\">Dobrze spakowany plecak to bezpiecze\u0144stwo na szlaku (fot. Osprey)<\/p><\/div>\n<p>&nbsp;<\/p>\n<h2><span class=\"ez-toc-section\" id=\"Dodatkowe_miejsce_w_plecaku\"><\/span>Dodatkowe miejsce w plecaku<span class=\"ez-toc-section-end\"><\/span><\/h2>\n<p>W dobrych plecakach turystycznych znajdziesz tak\u017ce mn\u00f3stwo dodatkowego miejsca na przechowywanie potrzebnych drobiazg\u00f3w. W kieszonkach umieszczonych w klapie bez trudu zmie\u015bci si\u0119 czo\u0142\u00f3wka, mapa, co\u015b s\u0142odkiego do przegryzienia, dokumenty. Standardem s\u0105 tak\u017ce kieszonki w pasie biodrowym \u2013 pomieszcz\u0105 pieni\u0105dze lub kart\u0119 p\u0142atnicz\u0105, dokumenty, smartfon. <a href=\"https:\/\/skalnik.pl\/sprzet-turystyczny\/plecaki\/plecaki-turystyczne\/gregory\" target=\"_blank\" rel=\"noopener\">Plecaki Gregory<\/a> na szelkach maj\u0105 specjalne uchwyty u\u0142atwiaj\u0105ce bezpieczne zamocowanie okular\u00f3w przeciws\u0142onecznych \u2013 to praktyczne rozwi\u0105zanie na przyk\u0142ad, gdy cz\u0119\u015b\u0107 szlaku biegnie lasem, gdzie s\u0142o\u0144ce nie operuje tak mocno. Otwarte kieszenie boczne i\/lub frontowe u\u0142atwiaj\u0105 przechowywanie np. termosu.<\/p>\n<p>\u017beby nie gubi\u0107 si\u0119 w poszukiwaniu drobiazg\u00f3w dobrze jest pakowa\u0107 je zawsze w to samo miejsce. Jak ka\u017cdy nawyk, tak\u017ce i ten wymaga wypracowania, ale po kt\u00f3rym\u015b razie bez zastanawiania si\u0119 b\u0119dziesz wiedzie\u0107, gdzie s\u0105 zapasowe baterie do czo\u0142\u00f3wki lub bezb\u0142\u0119dnie si\u0119gniesz po wielofunkcyjnego buffa.<\/p>\n<p>Je\u015bli ruszasz na szlak z namiotem (lub tarpem), najlepszym rozwi\u0105zaniem jest przytroczenie go na zewn\u0105trz plecaka. Najlepiej zrobi\u0107 to do bocznych trok\u00f3w, a jeszcze lepiej rozdzieli\u0107 go na dwie cz\u0119\u015bci, np. z jednej strony umocowa\u0107 rurki stela\u017ca, z drugiej \u2013 poszycie. Karimat\u0119 mo\u017cesz natomiast w\u0142o\u017cy\u0107 pod klap\u0119 u g\u00f3ry lub pod trokami zapinaj\u0105cymi klap\u0119 do przodu plecaka.<\/p>\n<p>W chyba ka\u017cdym plecaku turystycznym znajdziesz specjalne p\u0119tle s\u0142u\u017c\u0105ce do transportu kij\u00f3w trekkingowych i czekana. P\u0119tle te umieszczone s\u0105 na froncie plecaka, pomagaj\u0105 w \u0142atwym i bezpiecznym transportowaniu tego sprz\u0119tu. Je\u015bli natomiast chodzi o zapasy wody dobrze jest zaopatrzy\u0107 si\u0119 w <a href=\"https:\/\/skalnik.pl\/sprzet-turystyczny\/plecaki\/plecaki-buklaki-na-wode\">buk\u0142ak na wod\u0119<\/a> \u2013 plecaki dobrych producent\u00f3w maj\u0105 r\u00f3\u017cne patenty na bezpieczne i wygodne transportowanie <i>camelback\u00f3w<\/i>.<\/p>\n<div id=\"attachment_8594\" style=\"width: 1034px\" class=\"wp-caption aligncenter\"><img loading=\"lazy\" decoding=\"async\" aria-describedby=\"caption-attachment-8594\" class=\"wp-image-8594 size-large\" title=\"Trekking z plecakiem\" src=\"https:\/\/skalnik.pl\/blog\/wp-content\/uploads\/2019\/08\/Trekking7_TobiasMeyer-1024x768.png\" alt=\"\" width=\"1024\" height=\"768\" srcset=\"https:\/\/www.skalnik.pl\/blog\/wp-content\/uploads\/2019\/08\/Trekking7_TobiasMeyer-1024x768.png 1024w, https:\/\/www.skalnik.pl\/blog\/wp-content\/uploads\/2019\/08\/Trekking7_TobiasMeyer-300x225.png 300w, https:\/\/www.skalnik.pl\/blog\/wp-content\/uploads\/2019\/08\/Trekking7_TobiasMeyer-768x576.png 768w, https:\/\/www.skalnik.pl\/blog\/wp-content\/uploads\/2019\/08\/Trekking7_TobiasMeyer.png 1920w\" sizes=\"auto, (max-width: 1024px) 100vw, 1024px\" \/><p id=\"caption-attachment-8594\" class=\"wp-caption-text\">Czekan zamocowany na froncie (fot. TobiasMeyer \/ Deuter)<\/p><\/div>\n<div><\/div>\n<div class=\"grey_block\">Powy\u017csze rady dotycz\u0105 do\u015b\u0107 standardowych wycieczek w g\u00f3ry. Kiedy bowiem wybierasz si\u0119 do jaskini ca\u0142a ta teoria bierze w \u0142eb. W moim przypadku nie zmienia si\u0119 zasada dotycz\u0105ca dna plecaka, tam rzeczywi\u015bcie l\u0105duj\u0105 najl\u017cejsze rzeczy &#8211; kombinezon zewn\u0119trzny i wewn\u0119trzny oraz kalosze. Gorzej z g\u00f3rn\u0105 cz\u0119\u015bci\u0105, trzeba tam bowiem zmie\u015bci\u0107 zar\u00f3wno sprz\u0119t jaskiniowy osobisty (uprz\u0105\u017c, przyrz\u0105dy), jak i zbiorowy (liny, karabinki, wory) oraz jedzenie i picie. Pakowanie takiego plecaka, by by\u0142 chocia\u017c troch\u0119 wygodny, to sztuka przez du\u017ce SZ.<\/div>\n<p>&nbsp;<\/p>\n<h2><span class=\"ez-toc-section\" id=\"Wlasciwa_regulacja_plecaka\"><\/span>W\u0142a\u015bciwa regulacja plecaka<span class=\"ez-toc-section-end\"><\/span><\/h2>\n<p>Kiedy ju\u017c wszystko znalaz\u0142o swoje miejsce w plecaku zadbaj o w\u0142a\u015bciwe dopasowanie i wyregulowanie plecaka. Nie ma sensu robienie tego przed spakowaniem, bo inaczej uk\u0142ada si\u0119 plecak pusty, a inaczej za\u0142adowany, podobnie zreszt\u0105 znaczenie ma ci\u0119\u017car baga\u017cu. Regulacja jest tak samo wa\u017cna, jak ca\u0142e pakowanie, dlatego nie miej skrupu\u0142\u00f3w nawet je\u015bli po\u017cyczasz od kogo\u015b plecak. On musi by\u0107 idealnie dopasowany. Dlatego te\u017c jestem wielk\u0105 zwolenniczk\u0105 damskich modeli \u00a0szczeg\u00f3lnie dla pa\u0144 o kobiecej budowie. Sama tak\u0105 mam, i sw\u00f3j plecak kocham za to, \u017ce uk\u0142ada si\u0119 w odpowiednich miejscach. My\u015bl\u0119, \u017ce ju\u017c nigdy nie wr\u00f3c\u0119 do modeli uniseks (czyli m\u0119skich).<\/p>\n<div id=\"attachment_8607\" style=\"width: 1034px\" class=\"wp-caption aligncenter\"><img loading=\"lazy\" decoding=\"async\" aria-describedby=\"caption-attachment-8607\" class=\"wp-image-8607 size-large\" title=\"Plecak gotowy na wycieczk\u0119\" src=\"https:\/\/skalnik.pl\/blog\/wp-content\/uploads\/2019\/08\/GMP_S19_Zulu_Enviro-2618-1024x683.jpg\" alt=\"\" width=\"1024\" height=\"683\" srcset=\"https:\/\/www.skalnik.pl\/blog\/wp-content\/uploads\/2019\/08\/GMP_S19_Zulu_Enviro-2618-1024x683.jpg 1024w, https:\/\/www.skalnik.pl\/blog\/wp-content\/uploads\/2019\/08\/GMP_S19_Zulu_Enviro-2618-300x200.jpg 300w, https:\/\/www.skalnik.pl\/blog\/wp-content\/uploads\/2019\/08\/GMP_S19_Zulu_Enviro-2618-768x512.jpg 768w\" sizes=\"auto, (max-width: 1024px) 100vw, 1024px\" \/><p id=\"caption-attachment-8607\" class=\"wp-caption-text\">Poprawnie spakowany plecak (fot. Gregory)<\/p><\/div>\n<p>&nbsp;<\/p>\n<p>Pami\u0119taj \u2013 to nieprawda, \u017ce wystarczy raz wyregulowa\u0107 plecak, by mie\u0107 spok\u00f3j na wszystkie wypady. Po pierwsze to mo\u017ce zadzia\u0142a\u0107 tylko wtedy, gdy masz sw\u00f3j plecak i nikomu go nie po\u017cyczasz. Jednak nawet w takim przypadku regulacja b\u0119dzie konieczna w zale\u017cno\u015bci od tego, ile wa\u017cy tw\u00f3j baga\u017c. Im ci\u0119\u017cszy, tym regulacja powinna by\u0107 precyzyjniejsza, by dobrze odci\u0105\u017cy\u0107 kr\u0119gos\u0142up, przenie\u015b\u0107 ci\u0119\u017car w najwi\u0119kszym stopniu na biodra. Jak to zrobi\u0107 w praktyce, pokazuje S\u0142awek.<\/p>\n<p><iframe loading=\"lazy\" src=\"https:\/\/www.youtube.com\/embed\/3gM6fjrg0JI\" width=\"560\" height=\"315\" frameborder=\"0\" allowfullscreen=\"allowfullscreen\"><\/iframe><\/p>\n","protected":false},"excerpt":{"rendered":"<p>W\u0142a\u015bciwe pakowanie plecaka to umiej\u0119tno\u015b\u0107, kt\u00f3r\u0105 powinien posiada\u0107 ka\u017cdy turysta. Dobrze spakowany plecak jest wygodny i ma wewn\u0105trz wszystko, co mo\u017ce by\u0107 przydatne podczas w\u0119dr\u00f3wki. Radzimy, jak prawid\u0142owo spakowa\u0107 plecak.<\/p>\n","protected":false},"author":9,"featured_media":8640,"comment_status":"open","ping_status":"open","sticky":false,"template":"","format":"standard","meta":{"_acf_changed":false,"footnotes":""},"categories":[5,3],"tags":[23,95,210],"magento_category":[51],"magento_product":[],"class_list":["post-8525","post","type-post","status-publish","format-standard","has-post-thumbnail","hentry","category-branza","category-porady","tag-plecaki","tag-sprzet-turystyczny","tag-turystyka"],"acf":[],"aioseo_notices":[],"aioseo_head":"\n\t\t<!-- All in One SEO 4.9.10 - aioseo.com -->\n\t<meta name=\"description\" content=\"Pakowanie plecaka turystycznego to umi\u0119tno\u015b\u0107, kt\u00f3r\u0105 powinien opanowa\u0107 ka\u017cdy turysta g\u00f3rski. Dobrze spakowany plecak towi\u0119cej wygody i stabilno\u015b\u0107 na szlaku.\" \/>\n\t<meta name=\"robots\" content=\"max-image-preview:large\" \/>\n\t<meta name=\"author\" content=\"Beata Nawrotkiewicz\"\/>\n\t<link rel=\"canonical\" href=\"https:\/\/www.skalnik.pl\/blog\/jak-spakowac-plecak-turystyczny\/\" \/>\n\t<meta name=\"generator\" content=\"All in One SEO (AIOSEO) 4.9.10\" \/>\n\t\t<meta property=\"og:locale\" content=\"pl_PL\" \/>\n\t\t<meta property=\"og:site_name\" content=\"blog Skalnik - Blog, porady, artyku\u0142y - blog Skalnik\" \/>\n\t\t<meta property=\"og:type\" content=\"article\" \/>\n\t\t<meta property=\"og:title\" content=\"Jak spakowa\u0107 plecak turystyczny - blog Skalnik\" \/>\n\t\t<meta property=\"og:description\" content=\"Pakowanie plecaka turystycznego to umi\u0119tno\u015b\u0107, kt\u00f3r\u0105 powinien opanowa\u0107 ka\u017cdy turysta g\u00f3rski. Dobrze spakowany plecak towi\u0119cej wygody i stabilno\u015b\u0107 na szlaku.\" \/>\n\t\t<meta property=\"og:url\" content=\"https:\/\/www.skalnik.pl\/blog\/jak-spakowac-plecak-turystyczny\/\" \/>\n\t\t<meta property=\"og:image\" content=\"https:\/\/skalnik.pl\/blog\/wp-content\/uploads\/2019\/08\/GMP_S19_Zulu_Enviro-3-1024x709.jpg\" \/>\n\t\t<meta property=\"og:image:secure_url\" content=\"https:\/\/skalnik.pl\/blog\/wp-content\/uploads\/2019\/08\/GMP_S19_Zulu_Enviro-3-1024x709.jpg\" \/>\n\t\t<meta property=\"article:tag\" content=\"bran\u017ca\" \/>\n\t\t<meta property=\"article:tag\" content=\"porady\" \/>\n\t\t<meta property=\"article:tag\" content=\"plecaki\" \/>\n\t\t<meta property=\"article:tag\" content=\"sprz\u0119t turystyczny\" \/>\n\t\t<meta property=\"article:tag\" content=\"turystyka\" \/>\n\t\t<meta property=\"article:published_time\" content=\"2019-08-26T07:12:10+00:00\" \/>\n\t\t<meta property=\"article:modified_time\" content=\"2019-09-03T06:27:57+00:00\" \/>\n\t\t<meta name=\"twitter:card\" content=\"summary_large_image\" \/>\n\t\t<meta name=\"twitter:title\" content=\"Jak spakowa\u0107 plecak turystyczny - blog Skalnik\" \/>\n\t\t<meta name=\"twitter:description\" content=\"Pakowanie plecaka turystycznego to umi\u0119tno\u015b\u0107, kt\u00f3r\u0105 powinien opanowa\u0107 ka\u017cdy turysta g\u00f3rski. Dobrze spakowany plecak towi\u0119cej wygody i stabilno\u015b\u0107 na szlaku.\" \/>\n\t\t<meta name=\"twitter:image\" content=\"https:\/\/skalnik.pl\/blog\/wp-content\/uploads\/2019\/08\/GMP_S19_Zulu_Enviro-3-1024x709.jpg\" \/>\n\t\t<script type=\"application\/ld+json\" class=\"aioseo-schema\">\n\t\t\t{\"@context\":\"https:\\\/\\\/schema.org\",\"@graph\":[{\"@type\":\"BlogPosting\",\"@id\":\"https:\\\/\\\/www.skalnik.pl\\\/blog\\\/jak-spakowac-plecak-turystyczny\\\/#blogposting\",\"name\":\"Jak spakowa\\u0107 plecak turystyczny - blog Skalnik\",\"headline\":\"Jak spakowa\\u0107 plecak turystyczny\",\"author\":{\"@id\":\"https:\\\/\\\/www.skalnik.pl\\\/blog\\\/author\\\/beata-nawrotkiewicz\\\/#author\"},\"publisher\":{\"@id\":\"https:\\\/\\\/www.skalnik.pl\\\/blog\\\/#organization\"},\"image\":{\"@type\":\"ImageObject\",\"url\":\"https:\\\/\\\/www.skalnik.pl\\\/blog\\\/wp-content\\\/uploads\\\/2019\\\/08\\\/SaundersWill_Gregory_Zion-5223.jpg\",\"width\":1920,\"height\":705},\"datePublished\":\"2019-08-26T09:12:10+02:00\",\"dateModified\":\"2019-09-03T08:27:57+02:00\",\"inLanguage\":\"pl-PL\",\"mainEntityOfPage\":{\"@id\":\"https:\\\/\\\/www.skalnik.pl\\\/blog\\\/jak-spakowac-plecak-turystyczny\\\/#webpage\"},\"isPartOf\":{\"@id\":\"https:\\\/\\\/www.skalnik.pl\\\/blog\\\/jak-spakowac-plecak-turystyczny\\\/#webpage\"},\"articleSection\":\"Bran\\u017ca, Porady, plecaki, sprz\\u0119t turystyczny, turystyka, 1202\"},{\"@type\":\"BreadcrumbList\",\"@id\":\"https:\\\/\\\/www.skalnik.pl\\\/blog\\\/jak-spakowac-plecak-turystyczny\\\/#breadcrumblist\",\"itemListElement\":[{\"@type\":\"ListItem\",\"@id\":\"https:\\\/\\\/www.skalnik.pl\\\/blog#listItem\",\"position\":1,\"name\":\"Home\",\"item\":\"https:\\\/\\\/www.skalnik.pl\\\/blog\",\"nextItem\":{\"@type\":\"ListItem\",\"@id\":\"https:\\\/\\\/www.skalnik.pl\\\/blog\\\/.\\\/porady\\\/#listItem\",\"name\":\"Porady\"}},{\"@type\":\"ListItem\",\"@id\":\"https:\\\/\\\/www.skalnik.pl\\\/blog\\\/.\\\/porady\\\/#listItem\",\"position\":2,\"name\":\"Porady\",\"item\":\"https:\\\/\\\/www.skalnik.pl\\\/blog\\\/.\\\/porady\\\/\",\"nextItem\":{\"@type\":\"ListItem\",\"@id\":\"https:\\\/\\\/www.skalnik.pl\\\/blog\\\/jak-spakowac-plecak-turystyczny\\\/#listItem\",\"name\":\"Jak spakowa\\u0107 plecak turystyczny\"},\"previousItem\":{\"@type\":\"ListItem\",\"@id\":\"https:\\\/\\\/www.skalnik.pl\\\/blog#listItem\",\"name\":\"Home\"}},{\"@type\":\"ListItem\",\"@id\":\"https:\\\/\\\/www.skalnik.pl\\\/blog\\\/jak-spakowac-plecak-turystyczny\\\/#listItem\",\"position\":3,\"name\":\"Jak spakowa\\u0107 plecak turystyczny\",\"previousItem\":{\"@type\":\"ListItem\",\"@id\":\"https:\\\/\\\/www.skalnik.pl\\\/blog\\\/.\\\/porady\\\/#listItem\",\"name\":\"Porady\"}}]},{\"@type\":\"Organization\",\"@id\":\"https:\\\/\\\/www.skalnik.pl\\\/blog\\\/#organization\",\"name\":\"blog Skalnik\",\"description\":\"Blog, porady, artyku\\u0142y - blog Skalnik\",\"url\":\"https:\\\/\\\/www.skalnik.pl\\\/blog\\\/\"},{\"@type\":\"Person\",\"@id\":\"https:\\\/\\\/www.skalnik.pl\\\/blog\\\/author\\\/beata-nawrotkiewicz\\\/#author\",\"url\":\"https:\\\/\\\/www.skalnik.pl\\\/blog\\\/author\\\/beata-nawrotkiewicz\\\/\",\"name\":\"Beata Nawrotkiewicz\",\"image\":{\"@type\":\"ImageObject\",\"@id\":\"https:\\\/\\\/www.skalnik.pl\\\/blog\\\/jak-spakowac-plecak-turystyczny\\\/#authorImage\",\"url\":\"https:\\\/\\\/secure.gravatar.com\\\/avatar\\\/53cf81cfcc3a81694535515925ffcf159be725e8bd1fb455eeb9e2cadcaa5684?s=96&d=mm&r=g\",\"width\":96,\"height\":96,\"caption\":\"Beata Nawrotkiewicz\"}},{\"@type\":\"WebPage\",\"@id\":\"https:\\\/\\\/www.skalnik.pl\\\/blog\\\/jak-spakowac-plecak-turystyczny\\\/#webpage\",\"url\":\"https:\\\/\\\/www.skalnik.pl\\\/blog\\\/jak-spakowac-plecak-turystyczny\\\/\",\"name\":\"Jak spakowa\\u0107 plecak turystyczny - blog Skalnik\",\"description\":\"Pakowanie plecaka turystycznego to umi\\u0119tno\\u015b\\u0107, kt\\u00f3r\\u0105 powinien opanowa\\u0107 ka\\u017cdy turysta g\\u00f3rski. Dobrze spakowany plecak towi\\u0119cej wygody i stabilno\\u015b\\u0107 na szlaku.\",\"inLanguage\":\"pl-PL\",\"isPartOf\":{\"@id\":\"https:\\\/\\\/www.skalnik.pl\\\/blog\\\/#website\"},\"breadcrumb\":{\"@id\":\"https:\\\/\\\/www.skalnik.pl\\\/blog\\\/jak-spakowac-plecak-turystyczny\\\/#breadcrumblist\"},\"author\":{\"@id\":\"https:\\\/\\\/www.skalnik.pl\\\/blog\\\/author\\\/beata-nawrotkiewicz\\\/#author\"},\"creator\":{\"@id\":\"https:\\\/\\\/www.skalnik.pl\\\/blog\\\/author\\\/beata-nawrotkiewicz\\\/#author\"},\"image\":{\"@type\":\"ImageObject\",\"url\":\"https:\\\/\\\/www.skalnik.pl\\\/blog\\\/wp-content\\\/uploads\\\/2019\\\/08\\\/SaundersWill_Gregory_Zion-5223.jpg\",\"@id\":\"https:\\\/\\\/www.skalnik.pl\\\/blog\\\/jak-spakowac-plecak-turystyczny\\\/#mainImage\",\"width\":1920,\"height\":705},\"primaryImageOfPage\":{\"@id\":\"https:\\\/\\\/www.skalnik.pl\\\/blog\\\/jak-spakowac-plecak-turystyczny\\\/#mainImage\"},\"datePublished\":\"2019-08-26T09:12:10+02:00\",\"dateModified\":\"2019-09-03T08:27:57+02:00\"},{\"@type\":\"WebSite\",\"@id\":\"https:\\\/\\\/www.skalnik.pl\\\/blog\\\/#website\",\"url\":\"https:\\\/\\\/www.skalnik.pl\\\/blog\\\/\",\"name\":\"blog Skalnik\",\"description\":\"Blog, porady, artyku\\u0142y - blog Skalnik\",\"inLanguage\":\"pl-PL\",\"publisher\":{\"@id\":\"https:\\\/\\\/www.skalnik.pl\\\/blog\\\/#organization\"}}]}\n\t\t<\/script>\n\t\t<!-- All in One SEO -->\n\n","aioseo_head_json":{"title":"Jak spakowa\u0107 plecak turystyczny - blog Skalnik","description":"Pakowanie plecaka turystycznego to umi\u0119tno\u015b\u0107, kt\u00f3r\u0105 powinien opanowa\u0107 ka\u017cdy turysta g\u00f3rski. Dobrze spakowany plecak towi\u0119cej wygody i stabilno\u015b\u0107 na szlaku.","canonical_url":"https:\/\/www.skalnik.pl\/blog\/jak-spakowac-plecak-turystyczny\/","robots":"max-image-preview:large","keywords":"","webmasterTools":{"miscellaneous":""},"schema":{"@context":"https:\/\/schema.org","@graph":[{"@type":"BlogPosting","@id":"https:\/\/www.skalnik.pl\/blog\/jak-spakowac-plecak-turystyczny\/#blogposting","name":"Jak spakowa\u0107 plecak turystyczny - blog Skalnik","headline":"Jak spakowa\u0107 plecak turystyczny","author":{"@id":"https:\/\/www.skalnik.pl\/blog\/author\/beata-nawrotkiewicz\/#author"},"publisher":{"@id":"https:\/\/www.skalnik.pl\/blog\/#organization"},"image":{"@type":"ImageObject","url":"https:\/\/www.skalnik.pl\/blog\/wp-content\/uploads\/2019\/08\/SaundersWill_Gregory_Zion-5223.jpg","width":1920,"height":705},"datePublished":"2019-08-26T09:12:10+02:00","dateModified":"2019-09-03T08:27:57+02:00","inLanguage":"pl-PL","mainEntityOfPage":{"@id":"https:\/\/www.skalnik.pl\/blog\/jak-spakowac-plecak-turystyczny\/#webpage"},"isPartOf":{"@id":"https:\/\/www.skalnik.pl\/blog\/jak-spakowac-plecak-turystyczny\/#webpage"},"articleSection":"Bran\u017ca, Porady, plecaki, sprz\u0119t turystyczny, turystyka, 1202"},{"@type":"BreadcrumbList","@id":"https:\/\/www.skalnik.pl\/blog\/jak-spakowac-plecak-turystyczny\/#breadcrumblist","itemListElement":[{"@type":"ListItem","@id":"https:\/\/www.skalnik.pl\/blog#listItem","position":1,"name":"Home","item":"https:\/\/www.skalnik.pl\/blog","nextItem":{"@type":"ListItem","@id":"https:\/\/www.skalnik.pl\/blog\/.\/porady\/#listItem","name":"Porady"}},{"@type":"ListItem","@id":"https:\/\/www.skalnik.pl\/blog\/.\/porady\/#listItem","position":2,"name":"Porady","item":"https:\/\/www.skalnik.pl\/blog\/.\/porady\/","nextItem":{"@type":"ListItem","@id":"https:\/\/www.skalnik.pl\/blog\/jak-spakowac-plecak-turystyczny\/#listItem","name":"Jak spakowa\u0107 plecak turystyczny"},"previousItem":{"@type":"ListItem","@id":"https:\/\/www.skalnik.pl\/blog#listItem","name":"Home"}},{"@type":"ListItem","@id":"https:\/\/www.skalnik.pl\/blog\/jak-spakowac-plecak-turystyczny\/#listItem","position":3,"name":"Jak spakowa\u0107 plecak turystyczny","previousItem":{"@type":"ListItem","@id":"https:\/\/www.skalnik.pl\/blog\/.\/porady\/#listItem","name":"Porady"}}]},{"@type":"Organization","@id":"https:\/\/www.skalnik.pl\/blog\/#organization","name":"blog Skalnik","description":"Blog, porady, artyku\u0142y - blog Skalnik","url":"https:\/\/www.skalnik.pl\/blog\/"},{"@type":"Person","@id":"https:\/\/www.skalnik.pl\/blog\/author\/beata-nawrotkiewicz\/#author","url":"https:\/\/www.skalnik.pl\/blog\/author\/beata-nawrotkiewicz\/","name":"Beata Nawrotkiewicz","image":{"@type":"ImageObject","@id":"https:\/\/www.skalnik.pl\/blog\/jak-spakowac-plecak-turystyczny\/#authorImage","url":"https:\/\/secure.gravatar.com\/avatar\/53cf81cfcc3a81694535515925ffcf159be725e8bd1fb455eeb9e2cadcaa5684?s=96&d=mm&r=g","width":96,"height":96,"caption":"Beata Nawrotkiewicz"}},{"@type":"WebPage","@id":"https:\/\/www.skalnik.pl\/blog\/jak-spakowac-plecak-turystyczny\/#webpage","url":"https:\/\/www.skalnik.pl\/blog\/jak-spakowac-plecak-turystyczny\/","name":"Jak spakowa\u0107 plecak turystyczny - blog Skalnik","description":"Pakowanie plecaka turystycznego to umi\u0119tno\u015b\u0107, kt\u00f3r\u0105 powinien opanowa\u0107 ka\u017cdy turysta g\u00f3rski. Dobrze spakowany plecak towi\u0119cej wygody i stabilno\u015b\u0107 na szlaku.","inLanguage":"pl-PL","isPartOf":{"@id":"https:\/\/www.skalnik.pl\/blog\/#website"},"breadcrumb":{"@id":"https:\/\/www.skalnik.pl\/blog\/jak-spakowac-plecak-turystyczny\/#breadcrumblist"},"author":{"@id":"https:\/\/www.skalnik.pl\/blog\/author\/beata-nawrotkiewicz\/#author"},"creator":{"@id":"https:\/\/www.skalnik.pl\/blog\/author\/beata-nawrotkiewicz\/#author"},"image":{"@type":"ImageObject","url":"https:\/\/www.skalnik.pl\/blog\/wp-content\/uploads\/2019\/08\/SaundersWill_Gregory_Zion-5223.jpg","@id":"https:\/\/www.skalnik.pl\/blog\/jak-spakowac-plecak-turystyczny\/#mainImage","width":1920,"height":705},"primaryImageOfPage":{"@id":"https:\/\/www.skalnik.pl\/blog\/jak-spakowac-plecak-turystyczny\/#mainImage"},"datePublished":"2019-08-26T09:12:10+02:00","dateModified":"2019-09-03T08:27:57+02:00"},{"@type":"WebSite","@id":"https:\/\/www.skalnik.pl\/blog\/#website","url":"https:\/\/www.skalnik.pl\/blog\/","name":"blog Skalnik","description":"Blog, porady, artyku\u0142y - blog Skalnik","inLanguage":"pl-PL","publisher":{"@id":"https:\/\/www.skalnik.pl\/blog\/#organization"}}]},"og:locale":"pl_PL","og:site_name":"blog Skalnik - Blog, porady, artyku\u0142y - blog Skalnik","og:type":"article","og:title":"Jak spakowa\u0107 plecak turystyczny - blog Skalnik","og:description":"Pakowanie plecaka turystycznego to umi\u0119tno\u015b\u0107, kt\u00f3r\u0105 powinien opanowa\u0107 ka\u017cdy turysta g\u00f3rski. Dobrze spakowany plecak towi\u0119cej wygody i stabilno\u015b\u0107 na szlaku.","og:url":"https:\/\/www.skalnik.pl\/blog\/jak-spakowac-plecak-turystyczny\/","og:image":"https:\/\/skalnik.pl\/blog\/wp-content\/uploads\/2019\/08\/GMP_S19_Zulu_Enviro-3-1024x709.jpg","og:image:secure_url":"https:\/\/skalnik.pl\/blog\/wp-content\/uploads\/2019\/08\/GMP_S19_Zulu_Enviro-3-1024x709.jpg","article:tag":["bran\u017ca","porady","plecaki","sprz\u0119t turystyczny","turystyka"],"article:published_time":"2019-08-26T07:12:10+00:00","article:modified_time":"2019-09-03T06:27:57+00:00","twitter:card":"summary_large_image","twitter:title":"Jak spakowa\u0107 plecak turystyczny - blog Skalnik","twitter:description":"Pakowanie plecaka turystycznego to umi\u0119tno\u015b\u0107, kt\u00f3r\u0105 powinien opanowa\u0107 ka\u017cdy turysta g\u00f3rski. Dobrze spakowany plecak towi\u0119cej wygody i stabilno\u015b\u0107 na szlaku.","twitter:image":"https:\/\/skalnik.pl\/blog\/wp-content\/uploads\/2019\/08\/GMP_S19_Zulu_Enviro-3-1024x709.jpg"},"aioseo_meta_data":{"post_id":"8525","title":null,"description":"Pakowanie plecaka turystycznego to umi\u0119tno\u015b\u0107, kt\u00f3r\u0105 powinien opanowa\u0107 ka\u017cdy turysta g\u00f3rski. Dobrze spakowany plecak towi\u0119cej wygody i stabilno\u015b\u0107 na szlaku.","keywords":[{"label":"plecaki turystyczne","value":"plecaki turystyczne"},{"label":"plecak turystyczny","value":"plecak turystyczny"},{"label":"pakowanie plecaka","value":"pakowanie plecaka"},{"label":"plecak trekkingowy","value":"plecak trekkingowy"}],"keyphrases":null,"primary_term":null,"canonical_url":null,"og_title":null,"og_description":null,"og_object_type":"default","og_image_type":"default","og_image_url":null,"og_image_width":null,"og_image_height":null,"og_image_custom_url":null,"og_image_custom_fields":null,"og_video":null,"og_custom_url":null,"og_article_section":null,"og_article_tags":null,"twitter_use_og":false,"twitter_card":"default","twitter_image_type":"default","twitter_image_url":null,"twitter_image_custom_url":null,"twitter_image_custom_fields":null,"twitter_title":null,"twitter_description":null,"schema":{"blockGraphs":[],"customGraphs":[],"default":{"data":{"Article":[],"Course":[],"Dataset":[],"FAQPage":[],"Movie":[],"Person":[],"Product":[],"ProductReview":[],"Car":[],"Recipe":[],"Service":[],"SoftwareApplication":[],"WebPage":[]},"graphName":"BlogPosting","isEnabled":true},"graphs":[]},"schema_type":"default","schema_type_options":null,"pillar_content":false,"robots_default":true,"robots_noindex":false,"robots_noarchive":false,"robots_nosnippet":false,"robots_nofollow":false,"robots_noimageindex":false,"robots_noodp":false,"robots_notranslate":false,"robots_max_snippet":null,"robots_max_videopreview":null,"robots_max_imagepreview":"large","priority":null,"frequency":null,"local_seo":null,"breadcrumb_settings":null,"limit_modified_date":false,"ai":null,"created":"2022-08-26 10:04:56","updated":"2026-02-17 21:37:28","seo_analyzer_scan_date":null},"aioseo_breadcrumb":"<div class=\"aioseo-breadcrumbs\"><span class=\"aioseo-breadcrumb\">\n\t\t\t<a href=\"https:\/\/www.skalnik.pl\/blog\" title=\"Home\">Home<\/a>\n\t\t<\/span><span class=\"aioseo-breadcrumb-separator\">&raquo;<\/span><span class=\"aioseo-breadcrumb\">\n\t\t\t<a href=\"https:\/\/www.skalnik.pl\/blog\/.\/porady\/\" title=\"Porady\">Porady<\/a>\n\t\t<\/span><span class=\"aioseo-breadcrumb-separator\">&raquo;<\/span><span class=\"aioseo-breadcrumb\">\n\t\t\tJak spakowa\u0107 plecak turystyczny\n\t\t<\/span><\/div>","aioseo_breadcrumb_json":[{"label":"Home","link":"https:\/\/www.skalnik.pl\/blog"},{"label":"Porady","link":"https:\/\/www.skalnik.pl\/blog\/.\/porady\/"},{"label":"Jak spakowa\u0107 plecak turystyczny","link":"https:\/\/www.skalnik.pl\/blog\/jak-spakowac-plecak-turystyczny\/"}],"_links":{"self":[{"href":"https:\/\/www.skalnik.pl\/blog\/wp-json\/wp\/v2\/posts\/8525","targetHints":{"allow":["GET"]}}],"collection":[{"href":"https:\/\/www.skalnik.pl\/blog\/wp-json\/wp\/v2\/posts"}],"about":[{"href":"https:\/\/www.skalnik.pl\/blog\/wp-json\/wp\/v2\/types\/post"}],"author":[{"embeddable":true,"href":"https:\/\/www.skalnik.pl\/blog\/wp-json\/wp\/v2\/users\/9"}],"replies":[{"embeddable":true,"href":"https:\/\/www.skalnik.pl\/blog\/wp-json\/wp\/v2\/comments?post=8525"}],"version-history":[{"count":21,"href":"https:\/\/www.skalnik.pl\/blog\/wp-json\/wp\/v2\/posts\/8525\/revisions"}],"predecessor-version":[{"id":8639,"href":"https:\/\/www.skalnik.pl\/blog\/wp-json\/wp\/v2\/posts\/8525\/revisions\/8639"}],"wp:featuredmedia":[{"embeddable":true,"href":"https:\/\/www.skalnik.pl\/blog\/wp-json\/wp\/v2\/media\/8640"}],"wp:attachment":[{"href":"https:\/\/www.skalnik.pl\/blog\/wp-json\/wp\/v2\/media?parent=8525"}],"wp:term":[{"taxonomy":"category","embeddable":true,"href":"https:\/\/www.skalnik.pl\/blog\/wp-json\/wp\/v2\/categories?post=8525"},{"taxonomy":"post_tag","embeddable":true,"href":"https:\/\/www.skalnik.pl\/blog\/wp-json\/wp\/v2\/tags?post=8525"},{"taxonomy":"magento_category","embeddable":true,"href":"https:\/\/www.skalnik.pl\/blog\/wp-json\/wp\/v2\/magento_category?post=8525"},{"taxonomy":"magento_product","embeddable":true,"href":"https:\/\/www.skalnik.pl\/blog\/wp-json\/wp\/v2\/magento_product?post=8525"}],"curies":[{"name":"wp","href":"https:\/\/api.w.org\/{rel}","templated":true}]}}