{"id":8643,"date":"2019-08-29T07:45:13","date_gmt":"2019-08-29T05:45:13","guid":{"rendered":"https:\/\/skalnik.pl\/blog\/?p=8643"},"modified":"2020-03-10T10:56:52","modified_gmt":"2020-03-10T09:56:52","slug":"the-north-face-historia-marki","status":"publish","type":"post","link":"https:\/\/www.skalnik.pl\/blog\/the-north-face-historia-marki\/","title":{"rendered":"The North Face &#8211; historia marki"},"content":{"rendered":"<p><b>Tak si\u0119 sk\u0142ada, \u017ce kariera najwi\u0119kszych ameryka\u0144skich marek outdoor i historia ich tw\u00f3rc\u00f3w, to materia\u0142 na hollywoodzki scenariusz. Zazwyczaj to opowie\u015b\u0107 o gara\u017cu lub ma\u0142ym sklepiku, kt\u00f3ry z niech\u0119ci\u0105 \u2013 ale c\u00f3\u017c pocz\u0105\u0107 \u2013 prowadzi jaki\u015b dirtbag czyli go\u015b\u0107, kt\u00f3ry najch\u0119tniej by si\u0119 wspina\u0142, a nie prowadzi\u0142 biznes.<\/b><\/p>\n<p>Podobnie by\u0142o ze znan\u0105 dzi\u015b na ca\u0142ym \u015bwiecie mark\u0105 The North Face. Dzi\u015b jest to brand, kt\u00f3ry kojarzy si\u0119 \u015bci\u015ble z bran\u017c\u0105 outdoor, cho\u0107 trzeba przyzna\u0107, \u017ce dawno te\u017c wyszed\u0142 poza granic\u0119 aktywnego stylu \u017cycia i sta\u0142 si\u0119 rozpoznawaln\u0105 mark\u0105, funkcjonuj\u0105c\u0105 te\u017c w pewnym sensie na zasadach marek modowych. Nie od razu tak jednak by\u0142o.<\/p>\n<p>&nbsp;<\/p>\n<div id=\"ez-toc-container\" class=\"ez-toc-v2_0_85 counter-hierarchy ez-toc-counter ez-toc-light-blue ez-toc-container-direction\">\n<div class=\"ez-toc-title-container\">\n<p class=\"ez-toc-title\" style=\"cursor:inherit\">SPIS TRE\u015aCI <\/p>\n<span class=\"ez-toc-title-toggle\"><a href=\"#\" class=\"ez-toc-pull-right ez-toc-btn ez-toc-btn-xs ez-toc-btn-default ez-toc-toggle\" aria-label=\"Prze\u0142\u0105cznik Spisu Tre\u015bci\"><span class=\"ez-toc-js-icon-con\"><span class=\"\"><span class=\"eztoc-hide\" style=\"display:none;\">Toggle<\/span><span class=\"ez-toc-icon-toggle-span\"><svg style=\"fill: #999;color:#999\" xmlns=\"http:\/\/www.w3.org\/2000\/svg\" class=\"list-377408\" width=\"20px\" height=\"20px\" viewBox=\"0 0 24 24\" fill=\"none\"><path d=\"M6 6H4v2h2V6zm14 0H8v2h12V6zM4 11h2v2H4v-2zm16 0H8v2h12v-2zM4 16h2v2H4v-2zm16 0H8v2h12v-2z\" fill=\"currentColor\"><\/path><\/svg><svg style=\"fill: #999;color:#999\" class=\"arrow-unsorted-368013\" xmlns=\"http:\/\/www.w3.org\/2000\/svg\" width=\"10px\" height=\"10px\" viewBox=\"0 0 24 24\" version=\"1.2\" baseProfile=\"tiny\"><path d=\"M18.2 9.3l-6.2-6.3-6.2 6.3c-.2.2-.3.4-.3.7s.1.5.3.7c.2.2.4.3.7.3h11c.3 0 .5-.1.7-.3.2-.2.3-.5.3-.7s-.1-.5-.3-.7zM5.8 14.7l6.2 6.3 6.2-6.3c.2-.2.3-.5.3-.7s-.1-.5-.3-.7c-.2-.2-.4-.3-.7-.3h-11c-.3 0-.5.1-.7.3-.2.2-.3.5-.3.7s.1.5.3.7z\"\/><\/svg><\/span><\/span><\/span><\/a><\/span><\/div>\n<nav><ul class='ez-toc-list ez-toc-list-level-1 ' ><li class='ez-toc-page-1 ez-toc-heading-level-2'><a class=\"ez-toc-link ez-toc-heading-1\" href=\"https:\/\/www.skalnik.pl\/blog\/the-north-face-historia-marki\/#North_Face_czyli_od_sklepiku_po_wielki_brand\" >North Face, czyli od sklepiku po wielki brand<\/a><\/li><li class='ez-toc-page-1 ez-toc-heading-level-2'><a class=\"ez-toc-link ez-toc-heading-2\" href=\"https:\/\/www.skalnik.pl\/blog\/the-north-face-historia-marki\/#Douglas_Tompkins_%E2%80%93_tworca_marki_The_North_Face\" >Douglas Tompkins \u2013 tw\u00f3rca marki The North Face<\/a><\/li><li class='ez-toc-page-1 ez-toc-heading-level-2'><a class=\"ez-toc-link ez-toc-heading-3\" href=\"https:\/\/www.skalnik.pl\/blog\/the-north-face-historia-marki\/#The_North_Face_%E2%80%93_historia_marki_to_historia_innowacji\" >The North Face \u2013 historia marki to historia innowacji<\/a><\/li><li class='ez-toc-page-1 ez-toc-heading-level-2'><a class=\"ez-toc-link ez-toc-heading-4\" href=\"https:\/\/www.skalnik.pl\/blog\/the-north-face-historia-marki\/#Kultowa_kurtka_TNF_kultowa_torba_kultowy_polar\" >Kultowa kurtka TNF, kultowa torba, kultowy polar<\/a><\/li><\/ul><\/nav><\/div>\n<h2><span class=\"ez-toc-section\" id=\"North_Face_czyli_od_sklepiku_po_wielki_brand\"><\/span>North Face, czyli od sklepiku po wielki brand<span class=\"ez-toc-section-end\"><\/span><\/h2>\n<p>North Face \u2013 w\u0142a\u015bnie tak nazywa\u0142 si\u0119 sklepik narciarski i turystyczny, kt\u00f3ry w 1966 r. za po\u017cyczone 5 ty\u015b. dolar\u00f3w zak\u0142adaj\u0105 Douglas Tompkins i Susie Russell. Ju\u017c od samego pocz\u0105tku tw\u00f3rcy jednej z najwi\u0119kszych marek outdoor przyjmuj\u0105 za sw\u0105 filozofi\u0119 has\u0142o \u201cNever stop exploring\u201d. Warto doda\u0107, \u017ce sama nazwa sklepiku, a potem marki, znaczy po prostu \u201cp\u00f3\u0142nocna \u015bciana\u201d. W \u015bwiecie alpinist\u00f3w z p\u00f3\u0142kuli p\u00f3\u0142nocnej globu to synonim \u015bcian najtrudniejszych, najzimniejszych i najbardziej niedost\u0119pnych. Samo logo marki r\u00f3wnie\u017c mocno wi\u0105\u017ce brand ze wspinaczkowymi pocz\u0105tkami. Jest ono odwzorowaniem \u015bciany El Capitan.<\/p>\n<div id=\"attachment_8686\" style=\"width: 1034px\" class=\"wp-caption alignnone\"><img loading=\"lazy\" decoding=\"async\" aria-describedby=\"caption-attachment-8686\" class=\"wp-image-8686 size-large\" title=\"logo tnf el cap\" src=\"https:\/\/skalnik.pl\/blog\/wp-content\/uploads\/2019\/08\/logo-tnf-el-cap-1024x455.jpg\" alt=\"logo el cap tnf\" width=\"1024\" height=\"455\" srcset=\"https:\/\/www.skalnik.pl\/blog\/wp-content\/uploads\/2019\/08\/logo-tnf-el-cap-1024x455.jpg 1024w, https:\/\/www.skalnik.pl\/blog\/wp-content\/uploads\/2019\/08\/logo-tnf-el-cap-300x133.jpg 300w, https:\/\/www.skalnik.pl\/blog\/wp-content\/uploads\/2019\/08\/logo-tnf-el-cap-768x341.jpg 768w, https:\/\/www.skalnik.pl\/blog\/wp-content\/uploads\/2019\/08\/logo-tnf-el-cap.jpg 1361w\" sizes=\"auto, (max-width: 1024px) 100vw, 1024px\" \/><p id=\"caption-attachment-8686\" class=\"wp-caption-text\">Logotyp The North Face inspirowany jest monolitycznym granitowym masywem El Capitan. Dla wspinaczy to wi\u0119cej ni\u017c g\u00f3ra, to historia wspiaczki skalnej (fot. kadr z filmu Valley Uprising)<\/p><\/div>\n<p>&nbsp;<\/p>\n<h2><span class=\"ez-toc-section\" id=\"Douglas_Tompkins_%E2%80%93_tworca_marki_The_North_Face\"><\/span>Douglas Tompkins \u2013 tw\u00f3rca marki The North Face<span class=\"ez-toc-section-end\"><\/span><\/h2>\n<p>To w\u0142a\u015bnie on, potomek osadnik\u00f3w ze statku Myflower, uwa\u017cany jest za ojca marki <a href=\"https:\/\/skalnik.pl\/the-north-face\" target=\"_blank\" rel=\"noopener noreferrer\">The North Face<\/a>. Tompkins, cho\u0107 nale\u017ca\u0142 do zamo\u017cnej rodziny, mo\u017cna rzec jednej z tych, kt\u00f3ra za\u0142o\u017cy\u0142a Stany Zjednoczone, zawsze szed\u0142 pod pr\u0105d i wybiera\u0142 w\u0142asn\u0105 drog\u0119. Nigdy nie sko\u0144czy\u0142 college&#8217;u, bo za \u0142amanie zasad wylecia\u0142 z elitarnej szko\u0142y. Prowadzenie interesu obchodzi\u0142o go te\u017c mniej ni\u017c wej\u015bcie na Fitz Roy.<\/p>\n<p>Ju\u017c dwa lata po otwarciu ma\u0142ego biznesu w North Beach pod San Francisco pakuje wspinaczkowy szpej i wsiada do wana z czw\u00f3rk\u0105 przyjaci\u00f3\u0142mi, mi\u0119dzy innymi Yvonem Chouinardem \u2013 tw\u00f3rc\u0105 marki Patagonia. Wspinacze ci sp\u0119dzaj\u0105 nast\u0119pne p\u00f3\u0142 roku w Patagonii pod g\u00f3r\u0105-ikon\u0105, gdzie zapisuj\u0105 si\u0119 w historii jako trzeci zesp\u00f3\u0142, kt\u00f3ry stan\u0105\u0142 na szczycie Fitz Roy. O wyprawie opowiada film &#8222;Mountain of Storm&#8221;.<\/p>\n<p><iframe loading=\"lazy\" src=\"https:\/\/www.youtube.com\/embed\/lOeQX6Xq2WU\" allowfullscreen=\"allowfullscreen\" width=\"800\" height=\"442\" frameborder=\"0\"><\/iframe><\/p>\n<p>Tompkins, jak na tw\u00f3rc\u0119 marki, szybko porzuca interes. Po powrocie z Patagonii sprzedaje udzia\u0142y w firmie. Z lokalnego biznesu do globalnej marki marki firm\u0119 rozkr\u0119ci jego przyjaciel Kenneth \u201eHap\u201d Klopp. Tompkins natomiast anga\u017cuje si\u0119 w rozw\u00f3j marki Esprit, kt\u00f3rej udzia\u0142y te\u017c p\u00f3\u017aniej sprzeda z zyskiem po to, by kupowa\u0107 ziemi\u0119 w Ameryce P\u00f3\u0142nocnej, sta\u0107 si\u0119 jednym z najwi\u0119kszych posiadaczy ziemskich na globie i tworzy\u0107 na kupionych obszarach parki narodowe. Do \u015bmierci w 2015 r. dla jednych b\u0119dzie wizjonerem oddaj\u0105cym ziemi\u0119 naturze, dla innych szale\u0144cem, kt\u00f3ry niszczy kultur\u0119 lokalnych farmer\u00f3w.<\/p>\n<p>&nbsp;<\/p>\n<h2><span class=\"ez-toc-section\" id=\"The_North_Face_%E2%80%93_historia_marki_to_historia_innowacji\"><\/span>The North Face \u2013 historia marki to historia innowacji<span class=\"ez-toc-section-end\"><\/span><\/h2>\n<p>Spokojnie mo\u017cna stwierdzi\u0107, \u017ce w DNA The North Face \u2013 nie tylko z racji sloganu \u2013 jest wpisana eksploracja. Marka ma za sob\u0105 szereg innowacyjnych produkt\u00f3w, kt\u00f3re na trwa\u0142e wpisa\u0142y si\u0119 w histori\u0119 outdooru.<\/p>\n<p>Jeszcze z inicjatywy Tompkinsa powstaje pierwszy namiot o zakrzywionym daszku. To w\u0142a\u015bnie on wpada na pomys\u0142, \u017ceby namiot by\u0142 zaokr\u0105glony u g\u00f3ry i nie mia\u0142 tradycyjnego szpicu. Tompkins wygina rurki stela\u017ca, co czyni namiot The North Face znacznie odporniejszym na podmuchy wiatru, a to w g\u00f3rach bardzo po\u017c\u0105dana cecha.<\/p>\n<p>Szybko, bo ju\u017c w ko\u0144cu lat \u201860, firma ugruntowuje swoj\u0105 pozycj\u0119 na ameryka\u0144skim rynku outdoor. Oczywi\u015bcie ma to zwi\u0105zek z kolejnym pomys\u0142em produktowym, kt\u00f3rego pomys\u0142odawc\u0105 jest Klopp. Dok\u0142adnie w 1969 roku powstaje legendarny <a href=\"https:\/\/skalnik.pl\/sprzet-turystyczny\/plecaki\/the-north-face\" target=\"_blank\" rel=\"noopener noreferrer\">plecak The North Face<\/a> o nazwie Ruthsack, kt\u00f3ry stoi u progu mody na backpacking. Plecak jest lekki i ma wiele kieszonek, kt\u00f3re u\u0142atwiaj\u0105 spakowa\u0107 si\u0119 na wypraw\u0119. Niby proste, ale znowu rewolucyjne.<\/p>\n<div id=\"attachment_8654\" style=\"width: 910px\" class=\"wp-caption alignnone\"><img loading=\"lazy\" decoding=\"async\" aria-describedby=\"caption-attachment-8654\" class=\"wp-image-8654 size-full\" src=\"https:\/\/skalnik.pl\/blog\/wp-content\/uploads\/2019\/08\/namiot-tnf.jpg\" alt=\"namioty tnf\" width=\"900\" height=\"700\" srcset=\"https:\/\/www.skalnik.pl\/blog\/wp-content\/uploads\/2019\/08\/namiot-tnf.jpg 900w, https:\/\/www.skalnik.pl\/blog\/wp-content\/uploads\/2019\/08\/namiot-tnf-300x233.jpg 300w, https:\/\/www.skalnik.pl\/blog\/wp-content\/uploads\/2019\/08\/namiot-tnf-768x597.jpg 768w\" sizes=\"auto, (max-width: 900px) 100vw, 900px\" \/><p id=\"caption-attachment-8654\" class=\"wp-caption-text\">Namioty ekspedycyjne to r\u00f3wnie\u017c mocna strona marki (fot. The North Face)<\/p><\/div>\n<p>&nbsp;<\/p>\n<p>Lata 70 przynosz\u0105 kolejn\u0105 innowacj\u0119. W 1975 r. marka do wsp\u00f3\u0142pracy zaprasza Richarda Fullera &#8211; konstruktywist\u0119 i tw\u00f3rc\u0119 \u201ckopu\u0142y geodezyjnej\u201d. Pomys\u0142y ameryka\u0144skiego konstruktora i architekta rewolucjonizuj\u0105 nie tylko architektur\u0119, ale te\u017c namioty ekspedycyjne. Tak powstaje pierwszy namiot sferyczny The Oval InTENTion.<\/p>\n<p>To kilka przyk\u0142ad\u00f3w, bo marka wci\u0105\u017c nie przestaje eksplorowa\u0107, czego dowodem mo\u017ce by\u0107 nowa membrana, kt\u00f3ra w zapowiedziach swych tw\u00f3rc\u00f3w ma przynie\u015b\u0107 w outdoorze kolejn\u0105 rewolucj\u0119. O membranie przysz\u0142o\u015bci FutureLight przeczytasz <a href=\"https:\/\/skalnik.pl\/blog\/futurelight-marki-the-north-face-membrana-przyszlosci\/\" target=\"_blank\" rel=\"noopener noreferrer\">tutaj<\/a>.<\/p>\n<p>Dzi\u015b marka pozostaje cz\u0119\u015bci\u0105 ameryka\u0144skiej korporacji odzie\u017cowej VF Corporation, w kt\u00f3rej katalogu s\u0105 tak znane marki jak cho\u0107by Wrangler, Lee, Timberland czy Vans. Dzi\u0119ki temu kapita\u0142owy portfel marki jest naprawd\u0119 bogaty. Mo\u017ce ona stawia\u0107 na dalsze innowacje, wspiera\u0107 alpinist\u00f3w najwy\u017cszego formatu i bra\u0107 udzia\u0142 w ekspedycjach i wyprawach eksploracyjnych, o kt\u00f3rych m\u00f3wi si\u0119 na ca\u0142ym \u015bwiecie.<\/p>\n<div id=\"attachment_8648\" style=\"width: 860px\" class=\"wp-caption alignnone\"><img loading=\"lazy\" decoding=\"async\" aria-describedby=\"caption-attachment-8648\" class=\"wp-image-8648 size-full\" src=\"https:\/\/skalnik.pl\/blog\/wp-content\/uploads\/2019\/08\/001_LO_S19_SUMMIT_032-0.jpg\" alt=\"Emily Harrington\" width=\"850\" height=\"567\" srcset=\"https:\/\/www.skalnik.pl\/blog\/wp-content\/uploads\/2019\/08\/001_LO_S19_SUMMIT_032-0.jpg 850w, https:\/\/www.skalnik.pl\/blog\/wp-content\/uploads\/2019\/08\/001_LO_S19_SUMMIT_032-0-300x200.jpg 300w, https:\/\/www.skalnik.pl\/blog\/wp-content\/uploads\/2019\/08\/001_LO_S19_SUMMIT_032-0-768x512.jpg 768w\" sizes=\"auto, (max-width: 850px) 100vw, 850px\" \/><p id=\"caption-attachment-8648\" class=\"wp-caption-text\">Emily Harrington jedna z najlepiej wspinaj\u0105cych si\u0119 kobiet i ambasadorka marki The North Face (fot. The North Face)<\/p><\/div>\n<p>&nbsp;<\/p>\n<h2><span class=\"ez-toc-section\" id=\"Kultowa_kurtka_TNF_kultowa_torba_kultowy_polar\"><\/span>Kultowa kurtka TNF, kultowa torba, kultowy polar<span class=\"ez-toc-section-end\"><\/span><\/h2>\n<p>Niekt\u00f3re produkty znanych marek przechodz\u0105 do historii nie tylko outdooru, ale te\u017c popkultury. Rozw\u00f3j marki The North Face, ale te\u017c jej romans z modowym \u015bwiatem, sprawi\u0142, \u017ce dzi\u015b odzie\u017c z logo TNF to produkty rozpoznawalne i po\u017c\u0105dane na ca\u0142ym \u015bwiecie.<\/p>\n<p>W latach osiemdziesi\u0105tych kultowym produktem TNF sta\u0142 si\u0119 polar Denali Jacket. Model debiutowa\u0142 wprawdzie w roli polarowej podszewki, ale zaraz po wprowadzeniu go do katalog\u00f3w w 1988 r. sta\u0142 si\u0119 ikon\u0105 outdoorowego stylu. Polarowy klasyk nie wypad\u0142 z katalogu do dzisiaj i wci\u0105\u017c w sprzeda\u017cy plasuje si\u0119 jako bestsellerowa bluza North Face. To w\u0142a\u015bnie w takiej bluzie Todd Skinner z partnerem, kt\u00f3rym by\u0142 Paul Piana, dokona\u0142 pierwszego przej\u015bcia Salath\u00e9 Wall w Yosemitach. Wspinaczka ta by\u0142a wydarzeniem prze\u0142omowym dla ameryka\u0144skiej i \u015bwiatowej historii wspinania.<\/p>\n<p>Teraz zamknij oczy i spr\u00f3buj wyobrazi\u0107 sobie prawdziwego rapera z Nowego Yorku. Na lata 90 XX w. przypada boom, w kt\u00f3rym kurtki The North Face zaw\u0142adn\u0119\u0142y nowojorsk\u0105 scen\u0105. Nieod\u0142\u0105cznym atrybutem raper\u00f3w z East Coast staje si\u0119 nie tylko ci\u0119ty j\u0119zyk, ale te\u017c kurtka North Face Nuptse. Najpierw kurtka, a potem bluza i czapka The North Face sta\u0142y si\u0119 rozpoznawalnym elementem outfitu raper\u00f3w i trwa to do dzisiaj. Zreszt\u0105 25 lat historii tego modelu przekonuje, \u017ce model doskonale sprawdzi\u0142 si\u0119 w roli odzie\u017cy zak\u0142adanej zim\u0105 na co dzie\u0144. Dzi\u015b jest to po prostu bestsellerowa kurtka zimowa The North Face.<\/p>\n<p>Do trzech razy sztuka? Klasyczny duffel bag&#8230; to przecie\u017c r\u00f3wnie\u017c model torby The North Face. Niezniszczalna, ponadczasowa, produkowana nieprzerwanie od 1986 roku \u2013 po prostu Base Camp Duffel Bag. Mog\u0119 si\u0119 za\u0142o\u017cy\u0107, \u017ce to model, kt\u00f3ry by\u0142 na wszystkich kontynentach. Ponadczasowy design torby i jej wysoka funkcjonalno\u015b\u0107 sprawia, \u017ce ta torba ekspedycyjna przez lata praktycznie niewiele si\u0119 zmienia i stanowi wz\u00f3r dla toreb ekspedycyjnych innych producent\u00f3w.<\/p>\n<p><iframe loading=\"lazy\" src=\"https:\/\/www.youtube.com\/embed\/hkpSpI3SBvw\" allowfullscreen=\"allowfullscreen\" width=\"800\" height=\"442\" frameborder=\"0\"><\/iframe><\/p>\n<p>&nbsp;<\/p>\n<p>Po\u015br\u00f3d wielu istniej\u0105cych marek outdoor ma <a href=\"https:\/\/skalnik.pl\/odziez\/odziez-meska\/odziez-meska-kurtki\/the-north-face\" target=\"_blank\" rel=\"noopener noreferrer\">The North Face kurtki<\/a> i inne produkty, kt\u00f3re obros\u0142y histori\u0105 nie tylko w \u015bwiecie g\u00f3r i dzikich ost\u0119p\u00f3w, ale tak\u017ce sta\u0142y si\u0119 bardzo po\u017c\u0105danymi produktami, po kt\u00f3re si\u0119ga szersze grono u\u017cytkownik\u00f3w. Na szcz\u0119\u015bcie marka nie zatraci\u0142a w tym wszystkim swego g\u00f3rskiego rodowodu i wci\u0105\u017c jest mu wierna w technicznych produktach, a nawet ca\u0142ych seriach, takich cho\u0107by jak os\u0142awiony The North Face Summit Series.<\/p>\n<p>&nbsp;<\/p>\n<p>W\u015br\u00f3d wielu znakomitych marek nasz sklep The North Face stawia\u0142 zawsze wysoko w katalogu oferowanych produkt\u00f3w. Jeden z naszych stacjonarnych punkt\u00f3w we Wroc\u0142awiu jest nawet firmowym stoiskiem tej marki. Zaufanie najlepszych alpinist\u00f3w, ale te\u017c i satysfakcja klient\u00f3w uprawiaj\u0105cych cho\u0107by tylko weekendow\u0105 turystyk\u0119 sprawia, \u017ce odzie\u017c i ekwipunek z logo TNF to jedna z najcz\u0119\u015bciej wybieranych opcji zakupowych. To r\u00f3wnie\u017c zas\u0142uga filozofii ameryka\u0144skiej marki, kt\u00f3ra chce wyposa\u017ca\u0107 ludzi kochaj\u0105cych outdoor w odzie\u017c i ekwipunek kompleksowo, bez wzgl\u0119du na to, jak ambitne lub zupe\u0142nie zwyczajne s\u0105 ich aktywno\u015bci. W tym sensie mo\u017cna powiedzie\u0107, \u017ce w przypadku tej marki realizacja has\u0142a Never Stop Exploring zaczyna si\u0119 zawsze tu\u017c za progiem domu, a nie tylko w g\u00f3rach i miejscach, kt\u00f3re mog\u0105 by\u0107 jeszcze aren\u0105 prawdziwej eksploracji.<\/p>\n","protected":false},"excerpt":{"rendered":"<p>Ciekawi jak powsta\u0142a marka The North Face i jak\u0105 drog\u0119 przeby\u0142a, by sta\u0107 si\u0119 jedn\u0105 z najbardziej rozpoznawalnych marek odziezowych na \u015bwiecie? Poznaj tw\u00f3rc\u0119 TNF i kultowe produkty tej ameryka\u0144skiej marki. <\/p>\n","protected":false},"author":8,"featured_media":11878,"comment_status":"open","ping_status":"open","sticky":false,"template":"","format":"standard","meta":{"_acf_changed":false,"footnotes":""},"categories":[5],"tags":[15,99,153],"magento_category":[40],"magento_product":[],"class_list":["post-8643","post","type-post","status-publish","format-standard","has-post-thumbnail","hentry","category-branza","tag-odziez","tag-rynek-outdoor","tag-the-north-face"],"acf":[],"aioseo_notices":[],"aioseo_head":"\n\t\t<!-- All in One SEO 4.9.10 - aioseo.com -->\n\t<meta name=\"description\" content=\"The North Face to jedna z najbardziej rozpoznawalnych marek outdoor na \u015bwiecie. Poznaj histori\u0119 TNF, kt\u00f3rej pocz\u0105tki to materia\u0142 na scenariusz filmowy.\" \/>\n\t<meta name=\"robots\" content=\"max-image-preview:large\" \/>\n\t<meta name=\"author\" content=\"S\u0142awek Nosal\"\/>\n\t<link rel=\"canonical\" href=\"https:\/\/www.skalnik.pl\/blog\/the-north-face-historia-marki\/\" \/>\n\t<meta name=\"generator\" content=\"All in One SEO (AIOSEO) 4.9.10\" \/>\n\t\t<meta property=\"og:locale\" content=\"pl_PL\" \/>\n\t\t<meta property=\"og:site_name\" content=\"blog Skalnik - Blog, porady, artyku\u0142y - blog Skalnik\" \/>\n\t\t<meta property=\"og:type\" content=\"article\" \/>\n\t\t<meta property=\"og:title\" content=\"The North Face \u2013 historia marki - blog Skalnik\" \/>\n\t\t<meta property=\"og:description\" content=\"The North Face to jedna z najbardziej rozpoznawalnych marek outdoor na \u015bwiecie. Poznaj histori\u0119 TNF, kt\u00f3rej pocz\u0105tki to materia\u0142 na scenariusz filmowy.\" \/>\n\t\t<meta property=\"og:url\" content=\"https:\/\/www.skalnik.pl\/blog\/the-north-face-historia-marki\/\" \/>\n\t\t<meta property=\"og:image\" content=\"https:\/\/skalnik.pl\/blog\/wp-content\/uploads\/2019\/08\/logo-tnf-el-cap-1024x455.jpg\" \/>\n\t\t<meta property=\"og:image:secure_url\" content=\"https:\/\/skalnik.pl\/blog\/wp-content\/uploads\/2019\/08\/logo-tnf-el-cap-1024x455.jpg\" \/>\n\t\t<meta property=\"article:tag\" content=\"bran\u017ca\" \/>\n\t\t<meta property=\"article:tag\" content=\"odzie\u017c\" \/>\n\t\t<meta property=\"article:tag\" content=\"rynek outdoor\" \/>\n\t\t<meta property=\"article:tag\" content=\"the north face\" \/>\n\t\t<meta property=\"article:published_time\" content=\"2019-08-29T05:45:13+00:00\" \/>\n\t\t<meta property=\"article:modified_time\" content=\"2020-03-10T09:56:52+00:00\" \/>\n\t\t<meta name=\"twitter:card\" content=\"summary_large_image\" \/>\n\t\t<meta name=\"twitter:title\" content=\"The North Face \u2013 historia marki - blog Skalnik\" \/>\n\t\t<meta name=\"twitter:description\" content=\"The North Face to jedna z najbardziej rozpoznawalnych marek outdoor na \u015bwiecie. Poznaj histori\u0119 TNF, kt\u00f3rej pocz\u0105tki to materia\u0142 na scenariusz filmowy.\" \/>\n\t\t<meta name=\"twitter:image\" content=\"https:\/\/skalnik.pl\/blog\/wp-content\/uploads\/2019\/08\/logo-tnf-el-cap-1024x455.jpg\" \/>\n\t\t<script type=\"application\/ld+json\" class=\"aioseo-schema\">\n\t\t\t{\"@context\":\"https:\\\/\\\/schema.org\",\"@graph\":[{\"@type\":\"BlogPosting\",\"@id\":\"https:\\\/\\\/www.skalnik.pl\\\/blog\\\/the-north-face-historia-marki\\\/#blogposting\",\"name\":\"The North Face \\u2013 historia marki - blog Skalnik\",\"headline\":\"The North Face &#8211; historia marki\",\"author\":{\"@id\":\"https:\\\/\\\/www.skalnik.pl\\\/blog\\\/author\\\/slawek-nosal\\\/#author\"},\"publisher\":{\"@id\":\"https:\\\/\\\/www.skalnik.pl\\\/blog\\\/#organization\"},\"image\":{\"@type\":\"ImageObject\",\"url\":\"https:\\\/\\\/www.skalnik.pl\\\/blog\\\/wp-content\\\/uploads\\\/2019\\\/08\\\/okladkka-historia-tnf.jpg\",\"width\":1920,\"height\":705},\"datePublished\":\"2019-08-29T07:45:13+02:00\",\"dateModified\":\"2020-03-10T10:56:52+02:00\",\"inLanguage\":\"pl-PL\",\"mainEntityOfPage\":{\"@id\":\"https:\\\/\\\/www.skalnik.pl\\\/blog\\\/the-north-face-historia-marki\\\/#webpage\"},\"isPartOf\":{\"@id\":\"https:\\\/\\\/www.skalnik.pl\\\/blog\\\/the-north-face-historia-marki\\\/#webpage\"},\"articleSection\":\"Bran\\u017ca, odzie\\u017c, rynek outdoor, the north face, 1090\"},{\"@type\":\"BreadcrumbList\",\"@id\":\"https:\\\/\\\/www.skalnik.pl\\\/blog\\\/the-north-face-historia-marki\\\/#breadcrumblist\",\"itemListElement\":[{\"@type\":\"ListItem\",\"@id\":\"https:\\\/\\\/www.skalnik.pl\\\/blog#listItem\",\"position\":1,\"name\":\"Home\",\"item\":\"https:\\\/\\\/www.skalnik.pl\\\/blog\",\"nextItem\":{\"@type\":\"ListItem\",\"@id\":\"https:\\\/\\\/www.skalnik.pl\\\/blog\\\/.\\\/branza\\\/#listItem\",\"name\":\"Bran\\u017ca\"}},{\"@type\":\"ListItem\",\"@id\":\"https:\\\/\\\/www.skalnik.pl\\\/blog\\\/.\\\/branza\\\/#listItem\",\"position\":2,\"name\":\"Bran\\u017ca\",\"item\":\"https:\\\/\\\/www.skalnik.pl\\\/blog\\\/.\\\/branza\\\/\",\"nextItem\":{\"@type\":\"ListItem\",\"@id\":\"https:\\\/\\\/www.skalnik.pl\\\/blog\\\/the-north-face-historia-marki\\\/#listItem\",\"name\":\"The North Face &#8211; historia marki\"},\"previousItem\":{\"@type\":\"ListItem\",\"@id\":\"https:\\\/\\\/www.skalnik.pl\\\/blog#listItem\",\"name\":\"Home\"}},{\"@type\":\"ListItem\",\"@id\":\"https:\\\/\\\/www.skalnik.pl\\\/blog\\\/the-north-face-historia-marki\\\/#listItem\",\"position\":3,\"name\":\"The North Face &#8211; historia marki\",\"previousItem\":{\"@type\":\"ListItem\",\"@id\":\"https:\\\/\\\/www.skalnik.pl\\\/blog\\\/.\\\/branza\\\/#listItem\",\"name\":\"Bran\\u017ca\"}}]},{\"@type\":\"Organization\",\"@id\":\"https:\\\/\\\/www.skalnik.pl\\\/blog\\\/#organization\",\"name\":\"blog Skalnik\",\"description\":\"Blog, porady, artyku\\u0142y - blog Skalnik\",\"url\":\"https:\\\/\\\/www.skalnik.pl\\\/blog\\\/\"},{\"@type\":\"Person\",\"@id\":\"https:\\\/\\\/www.skalnik.pl\\\/blog\\\/author\\\/slawek-nosal\\\/#author\",\"url\":\"https:\\\/\\\/www.skalnik.pl\\\/blog\\\/author\\\/slawek-nosal\\\/\",\"name\":\"S\\u0142awek Nosal\",\"image\":{\"@type\":\"ImageObject\",\"@id\":\"https:\\\/\\\/www.skalnik.pl\\\/blog\\\/the-north-face-historia-marki\\\/#authorImage\",\"url\":\"https:\\\/\\\/secure.gravatar.com\\\/avatar\\\/376f39150afcfc713e809ef8313d42dee4210bb1425eaad8153efa8965009197?s=96&d=mm&r=g\",\"width\":96,\"height\":96,\"caption\":\"S\\u0142awek Nosal\"}},{\"@type\":\"WebPage\",\"@id\":\"https:\\\/\\\/www.skalnik.pl\\\/blog\\\/the-north-face-historia-marki\\\/#webpage\",\"url\":\"https:\\\/\\\/www.skalnik.pl\\\/blog\\\/the-north-face-historia-marki\\\/\",\"name\":\"The North Face \\u2013 historia marki - blog Skalnik\",\"description\":\"The North Face to jedna z najbardziej rozpoznawalnych marek outdoor na \\u015bwiecie. Poznaj histori\\u0119 TNF, kt\\u00f3rej pocz\\u0105tki to materia\\u0142 na scenariusz filmowy.\",\"inLanguage\":\"pl-PL\",\"isPartOf\":{\"@id\":\"https:\\\/\\\/www.skalnik.pl\\\/blog\\\/#website\"},\"breadcrumb\":{\"@id\":\"https:\\\/\\\/www.skalnik.pl\\\/blog\\\/the-north-face-historia-marki\\\/#breadcrumblist\"},\"author\":{\"@id\":\"https:\\\/\\\/www.skalnik.pl\\\/blog\\\/author\\\/slawek-nosal\\\/#author\"},\"creator\":{\"@id\":\"https:\\\/\\\/www.skalnik.pl\\\/blog\\\/author\\\/slawek-nosal\\\/#author\"},\"image\":{\"@type\":\"ImageObject\",\"url\":\"https:\\\/\\\/www.skalnik.pl\\\/blog\\\/wp-content\\\/uploads\\\/2019\\\/08\\\/okladkka-historia-tnf.jpg\",\"@id\":\"https:\\\/\\\/www.skalnik.pl\\\/blog\\\/the-north-face-historia-marki\\\/#mainImage\",\"width\":1920,\"height\":705},\"primaryImageOfPage\":{\"@id\":\"https:\\\/\\\/www.skalnik.pl\\\/blog\\\/the-north-face-historia-marki\\\/#mainImage\"},\"datePublished\":\"2019-08-29T07:45:13+02:00\",\"dateModified\":\"2020-03-10T10:56:52+02:00\"},{\"@type\":\"WebSite\",\"@id\":\"https:\\\/\\\/www.skalnik.pl\\\/blog\\\/#website\",\"url\":\"https:\\\/\\\/www.skalnik.pl\\\/blog\\\/\",\"name\":\"blog Skalnik\",\"description\":\"Blog, porady, artyku\\u0142y - blog Skalnik\",\"inLanguage\":\"pl-PL\",\"publisher\":{\"@id\":\"https:\\\/\\\/www.skalnik.pl\\\/blog\\\/#organization\"}}]}\n\t\t<\/script>\n\t\t<!-- All in One SEO -->\n\n","aioseo_head_json":{"title":"The North Face \u2013 historia marki - blog Skalnik","description":"The North Face to jedna z najbardziej rozpoznawalnych marek outdoor na \u015bwiecie. Poznaj histori\u0119 TNF, kt\u00f3rej pocz\u0105tki to materia\u0142 na scenariusz filmowy.","canonical_url":"https:\/\/www.skalnik.pl\/blog\/the-north-face-historia-marki\/","robots":"max-image-preview:large","keywords":"","webmasterTools":{"miscellaneous":""},"schema":{"@context":"https:\/\/schema.org","@graph":[{"@type":"BlogPosting","@id":"https:\/\/www.skalnik.pl\/blog\/the-north-face-historia-marki\/#blogposting","name":"The North Face \u2013 historia marki - blog Skalnik","headline":"The North Face &#8211; historia marki","author":{"@id":"https:\/\/www.skalnik.pl\/blog\/author\/slawek-nosal\/#author"},"publisher":{"@id":"https:\/\/www.skalnik.pl\/blog\/#organization"},"image":{"@type":"ImageObject","url":"https:\/\/www.skalnik.pl\/blog\/wp-content\/uploads\/2019\/08\/okladkka-historia-tnf.jpg","width":1920,"height":705},"datePublished":"2019-08-29T07:45:13+02:00","dateModified":"2020-03-10T10:56:52+02:00","inLanguage":"pl-PL","mainEntityOfPage":{"@id":"https:\/\/www.skalnik.pl\/blog\/the-north-face-historia-marki\/#webpage"},"isPartOf":{"@id":"https:\/\/www.skalnik.pl\/blog\/the-north-face-historia-marki\/#webpage"},"articleSection":"Bran\u017ca, odzie\u017c, rynek outdoor, the north face, 1090"},{"@type":"BreadcrumbList","@id":"https:\/\/www.skalnik.pl\/blog\/the-north-face-historia-marki\/#breadcrumblist","itemListElement":[{"@type":"ListItem","@id":"https:\/\/www.skalnik.pl\/blog#listItem","position":1,"name":"Home","item":"https:\/\/www.skalnik.pl\/blog","nextItem":{"@type":"ListItem","@id":"https:\/\/www.skalnik.pl\/blog\/.\/branza\/#listItem","name":"Bran\u017ca"}},{"@type":"ListItem","@id":"https:\/\/www.skalnik.pl\/blog\/.\/branza\/#listItem","position":2,"name":"Bran\u017ca","item":"https:\/\/www.skalnik.pl\/blog\/.\/branza\/","nextItem":{"@type":"ListItem","@id":"https:\/\/www.skalnik.pl\/blog\/the-north-face-historia-marki\/#listItem","name":"The North Face &#8211; historia marki"},"previousItem":{"@type":"ListItem","@id":"https:\/\/www.skalnik.pl\/blog#listItem","name":"Home"}},{"@type":"ListItem","@id":"https:\/\/www.skalnik.pl\/blog\/the-north-face-historia-marki\/#listItem","position":3,"name":"The North Face &#8211; historia marki","previousItem":{"@type":"ListItem","@id":"https:\/\/www.skalnik.pl\/blog\/.\/branza\/#listItem","name":"Bran\u017ca"}}]},{"@type":"Organization","@id":"https:\/\/www.skalnik.pl\/blog\/#organization","name":"blog Skalnik","description":"Blog, porady, artyku\u0142y - blog Skalnik","url":"https:\/\/www.skalnik.pl\/blog\/"},{"@type":"Person","@id":"https:\/\/www.skalnik.pl\/blog\/author\/slawek-nosal\/#author","url":"https:\/\/www.skalnik.pl\/blog\/author\/slawek-nosal\/","name":"S\u0142awek Nosal","image":{"@type":"ImageObject","@id":"https:\/\/www.skalnik.pl\/blog\/the-north-face-historia-marki\/#authorImage","url":"https:\/\/secure.gravatar.com\/avatar\/376f39150afcfc713e809ef8313d42dee4210bb1425eaad8153efa8965009197?s=96&d=mm&r=g","width":96,"height":96,"caption":"S\u0142awek Nosal"}},{"@type":"WebPage","@id":"https:\/\/www.skalnik.pl\/blog\/the-north-face-historia-marki\/#webpage","url":"https:\/\/www.skalnik.pl\/blog\/the-north-face-historia-marki\/","name":"The North Face \u2013 historia marki - blog Skalnik","description":"The North Face to jedna z najbardziej rozpoznawalnych marek outdoor na \u015bwiecie. Poznaj histori\u0119 TNF, kt\u00f3rej pocz\u0105tki to materia\u0142 na scenariusz filmowy.","inLanguage":"pl-PL","isPartOf":{"@id":"https:\/\/www.skalnik.pl\/blog\/#website"},"breadcrumb":{"@id":"https:\/\/www.skalnik.pl\/blog\/the-north-face-historia-marki\/#breadcrumblist"},"author":{"@id":"https:\/\/www.skalnik.pl\/blog\/author\/slawek-nosal\/#author"},"creator":{"@id":"https:\/\/www.skalnik.pl\/blog\/author\/slawek-nosal\/#author"},"image":{"@type":"ImageObject","url":"https:\/\/www.skalnik.pl\/blog\/wp-content\/uploads\/2019\/08\/okladkka-historia-tnf.jpg","@id":"https:\/\/www.skalnik.pl\/blog\/the-north-face-historia-marki\/#mainImage","width":1920,"height":705},"primaryImageOfPage":{"@id":"https:\/\/www.skalnik.pl\/blog\/the-north-face-historia-marki\/#mainImage"},"datePublished":"2019-08-29T07:45:13+02:00","dateModified":"2020-03-10T10:56:52+02:00"},{"@type":"WebSite","@id":"https:\/\/www.skalnik.pl\/blog\/#website","url":"https:\/\/www.skalnik.pl\/blog\/","name":"blog Skalnik","description":"Blog, porady, artyku\u0142y - blog Skalnik","inLanguage":"pl-PL","publisher":{"@id":"https:\/\/www.skalnik.pl\/blog\/#organization"}}]},"og:locale":"pl_PL","og:site_name":"blog Skalnik - Blog, porady, artyku\u0142y - blog Skalnik","og:type":"article","og:title":"The North Face \u2013 historia marki - blog Skalnik","og:description":"The North Face to jedna z najbardziej rozpoznawalnych marek outdoor na \u015bwiecie. Poznaj histori\u0119 TNF, kt\u00f3rej pocz\u0105tki to materia\u0142 na scenariusz filmowy.","og:url":"https:\/\/www.skalnik.pl\/blog\/the-north-face-historia-marki\/","og:image":"https:\/\/skalnik.pl\/blog\/wp-content\/uploads\/2019\/08\/logo-tnf-el-cap-1024x455.jpg","og:image:secure_url":"https:\/\/skalnik.pl\/blog\/wp-content\/uploads\/2019\/08\/logo-tnf-el-cap-1024x455.jpg","article:tag":["bran\u017ca","odzie\u017c","rynek outdoor","the north face"],"article:published_time":"2019-08-29T05:45:13+00:00","article:modified_time":"2020-03-10T09:56:52+00:00","twitter:card":"summary_large_image","twitter:title":"The North Face \u2013 historia marki - blog Skalnik","twitter:description":"The North Face to jedna z najbardziej rozpoznawalnych marek outdoor na \u015bwiecie. Poznaj histori\u0119 TNF, kt\u00f3rej pocz\u0105tki to materia\u0142 na scenariusz filmowy.","twitter:image":"https:\/\/skalnik.pl\/blog\/wp-content\/uploads\/2019\/08\/logo-tnf-el-cap-1024x455.jpg"},"aioseo_meta_data":{"post_id":"8643","title":null,"description":"The North Face to jedna z najbardziej rozpoznawalnych marek outdoor na \u015bwiecie. Poznaj histori\u0119 TNF, kt\u00f3rej pocz\u0105tki to materia\u0142 na scenariusz filmowy.","keywords":[{"label":"historia TNF","value":"historia TNF"},{"label":"historia The North Face","value":"historia The North Face"},{"label":"North Face","value":"North Face"},{"label":"historia marki","value":"historia marki"}],"keyphrases":null,"primary_term":null,"canonical_url":null,"og_title":null,"og_description":null,"og_object_type":"default","og_image_type":"default","og_image_url":null,"og_image_width":null,"og_image_height":null,"og_image_custom_url":null,"og_image_custom_fields":null,"og_video":null,"og_custom_url":null,"og_article_section":null,"og_article_tags":null,"twitter_use_og":false,"twitter_card":"default","twitter_image_type":"default","twitter_image_url":null,"twitter_image_custom_url":null,"twitter_image_custom_fields":null,"twitter_title":null,"twitter_description":null,"schema":{"blockGraphs":[],"customGraphs":[],"default":{"data":{"Article":[],"Course":[],"Dataset":[],"FAQPage":[],"Movie":[],"Person":[],"Product":[],"ProductReview":[],"Car":[],"Recipe":[],"Service":[],"SoftwareApplication":[],"WebPage":[]},"graphName":"BlogPosting","isEnabled":true},"graphs":[]},"schema_type":"default","schema_type_options":null,"pillar_content":false,"robots_default":true,"robots_noindex":false,"robots_noarchive":false,"robots_nosnippet":false,"robots_nofollow":false,"robots_noimageindex":false,"robots_noodp":false,"robots_notranslate":false,"robots_max_snippet":null,"robots_max_videopreview":null,"robots_max_imagepreview":"large","priority":null,"frequency":null,"local_seo":null,"breadcrumb_settings":null,"limit_modified_date":false,"ai":null,"created":"2022-08-26 09:51:53","updated":"2026-02-17 21:37:28","seo_analyzer_scan_date":null},"aioseo_breadcrumb":"<div class=\"aioseo-breadcrumbs\"><span class=\"aioseo-breadcrumb\">\n\t\t\t<a href=\"https:\/\/www.skalnik.pl\/blog\" title=\"Home\">Home<\/a>\n\t\t<\/span><span class=\"aioseo-breadcrumb-separator\">&raquo;<\/span><span class=\"aioseo-breadcrumb\">\n\t\t\t<a href=\"https:\/\/www.skalnik.pl\/blog\/.\/branza\/\" title=\"Bran\u017ca\">Bran\u017ca<\/a>\n\t\t<\/span><span class=\"aioseo-breadcrumb-separator\">&raquo;<\/span><span class=\"aioseo-breadcrumb\">\n\t\t\tThe North Face \u2013 historia marki\n\t\t<\/span><\/div>","aioseo_breadcrumb_json":[{"label":"Home","link":"https:\/\/www.skalnik.pl\/blog"},{"label":"Bran\u017ca","link":"https:\/\/www.skalnik.pl\/blog\/.\/branza\/"},{"label":"The North Face &#8211; historia marki","link":"https:\/\/www.skalnik.pl\/blog\/the-north-face-historia-marki\/"}],"_links":{"self":[{"href":"https:\/\/www.skalnik.pl\/blog\/wp-json\/wp\/v2\/posts\/8643","targetHints":{"allow":["GET"]}}],"collection":[{"href":"https:\/\/www.skalnik.pl\/blog\/wp-json\/wp\/v2\/posts"}],"about":[{"href":"https:\/\/www.skalnik.pl\/blog\/wp-json\/wp\/v2\/types\/post"}],"author":[{"embeddable":true,"href":"https:\/\/www.skalnik.pl\/blog\/wp-json\/wp\/v2\/users\/8"}],"replies":[{"embeddable":true,"href":"https:\/\/www.skalnik.pl\/blog\/wp-json\/wp\/v2\/comments?post=8643"}],"version-history":[{"count":41,"href":"https:\/\/www.skalnik.pl\/blog\/wp-json\/wp\/v2\/posts\/8643\/revisions"}],"predecessor-version":[{"id":11879,"href":"https:\/\/www.skalnik.pl\/blog\/wp-json\/wp\/v2\/posts\/8643\/revisions\/11879"}],"wp:featuredmedia":[{"embeddable":true,"href":"https:\/\/www.skalnik.pl\/blog\/wp-json\/wp\/v2\/media\/11878"}],"wp:attachment":[{"href":"https:\/\/www.skalnik.pl\/blog\/wp-json\/wp\/v2\/media?parent=8643"}],"wp:term":[{"taxonomy":"category","embeddable":true,"href":"https:\/\/www.skalnik.pl\/blog\/wp-json\/wp\/v2\/categories?post=8643"},{"taxonomy":"post_tag","embeddable":true,"href":"https:\/\/www.skalnik.pl\/blog\/wp-json\/wp\/v2\/tags?post=8643"},{"taxonomy":"magento_category","embeddable":true,"href":"https:\/\/www.skalnik.pl\/blog\/wp-json\/wp\/v2\/magento_category?post=8643"},{"taxonomy":"magento_product","embeddable":true,"href":"https:\/\/www.skalnik.pl\/blog\/wp-json\/wp\/v2\/magento_product?post=8643"}],"curies":[{"name":"wp","href":"https:\/\/api.w.org\/{rel}","templated":true}]}}