{"id":8843,"date":"2019-09-13T08:26:22","date_gmt":"2019-09-13T06:26:22","guid":{"rendered":"https:\/\/skalnik.pl\/blog\/?p=8843"},"modified":"2019-10-04T09:27:56","modified_gmt":"2019-10-04T07:27:56","slug":"drogi-wspinaczkowe-w-tatrach-dla-poczatkujacych","status":"publish","type":"post","link":"https:\/\/www.skalnik.pl\/blog\/drogi-wspinaczkowe-w-tatrach-dla-poczatkujacych\/","title":{"rendered":"Drogi wspinaczkowe w Tatrach dla pocz\u0105tkuj\u0105cych"},"content":{"rendered":"<p><b>Tatry i tatrza\u0144ski granit oferuj\u0105 ca\u0142kiem sporo interesuj\u0105cych dr\u00f3g wspinaczkowych dla os\u00f3b, kt\u00f3re dopiero uko\u0144czy\u0142y kurs taternicki i my\u015bl\u0105 o samodzielnym wspinaniu w g\u00f3rach. Zar\u00f3wno po polskiej, jak i po s\u0142owackiej stronie mo\u017cna znale\u017a\u0107 wiele ciekawych dr\u00f3g o niewielkich trudno\u015bciach, na kt\u00f3rych mo\u017cna szlifowa\u0107 sztuk\u0119 wspinania g\u00f3rskiego.<\/b><\/p>\n<p>Wrzesie\u0144 w Tatrach jest cudny \u2013 od kolor\u00f3w poczynaj\u0105c, a na przyjemnych zazwyczaj temperaturach i stabilnej (w por\u00f3wnaniu do letnich miesi\u0119cy) pogodzie ko\u0144cz\u0105c. Dla mnie S\u0142owacja i cz\u0119\u015b\u0107 Tatr Wysokich le\u017c\u0105ca po tamtej stronie by\u0142a zawsze bardziej interesuj\u0105ca wspinaczkowo. Przede wszystkim ze wzgl\u0119du na fakt, \u017ce s\u0142owacka cz\u0119\u015b\u0107 Tatr jest o wiele wi\u0119ksza, ni\u017c polska, a co za tym idzie mniej zat\u0142oczona. Poza tym zar\u00f3wno podej\u015bcia pod \u015bciany, jak i same \u015bciany s\u0105 cz\u0119sto wi\u0119ksze, ni\u017c te znajduj\u0105ce si\u0119 po polskiej stronie. Wszystko to sprawia, \u017ce s\u0142owacka cz\u0119\u015b\u0107 Tatr ma bardziej alpejski charakter i wspinanie tu jest powa\u017cniejsze. Brak schroniska g\u00f3rskiego dost\u0119pnego na wyciagni\u0119cie r\u0119ki (jak to ma miejsce na Hali G\u0105sienicowej) naprawd\u0119 zmienia wiele. Pozwala poczu\u0107, jak to jest naprawd\u0119 by\u0107 w g\u00f3rach.<\/p>\n<p>Je\u015bli chodzi o podej\u015bcia pod \u015bciany to faktem jest, \u017ce s\u0105 one stosunkowo d\u0142ugie. I cho\u0107 popylanie do g\u00f3ry z ci\u0119\u017ckim worem pe\u0142nym szpeju na plecach nie jest najprzyjemniejsz\u0105 cz\u0119\u015bci\u0105 ca\u0142ej przygody, to z pewno\u015bci\u0105 zapewni \u015bwietn\u0105 kondycj\u0119 na dalsze alpejskie wspinaczki.<\/p>\n<p>&nbsp;<\/p>\n<div id=\"ez-toc-container\" class=\"ez-toc-v2_0_85 counter-hierarchy ez-toc-counter ez-toc-light-blue ez-toc-container-direction\">\n<div class=\"ez-toc-title-container\">\n<p class=\"ez-toc-title\" style=\"cursor:inherit\">SPIS TRE\u015aCI <\/p>\n<span class=\"ez-toc-title-toggle\"><a href=\"#\" class=\"ez-toc-pull-right ez-toc-btn ez-toc-btn-xs ez-toc-btn-default ez-toc-toggle\" aria-label=\"Prze\u0142\u0105cznik Spisu Tre\u015bci\"><span class=\"ez-toc-js-icon-con\"><span class=\"\"><span class=\"eztoc-hide\" style=\"display:none;\">Toggle<\/span><span class=\"ez-toc-icon-toggle-span\"><svg style=\"fill: #999;color:#999\" xmlns=\"http:\/\/www.w3.org\/2000\/svg\" class=\"list-377408\" width=\"20px\" height=\"20px\" viewBox=\"0 0 24 24\" fill=\"none\"><path d=\"M6 6H4v2h2V6zm14 0H8v2h12V6zM4 11h2v2H4v-2zm16 0H8v2h12v-2zM4 16h2v2H4v-2zm16 0H8v2h12v-2z\" fill=\"currentColor\"><\/path><\/svg><svg style=\"fill: #999;color:#999\" class=\"arrow-unsorted-368013\" xmlns=\"http:\/\/www.w3.org\/2000\/svg\" width=\"10px\" height=\"10px\" viewBox=\"0 0 24 24\" version=\"1.2\" baseProfile=\"tiny\"><path d=\"M18.2 9.3l-6.2-6.3-6.2 6.3c-.2.2-.3.4-.3.7s.1.5.3.7c.2.2.4.3.7.3h11c.3 0 .5-.1.7-.3.2-.2.3-.5.3-.7s-.1-.5-.3-.7zM5.8 14.7l6.2 6.3 6.2-6.3c.2-.2.3-.5.3-.7s-.1-.5-.3-.7c-.2-.2-.4-.3-.7-.3h-11c-.3 0-.5.1-.7.3-.2.2-.3.5-.3.7s.1.5.3.7z\"\/><\/svg><\/span><\/span><\/span><\/a><\/span><\/div>\n<nav><ul class='ez-toc-list ez-toc-list-level-1 ' ><li class='ez-toc-page-1 ez-toc-heading-level-2'><a class=\"ez-toc-link ez-toc-heading-1\" href=\"https:\/\/www.skalnik.pl\/blog\/drogi-wspinaczkowe-w-tatrach-dla-poczatkujacych\/#Trzy_drogi_w_Tatrach_dla_poczatkujacych\" >Trzy drogi w Tatrach dla pocz\u0105tkuj\u0105cych<\/a><ul class='ez-toc-list-level-3' ><li class='ez-toc-heading-level-3'><a class=\"ez-toc-link ez-toc-heading-2\" href=\"https:\/\/www.skalnik.pl\/blog\/drogi-wspinaczkowe-w-tatrach-dla-poczatkujacych\/#Gran_Koscielcow\" >Gra\u0144 Ko\u015bcielc\u00f3w<\/a><\/li><li class='ez-toc-page-1 ez-toc-heading-level-3'><a class=\"ez-toc-link ez-toc-heading-3\" href=\"https:\/\/www.skalnik.pl\/blog\/drogi-wspinaczkowe-w-tatrach-dla-poczatkujacych\/#Droga_Uznanskiego_na_Zadnim_Mnichu\" >Droga Uzna\u0144skiego na Zadnim Mnichu<\/a><\/li><li class='ez-toc-page-1 ez-toc-heading-level-3'><a class=\"ez-toc-link ez-toc-heading-4\" href=\"https:\/\/www.skalnik.pl\/blog\/drogi-wspinaczkowe-w-tatrach-dla-poczatkujacych\/#Staflova_na_Wolowej_Turni\" >Staflova na Wo\u0142owej Turni<\/a><\/li><\/ul><\/li><\/ul><\/nav><\/div>\n<h2><span class=\"ez-toc-section\" id=\"Trzy_drogi_w_Tatrach_dla_poczatkujacych\"><\/span>Trzy drogi w Tatrach dla pocz\u0105tkuj\u0105cych<span class=\"ez-toc-section-end\"><\/span><\/h2>\n<p>Ale do rzeczy. Napisz\u0119 o trzech ciekawych drogach, kt\u00f3re mog\u0119 \u015bmia\u0142o zarekomendowa\u0107 osobom zaczynaj\u0105cym si\u0119 wspina\u0107 w Tatrach. Zaczn\u0119 od drogi naj\u0142atwiejszej i jednocze\u015bnie znajduj\u0105cej si\u0119 \u201cblisko schroniska\u201d, czyli zapewniaj\u0105cej taternikom komfort wr\u0119cz ska\u0142kowy.<\/p>\n<p>&nbsp;<\/p>\n<h3><span class=\"ez-toc-section\" id=\"Gran_Koscielcow\"><\/span>Gra\u0144 Ko\u015bcielc\u00f3w<span class=\"ez-toc-section-end\"><\/span><\/h3>\n<p>Ko\u015bcielca zapewne nikomu przedstawia\u0107 nie trzeba. Jego charakterystyczny kszta\u0142t jest znany ka\u017cdemu, kto cho\u0107by jeden raz odwiedzi\u0142 Hal\u0119 G\u0105sienicow\u0105 i schronisko Murowaniec.<\/p>\n<p>Droga, o kt\u00f3r\u0105 tutaj chodzi, jest drog\u0105 o charakterze graniowym i niewielkich trudno\u015bciach (I-II). Zaczyna sie ona na Mylnej Prze\u0142\u0119czy, sk\u0105d pnie si\u0119 w g\u00f3r\u0119 skalnym uskokiem na wierzcho\u0142ek Zadniego Ko\u015bcielca. Podej\u015bcie na Myln\u0105 Prze\u0142\u0119cz prowadzi od Zielonego Stawu G\u0105sienicowego.<\/p>\n<div id=\"attachment_8851\" style=\"width: 1034px\" class=\"wp-caption aligncenter\"><img loading=\"lazy\" decoding=\"async\" aria-describedby=\"caption-attachment-8851\" class=\"wp-image-8851 size-large\" src=\"https:\/\/skalnik.pl\/blog\/wp-content\/uploads\/2019\/09\/Gra\u0144-Ko\u015bcielc\u00f3w-Tatry-Wspinanie-1024x768.jpg\" alt=\"Gra\u0144 Ko\u015bcielc\u00f3w - Tatry - Wspinanie\" width=\"1024\" height=\"768\" srcset=\"https:\/\/www.skalnik.pl\/blog\/wp-content\/uploads\/2019\/09\/Gra\u0144-Ko\u015bcielc\u00f3w-Tatry-Wspinanie-1024x768.jpg 1024w, https:\/\/www.skalnik.pl\/blog\/wp-content\/uploads\/2019\/09\/Gra\u0144-Ko\u015bcielc\u00f3w-Tatry-Wspinanie-300x225.jpg 300w, https:\/\/www.skalnik.pl\/blog\/wp-content\/uploads\/2019\/09\/Gra\u0144-Ko\u015bcielc\u00f3w-Tatry-Wspinanie-768x576.jpg 768w, https:\/\/www.skalnik.pl\/blog\/wp-content\/uploads\/2019\/09\/Gra\u0144-Ko\u015bcielc\u00f3w-Tatry-Wspinanie.jpg 2000w\" sizes=\"auto, (max-width: 1024px) 100vw, 1024px\" \/><p id=\"caption-attachment-8851\" class=\"wp-caption-text\">Gra\u0144 Ko\u015bcielc\u00f3w (fot. archiwum autorki)<\/p><\/div>\n<p>Z Zadniego Ko\u015bcielca droga, prawie bez trudno\u015bci, prowadzi nas pod pocz\u0105tek kolejnego uskoku, startuj\u0105cego z Ko\u015bcielcowej Prze\u0142\u0119czy, a prowadz\u0105cego na szczyt Ko\u015bcielca. Asekuracja na drodze nie jest skomplikowana. Wystarczy kilka friend\u00f3w i d\u0142u\u017cszych <a href=\"https:\/\/skalnik.pl\/sprzet-wspinaczkowy\/wspinaczka\/wspinaczka-petle\">p\u0119tli wspinaczkowych<\/a>. Przej\u015bcie odcinka od Mylnej Prze\u0142\u0119czy do szczytu Ko\u015bcielca zajmuje oko\u0142o 2 godzin. Po czym z Ko\u015bcielca schodzi si\u0119 \u0142atwo na Hal\u0119 znakowanym szlakiem turystycznym. Bardzo przyjemna i szybka droga na s\u0142oneczny, jesienny dzie\u0144.<\/p>\n<div id=\"attachment_8849\" style=\"width: 1034px\" class=\"wp-caption aligncenter\"><img loading=\"lazy\" decoding=\"async\" aria-describedby=\"caption-attachment-8849\" class=\"wp-image-8849 size-large\" src=\"https:\/\/skalnik.pl\/blog\/wp-content\/uploads\/2019\/09\/Gra\u0144-Ko\u015bcielc\u00f3w-Tatry-Wspinaczka-1024x768.jpg\" alt=\"Gra\u0144 Ko\u015bcielc\u00f3w - Tatry - Wspinaczka\" width=\"1024\" height=\"768\" srcset=\"https:\/\/www.skalnik.pl\/blog\/wp-content\/uploads\/2019\/09\/Gra\u0144-Ko\u015bcielc\u00f3w-Tatry-Wspinaczka-1024x768.jpg 1024w, https:\/\/www.skalnik.pl\/blog\/wp-content\/uploads\/2019\/09\/Gra\u0144-Ko\u015bcielc\u00f3w-Tatry-Wspinaczka-300x225.jpg 300w, https:\/\/www.skalnik.pl\/blog\/wp-content\/uploads\/2019\/09\/Gra\u0144-Ko\u015bcielc\u00f3w-Tatry-Wspinaczka-768x576.jpg 768w, https:\/\/www.skalnik.pl\/blog\/wp-content\/uploads\/2019\/09\/Gra\u0144-Ko\u015bcielc\u00f3w-Tatry-Wspinaczka.jpg 2000w\" sizes=\"auto, (max-width: 1024px) 100vw, 1024px\" \/><p id=\"caption-attachment-8849\" class=\"wp-caption-text\">Gra\u0144 Ko\u015bcielc\u00f3w (fot. archiwum autorki)<\/p><\/div>\n<p>&nbsp;<\/p>\n<h3><span class=\"ez-toc-section\" id=\"Droga_Uznanskiego_na_Zadnim_Mnichu\"><\/span>Droga Uzna\u0144skiego na Zadnim Mnichu<span class=\"ez-toc-section-end\"><\/span><\/h3>\n<p>Zadni Mnich jest szczytem znajduj\u0105cym si\u0119 w g\u0142ownej grani Tatr. I cho\u0107 nie jest tak popularny jak jego brat \u2013 Mnich, to warto wybra\u0107 si\u0119 na niego. Nieco ukryty i niewidoczny z Morskiego Oka, nie jest celem tak licznych rzeszy wspinaczy, jak Mnich. A jest \u0142adn\u0105, skaln\u0105 ig\u0142\u0105, ciekawie po\u0142o\u017con\u0105 w zacisznej okolicy, z dala od t\u0142umu odwiedzaj\u0105cego Morskie Oko. Zadni Mnich wzosi si\u0119 on nad Dolin\u0105 za Mnichem, a jego po\u0142udniowa \u015bciana zwr\u00f3cona jest w stron\u0119 Doliny Piar\u017cystej, le\u017c\u0105cej po s\u0142owackiej stronie Tatr.<\/p>\n<p>Droga Uzna\u0144skiego biegnie jego po\u0142udniow\u0105 \u015bcian\u0105, co czyni j\u0105 drog\u0105 idealn\u0105 na wczesn\u0105 jesie\u0144 tatrza\u0144sk\u0105. Nied\u0142uga, w zasadzie 3-wyci\u0105gowa <a href=\"https:\/\/skalnik.pl\/sprzet-wspinaczkowy\/wspinaczka\">wspinaczka<\/a> o trudno\u015bciach V na ostatnim wyci\u0105gu. Pod start drogi podchodzi si\u0119 \u0142atwo od Ciemnosmreczy\u0144skiej Prze\u0142\u0119czy. Osobi\u015bcie polecam rozpocz\u0119cie wspinania od drugiego z czterech wyci\u0105g\u00f3w drogi. Pierwszy wyci\u0105g ze schematu to w wi\u0119kszo\u015bci trawy. Dopiero trzy kolejne wyci\u0105gi daj\u0105 satysfakcjonujace wspinanie w generalnie dobrej, cho\u0107 miejscami kruchej skale.<\/p>\n<p>Po uko\u0144czeniu drogi zje\u017cd\u017ca si\u0119 jednym \u2013 oko\u0142o 40-metrowym \u2013 zjazdem, z zamocowanego na g\u00f3rze stanowiska zjazdowego, na stron\u0119 Prze\u0142\u0105czki Pod Zadnim Mnichem. D\u0142ugo\u015b\u0107 drogi (3 wyci\u0105gi) to oko\u0142o 120 metr\u00f3w.<\/p>\n<div id=\"attachment_8853\" style=\"width: 510px\" class=\"wp-caption aligncenter\"><img loading=\"lazy\" decoding=\"async\" aria-describedby=\"caption-attachment-8853\" class=\"wp-image-8853\" src=\"https:\/\/skalnik.pl\/blog\/wp-content\/uploads\/2019\/09\/Zadni-Mnich-tatry-wspinaczka-225x300.jpg\" alt=\"Zadni Mnich tatry wspinaczka\" width=\"500\" height=\"667\" srcset=\"https:\/\/www.skalnik.pl\/blog\/wp-content\/uploads\/2019\/09\/Zadni-Mnich-tatry-wspinaczka-225x300.jpg 225w, https:\/\/www.skalnik.pl\/blog\/wp-content\/uploads\/2019\/09\/Zadni-Mnich-tatry-wspinaczka-768x1024.jpg 768w, https:\/\/www.skalnik.pl\/blog\/wp-content\/uploads\/2019\/09\/Zadni-Mnich-tatry-wspinaczka.jpg 2000w\" sizes=\"auto, (max-width: 500px) 100vw, 500px\" \/><p id=\"caption-attachment-8853\" class=\"wp-caption-text\">Na ostatnim \u2013 zarazem kluczowym \u2013 wyci\u0105gu drogi Uzna\u0144skiego na Zadnim Mnichu (fot. archiwum autorki)<\/p><\/div>\n<p>&nbsp;<\/p>\n<h3><span class=\"ez-toc-section\" id=\"Staflova_na_Wolowej_Turni\"><\/span>Staflova na Wo\u0142owej Turni<span class=\"ez-toc-section-end\"><\/span><\/h3>\n<p>Wo\u0142owa Turnia le\u017cy w granicznym pa\u015bmie Wo\u0142owego Grzbietu i nale\u017cy do g\u0142\u00f3wnej grani Tatr. Jej p\u00f3\u0142nocn\u0105 \u015bcian\u0119 mo\u017cna zobaczy\u0107 znad Czarnego Stawu Pod Rysami. \u015aciana po\u0142udniowa za\u015b, kt\u00f3ra nas interesuje, le\u017cy po stronie s\u0142owackiej i wida\u0107 j\u0105 dobrze znad Wielkiego \u017babiego Stawu Mi\u0119guszowieckiego. Turnia kszta\u0142tem przypomina nieco piramid\u0119. Jej po\u0142udniow\u0105 \u015bcian\u0105, w rewelacyjnej jako\u015bci granicie, przebiega pi\u0119kna droga \u2013 Staflova.<\/p>\n<p>Podej\u015bcie pod \u015bcian\u0119 jest stosunkowo d\u0142ugie, ale zdecydowanie warte wspinania w przepi\u0119knej, wysokog\u00f3rskiej scenerii. D\u0142ugo\u015b\u0107 drogi to oko\u0142o 200 metr\u00f3w (5 wyciag\u00f3w), prowadz\u0105cych g\u0142ownie rysami i dobrze urze\u017abion\u0105 p\u0142yt\u0105. Na stanowiskach znajduj\u0105 si\u0119 ringi, a asekuracja na wyci\u0105gach nie jest problematyczna \u2013 rze\u017aba ska\u0142y pozwala na dobre osadzanie friend\u00f3w i <a href=\"https:\/\/skalnik.pl\/sprzet-wspinaczkowy\/wspinaczka\/wspinaczka-kosci-wspinaczkowe\">ko\u015bci wspinaczkowych<\/a>. Droga rozpoczyna si\u0119 na wielkiej rampie u podstawy \u015bciany.<\/p>\n<p>Zej\u015bcie z drogi jest bardziej skomplikowane, ni\u017c z dw\u00f3ch poprzednich opisanych przeze mnie. Zajmuje ono oko\u0142o 30 minut. Jest r\u00f3wnie\u017c do\u015b\u0107 eksponowane. Z wierzcho\u0142ka schodzi si\u0119 w d\u00f3\u0142 w kierunku po\u0142udniowo-wschodnim, przez dwa pro\u017cki skalne do wygodnego miejsca w \u017clebie. Dalej sko\u015bnie w prawo i w d\u00f3\u0142 du\u017c\u0105 rynn\u0105 przez oko\u0142o 70 metr\u00f3w. W dogodnym miejscu trawers w prawo na wschodni\u0105 gra\u0144 i jeszcze kawa\u0142ek a\u017c do \u017babiej Prze\u0142\u0119czy Mi\u0119guszowieckiej. Z prze\u0142\u0119czy w d\u00f3\u0142 \u017clebem na trawiast\u0105 p\u00f3\u0142k\u0119 pod po\u0142udniowo-zachodni\u0105 \u015bcian\u0105.<\/p>\n<div id=\"attachment_8846\" style=\"width: 1034px\" class=\"wp-caption aligncenter\"><img loading=\"lazy\" decoding=\"async\" aria-describedby=\"caption-attachment-8846\" class=\"wp-image-8846 size-large\" src=\"https:\/\/skalnik.pl\/blog\/wp-content\/uploads\/2019\/09\/Staflova-Tatry-wspinanie-1024x768.jpg\" alt=\"Staflova Tatry - wspinanie\" width=\"1024\" height=\"768\" srcset=\"https:\/\/www.skalnik.pl\/blog\/wp-content\/uploads\/2019\/09\/Staflova-Tatry-wspinanie-1024x768.jpg 1024w, https:\/\/www.skalnik.pl\/blog\/wp-content\/uploads\/2019\/09\/Staflova-Tatry-wspinanie-300x225.jpg 300w, https:\/\/www.skalnik.pl\/blog\/wp-content\/uploads\/2019\/09\/Staflova-Tatry-wspinanie-768x576.jpg 768w, https:\/\/www.skalnik.pl\/blog\/wp-content\/uploads\/2019\/09\/Staflova-Tatry-wspinanie.jpg 2000w\" sizes=\"auto, (max-width: 1024px) 100vw, 1024px\" \/><p id=\"caption-attachment-8846\" class=\"wp-caption-text\">Na pierwszym wyci\u0105gu Staflovej, po\u0142udniowa \u015bciana Wo\u0142owej Turni (fot. archiwum autorki)<\/p><\/div>\n<p>&nbsp;<\/p>\n<p>Szczeg\u00f3\u0142owe opisy poszczeg\u00f3lnych wyci\u0105g\u00f3w, wraz z topo opisanych przeze mnie dr\u00f3g, znajdziecie w przewodnikach wspinaczkowych W\u0142adys\u0142awa Cywi\u0144skiego. Wspania\u0142ego wspinania!<\/p>\n","protected":false},"excerpt":{"rendered":"<p>Gdzie w Tatrach zacz\u0105\u0107 przygod\u0119 z pradziwym g\u00f3rskim wspinaniem? Na pytanie, kt\u00f3re nurtuje pocz\u0105tkuj\u0105cych taternik\u00f3w odpowiada Marta Soko\u0142owska i proponuje trzy drogi w Tatrach na pocz\u0105tek. <\/p>\n","protected":false},"author":25,"featured_media":8858,"comment_status":"open","ping_status":"open","sticky":false,"template":"","format":"standard","meta":{"_acf_changed":false,"footnotes":""},"categories":[84],"tags":[28,14,20,245,224],"magento_category":[198],"magento_product":[],"class_list":["post-8843","post","type-post","status-publish","format-standard","has-post-thumbnail","hentry","category-pasja","tag-gory","tag-tatry","tag-wspinaczka","tag-wspinaczka-gorska","tag-wspinanie"],"acf":[],"aioseo_notices":[],"aioseo_head":"\n\t\t<!-- All in One SEO 4.9.10 - aioseo.com -->\n\t<meta name=\"description\" content=\"Trzy drogi dla pocz\u0105tkuj\u0105cych taternik\u00f3w! O tym gdzie wybra\u0107 si\u0119 na pierwsze samodzielne wspinaczki w Tatrach pisze Marta Soko\u0142owska.\" \/>\n\t<meta name=\"robots\" content=\"max-image-preview:large\" \/>\n\t<meta name=\"author\" content=\"Marta Soko\u0142owska\"\/>\n\t<link rel=\"canonical\" href=\"https:\/\/www.skalnik.pl\/blog\/drogi-wspinaczkowe-w-tatrach-dla-poczatkujacych\/\" \/>\n\t<meta name=\"generator\" content=\"All in One SEO (AIOSEO) 4.9.10\" \/>\n\t\t<meta property=\"og:locale\" content=\"pl_PL\" \/>\n\t\t<meta property=\"og:site_name\" content=\"blog Skalnik - Blog, porady, artyku\u0142y - blog Skalnik\" \/>\n\t\t<meta property=\"og:type\" content=\"article\" \/>\n\t\t<meta property=\"og:title\" content=\"Drogi wspinaczkowe w Tatrach dla pocz\u0105tkuj\u0105cych - blog Skalnik\" \/>\n\t\t<meta property=\"og:description\" content=\"Trzy drogi dla pocz\u0105tkuj\u0105cych taternik\u00f3w! O tym gdzie wybra\u0107 si\u0119 na pierwsze samodzielne wspinaczki w Tatrach pisze Marta Soko\u0142owska.\" \/>\n\t\t<meta property=\"og:url\" content=\"https:\/\/www.skalnik.pl\/blog\/drogi-wspinaczkowe-w-tatrach-dla-poczatkujacych\/\" \/>\n\t\t<meta property=\"og:image\" content=\"https:\/\/skalnik.pl\/blog\/wp-content\/uploads\/2019\/09\/Gra\u0144-Ko\u015bcielc\u00f3w-Tatry-Wspinanie-1024x768.jpg\" \/>\n\t\t<meta property=\"og:image:secure_url\" content=\"https:\/\/skalnik.pl\/blog\/wp-content\/uploads\/2019\/09\/Gra\u0144-Ko\u015bcielc\u00f3w-Tatry-Wspinanie-1024x768.jpg\" \/>\n\t\t<meta property=\"article:tag\" content=\"pasja\" \/>\n\t\t<meta property=\"article:tag\" content=\"g\u00f3ry\" \/>\n\t\t<meta property=\"article:tag\" content=\"tatry\" \/>\n\t\t<meta property=\"article:tag\" content=\"wspinaczka\" \/>\n\t\t<meta property=\"article:tag\" content=\"wspinaczka g\u00f3rska\" \/>\n\t\t<meta property=\"article:tag\" content=\"wspinanie\" \/>\n\t\t<meta property=\"article:published_time\" content=\"2019-09-13T06:26:22+00:00\" \/>\n\t\t<meta property=\"article:modified_time\" content=\"2019-10-04T07:27:56+00:00\" \/>\n\t\t<meta name=\"twitter:card\" content=\"summary_large_image\" \/>\n\t\t<meta name=\"twitter:title\" content=\"Drogi wspinaczkowe w Tatrach dla pocz\u0105tkuj\u0105cych - blog Skalnik\" \/>\n\t\t<meta name=\"twitter:description\" content=\"Trzy drogi dla pocz\u0105tkuj\u0105cych taternik\u00f3w! O tym gdzie wybra\u0107 si\u0119 na pierwsze samodzielne wspinaczki w Tatrach pisze Marta Soko\u0142owska.\" \/>\n\t\t<meta name=\"twitter:image\" content=\"https:\/\/skalnik.pl\/blog\/wp-content\/uploads\/2019\/09\/Gra\u0144-Ko\u015bcielc\u00f3w-Tatry-Wspinanie-1024x768.jpg\" \/>\n\t\t<script type=\"application\/ld+json\" class=\"aioseo-schema\">\n\t\t\t{\"@context\":\"https:\\\/\\\/schema.org\",\"@graph\":[{\"@type\":\"BlogPosting\",\"@id\":\"https:\\\/\\\/www.skalnik.pl\\\/blog\\\/drogi-wspinaczkowe-w-tatrach-dla-poczatkujacych\\\/#blogposting\",\"name\":\"Drogi wspinaczkowe w Tatrach dla pocz\\u0105tkuj\\u0105cych - blog Skalnik\",\"headline\":\"Drogi wspinaczkowe w Tatrach dla pocz\\u0105tkuj\\u0105cych\",\"author\":{\"@id\":\"https:\\\/\\\/www.skalnik.pl\\\/blog\\\/author\\\/marta-sokolowska\\\/#author\"},\"publisher\":{\"@id\":\"https:\\\/\\\/www.skalnik.pl\\\/blog\\\/#organization\"},\"image\":{\"@type\":\"ImageObject\",\"url\":\"https:\\\/\\\/www.skalnik.pl\\\/blog\\\/wp-content\\\/uploads\\\/2019\\\/09\\\/Tatry-fot.Bart-Bazior.jpg\",\"width\":1920,\"height\":705,\"caption\":\"Tatry - fot.Bart Bazior\"},\"datePublished\":\"2019-09-13T08:26:22+02:00\",\"dateModified\":\"2019-10-04T09:27:56+02:00\",\"inLanguage\":\"pl-PL\",\"mainEntityOfPage\":{\"@id\":\"https:\\\/\\\/www.skalnik.pl\\\/blog\\\/drogi-wspinaczkowe-w-tatrach-dla-poczatkujacych\\\/#webpage\"},\"isPartOf\":{\"@id\":\"https:\\\/\\\/www.skalnik.pl\\\/blog\\\/drogi-wspinaczkowe-w-tatrach-dla-poczatkujacych\\\/#webpage\"},\"articleSection\":\"Pasja, g\\u00f3ry, tatry, wspinaczka, wspinaczka g\\u00f3rska, wspinanie, 1159\"},{\"@type\":\"BreadcrumbList\",\"@id\":\"https:\\\/\\\/www.skalnik.pl\\\/blog\\\/drogi-wspinaczkowe-w-tatrach-dla-poczatkujacych\\\/#breadcrumblist\",\"itemListElement\":[{\"@type\":\"ListItem\",\"@id\":\"https:\\\/\\\/www.skalnik.pl\\\/blog#listItem\",\"position\":1,\"name\":\"Home\",\"item\":\"https:\\\/\\\/www.skalnik.pl\\\/blog\",\"nextItem\":{\"@type\":\"ListItem\",\"@id\":\"https:\\\/\\\/www.skalnik.pl\\\/blog\\\/.\\\/pasja\\\/#listItem\",\"name\":\"Pasja\"}},{\"@type\":\"ListItem\",\"@id\":\"https:\\\/\\\/www.skalnik.pl\\\/blog\\\/.\\\/pasja\\\/#listItem\",\"position\":2,\"name\":\"Pasja\",\"item\":\"https:\\\/\\\/www.skalnik.pl\\\/blog\\\/.\\\/pasja\\\/\",\"nextItem\":{\"@type\":\"ListItem\",\"@id\":\"https:\\\/\\\/www.skalnik.pl\\\/blog\\\/drogi-wspinaczkowe-w-tatrach-dla-poczatkujacych\\\/#listItem\",\"name\":\"Drogi wspinaczkowe w Tatrach dla pocz\\u0105tkuj\\u0105cych\"},\"previousItem\":{\"@type\":\"ListItem\",\"@id\":\"https:\\\/\\\/www.skalnik.pl\\\/blog#listItem\",\"name\":\"Home\"}},{\"@type\":\"ListItem\",\"@id\":\"https:\\\/\\\/www.skalnik.pl\\\/blog\\\/drogi-wspinaczkowe-w-tatrach-dla-poczatkujacych\\\/#listItem\",\"position\":3,\"name\":\"Drogi wspinaczkowe w Tatrach dla pocz\\u0105tkuj\\u0105cych\",\"previousItem\":{\"@type\":\"ListItem\",\"@id\":\"https:\\\/\\\/www.skalnik.pl\\\/blog\\\/.\\\/pasja\\\/#listItem\",\"name\":\"Pasja\"}}]},{\"@type\":\"Organization\",\"@id\":\"https:\\\/\\\/www.skalnik.pl\\\/blog\\\/#organization\",\"name\":\"blog Skalnik\",\"description\":\"Blog, porady, artyku\\u0142y - blog Skalnik\",\"url\":\"https:\\\/\\\/www.skalnik.pl\\\/blog\\\/\"},{\"@type\":\"Person\",\"@id\":\"https:\\\/\\\/www.skalnik.pl\\\/blog\\\/author\\\/marta-sokolowska\\\/#author\",\"url\":\"https:\\\/\\\/www.skalnik.pl\\\/blog\\\/author\\\/marta-sokolowska\\\/\",\"name\":\"Marta Soko\\u0142owska\",\"image\":{\"@type\":\"ImageObject\",\"@id\":\"https:\\\/\\\/www.skalnik.pl\\\/blog\\\/drogi-wspinaczkowe-w-tatrach-dla-poczatkujacych\\\/#authorImage\",\"url\":\"https:\\\/\\\/secure.gravatar.com\\\/avatar\\\/0e04a069f04d0a1476d6733ecbd93392e6d0867d90579d243eb1e783e66953a4?s=96&d=mm&r=g\",\"width\":96,\"height\":96,\"caption\":\"Marta Soko\\u0142owska\"}},{\"@type\":\"WebPage\",\"@id\":\"https:\\\/\\\/www.skalnik.pl\\\/blog\\\/drogi-wspinaczkowe-w-tatrach-dla-poczatkujacych\\\/#webpage\",\"url\":\"https:\\\/\\\/www.skalnik.pl\\\/blog\\\/drogi-wspinaczkowe-w-tatrach-dla-poczatkujacych\\\/\",\"name\":\"Drogi wspinaczkowe w Tatrach dla pocz\\u0105tkuj\\u0105cych - blog Skalnik\",\"description\":\"Trzy drogi dla pocz\\u0105tkuj\\u0105cych taternik\\u00f3w! O tym gdzie wybra\\u0107 si\\u0119 na pierwsze samodzielne wspinaczki w Tatrach pisze Marta Soko\\u0142owska.\",\"inLanguage\":\"pl-PL\",\"isPartOf\":{\"@id\":\"https:\\\/\\\/www.skalnik.pl\\\/blog\\\/#website\"},\"breadcrumb\":{\"@id\":\"https:\\\/\\\/www.skalnik.pl\\\/blog\\\/drogi-wspinaczkowe-w-tatrach-dla-poczatkujacych\\\/#breadcrumblist\"},\"author\":{\"@id\":\"https:\\\/\\\/www.skalnik.pl\\\/blog\\\/author\\\/marta-sokolowska\\\/#author\"},\"creator\":{\"@id\":\"https:\\\/\\\/www.skalnik.pl\\\/blog\\\/author\\\/marta-sokolowska\\\/#author\"},\"image\":{\"@type\":\"ImageObject\",\"url\":\"https:\\\/\\\/www.skalnik.pl\\\/blog\\\/wp-content\\\/uploads\\\/2019\\\/09\\\/Tatry-fot.Bart-Bazior.jpg\",\"@id\":\"https:\\\/\\\/www.skalnik.pl\\\/blog\\\/drogi-wspinaczkowe-w-tatrach-dla-poczatkujacych\\\/#mainImage\",\"width\":1920,\"height\":705,\"caption\":\"Tatry - fot.Bart Bazior\"},\"primaryImageOfPage\":{\"@id\":\"https:\\\/\\\/www.skalnik.pl\\\/blog\\\/drogi-wspinaczkowe-w-tatrach-dla-poczatkujacych\\\/#mainImage\"},\"datePublished\":\"2019-09-13T08:26:22+02:00\",\"dateModified\":\"2019-10-04T09:27:56+02:00\"},{\"@type\":\"WebSite\",\"@id\":\"https:\\\/\\\/www.skalnik.pl\\\/blog\\\/#website\",\"url\":\"https:\\\/\\\/www.skalnik.pl\\\/blog\\\/\",\"name\":\"blog Skalnik\",\"description\":\"Blog, porady, artyku\\u0142y - blog Skalnik\",\"inLanguage\":\"pl-PL\",\"publisher\":{\"@id\":\"https:\\\/\\\/www.skalnik.pl\\\/blog\\\/#organization\"}}]}\n\t\t<\/script>\n\t\t<!-- All in One SEO -->\n\n","aioseo_head_json":{"title":"Drogi wspinaczkowe w Tatrach dla pocz\u0105tkuj\u0105cych - blog Skalnik","description":"Trzy drogi dla pocz\u0105tkuj\u0105cych taternik\u00f3w! O tym gdzie wybra\u0107 si\u0119 na pierwsze samodzielne wspinaczki w Tatrach pisze Marta Soko\u0142owska.","canonical_url":"https:\/\/www.skalnik.pl\/blog\/drogi-wspinaczkowe-w-tatrach-dla-poczatkujacych\/","robots":"max-image-preview:large","keywords":"","webmasterTools":{"miscellaneous":""},"schema":{"@context":"https:\/\/schema.org","@graph":[{"@type":"BlogPosting","@id":"https:\/\/www.skalnik.pl\/blog\/drogi-wspinaczkowe-w-tatrach-dla-poczatkujacych\/#blogposting","name":"Drogi wspinaczkowe w Tatrach dla pocz\u0105tkuj\u0105cych - blog Skalnik","headline":"Drogi wspinaczkowe w Tatrach dla pocz\u0105tkuj\u0105cych","author":{"@id":"https:\/\/www.skalnik.pl\/blog\/author\/marta-sokolowska\/#author"},"publisher":{"@id":"https:\/\/www.skalnik.pl\/blog\/#organization"},"image":{"@type":"ImageObject","url":"https:\/\/www.skalnik.pl\/blog\/wp-content\/uploads\/2019\/09\/Tatry-fot.Bart-Bazior.jpg","width":1920,"height":705,"caption":"Tatry - fot.Bart Bazior"},"datePublished":"2019-09-13T08:26:22+02:00","dateModified":"2019-10-04T09:27:56+02:00","inLanguage":"pl-PL","mainEntityOfPage":{"@id":"https:\/\/www.skalnik.pl\/blog\/drogi-wspinaczkowe-w-tatrach-dla-poczatkujacych\/#webpage"},"isPartOf":{"@id":"https:\/\/www.skalnik.pl\/blog\/drogi-wspinaczkowe-w-tatrach-dla-poczatkujacych\/#webpage"},"articleSection":"Pasja, g\u00f3ry, tatry, wspinaczka, wspinaczka g\u00f3rska, wspinanie, 1159"},{"@type":"BreadcrumbList","@id":"https:\/\/www.skalnik.pl\/blog\/drogi-wspinaczkowe-w-tatrach-dla-poczatkujacych\/#breadcrumblist","itemListElement":[{"@type":"ListItem","@id":"https:\/\/www.skalnik.pl\/blog#listItem","position":1,"name":"Home","item":"https:\/\/www.skalnik.pl\/blog","nextItem":{"@type":"ListItem","@id":"https:\/\/www.skalnik.pl\/blog\/.\/pasja\/#listItem","name":"Pasja"}},{"@type":"ListItem","@id":"https:\/\/www.skalnik.pl\/blog\/.\/pasja\/#listItem","position":2,"name":"Pasja","item":"https:\/\/www.skalnik.pl\/blog\/.\/pasja\/","nextItem":{"@type":"ListItem","@id":"https:\/\/www.skalnik.pl\/blog\/drogi-wspinaczkowe-w-tatrach-dla-poczatkujacych\/#listItem","name":"Drogi wspinaczkowe w Tatrach dla pocz\u0105tkuj\u0105cych"},"previousItem":{"@type":"ListItem","@id":"https:\/\/www.skalnik.pl\/blog#listItem","name":"Home"}},{"@type":"ListItem","@id":"https:\/\/www.skalnik.pl\/blog\/drogi-wspinaczkowe-w-tatrach-dla-poczatkujacych\/#listItem","position":3,"name":"Drogi wspinaczkowe w Tatrach dla pocz\u0105tkuj\u0105cych","previousItem":{"@type":"ListItem","@id":"https:\/\/www.skalnik.pl\/blog\/.\/pasja\/#listItem","name":"Pasja"}}]},{"@type":"Organization","@id":"https:\/\/www.skalnik.pl\/blog\/#organization","name":"blog Skalnik","description":"Blog, porady, artyku\u0142y - blog Skalnik","url":"https:\/\/www.skalnik.pl\/blog\/"},{"@type":"Person","@id":"https:\/\/www.skalnik.pl\/blog\/author\/marta-sokolowska\/#author","url":"https:\/\/www.skalnik.pl\/blog\/author\/marta-sokolowska\/","name":"Marta Soko\u0142owska","image":{"@type":"ImageObject","@id":"https:\/\/www.skalnik.pl\/blog\/drogi-wspinaczkowe-w-tatrach-dla-poczatkujacych\/#authorImage","url":"https:\/\/secure.gravatar.com\/avatar\/0e04a069f04d0a1476d6733ecbd93392e6d0867d90579d243eb1e783e66953a4?s=96&d=mm&r=g","width":96,"height":96,"caption":"Marta Soko\u0142owska"}},{"@type":"WebPage","@id":"https:\/\/www.skalnik.pl\/blog\/drogi-wspinaczkowe-w-tatrach-dla-poczatkujacych\/#webpage","url":"https:\/\/www.skalnik.pl\/blog\/drogi-wspinaczkowe-w-tatrach-dla-poczatkujacych\/","name":"Drogi wspinaczkowe w Tatrach dla pocz\u0105tkuj\u0105cych - blog Skalnik","description":"Trzy drogi dla pocz\u0105tkuj\u0105cych taternik\u00f3w! O tym gdzie wybra\u0107 si\u0119 na pierwsze samodzielne wspinaczki w Tatrach pisze Marta Soko\u0142owska.","inLanguage":"pl-PL","isPartOf":{"@id":"https:\/\/www.skalnik.pl\/blog\/#website"},"breadcrumb":{"@id":"https:\/\/www.skalnik.pl\/blog\/drogi-wspinaczkowe-w-tatrach-dla-poczatkujacych\/#breadcrumblist"},"author":{"@id":"https:\/\/www.skalnik.pl\/blog\/author\/marta-sokolowska\/#author"},"creator":{"@id":"https:\/\/www.skalnik.pl\/blog\/author\/marta-sokolowska\/#author"},"image":{"@type":"ImageObject","url":"https:\/\/www.skalnik.pl\/blog\/wp-content\/uploads\/2019\/09\/Tatry-fot.Bart-Bazior.jpg","@id":"https:\/\/www.skalnik.pl\/blog\/drogi-wspinaczkowe-w-tatrach-dla-poczatkujacych\/#mainImage","width":1920,"height":705,"caption":"Tatry - fot.Bart Bazior"},"primaryImageOfPage":{"@id":"https:\/\/www.skalnik.pl\/blog\/drogi-wspinaczkowe-w-tatrach-dla-poczatkujacych\/#mainImage"},"datePublished":"2019-09-13T08:26:22+02:00","dateModified":"2019-10-04T09:27:56+02:00"},{"@type":"WebSite","@id":"https:\/\/www.skalnik.pl\/blog\/#website","url":"https:\/\/www.skalnik.pl\/blog\/","name":"blog Skalnik","description":"Blog, porady, artyku\u0142y - blog Skalnik","inLanguage":"pl-PL","publisher":{"@id":"https:\/\/www.skalnik.pl\/blog\/#organization"}}]},"og:locale":"pl_PL","og:site_name":"blog Skalnik - Blog, porady, artyku\u0142y - blog Skalnik","og:type":"article","og:title":"Drogi wspinaczkowe w Tatrach dla pocz\u0105tkuj\u0105cych - blog Skalnik","og:description":"Trzy drogi dla pocz\u0105tkuj\u0105cych taternik\u00f3w! O tym gdzie wybra\u0107 si\u0119 na pierwsze samodzielne wspinaczki w Tatrach pisze Marta Soko\u0142owska.","og:url":"https:\/\/www.skalnik.pl\/blog\/drogi-wspinaczkowe-w-tatrach-dla-poczatkujacych\/","og:image":"https:\/\/skalnik.pl\/blog\/wp-content\/uploads\/2019\/09\/Gra\u0144-Ko\u015bcielc\u00f3w-Tatry-Wspinanie-1024x768.jpg","og:image:secure_url":"https:\/\/skalnik.pl\/blog\/wp-content\/uploads\/2019\/09\/Gra\u0144-Ko\u015bcielc\u00f3w-Tatry-Wspinanie-1024x768.jpg","article:tag":["pasja","g\u00f3ry","tatry","wspinaczka","wspinaczka g\u00f3rska","wspinanie"],"article:published_time":"2019-09-13T06:26:22+00:00","article:modified_time":"2019-10-04T07:27:56+00:00","twitter:card":"summary_large_image","twitter:title":"Drogi wspinaczkowe w Tatrach dla pocz\u0105tkuj\u0105cych - blog Skalnik","twitter:description":"Trzy drogi dla pocz\u0105tkuj\u0105cych taternik\u00f3w! O tym gdzie wybra\u0107 si\u0119 na pierwsze samodzielne wspinaczki w Tatrach pisze Marta Soko\u0142owska.","twitter:image":"https:\/\/skalnik.pl\/blog\/wp-content\/uploads\/2019\/09\/Gra\u0144-Ko\u015bcielc\u00f3w-Tatry-Wspinanie-1024x768.jpg"},"aioseo_meta_data":{"post_id":"8843","title":"","description":"Trzy drogi dla pocz\u0105tkuj\u0105cych taternik\u00f3w! O tym gdzie wybra\u0107 si\u0119 na pierwsze samodzielne wspinaczki w Tatrach pisze Marta Soko\u0142owska.","keywords":[{"label":"tatry wspinaczka","value":"tatry wspinaczka"},{"label":"wspinaczka tatry","value":"wspinaczka tatry"},{"label":"wspinanie w tatrach","value":"wspinanie w tatrach"},{"label":"drogi wspinaczkowe w tatrach","value":"drogi wspinaczkowe w tatrach"},{"label":"drogi wspinaczkowe tatry","value":"drogi wspinaczkowe tatry"}],"keyphrases":null,"primary_term":null,"canonical_url":null,"og_title":null,"og_description":null,"og_object_type":"default","og_image_type":"default","og_image_url":null,"og_image_width":null,"og_image_height":null,"og_image_custom_url":null,"og_image_custom_fields":null,"og_video":null,"og_custom_url":null,"og_article_section":null,"og_article_tags":null,"twitter_use_og":false,"twitter_card":"default","twitter_image_type":"default","twitter_image_url":null,"twitter_image_custom_url":null,"twitter_image_custom_fields":null,"twitter_title":null,"twitter_description":null,"schema":{"blockGraphs":[],"customGraphs":[],"default":{"data":{"Article":[],"Course":[],"Dataset":[],"FAQPage":[],"Movie":[],"Person":[],"Product":[],"ProductReview":[],"Car":[],"Recipe":[],"Service":[],"SoftwareApplication":[],"WebPage":[]},"graphName":"BlogPosting","isEnabled":true},"graphs":[]},"schema_type":"default","schema_type_options":null,"pillar_content":false,"robots_default":true,"robots_noindex":false,"robots_noarchive":false,"robots_nosnippet":false,"robots_nofollow":false,"robots_noimageindex":false,"robots_noodp":false,"robots_notranslate":false,"robots_max_snippet":null,"robots_max_videopreview":null,"robots_max_imagepreview":"large","priority":null,"frequency":null,"local_seo":null,"breadcrumb_settings":null,"limit_modified_date":false,"ai":null,"created":"2022-08-26 10:04:56","updated":"2026-02-17 21:38:21","seo_analyzer_scan_date":null},"aioseo_breadcrumb":"<div class=\"aioseo-breadcrumbs\"><span class=\"aioseo-breadcrumb\">\n\t\t\t<a href=\"https:\/\/www.skalnik.pl\/blog\" title=\"Home\">Home<\/a>\n\t\t<\/span><span class=\"aioseo-breadcrumb-separator\">&raquo;<\/span><span class=\"aioseo-breadcrumb\">\n\t\t\t<a href=\"https:\/\/www.skalnik.pl\/blog\/.\/pasja\/\" title=\"Pasja\">Pasja<\/a>\n\t\t<\/span><span class=\"aioseo-breadcrumb-separator\">&raquo;<\/span><span class=\"aioseo-breadcrumb\">\n\t\t\tDrogi wspinaczkowe w Tatrach dla pocz\u0105tkuj\u0105cych\n\t\t<\/span><\/div>","aioseo_breadcrumb_json":[{"label":"Home","link":"https:\/\/www.skalnik.pl\/blog"},{"label":"Pasja","link":"https:\/\/www.skalnik.pl\/blog\/.\/pasja\/"},{"label":"Drogi wspinaczkowe w Tatrach dla pocz\u0105tkuj\u0105cych","link":"https:\/\/www.skalnik.pl\/blog\/drogi-wspinaczkowe-w-tatrach-dla-poczatkujacych\/"}],"_links":{"self":[{"href":"https:\/\/www.skalnik.pl\/blog\/wp-json\/wp\/v2\/posts\/8843","targetHints":{"allow":["GET"]}}],"collection":[{"href":"https:\/\/www.skalnik.pl\/blog\/wp-json\/wp\/v2\/posts"}],"about":[{"href":"https:\/\/www.skalnik.pl\/blog\/wp-json\/wp\/v2\/types\/post"}],"author":[{"embeddable":true,"href":"https:\/\/www.skalnik.pl\/blog\/wp-json\/wp\/v2\/users\/25"}],"replies":[{"embeddable":true,"href":"https:\/\/www.skalnik.pl\/blog\/wp-json\/wp\/v2\/comments?post=8843"}],"version-history":[{"count":18,"href":"https:\/\/www.skalnik.pl\/blog\/wp-json\/wp\/v2\/posts\/8843\/revisions"}],"predecessor-version":[{"id":8869,"href":"https:\/\/www.skalnik.pl\/blog\/wp-json\/wp\/v2\/posts\/8843\/revisions\/8869"}],"wp:featuredmedia":[{"embeddable":true,"href":"https:\/\/www.skalnik.pl\/blog\/wp-json\/wp\/v2\/media\/8858"}],"wp:attachment":[{"href":"https:\/\/www.skalnik.pl\/blog\/wp-json\/wp\/v2\/media?parent=8843"}],"wp:term":[{"taxonomy":"category","embeddable":true,"href":"https:\/\/www.skalnik.pl\/blog\/wp-json\/wp\/v2\/categories?post=8843"},{"taxonomy":"post_tag","embeddable":true,"href":"https:\/\/www.skalnik.pl\/blog\/wp-json\/wp\/v2\/tags?post=8843"},{"taxonomy":"magento_category","embeddable":true,"href":"https:\/\/www.skalnik.pl\/blog\/wp-json\/wp\/v2\/magento_category?post=8843"},{"taxonomy":"magento_product","embeddable":true,"href":"https:\/\/www.skalnik.pl\/blog\/wp-json\/wp\/v2\/magento_product?post=8843"}],"curies":[{"name":"wp","href":"https:\/\/api.w.org\/{rel}","templated":true}]}}