{"id":8963,"date":"2019-09-27T10:07:08","date_gmt":"2019-09-27T08:07:08","guid":{"rendered":"https:\/\/skalnik.pl\/blog\/?p=8963"},"modified":"2025-07-11T14:44:31","modified_gmt":"2025-07-11T12:44:31","slug":"arcteryx-ludzie-natura-wartosci","status":"publish","type":"post","link":"https:\/\/www.skalnik.pl\/blog\/arcteryx-ludzie-natura-wartosci\/","title":{"rendered":"Arc&#8217;teryx &#8211; ludzie, natura, warto\u015bci"},"content":{"rendered":"<p><b>W tym wpisie postaram si\u0119 opowiedzie\u0107 zn\u00f3w o Arc&#8217;teryxie, ale z innej perspektywy. Tematem nie b\u0119d\u0105 ani kurtki Arc\u2019teryx, ani sprz\u0119t. Ile\u017c mo\u017cna o tym pisa\u0107?! W ko\u0144cu kanadyjska marka to nie tylko produkty zaspokajaj\u0105ce potrzeby maniak\u00f3w outdooru. To tak\u017ce ludzie, kt\u00f3rzy s\u0105 outdoorem, chc\u0105 ch\u0142on\u0105\u0107 ka\u017cd\u0105 jego cz\u0119\u015b\u0107 i zara\u017ca\u0107 ni\u0105 innych.<\/b><\/p>\n<p>W mojej \u2013 subiektywnej oczywi\u015bcie ocenie \u2013 tym co liczy si\u0119 najbardziej i stanowi warto\u015b\u0107 marek outdoorowych, jest ich spo\u0142eczne zaanga\u017cowanie i ch\u0119\u0107 zara\u017cania ludzi mi\u0142o\u015bci\u0105 do przyrody. Arc&#8217;teryx wspiera wiele ciekawych inicjatyw spo\u0142ecznych, niejednokrotnie pokazuj\u0105c, \u017ce g\u00f3ry oraz otaczaj\u0105ca nas natura nie widz\u0105 granic i s\u0105 miejscem dla ka\u017cdego z nas. Czytaj\u0105c ten tekst dalej dowiesz si\u0119, co takiego robi w tym temacie <a href=\"https:\/\/skalnik.pl\/arc-teryx\" target=\"_blank\" rel=\"noopener noreferrer\">Arc\u2019teryx<\/a>.<\/p>\n<p>&nbsp;<\/p>\n<div id=\"ez-toc-container\" class=\"ez-toc-v2_0_85 counter-hierarchy ez-toc-counter ez-toc-light-blue ez-toc-container-direction\">\n<div class=\"ez-toc-title-container\">\n<p class=\"ez-toc-title\" style=\"cursor:inherit\">SPIS TRE\u015aCI <\/p>\n<span class=\"ez-toc-title-toggle\"><a href=\"#\" class=\"ez-toc-pull-right ez-toc-btn ez-toc-btn-xs ez-toc-btn-default ez-toc-toggle\" aria-label=\"Prze\u0142\u0105cznik Spisu Tre\u015bci\"><span class=\"ez-toc-js-icon-con\"><span class=\"\"><span class=\"eztoc-hide\" style=\"display:none;\">Toggle<\/span><span class=\"ez-toc-icon-toggle-span\"><svg style=\"fill: #999;color:#999\" xmlns=\"http:\/\/www.w3.org\/2000\/svg\" class=\"list-377408\" width=\"20px\" height=\"20px\" viewBox=\"0 0 24 24\" fill=\"none\"><path d=\"M6 6H4v2h2V6zm14 0H8v2h12V6zM4 11h2v2H4v-2zm16 0H8v2h12v-2zM4 16h2v2H4v-2zm16 0H8v2h12v-2z\" fill=\"currentColor\"><\/path><\/svg><svg style=\"fill: #999;color:#999\" class=\"arrow-unsorted-368013\" xmlns=\"http:\/\/www.w3.org\/2000\/svg\" width=\"10px\" height=\"10px\" viewBox=\"0 0 24 24\" version=\"1.2\" baseProfile=\"tiny\"><path d=\"M18.2 9.3l-6.2-6.3-6.2 6.3c-.2.2-.3.4-.3.7s.1.5.3.7c.2.2.4.3.7.3h11c.3 0 .5-.1.7-.3.2-.2.3-.5.3-.7s-.1-.5-.3-.7zM5.8 14.7l6.2 6.3 6.2-6.3c.2-.2.3-.5.3-.7s-.1-.5-.3-.7c-.2-.2-.4-.3-.7-.3h-11c-.3 0-.5.1-.7.3-.2.2-.3.5-.3.7s.1.5.3.7z\"\/><\/svg><\/span><\/span><\/span><\/a><\/span><\/div>\n<nav><ul class='ez-toc-list ez-toc-list-level-1 ' ><li class='ez-toc-page-1 ez-toc-heading-level-2'><a class=\"ez-toc-link ez-toc-heading-1\" href=\"https:\/\/www.skalnik.pl\/blog\/arcteryx-ludzie-natura-wartosci\/#Do_Right_Days\" >Do Right Days<\/a><\/li><li class='ez-toc-page-1 ez-toc-heading-level-2'><a class=\"ez-toc-link ez-toc-heading-2\" href=\"https:\/\/www.skalnik.pl\/blog\/arcteryx-ludzie-natura-wartosci\/#Adaptive_Climbers_Group\" >Adaptive Climbers Group<\/a><\/li><li class='ez-toc-page-1 ez-toc-heading-level-2'><a class=\"ez-toc-link ez-toc-heading-3\" href=\"https:\/\/www.skalnik.pl\/blog\/arcteryx-ludzie-natura-wartosci\/#Big_City_Mountaineers\" >Big City Mountaineers<\/a><\/li><li class='ez-toc-page-1 ez-toc-heading-level-2'><a class=\"ez-toc-link ez-toc-heading-4\" href=\"https:\/\/www.skalnik.pl\/blog\/arcteryx-ludzie-natura-wartosci\/#Problem_przyczynkiem_do_rozwoju\" >Problem przyczynkiem do rozwoju<\/a><\/li><li class='ez-toc-page-1 ez-toc-heading-level-2'><a class=\"ez-toc-link ez-toc-heading-5\" href=\"https:\/\/www.skalnik.pl\/blog\/arcteryx-ludzie-natura-wartosci\/#Wplyw_na_srodowisko\" >Wp\u0142yw na \u015brodowisko<\/a><\/li><li class='ez-toc-page-1 ez-toc-heading-level-2'><a class=\"ez-toc-link ez-toc-heading-6\" href=\"https:\/\/www.skalnik.pl\/blog\/arcteryx-ludzie-natura-wartosci\/#By_trwac\" >By trwa\u0107<\/a><\/li><li class='ez-toc-page-1 ez-toc-heading-level-2'><a class=\"ez-toc-link ez-toc-heading-7\" href=\"https:\/\/www.skalnik.pl\/blog\/arcteryx-ludzie-natura-wartosci\/#Zwierzeta\" >Zwierz\u0119ta<\/a><\/li><li class='ez-toc-page-1 ez-toc-heading-level-2'><a class=\"ez-toc-link ez-toc-heading-8\" href=\"https:\/\/www.skalnik.pl\/blog\/arcteryx-ludzie-natura-wartosci\/#Morza_i_oceany\" >Morza i oceany<\/a><\/li><\/ul><\/nav><\/div>\n<h2><span class=\"ez-toc-section\" id=\"Do_Right_Days\"><\/span>Do Right Days<span class=\"ez-toc-section-end\"><\/span><\/h2>\n<p>To inicjatywa samej marki, kt\u00f3ra chcia\u0142a co\u015b zmieni\u0107, zacz\u0105\u0107 wspiera\u0107 ludzi, organizacje oraz spo\u0142eczno\u015bci, kt\u00f3re zmieniaj\u0105 otaczaj\u0105c\u0105 nas rzeczywisto\u015b\u0107 na lepsz\u0105. Tak w 2018 roku powsta\u0142a idea Do Right Days, kt\u00f3rej za\u0142o\u017ceniem by\u0142o i jest wsparcie finansowe tych\u017ce inicjatyw. Mechanizm jest prosty: przez kilka dni w roku ca\u0142kowity doch\u00f3d ze sprzeda\u017cy na stronie arcteryx.com trafia do tych\u017ce grup.<\/p>\n<p>Arc&#8217;teryx wspiera organizacje z r\u00f3\u017cnych dziedzin. Co ciekawe, nie nale\u017c\u0105 one wszystkie do \u015bwiata outdooru. Je\u017celi chcesz pozna\u0107 dotychczasowych laureat\u00f3w tej akcji <a href=\"https:\/\/blog.arcteryx.com\/do-right-days\/\" target=\"_blank\" rel=\"nofollow, noopener noreferrer\">kliknij w link<\/a>. Jedn\u0105 ze wspieranych przez mark\u0119 akcji by\u0142a iniscjatywa POW. Protect Our Winters.<\/p>\n<p><iframe loading=\"lazy\" src=\"https:\/\/player.vimeo.com\/video\/182003700?title=0&amp;byline=0&amp;portrait=0\" allowfullscreen=\"allowfullscreen\" width=\"800\" height=\"442\" frameborder=\"0\"><\/iframe><\/p>\n<p>&nbsp;<\/p>\n<h2><span class=\"ez-toc-section\" id=\"Adaptive_Climbers_Group\"><\/span>Adaptive Climbers Group<span class=\"ez-toc-section-end\"><\/span><\/h2>\n<p>Ka\u017cdy mo\u017ce si\u0119 wspina\u0107. Tak twierdzi Kareemah Batts, za\u0142o\u017cycielka Adaptive Climbers Group. Kareemah bierze czynny udzia\u0142 w zrozumieniu i rozwi\u0105zywaniu problem\u00f3w stanowi\u0105cych przeszkod\u0119 dla os\u00f3b niepe\u0142nosprawnych, kt\u00f3re pragn\u0105 do\u015bwiadcza\u0107 tego samego, co dla nas najwa\u017cniejsze \u2013 przebywa\u0107 w outdoorze.<\/p>\n<p>Zwraca ona szczeg\u00f3ln\u0105 uwag\u0119 na dost\u0119pno\u015b\u0107 parking\u00f3w, schronisk oraz wytyczanie i projektowanie szlak\u00f3w z uwzgl\u0119dnieniem os\u00f3b poruszaj\u0105cych si\u0119 na przyk\u0142ad na w\u00f3zkach inwalidzkich, dzi\u0119ki czemu osoby te mog\u0105 zachowa\u0107 swoj\u0105 niezale\u017cno\u015b\u0107. Dzia\u0142ania grupy nie ograniczaj\u0105 si\u0119 tylko do zabiegania o zmiany w infrastrukturze. Bardzo wa\u017cnym aspektem dzia\u0142alno\u015bci tej grupy jest edukacja i zmiana sposobu my\u015blenia o osobach niepe\u0142nosprawnych. W ko\u0144cu g\u00f3ry s\u0105 dla ka\u017cdego, co Kareemah i za\u0142o\u017cona przez ni\u0105 grupa pokazuj\u0105 \u015bwiatu od 2012 roku.<\/p>\n<p><iframe loading=\"lazy\" src=\"https:\/\/www.youtube.com\/embed\/HVGdIvxrogg\" allowfullscreen=\"allowfullscreen\" width=\"800\" height=\"442\" frameborder=\"0\"><\/iframe><\/p>\n<p>&nbsp;<\/p>\n<h2><span class=\"ez-toc-section\" id=\"Big_City_Mountaineers\"><\/span>Big City Mountaineers<span class=\"ez-toc-section-end\"><\/span><\/h2>\n<p>To kolejna wspierana przez Arc&#8217;teryx inicjatywa. Sw\u00f3j pocz\u0105tek ma w ko\u0144cu lat 80., a jej inicjatorem jest Jim Kern. Kiedy Jim dowiedzia\u0142 si\u0119, \u017ce przyjaciel jego syna nie b\u0119dzie m\u00f3g\u0142 uczestniczy\u0107 w wyje\u017adzie w g\u00f3ry, postanowi\u0142 zaproponowa\u0107 wyjazd dziecku, kt\u00f3re zwyczajnie nie mia\u0142oby tej mo\u017cliwo\u015bci. Szybko znalaz\u0142 kandydata. Wsp\u00f3lna wyprawa mia\u0142a ogromny wp\u0142yw na Jima i ch\u0142opca, kt\u00f3ry uczestniczy\u0142 z nim w wyprawie w g\u00f3ry.<\/p>\n<p>Tak swoj\u0105 dzia\u0142alno\u015b\u0107 rozpocz\u0119\u0142a organizacja Big City Mountaineers. Dzi\u0119ki niej niemal\u017ce tysi\u0105c dzieciak\u00f3w rocznie mo\u017ce poczu\u0107 dziko\u015b\u0107 g\u00f3r i natury, sprawdzi\u0107 si\u0119 w nowej sytuacji i nabra\u0107 pewno\u015bci siebie. Programy prowadzone przez BCM maj\u0105 na celu poprawienie samooceny, rozwini\u0119cie umiej\u0119tno\u015bci komunikacji w grupie, co ma pom\u00f3c m\u0142odzie\u017cy w doros\u0142ym \u017cyciu.<\/p>\n<blockquote class=\"instagram-media\" style=\"background: #FFF; border: 0; border-radius: 3px; box-shadow: 0 0 1px 0 rgba(0,0,0,0.5),0 1px 10px 0 rgba(0,0,0,0.15); margin: 1px; max-width: 540px; min-width: 326px; padding: 0; width: calc(100% - 2px);\" data-instgrm-captioned=\"\" data-instgrm-permalink=\"https:\/\/www.instagram.com\/p\/B2CROUEl1HF\/?utm_source=ig_embed&amp;utm_campaign=loading\" data-instgrm-version=\"12\">\n<div style=\"padding: 16px;\">\n<p>&nbsp;<\/p>\n<div style=\"display: flex; flex-direction: row; align-items: center;\">\n<div style=\"background-color: #f4f4f4; border-radius: 50%; flex-grow: 0; height: 40px; margin-right: 14px; width: 40px;\">&nbsp;<\/div>\n<div style=\"display: flex; flex-direction: column; flex-grow: 1; justify-content: center;\">\n<div style=\"background-color: #f4f4f4; border-radius: 4px; flex-grow: 0; height: 14px; margin-bottom: 6px; width: 100px;\">&nbsp;<\/div>\n<div style=\"background-color: #f4f4f4; border-radius: 4px; flex-grow: 0; height: 14px; width: 60px;\">&nbsp;<\/div>\n<\/div>\n<\/div>\n<div style=\"padding: 19% 0px; text-align: center;\">&nbsp;<\/div>\n<div style=\"display: block; height: 50px; margin: 0 auto 12px; width: 50px;\">&nbsp;<\/div>\n<div style=\"padding-top: 8px;\">\n<div style=\"color: #3897f0; font-family: Arial,sans-serif; font-size: 14px; font-style: normal; font-weight: 550; line-height: 18px;\">Wy\u015bwietl ten post na Instagramie.<\/div>\n<\/div>\n<div style=\"padding: 12.5% 0;\">&nbsp;<\/div>\n<div style=\"display: flex; flex-direction: row; margin-bottom: 14px; align-items: center;\">\n<div>\n<div style=\"background-color: #f4f4f4; border-radius: 50%; height: 12.5px; width: 12.5px; transform: translateX(0px) translateY(7px);\">&nbsp;<\/div>\n<div style=\"background-color: #f4f4f4; height: 12.5px; transform: rotate(-45deg) translateX(3px) translateY(1px); width: 12.5px; flex-grow: 0; margin-right: 14px; margin-left: 2px;\">&nbsp;<\/div>\n<div style=\"background-color: #f4f4f4; border-radius: 50%; height: 12.5px; width: 12.5px; transform: translateX(9px) translateY(-18px);\">&nbsp;<\/div>\n<\/div>\n<div style=\"margin-left: 8px;\">\n<div style=\"background-color: #f4f4f4; border-radius: 50%; flex-grow: 0; height: 20px; width: 20px;\">&nbsp;<\/div>\n<div style=\"width: 0; height: 0; border-top: 2px solid transparent; border-left: 6px solid #f4f4f4; border-bottom: 2px solid transparent; transform: translateX(16px) translateY(-4px) rotate(30deg);\">&nbsp;<\/div>\n<\/div>\n<div style=\"margin-left: auto;\">\n<div style=\"width: 0px; border-top: 8px solid #F4F4F4; border-right: 8px solid transparent; transform: translateY(16px);\">&nbsp;<\/div>\n<div style=\"background-color: #f4f4f4; flex-grow: 0; height: 12px; width: 16px; transform: translateY(-4px);\">&nbsp;<\/div>\n<div style=\"width: 0; height: 0; border-top: 8px solid #F4F4F4; border-left: 8px solid transparent; transform: translateY(-4px) translateX(8px);\">&nbsp;<\/div>\n<\/div>\n<\/div>\n<p>&nbsp;<\/p>\n<p style=\"margin: 8px 0 0 0; padding: 0 4px;\"><a style=\"color: #000; font-family: Arial,sans-serif; font-size: 14px; font-style: normal; font-weight: normal; line-height: 17px; text-decoration: none; word-wrap: break-word;\" href=\"https:\/\/www.instagram.com\/p\/B2CROUEl1HF\/?utm_source=ig_embed&amp;utm_campaign=loading\" target=\"_blank\" rel=\"noopener noreferrer\">EARTH: How does a change of (s)pace inspire you? Tell us in the comments. The world looks different on wheels. It\u2019s hard to see details when the landscape is a blur. Out in wilderness, we have to take things one moment at a time. When we slow down, we start to notice things: the cave nestled up in the cliffside, the sheer amount of animal life, the tiny trailside flowers. We also start to notice things on the inside: the needs we have, the judgments we make about ourselves, and the desires we have for the future. Backpacking, we often find fertile ground &#8211; and not only the kind that supports the beauty around us. In the fertile ground of expedition, youth can also plant new possibilities, new ideas about the people they are and the people want to be.<\/a><\/p>\n<p style=\"color: #c9c8cd; font-family: Arial,sans-serif; font-size: 14px; line-height: 17px; margin-bottom: 0; margin-top: 8px; overflow: hidden; padding: 8px 0 7px; text-align: center; text-overflow: ellipsis; white-space: nowrap;\">Post udost\u0119pniony przez <a style=\"color: #c9c8cd; font-family: Arial,sans-serif; font-size: 14px; font-style: normal; font-weight: normal; line-height: 17px;\" href=\"https:\/\/www.instagram.com\/big_city_mountaineers\/?utm_source=ig_embed&amp;utm_campaign=loading\" target=\"_blank\" rel=\"noopener noreferrer\"> Big City Mountaineers<\/a> (@big_city_mountaineers) <time style=\"font-family: Arial,sans-serif; font-size: 14px; line-height: 17px;\" datetime=\"2019-09-05T16:00:31+00:00\">Wrz 5, 2019 o 9:00 PDT<\/time><\/p>\n<\/div>\n<\/blockquote>\n<p><script async=\"\" src=\"\/\/www.instagram.com\/embed.js\"><\/script><\/p>\n<p>&nbsp;<\/p>\n<h2><span class=\"ez-toc-section\" id=\"Problem_przyczynkiem_do_rozwoju\"><\/span>Problem przyczynkiem do rozwoju<span class=\"ez-toc-section-end\"><\/span><\/h2>\n<p>Arc&#8217;teryx to nie tylko sprz\u0119t i odzie\u017c. To bezustanne my\u015blenie o tym jak rozwi\u0105za\u0107 pojawiaj\u0105ce si\u0119 problemy. Bo to dzi\u0119ki problemom, a przede wszystkim ludziom, kt\u00f3rzy podejmuj\u0105 si\u0119 ich rozwi\u0105zania produkty Arc&#8217;teryxa ocieraj\u0105 si\u0119 o perfekcj\u0119. Projektanci, bo o nich mowa to co\u015b wi\u0119cej ni\u017c rysunki, modele i prototypy. To oni pochylaj\u0105 g\u0142ow\u0119 nad problemem, kieruj\u0105 procesem, kt\u00f3ry daje zupe\u0142nie nowe mo\u017cliwo\u015bci. Nie chodzi tu tylko i wy\u0142\u0105cznie o projektant\u00f3w z siedziby Arc&#8217;teryxa. Mowa tu o ludziach, kt\u00f3rych \u0142\u0105czy pokora, ch\u0119\u0107 wsp\u00f3\u0142pracy i mi\u0142o\u015b\u0107 do natury. Je\u017celi chcesz dowiedzie\u0107 si\u0119 wi\u0119cej o tych niesamowitych ludziach, to Arc&#8217;teryx przygotowa\u0142 serial \u201eThe Problem Solvers\u201d, kt\u00f3ry mo\u017cesz obejrze\u0107 na kanale marki w serwisie YouTube.<\/p>\n<p><iframe loading=\"lazy\" src=\"https:\/\/www.youtube.com\/embed\/emg9ly625PY\" allowfullscreen=\"allowfullscreen\" width=\"800\" height=\"442\" frameborder=\"0\"><\/iframe><\/p>\n<h2><span class=\"ez-toc-section\" id=\"Wplyw_na_srodowisko\"><\/span>Wp\u0142yw na \u015brodowisko<span class=\"ez-toc-section-end\"><\/span><\/h2>\n<p>Druga dekada XXI wieku kojarzy mi si\u0119 z przebudzeniem ludzkiej \u015bwiadomo\u015bci ekologicznej. Przyznam szczerze, \u017ce nie pami\u0119tam \u017ceby dziesi\u0119\u0107, a nawet pi\u0119\u0107 lat temu, gatunek ludzki przejawia\u0142 tak\u0105 trosk\u0119 nad miejscem, w kt\u00f3rym \u017cyjemy.<\/p>\n<p>St\u0105d wzi\u0119\u0142y si\u0119 moje w\u0105tpliwo\u015bci w stosunku do r\u00f3\u017cnych marek, czy te\u017c organizacji. Zwyczajna ciekawo\u015b\u0107 zmusza\u0142a mnie do kontrolowania swoich wybor\u00f3w konsumenckich. Logicznym dla mnie wyda\u0142o si\u0119, \u017ce marki stricte outdoorowe powinny k\u0142a\u015b\u0107 na ekologi\u0119 i zr\u00f3wnowa\u017cony rozw\u00f3j najwi\u0119kszy nacisk. Czy i Arc&#8217;teryx by\u0142 cz\u0119\u015bci\u0105 tego przebudzenia?<\/p>\n<p>&nbsp;<\/p>\n<h2><span class=\"ez-toc-section\" id=\"By_trwac\"><\/span>By trwa\u0107<span class=\"ez-toc-section-end\"><\/span><\/h2>\n<p>W tych dw\u00f3ch s\u0142owach mo\u017cna zawrze\u0107 ideologi\u0119 marki. Chocia\u017c zabrzmi to paradoksalnie, Arc&#8217;teryx nie korzysta z materia\u0142\u00f3w pozyskanych z recyklingu. Jak tak mo\u017cna?! Odpowied\u017a jest do\u015b\u0107 prosta. W Vancouver eksperymentowano z materia\u0142ami z odzysku, lecz te nie okaza\u0142y si\u0119 tak trwa\u0142e, \u017ceby wpisa\u0107 si\u0119 na list\u0119 materia\u0142\u00f3w u\u017cytych do produkcji. Projektanci stawiaj\u0105 na jako\u015b\u0107 i trwa\u0142o\u015b\u0107. Dobieraj\u0105 materia\u0142y tak, \u017ceby wytrzyma\u0142y wiele sezon\u00f3w i przez ca\u0142y czas u\u017cytkowania by\u0142y niezawodne. Dlatego kupno<a href=\"https:\/\/skalnik.pl\/odziez\/odziez-meska\/odziez-meska-kurtki\/arc-teryx\" target=\"_blank\" rel=\"noopener noreferrer\"> kurtki Arc&#8217;teryx<\/a> to nie tyle co drogi wydatek, ile inwestycja na lata.<\/p>\n<div id=\"attachment_8967\" style=\"width: 2510px\" class=\"wp-caption alignnone\"><img loading=\"lazy\" decoding=\"async\" aria-describedby=\"caption-attachment-8967\" class=\"wp-image-8967 size-full\" title=\"arcteryx odzie\u017c\" src=\"https:\/\/skalnik.pl\/blog\/wp-content\/uploads\/2019\/09\/20180704_Chamonix_Kemple_6347-min.jpg\" alt=\"arcteryx kurtka\" width=\"2500\" height=\"1667\" srcset=\"https:\/\/www.skalnik.pl\/blog\/wp-content\/uploads\/2019\/09\/20180704_Chamonix_Kemple_6347-min.jpg 2500w, https:\/\/www.skalnik.pl\/blog\/wp-content\/uploads\/2019\/09\/20180704_Chamonix_Kemple_6347-min-300x200.jpg 300w, https:\/\/www.skalnik.pl\/blog\/wp-content\/uploads\/2019\/09\/20180704_Chamonix_Kemple_6347-min-768x512.jpg 768w, https:\/\/www.skalnik.pl\/blog\/wp-content\/uploads\/2019\/09\/20180704_Chamonix_Kemple_6347-min-1024x683.jpg 1024w\" sizes=\"auto, (max-width: 2500px) 100vw, 2500px\" \/><p id=\"caption-attachment-8967\" class=\"wp-caption-text\">Arc&#8217;teryx stawia na wytrzyma\u0142o\u015b\u0107 materia\u0142\u00f3w. To pow\u00f3d, dla kt\u00f3rego nie do ko\u0144ca wierzy w drog\u0119 recyklingu (fot. Arc&#8217;teryx)<\/p><\/div>\n<p>&nbsp;<\/p>\n<h2><span class=\"ez-toc-section\" id=\"Zwierzeta\"><\/span>Zwierz\u0119ta<span class=\"ez-toc-section-end\"><\/span><\/h2>\n<p>I tutaj nie powiniene\u015b spodziewa\u0107 si\u0119 \u017cadnego zaskoczenia. Puch, sk\u00f3ra i we\u0142na u\u017cywane w wyrobach Arc&#8217;treryx to p\u00f3\u0142produkty najwy\u017cszej jako\u015bci. Ka\u017cdy z surowc\u00f3w spe\u0142nia okre\u015blone kryteria i spe\u0142nia okre\u015blone normy. Puch posiada certyfikat Responsible Down Standard , a we\u0142na certyfikat ZQ Standard.<\/p>\n<p><i>Wiecej o ekologicznych certyfikatach w bran\u017cy outdoor przeczytasz w <a href=\"https:\/\/skalnik.pl\/blog\/eko-certyfikaty-w-branzy-outdoor\/\" target=\"_blank\" rel=\"noopener noreferrer\">tym tek\u015bcie<\/a>.&nbsp;<\/i><\/p>\n<p>&nbsp;<\/p>\n<h2><span class=\"ez-toc-section\" id=\"Morza_i_oceany\"><\/span>Morza i oceany<span class=\"ez-toc-section-end\"><\/span><\/h2>\n<p>Arc&#8217;rteryx do\u0142\u0105czy\u0142 do Ocean Pollution Research Program prowadzonego przez Ocean Wise. Celem udzia\u0142u w tym programie jest zrozumienie zale\u017cno\u015bci pomi\u0119dzy zanieczyszczeniem m\u00f3rz i ocean\u00f3w plastikiem i materia\u0142ami syntetycznymi wykorzystywanymi w produkcji przez mark\u0119 Arc&#8217;teryx. \u015aledzone jest a\u017c 30 r\u00f3\u017cnych typ\u00f3w materia\u0142\u00f3w, dzi\u0119ki czemu mo\u017cna b\u0119dzie usystematyzowa\u0107 wiedz\u0119 na temat ich pochodzenia i sposobu przedostawania si\u0119 do w\u00f3d.<\/p>\n<p><iframe loading=\"lazy\" src=\"https:\/\/www.youtube.com\/embed\/VhLlFF17GA0\" allowfullscreen=\"allowfullscreen\" width=\"800\" height=\"442\" frameborder=\"0\"><\/iframe><\/p>\n<p>&nbsp;<\/p>\n<p>Entuzjazm, z jakim marka anga\u017cuje si\u0119 w inicjatywy zmieniaj\u0105ce otaczaj\u0105cy nas \u015bwiat na lepsze, to przyk\u0142ad odpowiedzialnego spo\u0142ecznie oraz zr\u00f3wnowa\u017conego biznesu. Po raz kolejny Arc&#8217;teryx pokazuje swoj\u0105 klas\u0119 i bez zb\u0119dnego ha\u0142asu przechodzi wprost do dzia\u0142ania, wspieraj\u0105c r\u00f3\u017cnorakie organizacje, niekoniecznie z tego samego podw\u00f3rka. \u015awiadomo\u015b\u0107 ekologiczna jest niemniej istotn\u0105 kwesti\u0105 i w tym przypadku Arc&#8217;teryx niczym nie zaskakuje. Jak zwykle Arc\u2019teryx przejmuje inicjatyw\u0119, daje przyk\u0142ad i jest \u201ew czubie\u201d marek wyznaczaj\u0105cych najwy\u017csze standardy.<\/p>\n","protected":false},"excerpt":{"rendered":"<p>Outdoor to natura i ludzie. W\u0142a\u015bnie dlatego marki outdoorowe powinny troszczy\u0107 si\u0119 o \u015brodowisko i budowa\u0107 spo\u0142eczno\u015b\u0107. Jak na tle tego problemu wypada Arc&#8217;teryx? Sprawdz! <\/p>\n","protected":false},"author":15,"featured_media":8970,"comment_status":"open","ping_status":"open","sticky":false,"template":"","format":"standard","meta":{"_acf_changed":false,"footnotes":""},"categories":[5],"tags":[194,27,92],"magento_category":[],"magento_product":[],"class_list":["post-8963","post","type-post","status-publish","format-standard","has-post-thumbnail","hentry","category-branza","tag-arcteryx","tag-eko","tag-styl-zycia"],"acf":[],"aioseo_notices":[],"aioseo_head":"\n\t\t<!-- All in One SEO 4.9.10 - aioseo.com -->\n\t<meta name=\"description\" content=\"Marki ourdoor powinny budowa\u0107 spo\u0142eczno\u015b\u0107 i dba\u0107 o \u015brodowisko naturalne. Zobacz, jakie dzia\u0142ania w tej kwestii podejmuje Arc&#039;teryx.\" \/>\n\t<meta name=\"robots\" content=\"noindex, nofollow, max-snippet:-1, max-image-preview:large, max-video-preview:-1\" \/>\n\t<meta name=\"author\" content=\"Marcin Nowak\"\/>\n\t<link rel=\"canonical\" href=\"https:\/\/www.skalnik.pl\/blog\/arcteryx-ludzie-natura-wartosci\/\" \/>\n\t<meta name=\"generator\" content=\"All in One SEO (AIOSEO) 4.9.10\" \/>\n\t\t<meta property=\"og:locale\" content=\"pl_PL\" \/>\n\t\t<meta property=\"og:site_name\" content=\"blog Skalnik - Blog, porady, artyku\u0142y - blog Skalnik\" \/>\n\t\t<meta property=\"og:type\" content=\"article\" \/>\n\t\t<meta property=\"og:title\" content=\"Arc\u2019teryx \u2013 ludzie, natura, warto\u015bci - blog Skalnik\" \/>\n\t\t<meta property=\"og:description\" content=\"Marki ourdoor powinny budowa\u0107 spo\u0142eczno\u015b\u0107 i dba\u0107 o \u015brodowisko naturalne. Zobacz, jakie dzia\u0142ania w tej kwestii podejmuje Arc&#039;teryx.\" \/>\n\t\t<meta property=\"og:url\" content=\"https:\/\/www.skalnik.pl\/blog\/arcteryx-ludzie-natura-wartosci\/\" \/>\n\t\t<meta property=\"og:image\" content=\"https:\/\/skalnik.pl\/blog\/wp-content\/uploads\/2019\/09\/20180704_Chamonix_Kemple_6347-min.jpg\" \/>\n\t\t<meta property=\"og:image:secure_url\" content=\"https:\/\/skalnik.pl\/blog\/wp-content\/uploads\/2019\/09\/20180704_Chamonix_Kemple_6347-min.jpg\" \/>\n\t\t<meta property=\"article:tag\" content=\"bran\u017ca\" \/>\n\t\t<meta property=\"article:tag\" content=\"arc&#039;teryx\" \/>\n\t\t<meta property=\"article:tag\" content=\"eko\" \/>\n\t\t<meta property=\"article:tag\" content=\"styl \u017cycia\" \/>\n\t\t<meta property=\"article:published_time\" content=\"2019-09-27T08:07:08+00:00\" \/>\n\t\t<meta property=\"article:modified_time\" content=\"2025-07-11T12:44:31+00:00\" \/>\n\t\t<meta name=\"twitter:card\" content=\"summary_large_image\" \/>\n\t\t<meta name=\"twitter:title\" content=\"Arc\u2019teryx \u2013 ludzie, natura, warto\u015bci - blog Skalnik\" \/>\n\t\t<meta name=\"twitter:description\" content=\"Marki ourdoor powinny budowa\u0107 spo\u0142eczno\u015b\u0107 i dba\u0107 o \u015brodowisko naturalne. Zobacz, jakie dzia\u0142ania w tej kwestii podejmuje Arc&#039;teryx.\" \/>\n\t\t<meta name=\"twitter:image\" content=\"https:\/\/skalnik.pl\/blog\/wp-content\/uploads\/2019\/09\/20180704_Chamonix_Kemple_6347-min.jpg\" \/>\n\t\t<script type=\"application\/ld+json\" class=\"aioseo-schema\">\n\t\t\t{\"@context\":\"https:\\\/\\\/schema.org\",\"@graph\":[{\"@type\":\"BlogPosting\",\"@id\":\"https:\\\/\\\/www.skalnik.pl\\\/blog\\\/arcteryx-ludzie-natura-wartosci\\\/#blogposting\",\"name\":\"Arc\\u2019teryx \\u2013 ludzie, natura, warto\\u015bci - blog Skalnik\",\"headline\":\"Arc&#8217;teryx &#8211; ludzie, natura, warto\\u015bci\",\"author\":{\"@id\":\"https:\\\/\\\/www.skalnik.pl\\\/blog\\\/author\\\/marcin-nowak\\\/#author\"},\"publisher\":{\"@id\":\"https:\\\/\\\/www.skalnik.pl\\\/blog\\\/#organization\"},\"image\":{\"@type\":\"ImageObject\",\"url\":\"https:\\\/\\\/www.skalnik.pl\\\/blog\\\/wp-content\\\/uploads\\\/2019\\\/09\\\/arc_spol_okl.jpg\",\"width\":1920,\"height\":705},\"datePublished\":\"2019-09-27T10:07:08+02:00\",\"dateModified\":\"2025-07-11T14:44:31+02:00\",\"inLanguage\":\"pl-PL\",\"mainEntityOfPage\":{\"@id\":\"https:\\\/\\\/www.skalnik.pl\\\/blog\\\/arcteryx-ludzie-natura-wartosci\\\/#webpage\"},\"isPartOf\":{\"@id\":\"https:\\\/\\\/www.skalnik.pl\\\/blog\\\/arcteryx-ludzie-natura-wartosci\\\/#webpage\"},\"articleSection\":\"Bran\\u017ca, arc'teryx, eko, styl \\u017cycia\"},{\"@type\":\"BreadcrumbList\",\"@id\":\"https:\\\/\\\/www.skalnik.pl\\\/blog\\\/arcteryx-ludzie-natura-wartosci\\\/#breadcrumblist\",\"itemListElement\":[{\"@type\":\"ListItem\",\"@id\":\"https:\\\/\\\/www.skalnik.pl\\\/blog#listItem\",\"position\":1,\"name\":\"Home\",\"item\":\"https:\\\/\\\/www.skalnik.pl\\\/blog\",\"nextItem\":{\"@type\":\"ListItem\",\"@id\":\"https:\\\/\\\/www.skalnik.pl\\\/blog\\\/.\\\/branza\\\/#listItem\",\"name\":\"Bran\\u017ca\"}},{\"@type\":\"ListItem\",\"@id\":\"https:\\\/\\\/www.skalnik.pl\\\/blog\\\/.\\\/branza\\\/#listItem\",\"position\":2,\"name\":\"Bran\\u017ca\",\"item\":\"https:\\\/\\\/www.skalnik.pl\\\/blog\\\/.\\\/branza\\\/\",\"nextItem\":{\"@type\":\"ListItem\",\"@id\":\"https:\\\/\\\/www.skalnik.pl\\\/blog\\\/arcteryx-ludzie-natura-wartosci\\\/#listItem\",\"name\":\"Arc&#8217;teryx &#8211; ludzie, natura, warto\\u015bci\"},\"previousItem\":{\"@type\":\"ListItem\",\"@id\":\"https:\\\/\\\/www.skalnik.pl\\\/blog#listItem\",\"name\":\"Home\"}},{\"@type\":\"ListItem\",\"@id\":\"https:\\\/\\\/www.skalnik.pl\\\/blog\\\/arcteryx-ludzie-natura-wartosci\\\/#listItem\",\"position\":3,\"name\":\"Arc&#8217;teryx &#8211; ludzie, natura, warto\\u015bci\",\"previousItem\":{\"@type\":\"ListItem\",\"@id\":\"https:\\\/\\\/www.skalnik.pl\\\/blog\\\/.\\\/branza\\\/#listItem\",\"name\":\"Bran\\u017ca\"}}]},{\"@type\":\"Organization\",\"@id\":\"https:\\\/\\\/www.skalnik.pl\\\/blog\\\/#organization\",\"name\":\"blog Skalnik\",\"description\":\"Blog, porady, artyku\\u0142y - blog Skalnik\",\"url\":\"https:\\\/\\\/www.skalnik.pl\\\/blog\\\/\"},{\"@type\":\"Person\",\"@id\":\"https:\\\/\\\/www.skalnik.pl\\\/blog\\\/author\\\/marcin-nowak\\\/#author\",\"url\":\"https:\\\/\\\/www.skalnik.pl\\\/blog\\\/author\\\/marcin-nowak\\\/\",\"name\":\"Marcin Nowak\",\"image\":{\"@type\":\"ImageObject\",\"@id\":\"https:\\\/\\\/www.skalnik.pl\\\/blog\\\/arcteryx-ludzie-natura-wartosci\\\/#authorImage\",\"url\":\"https:\\\/\\\/secure.gravatar.com\\\/avatar\\\/f73628a26381dc449e848c17fc0bed5da595b192c42ec3df1b8c321ba4534014?s=96&d=mm&r=g\",\"width\":96,\"height\":96,\"caption\":\"Marcin Nowak\"}},{\"@type\":\"WebPage\",\"@id\":\"https:\\\/\\\/www.skalnik.pl\\\/blog\\\/arcteryx-ludzie-natura-wartosci\\\/#webpage\",\"url\":\"https:\\\/\\\/www.skalnik.pl\\\/blog\\\/arcteryx-ludzie-natura-wartosci\\\/\",\"name\":\"Arc\\u2019teryx \\u2013 ludzie, natura, warto\\u015bci - blog Skalnik\",\"description\":\"Marki ourdoor powinny budowa\\u0107 spo\\u0142eczno\\u015b\\u0107 i dba\\u0107 o \\u015brodowisko naturalne. Zobacz, jakie dzia\\u0142ania w tej kwestii podejmuje Arc'teryx.\",\"inLanguage\":\"pl-PL\",\"isPartOf\":{\"@id\":\"https:\\\/\\\/www.skalnik.pl\\\/blog\\\/#website\"},\"breadcrumb\":{\"@id\":\"https:\\\/\\\/www.skalnik.pl\\\/blog\\\/arcteryx-ludzie-natura-wartosci\\\/#breadcrumblist\"},\"author\":{\"@id\":\"https:\\\/\\\/www.skalnik.pl\\\/blog\\\/author\\\/marcin-nowak\\\/#author\"},\"creator\":{\"@id\":\"https:\\\/\\\/www.skalnik.pl\\\/blog\\\/author\\\/marcin-nowak\\\/#author\"},\"image\":{\"@type\":\"ImageObject\",\"url\":\"https:\\\/\\\/www.skalnik.pl\\\/blog\\\/wp-content\\\/uploads\\\/2019\\\/09\\\/arc_spol_okl.jpg\",\"@id\":\"https:\\\/\\\/www.skalnik.pl\\\/blog\\\/arcteryx-ludzie-natura-wartosci\\\/#mainImage\",\"width\":1920,\"height\":705},\"primaryImageOfPage\":{\"@id\":\"https:\\\/\\\/www.skalnik.pl\\\/blog\\\/arcteryx-ludzie-natura-wartosci\\\/#mainImage\"},\"datePublished\":\"2019-09-27T10:07:08+02:00\",\"dateModified\":\"2025-07-11T14:44:31+02:00\"},{\"@type\":\"WebSite\",\"@id\":\"https:\\\/\\\/www.skalnik.pl\\\/blog\\\/#website\",\"url\":\"https:\\\/\\\/www.skalnik.pl\\\/blog\\\/\",\"name\":\"blog Skalnik\",\"description\":\"Blog, porady, artyku\\u0142y - blog Skalnik\",\"inLanguage\":\"pl-PL\",\"publisher\":{\"@id\":\"https:\\\/\\\/www.skalnik.pl\\\/blog\\\/#organization\"}}]}\n\t\t<\/script>\n\t\t<!-- All in One SEO -->\n\n","aioseo_head_json":{"title":"Arc\u2019teryx \u2013 ludzie, natura, warto\u015bci - blog Skalnik","description":"Marki ourdoor powinny budowa\u0107 spo\u0142eczno\u015b\u0107 i dba\u0107 o \u015brodowisko naturalne. Zobacz, jakie dzia\u0142ania w tej kwestii podejmuje Arc'teryx.","canonical_url":"https:\/\/www.skalnik.pl\/blog\/arcteryx-ludzie-natura-wartosci\/","robots":"noindex, nofollow, max-snippet:-1, max-image-preview:large, max-video-preview:-1","keywords":"","webmasterTools":{"miscellaneous":""},"schema":{"@context":"https:\/\/schema.org","@graph":[{"@type":"BlogPosting","@id":"https:\/\/www.skalnik.pl\/blog\/arcteryx-ludzie-natura-wartosci\/#blogposting","name":"Arc\u2019teryx \u2013 ludzie, natura, warto\u015bci - blog Skalnik","headline":"Arc&#8217;teryx &#8211; ludzie, natura, warto\u015bci","author":{"@id":"https:\/\/www.skalnik.pl\/blog\/author\/marcin-nowak\/#author"},"publisher":{"@id":"https:\/\/www.skalnik.pl\/blog\/#organization"},"image":{"@type":"ImageObject","url":"https:\/\/www.skalnik.pl\/blog\/wp-content\/uploads\/2019\/09\/arc_spol_okl.jpg","width":1920,"height":705},"datePublished":"2019-09-27T10:07:08+02:00","dateModified":"2025-07-11T14:44:31+02:00","inLanguage":"pl-PL","mainEntityOfPage":{"@id":"https:\/\/www.skalnik.pl\/blog\/arcteryx-ludzie-natura-wartosci\/#webpage"},"isPartOf":{"@id":"https:\/\/www.skalnik.pl\/blog\/arcteryx-ludzie-natura-wartosci\/#webpage"},"articleSection":"Bran\u017ca, arc'teryx, eko, styl \u017cycia"},{"@type":"BreadcrumbList","@id":"https:\/\/www.skalnik.pl\/blog\/arcteryx-ludzie-natura-wartosci\/#breadcrumblist","itemListElement":[{"@type":"ListItem","@id":"https:\/\/www.skalnik.pl\/blog#listItem","position":1,"name":"Home","item":"https:\/\/www.skalnik.pl\/blog","nextItem":{"@type":"ListItem","@id":"https:\/\/www.skalnik.pl\/blog\/.\/branza\/#listItem","name":"Bran\u017ca"}},{"@type":"ListItem","@id":"https:\/\/www.skalnik.pl\/blog\/.\/branza\/#listItem","position":2,"name":"Bran\u017ca","item":"https:\/\/www.skalnik.pl\/blog\/.\/branza\/","nextItem":{"@type":"ListItem","@id":"https:\/\/www.skalnik.pl\/blog\/arcteryx-ludzie-natura-wartosci\/#listItem","name":"Arc&#8217;teryx &#8211; ludzie, natura, warto\u015bci"},"previousItem":{"@type":"ListItem","@id":"https:\/\/www.skalnik.pl\/blog#listItem","name":"Home"}},{"@type":"ListItem","@id":"https:\/\/www.skalnik.pl\/blog\/arcteryx-ludzie-natura-wartosci\/#listItem","position":3,"name":"Arc&#8217;teryx &#8211; ludzie, natura, warto\u015bci","previousItem":{"@type":"ListItem","@id":"https:\/\/www.skalnik.pl\/blog\/.\/branza\/#listItem","name":"Bran\u017ca"}}]},{"@type":"Organization","@id":"https:\/\/www.skalnik.pl\/blog\/#organization","name":"blog Skalnik","description":"Blog, porady, artyku\u0142y - blog Skalnik","url":"https:\/\/www.skalnik.pl\/blog\/"},{"@type":"Person","@id":"https:\/\/www.skalnik.pl\/blog\/author\/marcin-nowak\/#author","url":"https:\/\/www.skalnik.pl\/blog\/author\/marcin-nowak\/","name":"Marcin Nowak","image":{"@type":"ImageObject","@id":"https:\/\/www.skalnik.pl\/blog\/arcteryx-ludzie-natura-wartosci\/#authorImage","url":"https:\/\/secure.gravatar.com\/avatar\/f73628a26381dc449e848c17fc0bed5da595b192c42ec3df1b8c321ba4534014?s=96&d=mm&r=g","width":96,"height":96,"caption":"Marcin Nowak"}},{"@type":"WebPage","@id":"https:\/\/www.skalnik.pl\/blog\/arcteryx-ludzie-natura-wartosci\/#webpage","url":"https:\/\/www.skalnik.pl\/blog\/arcteryx-ludzie-natura-wartosci\/","name":"Arc\u2019teryx \u2013 ludzie, natura, warto\u015bci - blog Skalnik","description":"Marki ourdoor powinny budowa\u0107 spo\u0142eczno\u015b\u0107 i dba\u0107 o \u015brodowisko naturalne. Zobacz, jakie dzia\u0142ania w tej kwestii podejmuje Arc'teryx.","inLanguage":"pl-PL","isPartOf":{"@id":"https:\/\/www.skalnik.pl\/blog\/#website"},"breadcrumb":{"@id":"https:\/\/www.skalnik.pl\/blog\/arcteryx-ludzie-natura-wartosci\/#breadcrumblist"},"author":{"@id":"https:\/\/www.skalnik.pl\/blog\/author\/marcin-nowak\/#author"},"creator":{"@id":"https:\/\/www.skalnik.pl\/blog\/author\/marcin-nowak\/#author"},"image":{"@type":"ImageObject","url":"https:\/\/www.skalnik.pl\/blog\/wp-content\/uploads\/2019\/09\/arc_spol_okl.jpg","@id":"https:\/\/www.skalnik.pl\/blog\/arcteryx-ludzie-natura-wartosci\/#mainImage","width":1920,"height":705},"primaryImageOfPage":{"@id":"https:\/\/www.skalnik.pl\/blog\/arcteryx-ludzie-natura-wartosci\/#mainImage"},"datePublished":"2019-09-27T10:07:08+02:00","dateModified":"2025-07-11T14:44:31+02:00"},{"@type":"WebSite","@id":"https:\/\/www.skalnik.pl\/blog\/#website","url":"https:\/\/www.skalnik.pl\/blog\/","name":"blog Skalnik","description":"Blog, porady, artyku\u0142y - blog Skalnik","inLanguage":"pl-PL","publisher":{"@id":"https:\/\/www.skalnik.pl\/blog\/#organization"}}]},"og:locale":"pl_PL","og:site_name":"blog Skalnik - Blog, porady, artyku\u0142y - blog Skalnik","og:type":"article","og:title":"Arc\u2019teryx \u2013 ludzie, natura, warto\u015bci - blog Skalnik","og:description":"Marki ourdoor powinny budowa\u0107 spo\u0142eczno\u015b\u0107 i dba\u0107 o \u015brodowisko naturalne. Zobacz, jakie dzia\u0142ania w tej kwestii podejmuje Arc'teryx.","og:url":"https:\/\/www.skalnik.pl\/blog\/arcteryx-ludzie-natura-wartosci\/","og:image":"https:\/\/skalnik.pl\/blog\/wp-content\/uploads\/2019\/09\/20180704_Chamonix_Kemple_6347-min.jpg","og:image:secure_url":"https:\/\/skalnik.pl\/blog\/wp-content\/uploads\/2019\/09\/20180704_Chamonix_Kemple_6347-min.jpg","article:tag":["bran\u017ca","arc'teryx","eko","styl \u017cycia"],"article:published_time":"2019-09-27T08:07:08+00:00","article:modified_time":"2025-07-11T12:44:31+00:00","twitter:card":"summary_large_image","twitter:title":"Arc\u2019teryx \u2013 ludzie, natura, warto\u015bci - blog Skalnik","twitter:description":"Marki ourdoor powinny budowa\u0107 spo\u0142eczno\u015b\u0107 i dba\u0107 o \u015brodowisko naturalne. Zobacz, jakie dzia\u0142ania w tej kwestii podejmuje Arc'teryx.","twitter:image":"https:\/\/skalnik.pl\/blog\/wp-content\/uploads\/2019\/09\/20180704_Chamonix_Kemple_6347-min.jpg"},"aioseo_meta_data":{"post_id":"8963","title":null,"description":"Marki ourdoor powinny budowa\u0107 spo\u0142eczno\u015b\u0107 i dba\u0107 o \u015brodowisko naturalne. Zobacz, jakie dzia\u0142ania w tej kwestii podejmuje Arc'teryx.","keywords":[{"label":"arc'teryx","value":"arc'teryx"},{"label":"Do Right Days","value":"Do Right Days"},{"label":"paraclimbing","value":"paraclimbing"},{"label":"odpowiedzialny biznes","value":"odpowiedzialny biznes"},{"label":"ekologia","value":"ekologia"}],"keyphrases":{"focus":{"keyphrase":"","score":0,"analysis":{"keyphraseInTitle":{"score":0,"maxScore":9,"error":1}}},"additional":[]},"primary_term":null,"canonical_url":null,"og_title":null,"og_description":null,"og_object_type":"default","og_image_type":"default","og_image_url":null,"og_image_width":null,"og_image_height":null,"og_image_custom_url":null,"og_image_custom_fields":null,"og_video":"","og_custom_url":null,"og_article_section":null,"og_article_tags":[],"twitter_use_og":false,"twitter_card":"default","twitter_image_type":"default","twitter_image_url":null,"twitter_image_custom_url":null,"twitter_image_custom_fields":null,"twitter_title":null,"twitter_description":null,"schema":{"blockGraphs":[],"customGraphs":[],"default":{"data":{"Article":[],"Course":[],"Dataset":[],"FAQPage":[],"Movie":[],"Person":[],"Product":[],"ProductReview":[],"Car":[],"Recipe":[],"Service":[],"SoftwareApplication":[],"WebPage":[]},"graphName":"","isEnabled":true},"graphs":[]},"schema_type":"default","schema_type_options":null,"pillar_content":false,"robots_default":false,"robots_noindex":true,"robots_noarchive":false,"robots_nosnippet":false,"robots_nofollow":true,"robots_noimageindex":false,"robots_noodp":false,"robots_notranslate":false,"robots_max_snippet":"-1","robots_max_videopreview":"-1","robots_max_imagepreview":"large","priority":null,"frequency":"default","local_seo":null,"breadcrumb_settings":null,"limit_modified_date":false,"ai":null,"created":"2022-08-26 10:06:11","updated":"2026-02-17 21:38:21","seo_analyzer_scan_date":null},"aioseo_breadcrumb":"<div class=\"aioseo-breadcrumbs\"><span class=\"aioseo-breadcrumb\">\n\t\t\t<a href=\"https:\/\/www.skalnik.pl\/blog\" title=\"Home\">Home<\/a>\n\t\t<\/span><span class=\"aioseo-breadcrumb-separator\">&raquo;<\/span><span class=\"aioseo-breadcrumb\">\n\t\t\t<a href=\"https:\/\/www.skalnik.pl\/blog\/.\/branza\/\" title=\"Bran\u017ca\">Bran\u017ca<\/a>\n\t\t<\/span><span class=\"aioseo-breadcrumb-separator\">&raquo;<\/span><span class=\"aioseo-breadcrumb\">\n\t\t\tArc\u2019teryx \u2013 ludzie, natura, warto\u015bci\n\t\t<\/span><\/div>","aioseo_breadcrumb_json":[{"label":"Home","link":"https:\/\/www.skalnik.pl\/blog"},{"label":"Bran\u017ca","link":"https:\/\/www.skalnik.pl\/blog\/.\/branza\/"},{"label":"Arc&#8217;teryx &#8211; ludzie, natura, warto\u015bci","link":"https:\/\/www.skalnik.pl\/blog\/arcteryx-ludzie-natura-wartosci\/"}],"_links":{"self":[{"href":"https:\/\/www.skalnik.pl\/blog\/wp-json\/wp\/v2\/posts\/8963","targetHints":{"allow":["GET"]}}],"collection":[{"href":"https:\/\/www.skalnik.pl\/blog\/wp-json\/wp\/v2\/posts"}],"about":[{"href":"https:\/\/www.skalnik.pl\/blog\/wp-json\/wp\/v2\/types\/post"}],"author":[{"embeddable":true,"href":"https:\/\/www.skalnik.pl\/blog\/wp-json\/wp\/v2\/users\/15"}],"replies":[{"embeddable":true,"href":"https:\/\/www.skalnik.pl\/blog\/wp-json\/wp\/v2\/comments?post=8963"}],"version-history":[{"count":12,"href":"https:\/\/www.skalnik.pl\/blog\/wp-json\/wp\/v2\/posts\/8963\/revisions"}],"predecessor-version":[{"id":21220,"href":"https:\/\/www.skalnik.pl\/blog\/wp-json\/wp\/v2\/posts\/8963\/revisions\/21220"}],"wp:featuredmedia":[{"embeddable":true,"href":"https:\/\/www.skalnik.pl\/blog\/wp-json\/wp\/v2\/media\/8970"}],"wp:attachment":[{"href":"https:\/\/www.skalnik.pl\/blog\/wp-json\/wp\/v2\/media?parent=8963"}],"wp:term":[{"taxonomy":"category","embeddable":true,"href":"https:\/\/www.skalnik.pl\/blog\/wp-json\/wp\/v2\/categories?post=8963"},{"taxonomy":"post_tag","embeddable":true,"href":"https:\/\/www.skalnik.pl\/blog\/wp-json\/wp\/v2\/tags?post=8963"},{"taxonomy":"magento_category","embeddable":true,"href":"https:\/\/www.skalnik.pl\/blog\/wp-json\/wp\/v2\/magento_category?post=8963"},{"taxonomy":"magento_product","embeddable":true,"href":"https:\/\/www.skalnik.pl\/blog\/wp-json\/wp\/v2\/magento_product?post=8963"}],"curies":[{"name":"wp","href":"https:\/\/api.w.org\/{rel}","templated":true}]}}