{"id":9008,"date":"2019-10-02T15:51:51","date_gmt":"2019-10-02T13:51:51","guid":{"rendered":"https:\/\/skalnik.pl\/blog\/?p=9008"},"modified":"2025-07-11T14:45:14","modified_gmt":"2025-07-11T12:45:14","slug":"w-cieniu-everestu","status":"publish","type":"post","link":"https:\/\/www.skalnik.pl\/blog\/w-cieniu-everestu\/","title":{"rendered":"W cieniu Everestu"},"content":{"rendered":"<p><b><img loading=\"lazy\" decoding=\"async\" class=\" wp-image-9013 alignleft\" src=\"https:\/\/skalnik.pl\/blog\/wp-content\/uploads\/2019\/10\/mada-lassota-230x300.jpg\" alt=\"\" width=\"261\" height=\"340\" srcset=\"https:\/\/www.skalnik.pl\/blog\/wp-content\/uploads\/2019\/10\/mada-lassota-230x300.jpg 230w, https:\/\/www.skalnik.pl\/blog\/wp-content\/uploads\/2019\/10\/mada-lassota.jpg 477w\" sizes=\"auto, (max-width: 261px) 100vw, 261px\" \/>TEMAT:<\/b><\/p>\n<p>W cieniu Everestu<\/p>\n<p><b>PRELEGENT:<\/b><\/p>\n<p>Magda Lassota<\/p>\n<p><b>MIEJSCE:<\/b><\/p>\n<p>Wybrze\u017ce Wyspia\u0144skiego 27, Politechnika Wroc\u0142awska, budynek A1, sala 329<\/p>\n<p><b>DATA:<\/b><\/p>\n<p>23.10.2019 (\u015broda), godz. 19:00<\/p>\n<p>&nbsp;<\/p>\n<div id=\"ez-toc-container\" class=\"ez-toc-v2_0_85 counter-hierarchy ez-toc-counter ez-toc-light-blue ez-toc-container-direction\">\n<div class=\"ez-toc-title-container\">\n<p class=\"ez-toc-title\" style=\"cursor:inherit\">SPIS TRE\u015aCI <\/p>\n<span class=\"ez-toc-title-toggle\"><a href=\"#\" class=\"ez-toc-pull-right ez-toc-btn ez-toc-btn-xs ez-toc-btn-default ez-toc-toggle\" aria-label=\"Prze\u0142\u0105cznik Spisu Tre\u015bci\"><span class=\"ez-toc-js-icon-con\"><span class=\"\"><span class=\"eztoc-hide\" style=\"display:none;\">Toggle<\/span><span class=\"ez-toc-icon-toggle-span\"><svg style=\"fill: #999;color:#999\" xmlns=\"http:\/\/www.w3.org\/2000\/svg\" class=\"list-377408\" width=\"20px\" height=\"20px\" viewBox=\"0 0 24 24\" fill=\"none\"><path d=\"M6 6H4v2h2V6zm14 0H8v2h12V6zM4 11h2v2H4v-2zm16 0H8v2h12v-2zM4 16h2v2H4v-2zm16 0H8v2h12v-2z\" fill=\"currentColor\"><\/path><\/svg><svg style=\"fill: #999;color:#999\" class=\"arrow-unsorted-368013\" xmlns=\"http:\/\/www.w3.org\/2000\/svg\" width=\"10px\" height=\"10px\" viewBox=\"0 0 24 24\" version=\"1.2\" baseProfile=\"tiny\"><path d=\"M18.2 9.3l-6.2-6.3-6.2 6.3c-.2.2-.3.4-.3.7s.1.5.3.7c.2.2.4.3.7.3h11c.3 0 .5-.1.7-.3.2-.2.3-.5.3-.7s-.1-.5-.3-.7zM5.8 14.7l6.2 6.3 6.2-6.3c.2-.2.3-.5.3-.7s-.1-.5-.3-.7c-.2-.2-.4-.3-.7-.3h-11c-.3 0-.5.1-.7.3-.2.2-.3.5-.3.7s.1.5.3.7z\"\/><\/svg><\/span><\/span><\/span><\/a><\/span><\/div>\n<nav><ul class='ez-toc-list ez-toc-list-level-1 ' ><li class='ez-toc-page-1 ez-toc-heading-level-2'><a class=\"ez-toc-link ez-toc-heading-1\" href=\"https:\/\/www.skalnik.pl\/blog\/w-cieniu-everestu\/#O_prelekcji\" >O prelekcji:<\/a><\/li><li class='ez-toc-page-1 ez-toc-heading-level-2'><a class=\"ez-toc-link ez-toc-heading-2\" href=\"https:\/\/www.skalnik.pl\/blog\/w-cieniu-everestu\/#Magda_Lassota\" >Magda Lassota<\/a><\/li><li class='ez-toc-page-1 ez-toc-heading-level-2'><a class=\"ez-toc-link ez-toc-heading-3\" href=\"https:\/\/www.skalnik.pl\/blog\/w-cieniu-everestu\/#Sponsorzy\" >Sponsorzy<\/a><\/li><\/ul><\/nav><\/div>\n<h2><span class=\"ez-toc-section\" id=\"O_prelekcji\"><\/span>O prelekcji:<span class=\"ez-toc-section-end\"><\/span><\/h2>\n<p>Na pierwsze w tym sezonie Spotkania z G\u00f3rami zapraszamy nie we wtorek, ale w \u015brod\u0119. Zaczynamy z wysokiego C, bo zaczynamy samym Everestem i \u017cyciem pod najwi\u0119ksz\u0105 z g\u00f3r! Naszym go\u015bciem b\u0119dzie Magda Lassota, kt\u00f3ra opowie o codzienno\u015bci pod Everestem, nie zachowuj\u0105c dla siebie \u017cadnej z tajemnic.<\/p>\n<div id=\"attachment_9012\" style=\"width: 1034px\" class=\"wp-caption alignnone\"><img loading=\"lazy\" decoding=\"async\" aria-describedby=\"caption-attachment-9012\" class=\"wp-image-9012 size-large\" src=\"https:\/\/skalnik.pl\/blog\/wp-content\/uploads\/2019\/10\/Ja-i-EBC-min-1024x683.jpg\" alt=\"\" width=\"1024\" height=\"683\" srcset=\"https:\/\/www.skalnik.pl\/blog\/wp-content\/uploads\/2019\/10\/Ja-i-EBC-min-1024x683.jpg 1024w, https:\/\/www.skalnik.pl\/blog\/wp-content\/uploads\/2019\/10\/Ja-i-EBC-min-300x200.jpg 300w, https:\/\/www.skalnik.pl\/blog\/wp-content\/uploads\/2019\/10\/Ja-i-EBC-min-768x512.jpg 768w\" sizes=\"auto, (max-width: 1024px) 100vw, 1024px\" \/><p id=\"caption-attachment-9012\" class=\"wp-caption-text\">Magda na tle Everest Base Camp (fot. M. Lassota)<\/p><\/div>\n<p>&nbsp;<\/p>\n<p>Pod najwi\u0119ksz\u0105 z g\u00f3r Magda sp\u0119dzi\u0142a niedawno prawie dwa miesi\u0105ce. Nie przyby\u0142a do <i>base campu<\/i>, by wej\u015b\u0107 na szczyt jak inni. I cho\u0107 nie interesowa\u0142y j\u0105 ani wierzcho\u0142ek, ani kolejne obozy, to do\u015bwiadczy\u0142a czym jest choroba wysoko\u015bciowa, stan\u0119\u0142a oko w oko z groz\u0105 <i>icefall\u2019u<\/i> i przekona\u0142a si\u0119, \u017ce na tej wysoko\u015bci nic nie jest \u0142atwe. Pod g\u00f3r\u0119 przyby\u0142a po to, \u017ceby problemy Everestu i jego magi\u0119 zobaczy\u0107 na w\u0142asne oczy i zrealizowa\u0107 fotoreporta\u017c \u201cW Cieniu Everestu\u201d.<\/p>\n<p>Godziny rozm\u00f3w, ale i godziny milczenia. Rado\u015b\u0107 i smutek. Strach, odwaga, mi\u0142o\u015b\u0107, \u015bmier\u0107. Everest ma wiele obliczy, bo ka\u017cdy przyje\u017cd\u017ca pod niego z w\u0142asn\u0105 histori\u0105 i pragnieniami. Magda udaje si\u0119 do bazy, by obserwowa\u0107 i s\u0142ucha\u0107 opowie\u015bci. Jedzie r\u00f3wnie\u017c po to, by przekona\u0107 si\u0119 sama, jak to jest ze wszystkimi eversetowskimi skandalami, zbli\u017cy\u0107 si\u0119 do prawdy o faktach i mitach, kt\u00f3re nap\u0119dzane s\u0105 everestowsk\u0105 gor\u0105czk\u0105.<\/p>\n<div id=\"attachment_9016\" style=\"width: 1034px\" class=\"wp-caption alignnone\"><img loading=\"lazy\" decoding=\"async\" aria-describedby=\"caption-attachment-9016\" class=\"wp-image-9016 size-large\" src=\"https:\/\/skalnik.pl\/blog\/wp-content\/uploads\/2019\/10\/Widok-na-EBC-i-Everest-min-1024x683.jpg\" alt=\"\" width=\"1024\" height=\"683\" srcset=\"https:\/\/www.skalnik.pl\/blog\/wp-content\/uploads\/2019\/10\/Widok-na-EBC-i-Everest-min-1024x683.jpg 1024w, https:\/\/www.skalnik.pl\/blog\/wp-content\/uploads\/2019\/10\/Widok-na-EBC-i-Everest-min-300x200.jpg 300w, https:\/\/www.skalnik.pl\/blog\/wp-content\/uploads\/2019\/10\/Widok-na-EBC-i-Everest-min-768x512.jpg 768w\" sizes=\"auto, (max-width: 1024px) 100vw, 1024px\" \/><p id=\"caption-attachment-9016\" class=\"wp-caption-text\">Widok na Everest (fot. M. Lassota)<\/p><\/div>\n<p>&nbsp;<\/p>\n<p>Na pa\u017adziernikowych spotkaniach z g\u00f3rami Magda opowie o Mount Everest z wielu perspektyw. Jej opowie\u015b\u0107 wzbogaca\u0107 b\u0119d\u0105 \u015bwietne zdj\u0119cia i wystawa fotografii. Je\u015bli lubisz ogl\u0105da\u0107 pi\u0119kne zdj\u0119cia i s\u0142ucha\u0107 opowie\u015bci, kt\u00f3re powoduj\u0105 wypieki na twarzy, to nie mo\u017ce ci\u0119 zabrakn\u0105\u0107 na tych Spotkaniach z G\u00f3rami.<\/p>\n<p>Jakie tajemnice kryje \u017cycie w cieniu Everestu? Na spotkaniu zajrzymy do EBC \u2013 czyli <i>Everest Base Camp<\/i> \u2013 \u017ceby sprawdzi\u0107 kim s\u0105 ludzie, kt\u00f3rzy wybieraj\u0105 si\u0119 na everestowsk\u0105 wypraw\u0119 i ci, dla kt\u00f3rych jest to miejsce pracy. Jak wygl\u0105da \u017cycie przewodnik\u00f3w i tragarzy w sezonie i poza nim? Magda opowie o \u017cyciu porter\u00f3w, kt\u00f3rzy potrafi\u0105 nie\u015b\u0107 na barkach nawet sto kilogram\u00f3w baga\u017cy i zaopatrzena dla turyst\u00f3w i himalaist\u00f3w. Ludzie ci maszeruj\u0105 zgi\u0119ci w p\u00f3\u0142, ze wzrokiem wbitym w grunt pod stopami. Czy jest w ich pracy chwila na rado\u015b\u0107 i czy w ich oczach czasem odbija si\u0119 obraz o\u015bnie\u017conych Himalaj\u00f3w\u2026 B\u0119dzie to tak\u017ce okazja, by sprawdzi\u0107 czy <i>base camp<\/i> to miejsce w\u015br\u00f3d pi\u0119knych szczyt\u00f3w, czy jednak najwy\u017cej po\u0142o\u017cone wysypisko \u015bmieci na ziemi.<\/p>\n<div id=\"attachment_9017\" style=\"width: 1034px\" class=\"wp-caption alignnone\"><img loading=\"lazy\" decoding=\"async\" aria-describedby=\"caption-attachment-9017\" class=\"wp-image-9017 size-large\" src=\"https:\/\/skalnik.pl\/blog\/wp-content\/uploads\/2019\/10\/wystawa-min-1024x683.jpg\" alt=\"\" width=\"1024\" height=\"683\" srcset=\"https:\/\/www.skalnik.pl\/blog\/wp-content\/uploads\/2019\/10\/wystawa-min.jpg 1024w, https:\/\/www.skalnik.pl\/blog\/wp-content\/uploads\/2019\/10\/wystawa-min-300x200.jpg 300w, https:\/\/www.skalnik.pl\/blog\/wp-content\/uploads\/2019\/10\/wystawa-min-768x512.jpg 768w\" sizes=\"auto, (max-width: 1024px) 100vw, 1024px\" \/><p id=\"caption-attachment-9017\" class=\"wp-caption-text\">Ludzie to pod Everestem jeden z wa\u017cniejszych temat\u00f3w. Z wyprawy Magda przywioz\u0142a bogat\u0105 kolekcj\u0119 portret\u00f3w (for. M. Lassota)<\/p><\/div>\n<p>&nbsp;<\/p>\n<h2><span class=\"ez-toc-section\" id=\"Magda_Lassota\"><\/span>Magda Lassota<span class=\"ez-toc-section-end\"><\/span><\/h2>\n<p>zawodowo jest t\u0142umaczem, cho\u0107 od pewnego czasu g\u0142\u00f3wnie po\u015bwi\u0119ca czas na podr\u00f3\u017ce, fotografowanie i pisanie reporta\u017cy. Najwi\u0119ksz\u0105 mi\u0142o\u015bci\u0105 darzy Tatry, ale to Himalaje sta\u0142y si\u0119 dla niej tematem, inspiracj\u0105 i problemem do poznania. Pierwszy himalajski fotoreporta\u017c \u2013 \u201eTo nie jest kraj dla s\u0142abych ludzi\u201d \u2013 zrealizowa\u0142a w 2018 r. Wiosn\u0105 2019 wybra\u0142a si\u0119 w kolejn\u0105 podr\u00f3\u017c-reporta\u017c realizuj\u0105c projekt \u201cW Cieniu Everestu\u201d. Teraz planuje wypraw\u0119 do Pakistanu. Publikowa\u0142a w National Geographic Polska i czasopi\u015bmie G\u00f3rski Magazyn Sportowy G\u00f3ry.<\/p>\n<div class=\"sponsors\">\n<h2><span class=\"ez-toc-section\" id=\"Sponsorzy\"><\/span>Sponsorzy<span class=\"ez-toc-section-end\"><\/span><\/h2>\n\n\t\t<style type=\"text\/css\">\n\t\t\t#gallery-1 {\n\t\t\t\tmargin: auto;\n\t\t\t}\n\t\t\t#gallery-1 .gallery-item {\n\t\t\t\tfloat: left;\n\t\t\t\tmargin-top: 10px;\n\t\t\t\ttext-align: center;\n\t\t\t\twidth: 20%;\n\t\t\t}\n\t\t\t#gallery-1 img {\n\t\t\t\tborder: 2px solid #cfcfcf;\n\t\t\t}\n\t\t\t#gallery-1 .gallery-caption {\n\t\t\t\tmargin-left: 0;\n\t\t\t}\n\t\t\t\/* see gallery_shortcode() in wp-includes\/media.php *\/\n\t\t<\/style>\n\t\t<div id='gallery-1' class='gallery galleryid-9008 gallery-columns-5 gallery-size-thumbnail'><dl class='gallery-item'>\n\t\t\t<dt class='gallery-icon landscape'>\n\t\t\t\t<img loading=\"lazy\" decoding=\"async\" width=\"150\" height=\"150\" src=\"https:\/\/www.skalnik.pl\/blog\/wp-content\/uploads\/2016\/10\/74236798.jpg\" class=\"attachment-thumbnail size-thumbnail\" alt=\"skalnik logo\" \/>\n\t\t\t<\/dt><\/dl><dl class='gallery-item'>\n\t\t\t<dt class='gallery-icon landscape'>\n\t\t\t\t<img loading=\"lazy\" decoding=\"async\" width=\"150\" height=\"150\" src=\"https:\/\/www.skalnik.pl\/blog\/wp-content\/uploads\/2016\/10\/18654627.jpg\" class=\"attachment-thumbnail size-thumbnail\" alt=\"DKF logo\" \/>\n\t\t\t<\/dt><\/dl><dl class='gallery-item'>\n\t\t\t<dt class='gallery-icon landscape'>\n\t\t\t\t<img loading=\"lazy\" decoding=\"async\" width=\"150\" height=\"150\" src=\"https:\/\/www.skalnik.pl\/blog\/wp-content\/uploads\/2016\/10\/55774142.jpg\" class=\"attachment-thumbnail size-thumbnail\" alt=\"Politechnika logo\" \/>\n\t\t\t<\/dt><\/dl><dl class='gallery-item'>\n\t\t\t<dt class='gallery-icon landscape'>\n\t\t\t\t<img loading=\"lazy\" decoding=\"async\" width=\"150\" height=\"150\" src=\"https:\/\/www.skalnik.pl\/blog\/wp-content\/uploads\/2016\/10\/64382480.jpg\" class=\"attachment-thumbnail size-thumbnail\" alt=\"VI.6+ logo\" \/>\n\t\t\t<\/dt><\/dl><dl class='gallery-item'>\n\t\t\t<dt class='gallery-icon landscape'>\n\t\t\t\t<img loading=\"lazy\" decoding=\"async\" width=\"150\" height=\"150\" src=\"https:\/\/www.skalnik.pl\/blog\/wp-content\/uploads\/2016\/10\/25112021.jpg\" class=\"attachment-thumbnail size-thumbnail\" alt=\"volven logo\" \/>\n\t\t\t<\/dt><\/dl><br style=\"clear: both\" \/><dl class='gallery-item'>\n\t\t\t<dt class='gallery-icon landscape'>\n\t\t\t\t<img loading=\"lazy\" decoding=\"async\" width=\"150\" height=\"150\" src=\"https:\/\/www.skalnik.pl\/blog\/wp-content\/uploads\/2018\/07\/images.png\" class=\"attachment-thumbnail size-thumbnail\" alt=\"silver rock logo\" \/>\n\t\t\t<\/dt><\/dl><dl class='gallery-item'>\n\t\t\t<dt class='gallery-icon landscape'>\n\t\t\t\t<img loading=\"lazy\" decoding=\"async\" width=\"150\" height=\"150\" src=\"https:\/\/www.skalnik.pl\/blog\/wp-content\/uploads\/2019\/03\/zerwa-logo-150px.jpg\" class=\"attachment-thumbnail size-thumbnail\" alt=\"\" \/>\n\t\t\t<\/dt><\/dl><dl class='gallery-item'>\n\t\t\t<dt class='gallery-icon landscape'>\n\t\t\t\t<img loading=\"lazy\" decoding=\"async\" width=\"150\" height=\"150\" src=\"https:\/\/www.skalnik.pl\/blog\/wp-content\/uploads\/2016\/11\/81e6707944de360c.jpg\" class=\"attachment-thumbnail size-thumbnail\" alt=\"wspinanie.pl logo\" \/>\n\t\t\t<\/dt><\/dl><dl class='gallery-item'>\n\t\t\t<dt class='gallery-icon landscape'>\n\t\t\t\t<img loading=\"lazy\" decoding=\"async\" width=\"150\" height=\"150\" src=\"https:\/\/www.skalnik.pl\/blog\/wp-content\/uploads\/2019\/10\/pobrane-e1570183699362.png\" class=\"attachment-thumbnail size-thumbnail\" alt=\"\" \/>\n\t\t\t<\/dt><\/dl>\n\t\t\t<br style='clear: both' \/>\n\t\t<\/div>\n\n<\/div>\n<p>&nbsp;<\/p>\n<p><iframe loading=\"lazy\" src=\"https:\/\/www.youtube.com\/embed\/IqxwkC2O1r8\" width=\"560\" height=\"315\" frameborder=\"0\" allowfullscreen=\"allowfullscreen\"><\/iframe><\/p>\n","protected":false},"excerpt":{"rendered":"<p>Jak wygl\u0105da \u017cycie w Everest Base Camp? Jak \u017cyj\u0105 porterzy? Ile prawdy jest w everestowskich skandalach, mitach i faktach? O tym wszystkim opowie Magda Lassota.  <\/p>\n","protected":false},"author":10,"featured_media":9011,"comment_status":"open","ping_status":"open","sticky":false,"template":"","format":"standard","meta":{"_acf_changed":false,"footnotes":""},"categories":[9],"tags":[164,94,202,92],"magento_category":[],"magento_product":[],"class_list":["post-9008","post","type-post","status-publish","format-standard","has-post-thumbnail","hentry","category-spotkania-z-gorami","tag-himalaizm","tag-inspiracje","tag-spotkania-z-gorami","tag-styl-zycia"],"acf":[],"aioseo_notices":[],"aioseo_head":"\n\t\t<!-- All in One SEO 4.9.10 - aioseo.com -->\n\t<meta name=\"description\" content=\"Jak wygl\u0105da \u017cycie w Everest Base Camp? Jak zyj\u0105 porterzy? Ile prawdy jest w everestowskich skandalach, mitach i faktach? O tym wszystkim opowie Magda Lassota.\" \/>\n\t<meta name=\"robots\" content=\"noindex, nofollow, max-snippet:-1, max-image-preview:large, max-video-preview:-1\" \/>\n\t<meta name=\"author\" content=\"Spotkania z G\u00f3rami\"\/>\n\t<link rel=\"canonical\" href=\"https:\/\/www.skalnik.pl\/blog\/w-cieniu-everestu\/\" \/>\n\t<meta name=\"generator\" content=\"All in One SEO (AIOSEO) 4.9.10\" \/>\n\t\t<meta property=\"og:locale\" content=\"pl_PL\" \/>\n\t\t<meta property=\"og:site_name\" content=\"blog Skalnik - Blog, porady, artyku\u0142y - blog Skalnik\" \/>\n\t\t<meta property=\"og:type\" content=\"article\" \/>\n\t\t<meta property=\"og:title\" content=\"W cieniu Everestu - blog Skalnik\" \/>\n\t\t<meta property=\"og:description\" content=\"Jak wygl\u0105da \u017cycie w Everest Base Camp? Jak zyj\u0105 porterzy? Ile prawdy jest w everestowskich skandalach, mitach i faktach? O tym wszystkim opowie Magda Lassota.\" \/>\n\t\t<meta property=\"og:url\" content=\"https:\/\/www.skalnik.pl\/blog\/w-cieniu-everestu\/\" \/>\n\t\t<meta property=\"og:image\" content=\"https:\/\/skalnik.pl\/blog\/wp-content\/uploads\/2019\/10\/mada-lassota-230x300.jpg\" \/>\n\t\t<meta property=\"og:image:secure_url\" content=\"https:\/\/skalnik.pl\/blog\/wp-content\/uploads\/2019\/10\/mada-lassota-230x300.jpg\" \/>\n\t\t<meta property=\"article:tag\" content=\"spotkania z g\u00f3rami\" \/>\n\t\t<meta property=\"article:tag\" content=\"himalaizm\" \/>\n\t\t<meta property=\"article:tag\" content=\"inspiracje\" \/>\n\t\t<meta property=\"article:tag\" content=\"styl \u017cycia\" \/>\n\t\t<meta property=\"article:published_time\" content=\"2019-10-02T13:51:51+00:00\" \/>\n\t\t<meta property=\"article:modified_time\" content=\"2025-07-11T12:45:14+00:00\" \/>\n\t\t<meta name=\"twitter:card\" content=\"summary_large_image\" \/>\n\t\t<meta name=\"twitter:title\" content=\"W cieniu Everestu - blog Skalnik\" \/>\n\t\t<meta name=\"twitter:description\" content=\"Jak wygl\u0105da \u017cycie w Everest Base Camp? Jak zyj\u0105 porterzy? Ile prawdy jest w everestowskich skandalach, mitach i faktach? O tym wszystkim opowie Magda Lassota.\" \/>\n\t\t<meta name=\"twitter:image\" content=\"https:\/\/skalnik.pl\/blog\/wp-content\/uploads\/2019\/10\/mada-lassota-230x300.jpg\" \/>\n\t\t<script type=\"application\/ld+json\" class=\"aioseo-schema\">\n\t\t\t{\"@context\":\"https:\\\/\\\/schema.org\",\"@graph\":[{\"@type\":\"BlogPosting\",\"@id\":\"https:\\\/\\\/www.skalnik.pl\\\/blog\\\/w-cieniu-everestu\\\/#blogposting\",\"name\":\"W cieniu Everestu - blog Skalnik\",\"headline\":\"W cieniu Everestu\",\"author\":{\"@id\":\"https:\\\/\\\/www.skalnik.pl\\\/blog\\\/author\\\/spotkania\\\/#author\"},\"publisher\":{\"@id\":\"https:\\\/\\\/www.skalnik.pl\\\/blog\\\/#organization\"},\"image\":{\"@type\":\"ImageObject\",\"url\":\"https:\\\/\\\/www.skalnik.pl\\\/blog\\\/wp-content\\\/uploads\\\/2019\\\/10\\\/Wspinacz-w-drodze-do-EBC-r\\u0119ce-rozci\\u0105gni\\u0119te-mi\\u0119dzy-szczytami-Everestu-i-Lhotse.-Zdoby\\u0142-obie-g\\u00f3ry_1-min.jpg\",\"width\":1920,\"height\":705},\"datePublished\":\"2019-10-02T15:51:51+02:00\",\"dateModified\":\"2025-07-11T14:45:14+02:00\",\"inLanguage\":\"pl-PL\",\"mainEntityOfPage\":{\"@id\":\"https:\\\/\\\/www.skalnik.pl\\\/blog\\\/w-cieniu-everestu\\\/#webpage\"},\"isPartOf\":{\"@id\":\"https:\\\/\\\/www.skalnik.pl\\\/blog\\\/w-cieniu-everestu\\\/#webpage\"},\"articleSection\":\"Spotkania z g\\u00f3rami, himalaizm, inspiracje, spotkania z g\\u00f3rami, styl \\u017cycia\"},{\"@type\":\"BreadcrumbList\",\"@id\":\"https:\\\/\\\/www.skalnik.pl\\\/blog\\\/w-cieniu-everestu\\\/#breadcrumblist\",\"itemListElement\":[{\"@type\":\"ListItem\",\"@id\":\"https:\\\/\\\/www.skalnik.pl\\\/blog#listItem\",\"position\":1,\"name\":\"Home\",\"item\":\"https:\\\/\\\/www.skalnik.pl\\\/blog\",\"nextItem\":{\"@type\":\"ListItem\",\"@id\":\"https:\\\/\\\/www.skalnik.pl\\\/blog\\\/.\\\/spotkania-z-gorami\\\/#listItem\",\"name\":\"Spotkania z g\\u00f3rami\"}},{\"@type\":\"ListItem\",\"@id\":\"https:\\\/\\\/www.skalnik.pl\\\/blog\\\/.\\\/spotkania-z-gorami\\\/#listItem\",\"position\":2,\"name\":\"Spotkania z g\\u00f3rami\",\"item\":\"https:\\\/\\\/www.skalnik.pl\\\/blog\\\/.\\\/spotkania-z-gorami\\\/\",\"nextItem\":{\"@type\":\"ListItem\",\"@id\":\"https:\\\/\\\/www.skalnik.pl\\\/blog\\\/w-cieniu-everestu\\\/#listItem\",\"name\":\"W cieniu Everestu\"},\"previousItem\":{\"@type\":\"ListItem\",\"@id\":\"https:\\\/\\\/www.skalnik.pl\\\/blog#listItem\",\"name\":\"Home\"}},{\"@type\":\"ListItem\",\"@id\":\"https:\\\/\\\/www.skalnik.pl\\\/blog\\\/w-cieniu-everestu\\\/#listItem\",\"position\":3,\"name\":\"W cieniu Everestu\",\"previousItem\":{\"@type\":\"ListItem\",\"@id\":\"https:\\\/\\\/www.skalnik.pl\\\/blog\\\/.\\\/spotkania-z-gorami\\\/#listItem\",\"name\":\"Spotkania z g\\u00f3rami\"}}]},{\"@type\":\"Organization\",\"@id\":\"https:\\\/\\\/www.skalnik.pl\\\/blog\\\/#organization\",\"name\":\"blog Skalnik\",\"description\":\"Blog, porady, artyku\\u0142y - blog Skalnik\",\"url\":\"https:\\\/\\\/www.skalnik.pl\\\/blog\\\/\"},{\"@type\":\"Person\",\"@id\":\"https:\\\/\\\/www.skalnik.pl\\\/blog\\\/author\\\/spotkania\\\/#author\",\"url\":\"https:\\\/\\\/www.skalnik.pl\\\/blog\\\/author\\\/spotkania\\\/\",\"name\":\"Spotkania z G\\u00f3rami\",\"image\":{\"@type\":\"ImageObject\",\"@id\":\"https:\\\/\\\/www.skalnik.pl\\\/blog\\\/w-cieniu-everestu\\\/#authorImage\",\"url\":\"https:\\\/\\\/secure.gravatar.com\\\/avatar\\\/e09dd3aeee26ff64ebd6fda736cd0f273a292e33f7d42d8fbdff1ba323502b0b?s=96&d=mm&r=g\",\"width\":96,\"height\":96,\"caption\":\"Spotkania z G\\u00f3rami\"}},{\"@type\":\"WebPage\",\"@id\":\"https:\\\/\\\/www.skalnik.pl\\\/blog\\\/w-cieniu-everestu\\\/#webpage\",\"url\":\"https:\\\/\\\/www.skalnik.pl\\\/blog\\\/w-cieniu-everestu\\\/\",\"name\":\"W cieniu Everestu - blog Skalnik\",\"description\":\"Jak wygl\\u0105da \\u017cycie w Everest Base Camp? Jak zyj\\u0105 porterzy? Ile prawdy jest w everestowskich skandalach, mitach i faktach? O tym wszystkim opowie Magda Lassota.\",\"inLanguage\":\"pl-PL\",\"isPartOf\":{\"@id\":\"https:\\\/\\\/www.skalnik.pl\\\/blog\\\/#website\"},\"breadcrumb\":{\"@id\":\"https:\\\/\\\/www.skalnik.pl\\\/blog\\\/w-cieniu-everestu\\\/#breadcrumblist\"},\"author\":{\"@id\":\"https:\\\/\\\/www.skalnik.pl\\\/blog\\\/author\\\/spotkania\\\/#author\"},\"creator\":{\"@id\":\"https:\\\/\\\/www.skalnik.pl\\\/blog\\\/author\\\/spotkania\\\/#author\"},\"image\":{\"@type\":\"ImageObject\",\"url\":\"https:\\\/\\\/www.skalnik.pl\\\/blog\\\/wp-content\\\/uploads\\\/2019\\\/10\\\/Wspinacz-w-drodze-do-EBC-r\\u0119ce-rozci\\u0105gni\\u0119te-mi\\u0119dzy-szczytami-Everestu-i-Lhotse.-Zdoby\\u0142-obie-g\\u00f3ry_1-min.jpg\",\"@id\":\"https:\\\/\\\/www.skalnik.pl\\\/blog\\\/w-cieniu-everestu\\\/#mainImage\",\"width\":1920,\"height\":705},\"primaryImageOfPage\":{\"@id\":\"https:\\\/\\\/www.skalnik.pl\\\/blog\\\/w-cieniu-everestu\\\/#mainImage\"},\"datePublished\":\"2019-10-02T15:51:51+02:00\",\"dateModified\":\"2025-07-11T14:45:14+02:00\"},{\"@type\":\"WebSite\",\"@id\":\"https:\\\/\\\/www.skalnik.pl\\\/blog\\\/#website\",\"url\":\"https:\\\/\\\/www.skalnik.pl\\\/blog\\\/\",\"name\":\"blog Skalnik\",\"description\":\"Blog, porady, artyku\\u0142y - blog Skalnik\",\"inLanguage\":\"pl-PL\",\"publisher\":{\"@id\":\"https:\\\/\\\/www.skalnik.pl\\\/blog\\\/#organization\"}}]}\n\t\t<\/script>\n\t\t<!-- All in One SEO -->\n\n","aioseo_head_json":{"title":"W cieniu Everestu - blog Skalnik","description":"Jak wygl\u0105da \u017cycie w Everest Base Camp? Jak zyj\u0105 porterzy? Ile prawdy jest w everestowskich skandalach, mitach i faktach? O tym wszystkim opowie Magda Lassota.","canonical_url":"https:\/\/www.skalnik.pl\/blog\/w-cieniu-everestu\/","robots":"noindex, nofollow, max-snippet:-1, max-image-preview:large, max-video-preview:-1","keywords":"","webmasterTools":{"miscellaneous":""},"schema":{"@context":"https:\/\/schema.org","@graph":[{"@type":"BlogPosting","@id":"https:\/\/www.skalnik.pl\/blog\/w-cieniu-everestu\/#blogposting","name":"W cieniu Everestu - blog Skalnik","headline":"W cieniu Everestu","author":{"@id":"https:\/\/www.skalnik.pl\/blog\/author\/spotkania\/#author"},"publisher":{"@id":"https:\/\/www.skalnik.pl\/blog\/#organization"},"image":{"@type":"ImageObject","url":"https:\/\/www.skalnik.pl\/blog\/wp-content\/uploads\/2019\/10\/Wspinacz-w-drodze-do-EBC-r\u0119ce-rozci\u0105gni\u0119te-mi\u0119dzy-szczytami-Everestu-i-Lhotse.-Zdoby\u0142-obie-g\u00f3ry_1-min.jpg","width":1920,"height":705},"datePublished":"2019-10-02T15:51:51+02:00","dateModified":"2025-07-11T14:45:14+02:00","inLanguage":"pl-PL","mainEntityOfPage":{"@id":"https:\/\/www.skalnik.pl\/blog\/w-cieniu-everestu\/#webpage"},"isPartOf":{"@id":"https:\/\/www.skalnik.pl\/blog\/w-cieniu-everestu\/#webpage"},"articleSection":"Spotkania z g\u00f3rami, himalaizm, inspiracje, spotkania z g\u00f3rami, styl \u017cycia"},{"@type":"BreadcrumbList","@id":"https:\/\/www.skalnik.pl\/blog\/w-cieniu-everestu\/#breadcrumblist","itemListElement":[{"@type":"ListItem","@id":"https:\/\/www.skalnik.pl\/blog#listItem","position":1,"name":"Home","item":"https:\/\/www.skalnik.pl\/blog","nextItem":{"@type":"ListItem","@id":"https:\/\/www.skalnik.pl\/blog\/.\/spotkania-z-gorami\/#listItem","name":"Spotkania z g\u00f3rami"}},{"@type":"ListItem","@id":"https:\/\/www.skalnik.pl\/blog\/.\/spotkania-z-gorami\/#listItem","position":2,"name":"Spotkania z g\u00f3rami","item":"https:\/\/www.skalnik.pl\/blog\/.\/spotkania-z-gorami\/","nextItem":{"@type":"ListItem","@id":"https:\/\/www.skalnik.pl\/blog\/w-cieniu-everestu\/#listItem","name":"W cieniu Everestu"},"previousItem":{"@type":"ListItem","@id":"https:\/\/www.skalnik.pl\/blog#listItem","name":"Home"}},{"@type":"ListItem","@id":"https:\/\/www.skalnik.pl\/blog\/w-cieniu-everestu\/#listItem","position":3,"name":"W cieniu Everestu","previousItem":{"@type":"ListItem","@id":"https:\/\/www.skalnik.pl\/blog\/.\/spotkania-z-gorami\/#listItem","name":"Spotkania z g\u00f3rami"}}]},{"@type":"Organization","@id":"https:\/\/www.skalnik.pl\/blog\/#organization","name":"blog Skalnik","description":"Blog, porady, artyku\u0142y - blog Skalnik","url":"https:\/\/www.skalnik.pl\/blog\/"},{"@type":"Person","@id":"https:\/\/www.skalnik.pl\/blog\/author\/spotkania\/#author","url":"https:\/\/www.skalnik.pl\/blog\/author\/spotkania\/","name":"Spotkania z G\u00f3rami","image":{"@type":"ImageObject","@id":"https:\/\/www.skalnik.pl\/blog\/w-cieniu-everestu\/#authorImage","url":"https:\/\/secure.gravatar.com\/avatar\/e09dd3aeee26ff64ebd6fda736cd0f273a292e33f7d42d8fbdff1ba323502b0b?s=96&d=mm&r=g","width":96,"height":96,"caption":"Spotkania z G\u00f3rami"}},{"@type":"WebPage","@id":"https:\/\/www.skalnik.pl\/blog\/w-cieniu-everestu\/#webpage","url":"https:\/\/www.skalnik.pl\/blog\/w-cieniu-everestu\/","name":"W cieniu Everestu - blog Skalnik","description":"Jak wygl\u0105da \u017cycie w Everest Base Camp? Jak zyj\u0105 porterzy? Ile prawdy jest w everestowskich skandalach, mitach i faktach? O tym wszystkim opowie Magda Lassota.","inLanguage":"pl-PL","isPartOf":{"@id":"https:\/\/www.skalnik.pl\/blog\/#website"},"breadcrumb":{"@id":"https:\/\/www.skalnik.pl\/blog\/w-cieniu-everestu\/#breadcrumblist"},"author":{"@id":"https:\/\/www.skalnik.pl\/blog\/author\/spotkania\/#author"},"creator":{"@id":"https:\/\/www.skalnik.pl\/blog\/author\/spotkania\/#author"},"image":{"@type":"ImageObject","url":"https:\/\/www.skalnik.pl\/blog\/wp-content\/uploads\/2019\/10\/Wspinacz-w-drodze-do-EBC-r\u0119ce-rozci\u0105gni\u0119te-mi\u0119dzy-szczytami-Everestu-i-Lhotse.-Zdoby\u0142-obie-g\u00f3ry_1-min.jpg","@id":"https:\/\/www.skalnik.pl\/blog\/w-cieniu-everestu\/#mainImage","width":1920,"height":705},"primaryImageOfPage":{"@id":"https:\/\/www.skalnik.pl\/blog\/w-cieniu-everestu\/#mainImage"},"datePublished":"2019-10-02T15:51:51+02:00","dateModified":"2025-07-11T14:45:14+02:00"},{"@type":"WebSite","@id":"https:\/\/www.skalnik.pl\/blog\/#website","url":"https:\/\/www.skalnik.pl\/blog\/","name":"blog Skalnik","description":"Blog, porady, artyku\u0142y - blog Skalnik","inLanguage":"pl-PL","publisher":{"@id":"https:\/\/www.skalnik.pl\/blog\/#organization"}}]},"og:locale":"pl_PL","og:site_name":"blog Skalnik - Blog, porady, artyku\u0142y - blog Skalnik","og:type":"article","og:title":"W cieniu Everestu - blog Skalnik","og:description":"Jak wygl\u0105da \u017cycie w Everest Base Camp? Jak zyj\u0105 porterzy? Ile prawdy jest w everestowskich skandalach, mitach i faktach? O tym wszystkim opowie Magda Lassota.","og:url":"https:\/\/www.skalnik.pl\/blog\/w-cieniu-everestu\/","og:image":"https:\/\/skalnik.pl\/blog\/wp-content\/uploads\/2019\/10\/mada-lassota-230x300.jpg","og:image:secure_url":"https:\/\/skalnik.pl\/blog\/wp-content\/uploads\/2019\/10\/mada-lassota-230x300.jpg","article:tag":{"0":"spotkania z g\u00f3rami","1":"himalaizm","2":"inspiracje","4":"styl \u017cycia"},"article:published_time":"2019-10-02T13:51:51+00:00","article:modified_time":"2025-07-11T12:45:14+00:00","twitter:card":"summary_large_image","twitter:title":"W cieniu Everestu - blog Skalnik","twitter:description":"Jak wygl\u0105da \u017cycie w Everest Base Camp? Jak zyj\u0105 porterzy? Ile prawdy jest w everestowskich skandalach, mitach i faktach? O tym wszystkim opowie Magda Lassota.","twitter:image":"https:\/\/skalnik.pl\/blog\/wp-content\/uploads\/2019\/10\/mada-lassota-230x300.jpg"},"aioseo_meta_data":{"post_id":"9008","title":null,"description":"Jak wygl\u0105da \u017cycie w Everest Base Camp? Jak zyj\u0105 porterzy? Ile prawdy jest w everestowskich skandalach, mitach i faktach? O tym wszystkim opowie Magda Lassota.","keywords":[{"label":"Magda Lassota","value":"Magda Lassota"},{"label":"W cieniu Everestu","value":"W cieniu Everestu"},{"label":"Spotkania z G\u00f3rami","value":"Spotkania z G\u00f3rami"},{"label":"wystawa fotograficzna","value":"wystawa fotograficzna"}],"keyphrases":{"focus":{"keyphrase":"","score":0,"analysis":{"keyphraseInTitle":{"score":0,"maxScore":9,"error":1}}},"additional":[]},"primary_term":null,"canonical_url":null,"og_title":null,"og_description":null,"og_object_type":"default","og_image_type":"default","og_image_url":null,"og_image_width":null,"og_image_height":null,"og_image_custom_url":null,"og_image_custom_fields":null,"og_video":"","og_custom_url":null,"og_article_section":null,"og_article_tags":[],"twitter_use_og":false,"twitter_card":"default","twitter_image_type":"default","twitter_image_url":null,"twitter_image_custom_url":null,"twitter_image_custom_fields":null,"twitter_title":null,"twitter_description":null,"schema":{"blockGraphs":[],"customGraphs":[],"default":{"data":{"Article":[],"Course":[],"Dataset":[],"FAQPage":[],"Movie":[],"Person":[],"Product":[],"ProductReview":[],"Car":[],"Recipe":[],"Service":[],"SoftwareApplication":[],"WebPage":[]},"graphName":"","isEnabled":true},"graphs":[]},"schema_type":"default","schema_type_options":null,"pillar_content":false,"robots_default":false,"robots_noindex":true,"robots_noarchive":false,"robots_nosnippet":false,"robots_nofollow":true,"robots_noimageindex":false,"robots_noodp":false,"robots_notranslate":false,"robots_max_snippet":"-1","robots_max_videopreview":"-1","robots_max_imagepreview":"large","priority":null,"frequency":"default","local_seo":null,"breadcrumb_settings":null,"limit_modified_date":false,"ai":null,"created":"2022-08-26 10:06:11","updated":"2026-02-17 21:38:21","seo_analyzer_scan_date":null},"aioseo_breadcrumb":"<div class=\"aioseo-breadcrumbs\"><span class=\"aioseo-breadcrumb\">\n\t\t\t<a href=\"https:\/\/www.skalnik.pl\/blog\" title=\"Home\">Home<\/a>\n\t\t<\/span><span class=\"aioseo-breadcrumb-separator\">&raquo;<\/span><span class=\"aioseo-breadcrumb\">\n\t\t\t<a href=\"https:\/\/www.skalnik.pl\/blog\/.\/spotkania-z-gorami\/\" title=\"Spotkania z g\u00f3rami\">Spotkania z g\u00f3rami<\/a>\n\t\t<\/span><span class=\"aioseo-breadcrumb-separator\">&raquo;<\/span><span class=\"aioseo-breadcrumb\">\n\t\t\tW cieniu Everestu\n\t\t<\/span><\/div>","aioseo_breadcrumb_json":[{"label":"Home","link":"https:\/\/www.skalnik.pl\/blog"},{"label":"Spotkania z g\u00f3rami","link":"https:\/\/www.skalnik.pl\/blog\/.\/spotkania-z-gorami\/"},{"label":"W cieniu Everestu","link":"https:\/\/www.skalnik.pl\/blog\/w-cieniu-everestu\/"}],"_links":{"self":[{"href":"https:\/\/www.skalnik.pl\/blog\/wp-json\/wp\/v2\/posts\/9008","targetHints":{"allow":["GET"]}}],"collection":[{"href":"https:\/\/www.skalnik.pl\/blog\/wp-json\/wp\/v2\/posts"}],"about":[{"href":"https:\/\/www.skalnik.pl\/blog\/wp-json\/wp\/v2\/types\/post"}],"author":[{"embeddable":true,"href":"https:\/\/www.skalnik.pl\/blog\/wp-json\/wp\/v2\/users\/10"}],"replies":[{"embeddable":true,"href":"https:\/\/www.skalnik.pl\/blog\/wp-json\/wp\/v2\/comments?post=9008"}],"version-history":[{"count":19,"href":"https:\/\/www.skalnik.pl\/blog\/wp-json\/wp\/v2\/posts\/9008\/revisions"}],"predecessor-version":[{"id":27060,"href":"https:\/\/www.skalnik.pl\/blog\/wp-json\/wp\/v2\/posts\/9008\/revisions\/27060"}],"wp:featuredmedia":[{"embeddable":true,"href":"https:\/\/www.skalnik.pl\/blog\/wp-json\/wp\/v2\/media\/9011"}],"wp:attachment":[{"href":"https:\/\/www.skalnik.pl\/blog\/wp-json\/wp\/v2\/media?parent=9008"}],"wp:term":[{"taxonomy":"category","embeddable":true,"href":"https:\/\/www.skalnik.pl\/blog\/wp-json\/wp\/v2\/categories?post=9008"},{"taxonomy":"post_tag","embeddable":true,"href":"https:\/\/www.skalnik.pl\/blog\/wp-json\/wp\/v2\/tags?post=9008"},{"taxonomy":"magento_category","embeddable":true,"href":"https:\/\/www.skalnik.pl\/blog\/wp-json\/wp\/v2\/magento_category?post=9008"},{"taxonomy":"magento_product","embeddable":true,"href":"https:\/\/www.skalnik.pl\/blog\/wp-json\/wp\/v2\/magento_product?post=9008"}],"curies":[{"name":"wp","href":"https:\/\/api.w.org\/{rel}","templated":true}]}}