{"id":9139,"date":"2019-10-16T11:52:44","date_gmt":"2019-10-16T09:52:44","guid":{"rendered":"https:\/\/skalnik.pl\/blog\/?p=9139"},"modified":"2019-10-21T15:01:14","modified_gmt":"2019-10-21T13:01:14","slug":"dla-kogo-kurtka-puchowa","status":"publish","type":"post","link":"https:\/\/www.skalnik.pl\/blog\/dla-kogo-kurtka-puchowa\/","title":{"rendered":"Dla kogo kurtka puchowa"},"content":{"rendered":"<p><b>Kurtka puchowa to produkt znany w\u015br\u00f3d mi\u0142o\u015bnik\u00f3w outdooru od bardzo dawna. Z kurtek zawieraj\u0105cych to niesamowite wype\u0142nienie korzystaj\u0105 mi\u0119dzy innymi tury\u015bci, wspinacze czy narciarze. U\u017cywali i nadal u\u017cywaj\u0105 ich tak\u017ce himalai\u015bci zdobywaj\u0105cy najzimniejsze g\u00f3ry \u015bwiata. Kurtki puchowe cz\u0119sto kojarzone s\u0105 z najtrudniejszymi warunkami, ale nic nie stoi na przeszkodzie, aby korzysta\u0107 z nich tak\u017ce na co dzie\u0144.<\/b><\/p>\n<p>Kurtka ocieplana z wype\u0142nieniem z puchu jest lekka, \u015bwietnie si\u0119 kompresuje i kapitalnie ogrzewa. Zim\u0105 warto j\u0105 mie\u0107 ze sob\u0105 podczas wspinaczki albo w\u0119druj\u0105c g\u00f3rskimi grzbietami. Co prawda, <a href=\"https:\/\/skalnik.pl\/odziez\/odziez-meska\/odziez-meska-kurtki-zimowe\/kurtki-puchowe\">kurtka puchowa m\u0119ska<\/a>, czy te\u017c damska rzadko u\u017cywana jest w trakcie intensywnego wysi\u0142ku, ale b\u0119dzie niezwykle przydatna podczas odpoczynku albo gdy musimy przez chwil\u0119 pozosta\u0107 w bezruchu.<\/p>\n<div id=\"ez-toc-container\" class=\"ez-toc-v2_0_85 counter-hierarchy ez-toc-counter ez-toc-light-blue ez-toc-container-direction\">\n<div class=\"ez-toc-title-container\">\n<p class=\"ez-toc-title\" style=\"cursor:inherit\">SPIS TRE\u015aCI <\/p>\n<span class=\"ez-toc-title-toggle\"><a href=\"#\" class=\"ez-toc-pull-right ez-toc-btn ez-toc-btn-xs ez-toc-btn-default ez-toc-toggle\" aria-label=\"Prze\u0142\u0105cznik Spisu Tre\u015bci\"><span class=\"ez-toc-js-icon-con\"><span class=\"\"><span class=\"eztoc-hide\" style=\"display:none;\">Toggle<\/span><span class=\"ez-toc-icon-toggle-span\"><svg style=\"fill: #999;color:#999\" xmlns=\"http:\/\/www.w3.org\/2000\/svg\" class=\"list-377408\" width=\"20px\" height=\"20px\" viewBox=\"0 0 24 24\" fill=\"none\"><path d=\"M6 6H4v2h2V6zm14 0H8v2h12V6zM4 11h2v2H4v-2zm16 0H8v2h12v-2zM4 16h2v2H4v-2zm16 0H8v2h12v-2z\" fill=\"currentColor\"><\/path><\/svg><svg style=\"fill: #999;color:#999\" class=\"arrow-unsorted-368013\" xmlns=\"http:\/\/www.w3.org\/2000\/svg\" width=\"10px\" height=\"10px\" viewBox=\"0 0 24 24\" version=\"1.2\" baseProfile=\"tiny\"><path d=\"M18.2 9.3l-6.2-6.3-6.2 6.3c-.2.2-.3.4-.3.7s.1.5.3.7c.2.2.4.3.7.3h11c.3 0 .5-.1.7-.3.2-.2.3-.5.3-.7s-.1-.5-.3-.7zM5.8 14.7l6.2 6.3 6.2-6.3c.2-.2.3-.5.3-.7s-.1-.5-.3-.7c-.2-.2-.4-.3-.7-.3h-11c-.3 0-.5.1-.7.3-.2.2-.3.5-.3.7s.1.5.3.7z\"\/><\/svg><\/span><\/span><\/span><\/a><\/span><\/div>\n<nav><ul class='ez-toc-list ez-toc-list-level-1 ' ><li class='ez-toc-page-1 ez-toc-heading-level-2'><a class=\"ez-toc-link ez-toc-heading-1\" href=\"https:\/\/www.skalnik.pl\/blog\/dla-kogo-kurtka-puchowa\/#Kurtka_puchowa\" >Kurtka puchowa<\/a><\/li><li class='ez-toc-page-1 ez-toc-heading-level-2'><a class=\"ez-toc-link ez-toc-heading-2\" href=\"https:\/\/www.skalnik.pl\/blog\/dla-kogo-kurtka-puchowa\/#Kurtki_zimowe_z_puchem_naturalnym\" >Kurtki zimowe z puchem naturalnym<\/a><\/li><li class='ez-toc-page-1 ez-toc-heading-level-2'><a class=\"ez-toc-link ez-toc-heading-3\" href=\"https:\/\/www.skalnik.pl\/blog\/dla-kogo-kurtka-puchowa\/#Kurtki_zimowe_z_puchem_syntetycznym\" >Kurtki zimowe z puchem syntetycznym<\/a><\/li><li class='ez-toc-page-1 ez-toc-heading-level-2'><a class=\"ez-toc-link ez-toc-heading-4\" href=\"https:\/\/www.skalnik.pl\/blog\/dla-kogo-kurtka-puchowa\/#Dla_kogo_kurtka_ocieplana_z_naturalnego_puchu\" >Dla kogo kurtka ocieplana z naturalnego puchu<\/a><\/li><li class='ez-toc-page-1 ez-toc-heading-level-2'><a class=\"ez-toc-link ez-toc-heading-5\" href=\"https:\/\/www.skalnik.pl\/blog\/dla-kogo-kurtka-puchowa\/#Dla_kogo_kurtka_z_puchem_hydrofobowym\" >Dla kogo kurtka z puchem hydrofobowym<\/a><\/li><li class='ez-toc-page-1 ez-toc-heading-level-2'><a class=\"ez-toc-link ez-toc-heading-6\" href=\"https:\/\/www.skalnik.pl\/blog\/dla-kogo-kurtka-puchowa\/#Dla_kogo_kurtka_z_puchem_syntetycznym\" >Dla kogo kurtka z puchem syntetycznym<\/a><\/li><li class='ez-toc-page-1 ez-toc-heading-level-2'><a class=\"ez-toc-link ez-toc-heading-7\" href=\"https:\/\/www.skalnik.pl\/blog\/dla-kogo-kurtka-puchowa\/#Kurtki_puchowe_%E2%80%93_podsumowanie\" >Kurtki puchowe &#8211; podsumowanie<\/a><\/li><\/ul><\/nav><\/div>\n<h2><span class=\"ez-toc-section\" id=\"Kurtka_puchowa\"><\/span>Kurtka puchowa<span class=\"ez-toc-section-end\"><\/span><\/h2>\n<p>Kurtki puchowe najcz\u0119\u015bciej r\u00f3\u017cni\u0105 si\u0119 od siebie ilo\u015bci\u0105 i jako\u015bci\u0105 wype\u0142nienia oraz wygl\u0105dem zewn\u0119trznym. Ze wzgl\u0119du na konieczno\u015b\u0107 dopasowania do damskiej sylwetki, kurtka puchowa damska b\u0119dzie z regu\u0142y mia\u0142a inny kr\u00f3j, ni\u017c kurtka puchowa m\u0119ska. W outdoorze nadal kr\u00f3luj\u0105 kurtki zimowe o tradycyjnej d\u0142ugo\u015bci, ko\u0144cz\u0105ce si\u0119 w okolicy bioder, ale w mie\u015bcie cz\u0119sto mo\u017cna spotka\u0107 osoby maj\u0105ce na sobie p\u0142aszcz puchowy. Tego rodzaju kurtka puchowa damska si\u0119ga mniej wi\u0119cej przed kolano i dzi\u0119ki temu zabezpiecza przed ch\u0142odem tak\u017ce dolne partii cia\u0142a. Cho\u0107 p\u0142aszcze puchowe kojarz\u0105 si\u0119 raczej z mod\u0105 miejsk\u0105, to pod k\u0105tem jako\u015bci zasadniczo nie odstaj\u0105 od bardziej tradycyjnych kurtek puchowych.<\/p>\n<p>U\u017cywaj\u0105c okre\u015blenia kurtka puchowa z regu\u0142y m\u00f3wimy o odzie\u017cy wykonanej z puchu naturalnego. Z regu\u0142y, ale nie zawsze. W sprzeda\u017cy znajduj\u0105 si\u0119 bowiem tak\u017ce modele z puchu syntetycznego. Osobi\u015bcie jestem zdania, \u017ce okre\u015blenie kurtka puchowa powinno by\u0107 u\u017cywane tylko w przypadku odzie\u017cy z naturalnym wype\u0142nieniem, ale przyj\u0119\u0142o si\u0119, \u017ce modele z syntetyczn\u0105 ocieplin\u0105 imituj\u0105c\u0105 puch tak\u017ce nazywane s\u0105 puch\u00f3wkami.<\/p>\n<p>O tym, \u017ce w sklepach dost\u0119pne s\u0105 produkty z puchu naturalnego i syntetycznego wspominam nie bez powodu. Te dwie ociepliny, cho\u0107 s\u0105 do siebie podobne, maj\u0105 jednak kilka istotnych r\u00f3\u017cnic. To z kolei powoduje, \u017ce w niekt\u00f3rych aktywno\u015bciach lepszym wyborem b\u0119dzie wype\u0142nienie naturalne, a w innych syntetyczne. Co to za r\u00f3\u017cnice?<\/p>\n<p>&nbsp;<\/p>\n<div id=\"attachment_9157\" style=\"width: 810px\" class=\"wp-caption aligncenter\"><img loading=\"lazy\" decoding=\"async\" aria-describedby=\"caption-attachment-9157\" class=\"wp-image-9157\" src=\"https:\/\/skalnik.pl\/blog\/wp-content\/uploads\/2019\/10\/Kurtka-puchowa-czy-syntetyczna-300x200.jpg\" alt=\"Kurtka puchowa czy syntetyczna\" width=\"800\" height=\"533\" srcset=\"https:\/\/www.skalnik.pl\/blog\/wp-content\/uploads\/2019\/10\/Kurtka-puchowa-czy-syntetyczna-300x200.jpg 300w, https:\/\/www.skalnik.pl\/blog\/wp-content\/uploads\/2019\/10\/Kurtka-puchowa-czy-syntetyczna-768x512.jpg 768w, https:\/\/www.skalnik.pl\/blog\/wp-content\/uploads\/2019\/10\/Kurtka-puchowa-czy-syntetyczna-1024x683.jpg 1024w, https:\/\/www.skalnik.pl\/blog\/wp-content\/uploads\/2019\/10\/Kurtka-puchowa-czy-syntetyczna.jpg 1800w\" sizes=\"auto, (max-width: 800px) 100vw, 800px\" \/><p id=\"caption-attachment-9157\" class=\"wp-caption-text\">Po wygl\u0105dzie ci\u0119\u017cko jest odr\u00f3\u017cni\u0107 czy kurtka jest wype\u0142niona naturalnym puchem czy sztuczn\u0105 ocieplin\u0105. W\u0142a\u015bnie dlatego potocznie s\u0142owo &#8222;puch\u00f3wka&#8221; okre\u015bla r\u00f3wnie\u017c syntetyki.<\/p><\/div>\n<p>&nbsp;<\/p>\n<h2><span class=\"ez-toc-section\" id=\"Kurtki_zimowe_z_puchem_naturalnym\"><\/span>Kurtki zimowe z puchem naturalnym<span class=\"ez-toc-section-end\"><\/span><\/h2>\n<p>Puch naturalny pozyskiwany jest z g\u0119si lub z kaczek. Ten pierwszy charakteryzuje si\u0119 wy\u017csz\u0105 jako\u015bci\u0105. O jako\u015bci puchu \u015bwiadczy przede wszystkim jego spr\u0119\u017cysto\u015b\u0107 wyra\u017cana parametrem cuin. Im wi\u0119kszy cuin, tym lepiej.<\/p>\n<p>Puch naturalny ma oczywi\u015bcie mn\u00f3stwo zalet. Dlatego jest tak ch\u0119tnie wykorzystywany w sprz\u0119cie g\u00f3rskim i outdoorowym. Przede wszystkim \u015bwietnie izoluje od zimna. W naturalny spos\u00f3b jest w stanie magazynowa\u0107 i zatrzymywa\u0107 powietrze ogrzewane przez organizm. I to w\u0142a\u015bnie powietrze w najwi\u0119kszym stopniu zapewnia nam ciep\u0142o, a nie puch sam w sobie.<\/p>\n<p>To, \u017ce g\u0142\u00f3wnym izolatorem w kurtkach puchowych jest powietrze ma jeszcze inne zalety. Tego typu produkty s\u0105 niezwykle lekkie i \u015bwietnie si\u0119 kompresuj\u0105. Aby <a href=\"https:\/\/skalnik.pl\/odziez\/kurtki-puchowe\">kurtka puchowa<\/a> zmniejszy\u0142a swoj\u0105 obj\u0119to\u015b\u0107 wystarczy j\u0105 \u015bciska\u0107, czego efektem b\u0119dzie usuni\u0119cie powietrza. Warto wiedzie\u0107, \u017ce puch bardzo \u0142atwo ponownie nape\u0142nia si\u0119 powietrzem, dlatego po kompresji, kurtk\u0119 warto w\u0142o\u017cy\u0107 do pokrowca. To w\u0142a\u015bnie kapitalne w\u0142a\u015bciwo\u015bci kompresyjne puchu sprawiaj\u0105, \u017ce w trakcie transportu kurtka puchowa damska albo m\u0119ska mo\u017ce zajmowa\u0107 tyle miejsca, co kubek termiczny czy butelka wody.<\/p>\n<p>&nbsp;<\/p>\n<div id=\"attachment_9147\" style=\"width: 810px\" class=\"wp-caption aligncenter\"><img loading=\"lazy\" decoding=\"async\" aria-describedby=\"caption-attachment-9147\" class=\"wp-image-9147\" src=\"https:\/\/skalnik.pl\/blog\/wp-content\/uploads\/2019\/10\/Kompresja-kurtki-puchowej-1024x683.jpg\" alt=\"Kompresja kurtki puchowej\" width=\"800\" height=\"533\" srcset=\"https:\/\/www.skalnik.pl\/blog\/wp-content\/uploads\/2019\/10\/Kompresja-kurtki-puchowej-1024x683.jpg 1024w, https:\/\/www.skalnik.pl\/blog\/wp-content\/uploads\/2019\/10\/Kompresja-kurtki-puchowej-300x200.jpg 300w, https:\/\/www.skalnik.pl\/blog\/wp-content\/uploads\/2019\/10\/Kompresja-kurtki-puchowej-768x512.jpg 768w, https:\/\/www.skalnik.pl\/blog\/wp-content\/uploads\/2019\/10\/Kompresja-kurtki-puchowej.jpg 1920w\" sizes=\"auto, (max-width: 800px) 100vw, 800px\" \/><p id=\"caption-attachment-9147\" class=\"wp-caption-text\">Kurtka puchowa Rab Microlight Alpine na modelu oraz skompresowana<\/p><\/div>\n<p>Nale\u017cy przy tym doda\u0107, \u017ce izolacja oparta na powietrzu ma tak\u017ce swoje wady. Puch praktycznie przestaje grza\u0107, gdy jest mokry lub \u015bci\u015bni\u0119ty. Najlepiej czu\u0107 to, gdy w za\u0142o\u017conej kurtce oprzemy si\u0119 o co\u015b ch\u0142odnego. W miejscu kontaktu cia\u0142a z oparciem puch szybko ulegnie kompresji, czego efektem b\u0119dzie utrata izolacji. Podobna sytuacja b\u0119dzie mia\u0142a miejsce w przypadku puchu, kt\u00f3ry jest mokry. To w\u0142a\u015bnie wilgo\u0107 jest najwi\u0119kszym wrogiem puchowego wype\u0142nienia i przyczyn\u0105 powstania puchu syntetycznego.<\/p>\n<p>&nbsp;<\/p>\n<h2><span class=\"ez-toc-section\" id=\"Kurtki_zimowe_z_puchem_syntetycznym\"><\/span>Kurtki zimowe z puchem syntetycznym<span class=\"ez-toc-section-end\"><\/span><\/h2>\n<p>Nie ka\u017cda ocieplina syntetyczna mo\u017ce by\u0107 okre\u015blana puchem. Najcz\u0119\u015bciej w ten spos\u00f3b nazywane jest wype\u0142nienie z Primaloftu. Puch syntetyczny z za\u0142o\u017cenia mia\u0142 posiada\u0107 wszystkie zalety puchu naturalnego i jednocze\u015bnie mia\u0142 by\u0107 pozbawiony jego wad, w tym g\u0142\u00f3wnej, czyli s\u0142abej odporno\u015bci na wilgo\u0107.<\/p>\n<p>Do tej pory naukowcom nie uda\u0142o si\u0119 jednak stworzy\u0107 ociepliny syntetycznej, kt\u00f3ra by by\u0142a tak lekka, kompresyjna i tak dobrze izolowa\u0142a jak wysokiej jako\u015bci puch naturalny. Uda\u0142o si\u0119 natomiast otrzyma\u0107 tworzywo, kt\u00f3re znacznie lepiej radzi sobie z wilgoci\u0105. Mokry puch syntetyczny tylko nieznacznie traci w\u0142a\u015bciwo\u015bci izolacyjne, podczas gdy puch naturalny traci je niemal ca\u0142kowicie.<\/p>\n<p>Kurtka ocieplana z puchem syntetycznym jest tak\u017ce bardziej przyjazna w konserwacji. Pranie puchu naturalnego to proces czasoch\u0142onny i k\u0142opotliwy. Pranie kurtki z ocieplin\u0105 syntetyczn\u0105 jest natomiast z regu\u0142y tak proste, jak czyszczenie ka\u017cdej innej odzie\u017cy technicznej. Du\u017c\u0105 zalet\u0105 ociepliny syntetycznej s\u0105 r\u00f3wnie\u017c ni\u017csze koszty produkcji, co przek\u0142ada si\u0119 na mniejsz\u0105 cen\u0119 produktu ko\u0144cowego.<\/p>\n<p>&nbsp;<\/p>\n<p><i>O tym od czego zale\u017cy cena kurtki puchowej mo\u017cesz przeczyta\u0107 w <a href=\"https:\/\/skalnik.pl\/blog\/kurtki-puchowe-dlaczego-sa-takie-drogie\/\" target=\"_blank\" rel=\"noopener\">artykule Natalii<\/a>.\u00a0<\/i><\/p>\n<p>&nbsp;<\/p>\n<h2><span class=\"ez-toc-section\" id=\"Dla_kogo_kurtka_ocieplana_z_naturalnego_puchu\"><\/span>Dla kogo kurtka ocieplana z naturalnego puchu<span class=\"ez-toc-section-end\"><\/span><\/h2>\n<p>Analizuj\u0105c mocne i s\u0142abe strony puchu naturalnego do\u015b\u0107 szybko mo\u017cna doj\u015b\u0107 do wniosku, \u017ce kurtka ocieplana z naturalnym wype\u0142nieniem b\u0119dzie \u015bwietnym wyborem dla os\u00f3b poszukuj\u0105cych najlepszej z dost\u0119pnych izolacji, na przyk\u0142ad ze wzgl\u0119du na konieczno\u015b\u0107 mierzenia si\u0119 z du\u017cymi mrozami. Po kurtk\u0119 z puchu naturalnego warto r\u00f3wnie\u017c si\u0119gn\u0105\u0107 wtedy, kiedy planujemy d\u0142ug\u0105 w\u0119dr\u00f3wk\u0119 albo wspinaczk\u0119. Dlaczego? Waga i oboj\u0119tno\u015b\u0107 plecaka staj\u0105 si\u0119 w\u00f3wczas niezwykle istotne, a kurtki zimowe z puchem s\u0105 lekkie i \u0142atwe w kompresji.<\/p>\n<p>Przed wyborem produktu z puchu kaczego lub g\u0119siego warto natomiast odpowiedzie\u0107 sobie na jedno wa\u017cne pytanie. Czy twoja kurtka puchowa b\u0119dzie cz\u0119sto u\u017cywana w wilgotnych warunkach? Je\u015bli tak, w\u00f3wczas warto pomy\u015ble\u0107 nad modelem z puchu hydrofobowego albo syntetycznego.<\/p>\n<p>&nbsp;<\/p>\n<div id=\"attachment_9151\" style=\"width: 810px\" class=\"wp-caption aligncenter\"><img loading=\"lazy\" decoding=\"async\" aria-describedby=\"caption-attachment-9151\" class=\"wp-image-9151\" src=\"https:\/\/skalnik.pl\/blog\/wp-content\/uploads\/2019\/10\/Kurtka-puchowa-1024x683.jpg\" alt=\"Kurtka puchowa\" width=\"800\" height=\"533\" srcset=\"https:\/\/www.skalnik.pl\/blog\/wp-content\/uploads\/2019\/10\/Kurtka-puchowa-1024x683.jpg 1024w, https:\/\/www.skalnik.pl\/blog\/wp-content\/uploads\/2019\/10\/Kurtka-puchowa-300x200.jpg 300w, https:\/\/www.skalnik.pl\/blog\/wp-content\/uploads\/2019\/10\/Kurtka-puchowa-768x512.jpg 768w, https:\/\/www.skalnik.pl\/blog\/wp-content\/uploads\/2019\/10\/Kurtka-puchowa.jpg 1800w\" sizes=\"auto, (max-width: 800px) 100vw, 800px\" \/><p id=\"caption-attachment-9151\" class=\"wp-caption-text\">Kurtka puchowa zapewnia izolacj\u0119 nawet w najwi\u0119ksze mrozy (fot. Patagonia)<\/p><\/div>\n<p>&nbsp;<\/p>\n<h2><span class=\"ez-toc-section\" id=\"Dla_kogo_kurtka_z_puchem_hydrofobowym\"><\/span>Dla kogo kurtka z puchem hydrofobowym<span class=\"ez-toc-section-end\"><\/span><\/h2>\n<p>W ostatnim czasie coraz bardziej popularne staj\u0105 si\u0119 kurtki puchowe z impregnowanym wype\u0142nieniem. Taki puch ma w\u0142a\u015bciwo\u015bci hydrofobowe i znacznie wolniej nasi\u0105ka wod\u0105. A to z kolei oznacza, \u017ce w warunkach niewielkiej wilgotno\u015bci, nie b\u0119dzie traci\u0142 wiele ze swoich w\u0142a\u015bciwo\u015bci termicznych. Ta r\u00f3\u017ca ma natomiast kilka kolc\u00f3w. Aby puch m\u00f3g\u0142 zosta\u0107 poddany impregnacji, musi zosta\u0107 najpierw odt\u0142uszczony. A to w\u0142a\u015bnie t\u0142uszcz sprawia, \u017ce naturalny puch jest tak spr\u0119\u017cysty. Nast\u0119pnie puch ponownie poddaje si\u0119 zabiegom, kt\u00f3re t\u0119 spr\u0119\u017cysto\u015b\u0107 maj\u0105 przywr\u00f3ci\u0107, ale ich dzia\u0142anie jest ograniczone w czasie.<\/p>\n<p>\u017bywotno\u015b\u0107 puchu impregnowanego wynosi oko\u0142o sze\u015b\u0107 cykli. Puch bez pow\u0142oki hydrofobowej wypada pod tym k\u0105tem znacznie lepiej. Mo\u017ce si\u0119 tak\u017ce zdarzy\u0107, \u017ce kurtka ocieplana z puchu hydrofobowego b\u0119dzie si\u0119 wolniej dekompresowa\u0142a. Model z wype\u0142nieniem poddanym impregnacji wydaje si\u0119 wi\u0119c dobrym wyborem dla os\u00f3b, kt\u00f3re chc\u0105 mie\u0107 kurtk\u0119 z puchu naturalnego, ale jednocze\u015bnie wiedz\u0105, \u017ce mo\u017ce ona czasami mie\u0107 kontakt z wilgoci\u0105.<\/p>\n<p><iframe loading=\"lazy\" src=\"https:\/\/www.youtube.com\/embed\/9rKyMuMF5Gk\" width=\"560\" height=\"315\" frameborder=\"0\" allowfullscreen=\"allowfullscreen\"><\/iframe><\/p>\n<p>&nbsp;<\/p>\n<h2><span class=\"ez-toc-section\" id=\"Dla_kogo_kurtka_z_puchem_syntetycznym\"><\/span>Dla kogo kurtka z puchem syntetycznym<span class=\"ez-toc-section-end\"><\/span><\/h2>\n<p>Puch hydrofobowy jest odporny na wilgo\u0107, ale puch syntetyczny nadal wypada pod tym k\u0105tem lepiej. Je\u015bli wi\u0119c potrzebujesz kurtki, kt\u00f3ra cz\u0119sto b\u0119dzie wykorzystywana w warunkach du\u017cej wilgotno\u015bci to warto zdecydowa\u0107 si\u0119 na model z wype\u0142nieniem syntetycznym. Warto doda\u0107, \u017ce kurtka puchowa mo\u017ce zawilgn\u0105\u0107 nie tylko od zewn\u0105trz, ale tak\u017ce od \u015brodka. Je\u015bli wi\u0119c szukasz odzie\u017cy, w kt\u00f3rej masz zamiar wylewa\u0107 z siebie si\u00f3dme poty, to raczej wybierz syntetyka.<\/p>\n<p>Kwesti\u0105, kt\u00f3ra tak\u017ce mo\u017ce decydowa\u0107 o wy\u017cszo\u015bci kurtki z puchu syntetycznego nad naturalnym s\u0105 alergie. Osoby uczulone na puch g\u0119si lub kaczy, z wiadomych wzgl\u0119d\u00f3w nie b\u0119d\u0105 mog\u0142y korzysta\u0107 z odzie\u017cy z naturalnym wype\u0142nieniem. Nie bez znaczenia jest r\u00f3wnie\u017c cena. Kurtki zimowe z puchu syntetycznego s\u0105 zwyczajnie ta\u0144sze, co czasami mo\u017ce okaza\u0107 si\u0119 decyduj\u0105ce.<\/p>\n<p>Dla kogo zatem lepsza b\u0119dzie kurtka puchowa z syntetyczn\u0105 ocieplin\u0105?<\/p>\n<ul>\n<li>dla os\u00f3b, kt\u00f3re poszukuj\u0105 odzie\u017cy odpornej na wilgo\u0107,<\/li>\n<li>dla os\u00f3b, kt\u00f3re maj\u0105 zamiar korzysta\u0107 z kurtki w trakcie znacznego wysi\u0142ku,<\/li>\n<li>dla os\u00f3b, kt\u00f3re maj\u0105 ograniczony bud\u017cet,<\/li>\n<li>dla os\u00f3b uczulonych na puch kaczy lub g\u0119si.<\/li>\n<\/ul>\n<p>&nbsp;<\/p>\n<h2><span class=\"ez-toc-section\" id=\"Kurtki_puchowe_%E2%80%93_podsumowanie\"><\/span>Kurtki puchowe &#8211; podsumowanie<span class=\"ez-toc-section-end\"><\/span><\/h2>\n<p>My\u015bl\u0119, \u017ce wszyscy mi\u0142o\u015bnicy zimowych aktywno\u015bci wiedz\u0105, jak szybko wych\u0142adza si\u0119 organizm po intensywnym wysi\u0142ku. Idealnym przyk\u0142adem takiej sytuacji jest post\u00f3j po bardzo intensywnym podej\u015bciu. Aby zapobiec wyzi\u0119bieniu w trakcie odpoczynku, najlepiej za\u0142o\u017cy\u0107 na siebie dodatkow\u0105 warstw\u0119 odzie\u017cy. Kurtki zimowe m\u0119skie puchowe i <a href=\"https:\/\/skalnik.pl\/odziez\/odziez-damska\/odziez-damska-kurtki-zimowe\/kurtki-puchowe\">kurtki puchowe damskie<\/a> to produkty, kt\u00f3re \u015bwietnie izoluj\u0105, dzi\u0119ki czemu kapitalnie sprawdzaj\u0105 si\u0119 w roli ubioru docieplaj\u0105cego. Do tego s\u0105 niezwykle lekkie i bardzo \u0142atwo poddaj\u0105 si\u0119 kompresji. Kurtka puchowa mo\u017ce wi\u0119c zosta\u0107 wrzucona do plecaka nawet w\u00f3wczas, gdy nie mamy pewno\u015bci czy danego dnia b\u0119dzie potrzebna. Puch jest jednocze\u015bnie wype\u0142nieniem oddychaj\u0105cym, wi\u0119c w bardzo niskich temperaturach mo\u017ce by\u0107 noszony tak\u017ce w trakcie ruchu. Kurtki zimowe z puchem najlepiej sprawdzaj\u0105 si\u0119 w outdoorze, ale nic nie stoi na przeszkodzie, aby korzysta\u0107 z nich r\u00f3wnie\u017c na co dzie\u0144. W tej roli bardzo dobrze sprawdzi si\u0119 na przyk\u0142ad damski p\u0142aszcz puchowy.<\/p>\n","protected":false},"excerpt":{"rendered":"<p>Kurtki puchowe to popularny wyb\u00f3r na zim\u0119. Czy dokonujesz go \u015bwiadomie? Poznaj zalety i wady kurtek puchowych i sprawd\u017a czy to na pewno rozwi\u0105zanie dla Ciebie.<\/p>\n","protected":false},"author":32,"featured_media":9146,"comment_status":"open","ping_status":"open","sticky":false,"template":"","format":"standard","meta":{"_acf_changed":false,"footnotes":""},"categories":[3],"tags":[132,15,16],"magento_category":[168],"magento_product":[],"class_list":["post-9139","post","type-post","status-publish","format-standard","has-post-thumbnail","hentry","category-porady","tag-kurtki-puchowe","tag-odziez","tag-zima"],"acf":[],"aioseo_notices":[],"aioseo_head":"\n\t\t<!-- All in One SEO 4.9.10 - aioseo.com -->\n\t<meta name=\"description\" content=\"Nie wiesz czy kurtka puchowa to odpowiedni wyb\u00f3r dla Ciebie? Przeczytaj artyku\u0142 i dowiedz si\u0119 kiedy zdecydowa\u0107 si\u0119 na puch, a kiedy na syntetyk.\" \/>\n\t<meta name=\"robots\" content=\"max-image-preview:large\" \/>\n\t<meta name=\"author\" content=\"Pawe\u0142 Gibek\"\/>\n\t<link rel=\"canonical\" href=\"https:\/\/www.skalnik.pl\/blog\/dla-kogo-kurtka-puchowa\/\" \/>\n\t<meta name=\"generator\" content=\"All in One SEO (AIOSEO) 4.9.10\" \/>\n\t\t<meta property=\"og:locale\" content=\"pl_PL\" \/>\n\t\t<meta property=\"og:site_name\" content=\"blog Skalnik - Blog, porady, artyku\u0142y - blog Skalnik\" \/>\n\t\t<meta property=\"og:type\" content=\"article\" \/>\n\t\t<meta property=\"og:title\" content=\"Dla kogo kurtka puchowa - blog Skalnik\" \/>\n\t\t<meta property=\"og:description\" content=\"Nie wiesz czy kurtka puchowa to odpowiedni wyb\u00f3r dla Ciebie? Przeczytaj artyku\u0142 i dowiedz si\u0119 kiedy zdecydowa\u0107 si\u0119 na puch, a kiedy na syntetyk.\" \/>\n\t\t<meta property=\"og:url\" content=\"https:\/\/www.skalnik.pl\/blog\/dla-kogo-kurtka-puchowa\/\" \/>\n\t\t<meta property=\"og:image\" content=\"https:\/\/skalnik.pl\/blog\/wp-content\/uploads\/2019\/10\/Kurtka-puchowa-czy-syntetyczna-300x200.jpg\" \/>\n\t\t<meta property=\"og:image:secure_url\" content=\"https:\/\/skalnik.pl\/blog\/wp-content\/uploads\/2019\/10\/Kurtka-puchowa-czy-syntetyczna-300x200.jpg\" \/>\n\t\t<meta property=\"article:tag\" content=\"porady\" \/>\n\t\t<meta property=\"article:tag\" content=\"kurtki puchowe\" \/>\n\t\t<meta property=\"article:tag\" content=\"odzie\u017c\" \/>\n\t\t<meta property=\"article:tag\" content=\"zima\" \/>\n\t\t<meta property=\"article:published_time\" content=\"2019-10-16T09:52:44+00:00\" \/>\n\t\t<meta property=\"article:modified_time\" content=\"2019-10-21T13:01:14+00:00\" \/>\n\t\t<meta name=\"twitter:card\" content=\"summary_large_image\" \/>\n\t\t<meta name=\"twitter:title\" content=\"Dla kogo kurtka puchowa - blog Skalnik\" \/>\n\t\t<meta name=\"twitter:description\" content=\"Nie wiesz czy kurtka puchowa to odpowiedni wyb\u00f3r dla Ciebie? Przeczytaj artyku\u0142 i dowiedz si\u0119 kiedy zdecydowa\u0107 si\u0119 na puch, a kiedy na syntetyk.\" \/>\n\t\t<meta name=\"twitter:image\" content=\"https:\/\/skalnik.pl\/blog\/wp-content\/uploads\/2019\/10\/Kurtka-puchowa-czy-syntetyczna-300x200.jpg\" \/>\n\t\t<script type=\"application\/ld+json\" class=\"aioseo-schema\">\n\t\t\t{\"@context\":\"https:\\\/\\\/schema.org\",\"@graph\":[{\"@type\":\"BlogPosting\",\"@id\":\"https:\\\/\\\/www.skalnik.pl\\\/blog\\\/dla-kogo-kurtka-puchowa\\\/#blogposting\",\"name\":\"Dla kogo kurtka puchowa - blog Skalnik\",\"headline\":\"Dla kogo kurtka puchowa\",\"author\":{\"@id\":\"https:\\\/\\\/www.skalnik.pl\\\/blog\\\/author\\\/pawel-gibek\\\/#author\"},\"publisher\":{\"@id\":\"https:\\\/\\\/www.skalnik.pl\\\/blog\\\/#organization\"},\"image\":{\"@type\":\"ImageObject\",\"url\":\"https:\\\/\\\/www.skalnik.pl\\\/blog\\\/wp-content\\\/uploads\\\/2019\\\/10\\\/Dla-kogo-kurtka-puchowa.jpg\",\"width\":1920,\"height\":704,\"caption\":\"Dla kogo kurtka puchowa\"},\"datePublished\":\"2019-10-16T11:52:44+02:00\",\"dateModified\":\"2019-10-21T15:01:14+02:00\",\"inLanguage\":\"pl-PL\",\"mainEntityOfPage\":{\"@id\":\"https:\\\/\\\/www.skalnik.pl\\\/blog\\\/dla-kogo-kurtka-puchowa\\\/#webpage\"},\"isPartOf\":{\"@id\":\"https:\\\/\\\/www.skalnik.pl\\\/blog\\\/dla-kogo-kurtka-puchowa\\\/#webpage\"},\"articleSection\":\"Porady, kurtki puchowe, odzie\\u017c, zima, 1091\"},{\"@type\":\"BreadcrumbList\",\"@id\":\"https:\\\/\\\/www.skalnik.pl\\\/blog\\\/dla-kogo-kurtka-puchowa\\\/#breadcrumblist\",\"itemListElement\":[{\"@type\":\"ListItem\",\"@id\":\"https:\\\/\\\/www.skalnik.pl\\\/blog#listItem\",\"position\":1,\"name\":\"Home\",\"item\":\"https:\\\/\\\/www.skalnik.pl\\\/blog\",\"nextItem\":{\"@type\":\"ListItem\",\"@id\":\"https:\\\/\\\/www.skalnik.pl\\\/blog\\\/.\\\/porady\\\/#listItem\",\"name\":\"Porady\"}},{\"@type\":\"ListItem\",\"@id\":\"https:\\\/\\\/www.skalnik.pl\\\/blog\\\/.\\\/porady\\\/#listItem\",\"position\":2,\"name\":\"Porady\",\"item\":\"https:\\\/\\\/www.skalnik.pl\\\/blog\\\/.\\\/porady\\\/\",\"nextItem\":{\"@type\":\"ListItem\",\"@id\":\"https:\\\/\\\/www.skalnik.pl\\\/blog\\\/dla-kogo-kurtka-puchowa\\\/#listItem\",\"name\":\"Dla kogo kurtka puchowa\"},\"previousItem\":{\"@type\":\"ListItem\",\"@id\":\"https:\\\/\\\/www.skalnik.pl\\\/blog#listItem\",\"name\":\"Home\"}},{\"@type\":\"ListItem\",\"@id\":\"https:\\\/\\\/www.skalnik.pl\\\/blog\\\/dla-kogo-kurtka-puchowa\\\/#listItem\",\"position\":3,\"name\":\"Dla kogo kurtka puchowa\",\"previousItem\":{\"@type\":\"ListItem\",\"@id\":\"https:\\\/\\\/www.skalnik.pl\\\/blog\\\/.\\\/porady\\\/#listItem\",\"name\":\"Porady\"}}]},{\"@type\":\"Organization\",\"@id\":\"https:\\\/\\\/www.skalnik.pl\\\/blog\\\/#organization\",\"name\":\"blog Skalnik\",\"description\":\"Blog, porady, artyku\\u0142y - blog Skalnik\",\"url\":\"https:\\\/\\\/www.skalnik.pl\\\/blog\\\/\"},{\"@type\":\"Person\",\"@id\":\"https:\\\/\\\/www.skalnik.pl\\\/blog\\\/author\\\/pawel-gibek\\\/#author\",\"url\":\"https:\\\/\\\/www.skalnik.pl\\\/blog\\\/author\\\/pawel-gibek\\\/\",\"name\":\"Pawe\\u0142 Gibek\",\"image\":{\"@type\":\"ImageObject\",\"@id\":\"https:\\\/\\\/www.skalnik.pl\\\/blog\\\/dla-kogo-kurtka-puchowa\\\/#authorImage\",\"url\":\"https:\\\/\\\/secure.gravatar.com\\\/avatar\\\/cfa17eebb8c907b0125e9171f7e9fc12b0799c3ba90a5e5183d3b10c450ae05d?s=96&d=mm&r=g\",\"width\":96,\"height\":96,\"caption\":\"Pawe\\u0142 Gibek\"}},{\"@type\":\"WebPage\",\"@id\":\"https:\\\/\\\/www.skalnik.pl\\\/blog\\\/dla-kogo-kurtka-puchowa\\\/#webpage\",\"url\":\"https:\\\/\\\/www.skalnik.pl\\\/blog\\\/dla-kogo-kurtka-puchowa\\\/\",\"name\":\"Dla kogo kurtka puchowa - blog Skalnik\",\"description\":\"Nie wiesz czy kurtka puchowa to odpowiedni wyb\\u00f3r dla Ciebie? Przeczytaj artyku\\u0142 i dowiedz si\\u0119 kiedy zdecydowa\\u0107 si\\u0119 na puch, a kiedy na syntetyk.\",\"inLanguage\":\"pl-PL\",\"isPartOf\":{\"@id\":\"https:\\\/\\\/www.skalnik.pl\\\/blog\\\/#website\"},\"breadcrumb\":{\"@id\":\"https:\\\/\\\/www.skalnik.pl\\\/blog\\\/dla-kogo-kurtka-puchowa\\\/#breadcrumblist\"},\"author\":{\"@id\":\"https:\\\/\\\/www.skalnik.pl\\\/blog\\\/author\\\/pawel-gibek\\\/#author\"},\"creator\":{\"@id\":\"https:\\\/\\\/www.skalnik.pl\\\/blog\\\/author\\\/pawel-gibek\\\/#author\"},\"image\":{\"@type\":\"ImageObject\",\"url\":\"https:\\\/\\\/www.skalnik.pl\\\/blog\\\/wp-content\\\/uploads\\\/2019\\\/10\\\/Dla-kogo-kurtka-puchowa.jpg\",\"@id\":\"https:\\\/\\\/www.skalnik.pl\\\/blog\\\/dla-kogo-kurtka-puchowa\\\/#mainImage\",\"width\":1920,\"height\":704,\"caption\":\"Dla kogo kurtka puchowa\"},\"primaryImageOfPage\":{\"@id\":\"https:\\\/\\\/www.skalnik.pl\\\/blog\\\/dla-kogo-kurtka-puchowa\\\/#mainImage\"},\"datePublished\":\"2019-10-16T11:52:44+02:00\",\"dateModified\":\"2019-10-21T15:01:14+02:00\"},{\"@type\":\"WebSite\",\"@id\":\"https:\\\/\\\/www.skalnik.pl\\\/blog\\\/#website\",\"url\":\"https:\\\/\\\/www.skalnik.pl\\\/blog\\\/\",\"name\":\"blog Skalnik\",\"description\":\"Blog, porady, artyku\\u0142y - blog Skalnik\",\"inLanguage\":\"pl-PL\",\"publisher\":{\"@id\":\"https:\\\/\\\/www.skalnik.pl\\\/blog\\\/#organization\"}}]}\n\t\t<\/script>\n\t\t<!-- All in One SEO -->\n\n","aioseo_head_json":{"title":"Dla kogo kurtka puchowa - blog Skalnik","description":"Nie wiesz czy kurtka puchowa to odpowiedni wyb\u00f3r dla Ciebie? Przeczytaj artyku\u0142 i dowiedz si\u0119 kiedy zdecydowa\u0107 si\u0119 na puch, a kiedy na syntetyk.","canonical_url":"https:\/\/www.skalnik.pl\/blog\/dla-kogo-kurtka-puchowa\/","robots":"max-image-preview:large","keywords":"","webmasterTools":{"miscellaneous":""},"schema":{"@context":"https:\/\/schema.org","@graph":[{"@type":"BlogPosting","@id":"https:\/\/www.skalnik.pl\/blog\/dla-kogo-kurtka-puchowa\/#blogposting","name":"Dla kogo kurtka puchowa - blog Skalnik","headline":"Dla kogo kurtka puchowa","author":{"@id":"https:\/\/www.skalnik.pl\/blog\/author\/pawel-gibek\/#author"},"publisher":{"@id":"https:\/\/www.skalnik.pl\/blog\/#organization"},"image":{"@type":"ImageObject","url":"https:\/\/www.skalnik.pl\/blog\/wp-content\/uploads\/2019\/10\/Dla-kogo-kurtka-puchowa.jpg","width":1920,"height":704,"caption":"Dla kogo kurtka puchowa"},"datePublished":"2019-10-16T11:52:44+02:00","dateModified":"2019-10-21T15:01:14+02:00","inLanguage":"pl-PL","mainEntityOfPage":{"@id":"https:\/\/www.skalnik.pl\/blog\/dla-kogo-kurtka-puchowa\/#webpage"},"isPartOf":{"@id":"https:\/\/www.skalnik.pl\/blog\/dla-kogo-kurtka-puchowa\/#webpage"},"articleSection":"Porady, kurtki puchowe, odzie\u017c, zima, 1091"},{"@type":"BreadcrumbList","@id":"https:\/\/www.skalnik.pl\/blog\/dla-kogo-kurtka-puchowa\/#breadcrumblist","itemListElement":[{"@type":"ListItem","@id":"https:\/\/www.skalnik.pl\/blog#listItem","position":1,"name":"Home","item":"https:\/\/www.skalnik.pl\/blog","nextItem":{"@type":"ListItem","@id":"https:\/\/www.skalnik.pl\/blog\/.\/porady\/#listItem","name":"Porady"}},{"@type":"ListItem","@id":"https:\/\/www.skalnik.pl\/blog\/.\/porady\/#listItem","position":2,"name":"Porady","item":"https:\/\/www.skalnik.pl\/blog\/.\/porady\/","nextItem":{"@type":"ListItem","@id":"https:\/\/www.skalnik.pl\/blog\/dla-kogo-kurtka-puchowa\/#listItem","name":"Dla kogo kurtka puchowa"},"previousItem":{"@type":"ListItem","@id":"https:\/\/www.skalnik.pl\/blog#listItem","name":"Home"}},{"@type":"ListItem","@id":"https:\/\/www.skalnik.pl\/blog\/dla-kogo-kurtka-puchowa\/#listItem","position":3,"name":"Dla kogo kurtka puchowa","previousItem":{"@type":"ListItem","@id":"https:\/\/www.skalnik.pl\/blog\/.\/porady\/#listItem","name":"Porady"}}]},{"@type":"Organization","@id":"https:\/\/www.skalnik.pl\/blog\/#organization","name":"blog Skalnik","description":"Blog, porady, artyku\u0142y - blog Skalnik","url":"https:\/\/www.skalnik.pl\/blog\/"},{"@type":"Person","@id":"https:\/\/www.skalnik.pl\/blog\/author\/pawel-gibek\/#author","url":"https:\/\/www.skalnik.pl\/blog\/author\/pawel-gibek\/","name":"Pawe\u0142 Gibek","image":{"@type":"ImageObject","@id":"https:\/\/www.skalnik.pl\/blog\/dla-kogo-kurtka-puchowa\/#authorImage","url":"https:\/\/secure.gravatar.com\/avatar\/cfa17eebb8c907b0125e9171f7e9fc12b0799c3ba90a5e5183d3b10c450ae05d?s=96&d=mm&r=g","width":96,"height":96,"caption":"Pawe\u0142 Gibek"}},{"@type":"WebPage","@id":"https:\/\/www.skalnik.pl\/blog\/dla-kogo-kurtka-puchowa\/#webpage","url":"https:\/\/www.skalnik.pl\/blog\/dla-kogo-kurtka-puchowa\/","name":"Dla kogo kurtka puchowa - blog Skalnik","description":"Nie wiesz czy kurtka puchowa to odpowiedni wyb\u00f3r dla Ciebie? Przeczytaj artyku\u0142 i dowiedz si\u0119 kiedy zdecydowa\u0107 si\u0119 na puch, a kiedy na syntetyk.","inLanguage":"pl-PL","isPartOf":{"@id":"https:\/\/www.skalnik.pl\/blog\/#website"},"breadcrumb":{"@id":"https:\/\/www.skalnik.pl\/blog\/dla-kogo-kurtka-puchowa\/#breadcrumblist"},"author":{"@id":"https:\/\/www.skalnik.pl\/blog\/author\/pawel-gibek\/#author"},"creator":{"@id":"https:\/\/www.skalnik.pl\/blog\/author\/pawel-gibek\/#author"},"image":{"@type":"ImageObject","url":"https:\/\/www.skalnik.pl\/blog\/wp-content\/uploads\/2019\/10\/Dla-kogo-kurtka-puchowa.jpg","@id":"https:\/\/www.skalnik.pl\/blog\/dla-kogo-kurtka-puchowa\/#mainImage","width":1920,"height":704,"caption":"Dla kogo kurtka puchowa"},"primaryImageOfPage":{"@id":"https:\/\/www.skalnik.pl\/blog\/dla-kogo-kurtka-puchowa\/#mainImage"},"datePublished":"2019-10-16T11:52:44+02:00","dateModified":"2019-10-21T15:01:14+02:00"},{"@type":"WebSite","@id":"https:\/\/www.skalnik.pl\/blog\/#website","url":"https:\/\/www.skalnik.pl\/blog\/","name":"blog Skalnik","description":"Blog, porady, artyku\u0142y - blog Skalnik","inLanguage":"pl-PL","publisher":{"@id":"https:\/\/www.skalnik.pl\/blog\/#organization"}}]},"og:locale":"pl_PL","og:site_name":"blog Skalnik - Blog, porady, artyku\u0142y - blog Skalnik","og:type":"article","og:title":"Dla kogo kurtka puchowa - blog Skalnik","og:description":"Nie wiesz czy kurtka puchowa to odpowiedni wyb\u00f3r dla Ciebie? Przeczytaj artyku\u0142 i dowiedz si\u0119 kiedy zdecydowa\u0107 si\u0119 na puch, a kiedy na syntetyk.","og:url":"https:\/\/www.skalnik.pl\/blog\/dla-kogo-kurtka-puchowa\/","og:image":"https:\/\/skalnik.pl\/blog\/wp-content\/uploads\/2019\/10\/Kurtka-puchowa-czy-syntetyczna-300x200.jpg","og:image:secure_url":"https:\/\/skalnik.pl\/blog\/wp-content\/uploads\/2019\/10\/Kurtka-puchowa-czy-syntetyczna-300x200.jpg","article:tag":["porady","kurtki puchowe","odzie\u017c","zima"],"article:published_time":"2019-10-16T09:52:44+00:00","article:modified_time":"2019-10-21T13:01:14+00:00","twitter:card":"summary_large_image","twitter:title":"Dla kogo kurtka puchowa - blog Skalnik","twitter:description":"Nie wiesz czy kurtka puchowa to odpowiedni wyb\u00f3r dla Ciebie? Przeczytaj artyku\u0142 i dowiedz si\u0119 kiedy zdecydowa\u0107 si\u0119 na puch, a kiedy na syntetyk.","twitter:image":"https:\/\/skalnik.pl\/blog\/wp-content\/uploads\/2019\/10\/Kurtka-puchowa-czy-syntetyczna-300x200.jpg"},"aioseo_meta_data":{"post_id":"9139","title":null,"description":"Nie wiesz czy kurtka puchowa to odpowiedni wyb\u00f3r dla Ciebie? Przeczytaj artyku\u0142 i dowiedz si\u0119 kiedy zdecydowa\u0107 si\u0119 na puch, a kiedy na syntetyk.","keywords":[{"label":"kurtka puchowa","value":"kurtka puchowa"},{"label":"kurtki puchowe","value":"kurtki puchowe"},{"label":"kurtka zimowa","value":"kurtka zimowa"},{"label":"kurtka puchowa damska","value":"kurtka puchowa damska"}],"keyphrases":null,"primary_term":null,"canonical_url":null,"og_title":null,"og_description":null,"og_object_type":"default","og_image_type":"default","og_image_url":null,"og_image_width":null,"og_image_height":null,"og_image_custom_url":null,"og_image_custom_fields":null,"og_video":null,"og_custom_url":null,"og_article_section":null,"og_article_tags":null,"twitter_use_og":false,"twitter_card":"default","twitter_image_type":"default","twitter_image_url":null,"twitter_image_custom_url":null,"twitter_image_custom_fields":null,"twitter_title":null,"twitter_description":null,"schema":{"blockGraphs":[],"customGraphs":[],"default":{"data":{"Article":[],"Course":[],"Dataset":[],"FAQPage":[],"Movie":[],"Person":[],"Product":[],"ProductReview":[],"Car":[],"Recipe":[],"Service":[],"SoftwareApplication":[],"WebPage":[]},"graphName":"BlogPosting","isEnabled":true},"graphs":[]},"schema_type":"default","schema_type_options":null,"pillar_content":false,"robots_default":true,"robots_noindex":false,"robots_noarchive":false,"robots_nosnippet":false,"robots_nofollow":false,"robots_noimageindex":false,"robots_noodp":false,"robots_notranslate":false,"robots_max_snippet":null,"robots_max_videopreview":null,"robots_max_imagepreview":"large","priority":null,"frequency":null,"local_seo":null,"breadcrumb_settings":null,"limit_modified_date":false,"ai":null,"created":"2022-08-26 10:06:53","updated":"2026-02-17 21:39:43","seo_analyzer_scan_date":null},"aioseo_breadcrumb":"<div class=\"aioseo-breadcrumbs\"><span class=\"aioseo-breadcrumb\">\n\t\t\t<a href=\"https:\/\/www.skalnik.pl\/blog\" title=\"Home\">Home<\/a>\n\t\t<\/span><span class=\"aioseo-breadcrumb-separator\">&raquo;<\/span><span class=\"aioseo-breadcrumb\">\n\t\t\t<a href=\"https:\/\/www.skalnik.pl\/blog\/.\/porady\/\" title=\"Porady\">Porady<\/a>\n\t\t<\/span><span class=\"aioseo-breadcrumb-separator\">&raquo;<\/span><span class=\"aioseo-breadcrumb\">\n\t\t\tDla kogo kurtka puchowa\n\t\t<\/span><\/div>","aioseo_breadcrumb_json":[{"label":"Home","link":"https:\/\/www.skalnik.pl\/blog"},{"label":"Porady","link":"https:\/\/www.skalnik.pl\/blog\/.\/porady\/"},{"label":"Dla kogo kurtka puchowa","link":"https:\/\/www.skalnik.pl\/blog\/dla-kogo-kurtka-puchowa\/"}],"_links":{"self":[{"href":"https:\/\/www.skalnik.pl\/blog\/wp-json\/wp\/v2\/posts\/9139","targetHints":{"allow":["GET"]}}],"collection":[{"href":"https:\/\/www.skalnik.pl\/blog\/wp-json\/wp\/v2\/posts"}],"about":[{"href":"https:\/\/www.skalnik.pl\/blog\/wp-json\/wp\/v2\/types\/post"}],"author":[{"embeddable":true,"href":"https:\/\/www.skalnik.pl\/blog\/wp-json\/wp\/v2\/users\/32"}],"replies":[{"embeddable":true,"href":"https:\/\/www.skalnik.pl\/blog\/wp-json\/wp\/v2\/comments?post=9139"}],"version-history":[{"count":22,"href":"https:\/\/www.skalnik.pl\/blog\/wp-json\/wp\/v2\/posts\/9139\/revisions"}],"predecessor-version":[{"id":9164,"href":"https:\/\/www.skalnik.pl\/blog\/wp-json\/wp\/v2\/posts\/9139\/revisions\/9164"}],"wp:featuredmedia":[{"embeddable":true,"href":"https:\/\/www.skalnik.pl\/blog\/wp-json\/wp\/v2\/media\/9146"}],"wp:attachment":[{"href":"https:\/\/www.skalnik.pl\/blog\/wp-json\/wp\/v2\/media?parent=9139"}],"wp:term":[{"taxonomy":"category","embeddable":true,"href":"https:\/\/www.skalnik.pl\/blog\/wp-json\/wp\/v2\/categories?post=9139"},{"taxonomy":"post_tag","embeddable":true,"href":"https:\/\/www.skalnik.pl\/blog\/wp-json\/wp\/v2\/tags?post=9139"},{"taxonomy":"magento_category","embeddable":true,"href":"https:\/\/www.skalnik.pl\/blog\/wp-json\/wp\/v2\/magento_category?post=9139"},{"taxonomy":"magento_product","embeddable":true,"href":"https:\/\/www.skalnik.pl\/blog\/wp-json\/wp\/v2\/magento_product?post=9139"}],"curies":[{"name":"wp","href":"https:\/\/api.w.org\/{rel}","templated":true}]}}