{"id":9184,"date":"2019-10-19T06:45:29","date_gmt":"2019-10-19T04:45:29","guid":{"rendered":"https:\/\/skalnik.pl\/blog\/?p=9184"},"modified":"2023-10-02T11:07:35","modified_gmt":"2023-10-02T09:07:35","slug":"termos-esbit-vacuum-075-test","status":"publish","type":"post","link":"https:\/\/www.skalnik.pl\/blog\/termos-esbit-vacuum-075-test\/","title":{"rendered":"Termos Esbit Vacuum 0,75 l &#8211; test"},"content":{"rendered":"<p><b>Chyba nikt z was nie zaprzeczy, \u017ce nie ma nic lepszego od gor\u0105cej herbaty po kilkugodzinnym trekkingu, kiedy na szlakach zawitaj\u0105 ju\u017c niskie temperatury. W tym artykule opowiemy wam o termosie, kt\u00f3ry sprawdzi\u0142 si\u0119 rewelacyjnie podczas naszych wypraw!<\/b><\/p>\n<p>&nbsp;<\/p>\n<div id=\"ez-toc-container\" class=\"ez-toc-v2_0_85 counter-hierarchy ez-toc-counter ez-toc-light-blue ez-toc-container-direction\">\n<div class=\"ez-toc-title-container\">\n<p class=\"ez-toc-title\" style=\"cursor:inherit\">SPIS TRE\u015aCI <\/p>\n<span class=\"ez-toc-title-toggle\"><a href=\"#\" class=\"ez-toc-pull-right ez-toc-btn ez-toc-btn-xs ez-toc-btn-default ez-toc-toggle\" aria-label=\"Prze\u0142\u0105cznik Spisu Tre\u015bci\"><span class=\"ez-toc-js-icon-con\"><span class=\"\"><span class=\"eztoc-hide\" style=\"display:none;\">Toggle<\/span><span class=\"ez-toc-icon-toggle-span\"><svg style=\"fill: #999;color:#999\" xmlns=\"http:\/\/www.w3.org\/2000\/svg\" class=\"list-377408\" width=\"20px\" height=\"20px\" viewBox=\"0 0 24 24\" fill=\"none\"><path d=\"M6 6H4v2h2V6zm14 0H8v2h12V6zM4 11h2v2H4v-2zm16 0H8v2h12v-2zM4 16h2v2H4v-2zm16 0H8v2h12v-2z\" fill=\"currentColor\"><\/path><\/svg><svg style=\"fill: #999;color:#999\" class=\"arrow-unsorted-368013\" xmlns=\"http:\/\/www.w3.org\/2000\/svg\" width=\"10px\" height=\"10px\" viewBox=\"0 0 24 24\" version=\"1.2\" baseProfile=\"tiny\"><path d=\"M18.2 9.3l-6.2-6.3-6.2 6.3c-.2.2-.3.4-.3.7s.1.5.3.7c.2.2.4.3.7.3h11c.3 0 .5-.1.7-.3.2-.2.3-.5.3-.7s-.1-.5-.3-.7zM5.8 14.7l6.2 6.3 6.2-6.3c.2-.2.3-.5.3-.7s-.1-.5-.3-.7c-.2-.2-.4-.3-.7-.3h-11c-.3 0-.5.1-.7.3-.2.2-.3.5-.3.7s.1.5.3.7z\"\/><\/svg><\/span><\/span><\/span><\/a><\/span><\/div>\n<nav><ul class='ez-toc-list ez-toc-list-level-1 ' ><li class='ez-toc-page-1 ez-toc-heading-level-2'><a class=\"ez-toc-link ez-toc-heading-1\" href=\"https:\/\/www.skalnik.pl\/blog\/termos-esbit-vacuum-075-test\/#Jak_dziala_termos\" >Jak dzia\u0142a termos<\/a><\/li><li class='ez-toc-page-1 ez-toc-heading-level-2'><a class=\"ez-toc-link ez-toc-heading-2\" href=\"https:\/\/www.skalnik.pl\/blog\/termos-esbit-vacuum-075-test\/#Troche_historii\" >Troch\u0119 historii<\/a><\/li><li class='ez-toc-page-1 ez-toc-heading-level-2'><a class=\"ez-toc-link ez-toc-heading-3\" href=\"https:\/\/www.skalnik.pl\/blog\/termos-esbit-vacuum-075-test\/#Esbit%E2%80%A6_co_to_za_marka\" >Esbit\u2026 co to za marka<\/a><\/li><li class='ez-toc-page-1 ez-toc-heading-level-2'><a class=\"ez-toc-link ez-toc-heading-4\" href=\"https:\/\/www.skalnik.pl\/blog\/termos-esbit-vacuum-075-test\/#Termos_Esbit_Vacuum_%E2%80%93_parametry\" >Termos Esbit Vacuum \u2013 parametry<\/a><\/li><li class='ez-toc-page-1 ez-toc-heading-level-2'><a class=\"ez-toc-link ez-toc-heading-5\" href=\"https:\/\/www.skalnik.pl\/blog\/termos-esbit-vacuum-075-test\/#Test_termosu_Esbit_w_terenie_i_nasze_wrazenia\" >Test termosu Esbit w terenie i nasze wra\u017cenia<\/a><\/li><\/ul><\/nav><\/div>\n<h2><span class=\"ez-toc-section\" id=\"Jak_dziala_termos\"><\/span>Jak dzia\u0142a termos<span class=\"ez-toc-section-end\"><\/span><\/h2>\n<p>Ka\u017cdy wie do czego s\u0142u\u017cy <a href=\"https:\/\/skalnik.pl\/sprzet-turystyczny\/camping\/camping-termosy\">termos<\/a>, ale czy ka\u017cdy wie jak dzia\u0142a od strony technicznej? Z definicji jest to naczynie o podw\u00f3jnych \u015bciankach. W szczelnej przestrzeni pomi\u0119dzy nimi wyst\u0119puje tak zwana pr\u00f3\u017cnia techniczna \u2013 czyli stan, w kt\u00f3rym z danej obj\u0119to\u015bci zostanie maksymalnie wypompowane powietrze. Pozwala to praktycznie zniwelowa\u0107 o\u015brodek, w kt\u00f3rym promieniowanie cieplne mog\u0142oby si\u0119 rozchodzi\u0107.<br \/>\nZazwyczaj nie mo\u017cna si\u0119 spodziewa\u0107 tych w\u0142a\u015bciwo\u015bci po w\u0105tpliwej jako\u015bci termosach z hipermarketu. Po czym pozna\u0107, \u017ce termos jest odpowiedni i opr\u00f3cz dobrej ceny ma tak\u017ce dobr\u0105 jako\u015b\u0107? Ot\u00f3\u017c w dobrym termosie, po wlaniu wrz\u0105tku, jego \u015bcianki zewn\u0119trzne nie zmieni\u0105 swojej temperatury. Nie trudno si\u0119 domy\u015bli\u0107, \u017ce takiego testu nie wykonamy przy p\u00f3\u0142kach sklepowych, dlatego zach\u0119camy do przeczytania poni\u017cszego tekstu. Sprawdzili\u015bmy dla was termos jednej z wiod\u0105cych marek na rynku. Mowa o termosie <a href=\"https:\/\/skalnik.pl\/termos-vacuum-fl-075-black-esbit-608598\">Esbit Vacuum 0,75 l<\/a>, kt\u00f3ry mieli\u015bmy przyjemno\u015b\u0107 testowa\u0107 podczas naszych wypraw.<\/p>\n<p>&nbsp;<\/p>\n<div id=\"attachment_9216\" style=\"width: 610px\" class=\"wp-caption aligncenter\"><img loading=\"lazy\" decoding=\"async\" aria-describedby=\"caption-attachment-9216\" class=\"wp-image-9216\" src=\"https:\/\/skalnik.pl\/blog\/wp-content\/uploads\/2019\/10\/Termos-turystyczny-Esbit-Start-Your-Adventure-200x300.jpg\" alt=\"Termos turystyczny Esbit - Start Your Adventure\" width=\"600\" height=\"900\" srcset=\"https:\/\/www.skalnik.pl\/blog\/wp-content\/uploads\/2019\/10\/Termos-turystyczny-Esbit-Start-Your-Adventure-200x300.jpg 200w, https:\/\/www.skalnik.pl\/blog\/wp-content\/uploads\/2019\/10\/Termos-turystyczny-Esbit-Start-Your-Adventure-768x1152.jpg 768w, https:\/\/www.skalnik.pl\/blog\/wp-content\/uploads\/2019\/10\/Termos-turystyczny-Esbit-Start-Your-Adventure-683x1024.jpg 683w, https:\/\/www.skalnik.pl\/blog\/wp-content\/uploads\/2019\/10\/Termos-turystyczny-Esbit-Start-Your-Adventure.jpg 1500w\" sizes=\"auto, (max-width: 600px) 100vw, 600px\" \/><p id=\"caption-attachment-9216\" class=\"wp-caption-text\">Termos Esbit testowali\u015bmy w Karkonoszach oraz na Islandii (fot. Start Your Adventure)<\/p><\/div>\n<p>&nbsp;<\/p>\n<h2><span class=\"ez-toc-section\" id=\"Troche_historii\"><\/span>Troch\u0119 historii<span class=\"ez-toc-section-end\"><\/span><\/h2>\n<p>Pocz\u0105tki termos\u00f3w si\u0119gaj\u0105 1892 roku, kiedy to szkocki naukowiec Sir James Dewar skonstruowa\u0142 naczynie nazwane od jego nazwiska \u2013 naczyniem Dewara. Jest to szklane naczynie o budowie opisanej powy\u017cej. Dodatkowo jego wewn\u0119trzne \u015bcianki s\u0105 pokryte srebrnym lustrem, kt\u00f3re minimalizuje fluktuacje temperatury cieczy, kt\u00f3ra zachodzi przez zjawisko konwekcji. Przez wiele lat termosy opiera\u0142y si\u0119 w\u0142a\u015bnie na tej technologii i ich kluczowe elementy by\u0142y w\u0142a\u015bnie szklane. Nie trzeba by\u0107 materia\u0142oznawc\u0105, \u017ceby stwierdzi\u0107, i\u017c szk\u0142o, delikatnie m\u00f3wi\u0105c, jest \u015brednio odporne na r\u00f3\u017cnego rodzaju wstrz\u0105sy, czy uszkodzenia mechaniczne. Z up\u0142ywem czasu rozwijano technologi\u0119 i dzi\u015b na rynku wiod\u0105 prym termosy wykonane z metalu.<\/p>\n<p>Termosy wytwarzane s\u0105 najcz\u0119\u015bciej ze stali nierdzewnej. Pomimo nieco gorszych mo\u017cliwo\u015bci utrzymania temperatury cieczy, maj\u0105 one szereg zalet. Przede wszystkim metalowa konstrukcja znacz\u0105co zwi\u0119ksza wytrzyma\u0142o\u015b\u0107 takiego naczynia. Rozwini\u0119cie si\u0119 rynku metalowych termos\u00f3w zdecydowanie poszerzy\u0142o ich zastosowanie we wszelkiego rodzaju aktywno\u015bciach outdoorowych.<\/p>\n<p>&nbsp;<\/p>\n<h2><span class=\"ez-toc-section\" id=\"Esbit%E2%80%A6_co_to_za_marka\"><\/span>Esbit\u2026 co to za marka<span class=\"ez-toc-section-end\"><\/span><\/h2>\n<p>Marka Esbit rozpocz\u0119\u0142a swoj\u0105 dzia\u0142alno\u015b\u0107 w 1936 roku i od samego pocz\u0105tku dzieli\u0142a si\u0119 ciep\u0142em z u\u017cytkownikami jej produkt\u00f3w. Zaczynali bowiem od produkcji sta\u0142ego paliwa w tabletkach. Nast\u0119pnie rozszerzyli dzia\u0142alno\u015b\u0107 o inny sprz\u0119t biwakowy. Po latach dzia\u0142alno\u015bci na rynku, znana jest przede wszystkim z niezawodnych naczy\u0144 oraz termos\u00f3w.<\/p>\n<p>&nbsp;<\/p>\n<h2><span class=\"ez-toc-section\" id=\"Termos_Esbit_Vacuum_%E2%80%93_parametry\"><\/span>Termos Esbit Vacuum \u2013 parametry<span class=\"ez-toc-section-end\"><\/span><\/h2>\n<div class=\"column\">\n<div class=\"column_l\">\n<p>W zestaw termosu Esbit Vacuum wchodzi:<\/p>\n<ul>\n<li>pojemnik na nap\u00f3j<\/li>\n<li>nakr\u0119tka<\/li>\n<li>dodatkowy kubek<\/li>\n<li>dwa rodzaje kork\u00f3w (zakr\u0119cany i automatyczny)<\/li>\n<\/ul>\n<\/div>\n<div class=\"column_r\">\n<p>Parametry termosu:<\/p>\n<ul>\n<li>pojemno\u015b\u0107 0,75 l<\/li>\n<li>wysoko\u015b\u0107 22,5 cm<\/li>\n<li>\u015brednica 90 mm<\/li>\n<li>waga 465 g<\/li>\n<\/ul>\n<\/div>\n<\/div>\n<div id=\"attachment_9191\" style=\"width: 1034px\" class=\"wp-caption aligncenter\"><img loading=\"lazy\" decoding=\"async\" aria-describedby=\"caption-attachment-9191\" class=\"wp-image-9191 size-large\" src=\"https:\/\/skalnik.pl\/blog\/wp-content\/uploads\/2019\/10\/Esbit-termos-Vacuum-elementy-1024x682.jpg\" alt=\"Esbit - termos Vacuum elementy\" width=\"1024\" height=\"682\" srcset=\"https:\/\/www.skalnik.pl\/blog\/wp-content\/uploads\/2019\/10\/Esbit-termos-Vacuum-elementy-1024x682.jpg 1024w, https:\/\/www.skalnik.pl\/blog\/wp-content\/uploads\/2019\/10\/Esbit-termos-Vacuum-elementy-300x200.jpg 300w, https:\/\/www.skalnik.pl\/blog\/wp-content\/uploads\/2019\/10\/Esbit-termos-Vacuum-elementy-768x512.jpg 768w, https:\/\/www.skalnik.pl\/blog\/wp-content\/uploads\/2019\/10\/Esbit-termos-Vacuum-elementy.jpg 2000w\" sizes=\"auto, (max-width: 1024px) 100vw, 1024px\" \/><p id=\"caption-attachment-9191\" class=\"wp-caption-text\">Elementy termosu Esbit Vacuum (fot. Start Your Adventure)<\/p><\/div>\n<p>&nbsp;<\/p>\n<p>Temperatura cieczy deklarowana przez producenta w zale\u017cno\u015bci od czasu, przy za\u0142o\u017ceniu, \u017ce ciecz pocz\u0105tkowo posiada temperatur\u0119 98\u00b0C, a temperatura otoczenia wynosi oko\u0142o 20\u00b0C (+\/- 2\u00b0C):<\/p>\n<ul>\n<li>po 6 godzinach: ~80\u00b0C<\/li>\n<li>po 12 godzinach: ~65\u00b0C<\/li>\n<li>po 24 godzinach: ~50\u00b0C<\/li>\n<\/ul>\n<p>Termos Esbit Vacuum wykonany jest z wysokiej jako\u015bci stali nierdzewnej. Zapewnia ona wytrzyma\u0142o\u015b\u0107 termosu na wszelkiego rodzaju uszkodzenia. Dodatkowo z zewn\u0105trz pokryty jest antypo\u015blizgow\u0105 pow\u0142ok\u0105, kt\u00f3ra zapobiega przypadkowemu upuszczeniu naczynia.<\/p>\n<p>Producent zapewnia r\u00f3wnie\u017c, \u017ce ich produkt jest wolny od BPA, czyli Bisfenolu A. Jest to substancja chemiczna szeroko wykorzystywana w produkcji i przetw\u00f3rstwie tworzyw sztucznych. Istnieje ryzyko, \u017ce BPA przedostanie si\u0119 do \u017cywno\u015bci podczas bezpo\u015bredniego kontaktu. Substancja ta jest szkodliwa dla zdrowia cz\u0142owieka, dlatego brak BPA jest kolejn\u0105 zalet\u0105 tego produktu.<\/p>\n<p>&nbsp;<\/p>\n<div id=\"attachment_9210\" style=\"width: 1034px\" class=\"wp-caption aligncenter\"><img loading=\"lazy\" decoding=\"async\" aria-describedby=\"caption-attachment-9210\" class=\"wp-image-9210 size-large\" src=\"https:\/\/skalnik.pl\/blog\/wp-content\/uploads\/2019\/10\/Termos-na-herbat\u0119-test-Esbit-1024x683.jpg\" alt=\"Termos na herbat\u0119 - test Esbit\" width=\"1024\" height=\"683\" srcset=\"https:\/\/www.skalnik.pl\/blog\/wp-content\/uploads\/2019\/10\/Termos-na-herbat\u0119-test-Esbit-1024x683.jpg 1024w, https:\/\/www.skalnik.pl\/blog\/wp-content\/uploads\/2019\/10\/Termos-na-herbat\u0119-test-Esbit-300x200.jpg 300w, https:\/\/www.skalnik.pl\/blog\/wp-content\/uploads\/2019\/10\/Termos-na-herbat\u0119-test-Esbit-768x512.jpg 768w, https:\/\/www.skalnik.pl\/blog\/wp-content\/uploads\/2019\/10\/Termos-na-herbat\u0119-test-Esbit.jpg 2000w\" sizes=\"auto, (max-width: 1024px) 100vw, 1024px\" \/><p id=\"caption-attachment-9210\" class=\"wp-caption-text\">Po wielu godzinach herbata nalana do termosu Esbit jest wci\u0105\u017c gor\u0105ca (fot. Start Your Adventure)<\/p><\/div>\n<p>&nbsp;<\/p>\n<h2><span class=\"ez-toc-section\" id=\"Test_termosu_Esbit_w_terenie_i_nasze_wrazenia\"><\/span>Test termosu Esbit w terenie i nasze wra\u017cenia<span class=\"ez-toc-section-end\"><\/span><\/h2>\n<p>Po wyj\u0119ciu z pude\u0142ka naszym oczom ukaza\u0142 si\u0119 \u015bwietnie wykonany produkt. Ka\u017cdy element wyko\u0144czony jest z du\u017c\u0105 precyzj\u0105. W zestawie mo\u017cna znale\u017a\u0107 dwa korki. Jeden automatyczny oraz jeden zakr\u0119cany. Z naszych obserwacji wynika, \u017ce ten automatyczny lepiej sprawdzi si\u0119 w ni\u017cszych temperaturach \u2013 ma mniejsz\u0105 powierzchni\u0119 otworu, przez co nasz nap\u00f3j d\u0142u\u017cej zostaje gor\u0105cy.<\/p>\n<p>Mimo tego przy kilkudniowych, surwiwalowych wyjazdach, gdzie nie mamy dost\u0119pu do sanitari\u00f3w, pozostajemy wierni tradycyjnej wersji korka. Mi\u0119dzy innymi ze wzgl\u0119du na higien\u0119. Tradycyjny, zakr\u0119cany tylko korek du\u017co \u0142atwiej jest utrzyma\u0107 w czysto\u015bci. Warto r\u00f3wnie\u017c wspomnie\u0107, \u017ce posiada on specjaln\u0105 konstrukcj\u0119, dzi\u0119ki kt\u00f3rej nie trzeba w pe\u0142ni odkr\u0119ca\u0107 termosu, aby nala\u0107 p\u0142ynu do kubka. Wi\u0105\u017ce si\u0119 to z mniejszym spadkiem temperatury cieczy. Skoro ju\u017c wspomnieli\u015bmy o kubkach, producent przemy\u015bla\u0142 r\u00f3wnie\u017c ten aspekt i minimalizuje ryzyko k\u0142\u00f3tni o pierwsz\u0105 porcj\u0119 gor\u0105cej herbaty i do\u0142\u0105czy\u0142 do zestawu dwa naczynia.<\/p>\n<p>&nbsp;<\/p>\n<div id=\"attachment_9193\" style=\"width: 1034px\" class=\"wp-caption aligncenter\"><img loading=\"lazy\" decoding=\"async\" aria-describedby=\"caption-attachment-9193\" class=\"wp-image-9193 size-large\" src=\"https:\/\/skalnik.pl\/blog\/wp-content\/uploads\/2019\/10\/Termos-korek-tradycyjny-vs-automatyczny-1024x761.jpg\" alt=\"Termos - korek tradycyjny vs automatyczny\" width=\"1024\" height=\"761\" srcset=\"https:\/\/www.skalnik.pl\/blog\/wp-content\/uploads\/2019\/10\/Termos-korek-tradycyjny-vs-automatyczny-1024x761.jpg 1024w, https:\/\/www.skalnik.pl\/blog\/wp-content\/uploads\/2019\/10\/Termos-korek-tradycyjny-vs-automatyczny-300x223.jpg 300w, https:\/\/www.skalnik.pl\/blog\/wp-content\/uploads\/2019\/10\/Termos-korek-tradycyjny-vs-automatyczny-768x571.jpg 768w, https:\/\/www.skalnik.pl\/blog\/wp-content\/uploads\/2019\/10\/Termos-korek-tradycyjny-vs-automatyczny.jpg 1839w\" sizes=\"auto, (max-width: 1024px) 100vw, 1024px\" \/><p id=\"caption-attachment-9193\" class=\"wp-caption-text\">Termos Esbit wyposa\u017cony jest w dwa korki. W zale\u017cno\u015bci od charakterystyki wyjazdu wybieramy ten tradycyjny lub automatyczny (fot. Start Your Adventure)<\/p><\/div>\n<p>&nbsp;<\/p>\n<p>Kiedy ju\u017c nasze zachwyty dobieg\u0142y ko\u0144ca postanowili\u015bmy sprawdzi\u0107, jak przek\u0142adaj\u0105 si\u0119 obietnice producenta na u\u017cytkowanie termosu w terenie.<\/p>\n<p>Zabrali\u015bmy go ze sob\u0105 w nasze pi\u0119kne Karkonosze. Zda\u0142 egzamin \u015bwietne! Po 10 godzinach herbat\u0105, kt\u00f3r\u0105 zrobili\u015bmy rano wci\u0105\u017c mo\u017cna by\u0142o si\u0119 poparzy\u0107, wi\u0119c termos wypad\u0142 lepiej, ni\u017c si\u0119 tego spodziewali\u015bmy. Stwierdzili\u015bmy jednak, \u017ce nasze g\u00f3ry jesienn\u0105 por\u0105, to zbyt banalny test i <a href=\"https:\/\/skalnik.pl\/esbit\">termos Esbit<\/a> polecia\u0142 z nami na Islandi\u0119. Pogoda zmienia si\u0119 tam jak w kalejdoskopie.<\/p>\n<p>Termosu u\u017cywali\u015bmy na okr\u0105g\u0142o. Mimo \u017ce dysponowali\u015bmy kuchenk\u0105 gazow\u0105, to zagotowanie wody na wietrze, kt\u00f3ry co dwie minuty zmienia kierunek, trwa\u0142o wieki. Dlatego od rana do po\u0142udnia termos s\u0142u\u017cy\u0142 nam jako rezerwuar ciep\u0142ej herbaty, natomiast podczas przerwy obiadowej zalewali\u015bmy go czystym wrz\u0105tkiem, aby po ca\u0142odziennej je\u017adzie, podczas nocnego rozbijania obozowiska, m\u00f3c si\u0119 na szybko rozgrza\u0107 i posili\u0107 jakim\u015b ciep\u0142ym daniem instant. Ostatni\u0105 czynno\u015bci\u0105, kt\u00f3r\u0105 wykonywali\u015bmy przed snem, by\u0142o ponowne uzupe\u0142nienie termosu wrz\u0105tkiem. By\u0142 on zbawieniem z samego rana, gdy skostniali wychodzili\u015bmy z namiot\u00f3w. Natychmiastowo rozgrzewali\u015bmy si\u0119 \u201cgor\u0105cym kubkiem\u201d, bo o gor\u0105cym prysznicu mogli\u015bmy sobie pomarzy\u0107. \u015arednio nape\u0142niali\u015bmy termos co 8-12 godzin i za ka\u017cdym razem temperatura wody by\u0142a odpowiednia do przygotowania dania b\u0142yskawicznego, czy zaparzenia herbaty.<\/p>\n<p>&nbsp;<\/p>\n<div class=\"column\">\n<div class=\"column_l\">\n<p><b>Zalety:<\/b><\/p>\n<ul>\n<li>cena<\/li>\n<li>d\u0142ugie utrzymywanie temperatury<\/li>\n<li>antypo\u015blizgowa pow\u0142oka<\/li>\n<li>dodatkowy kubek<\/li>\n<li>2 korki w zestawie<\/li>\n<li>jako\u015b\u0107 wykonania<\/li>\n<li>du\u017cy wyb\u00f3r pojemno\u015bci (0.35l, 0.5l, 0.75l, 1l)<\/li>\n<li>brak BPA<\/li>\n<\/ul>\n<\/div>\n<div class=\"column_r\"><b>Wady:<\/b><br \/>\nD\u0142ugo si\u0119 g\u0142owili\u015bmy co tu napisa\u0107\u2026Je\u015bli chcieliby\u015bmy si\u0119 bardzo czepia\u0107 to pow\u0142ok\u0119 antypo\u015blizgow\u0105 stosunkowo \u0142atwo zarysowa\u0107.<\/div>\n<\/div>\n<p>Termos Esbit Vacuum sprawdzi\u0142 si\u0119 \u015bwietnie, poniewa\u017c nie zawsze wiatr pozwala\u0142 nam na podgrzanie czegokolwiek na kuchence turystycznej, nie wspominaj\u0105c ju\u017c o doprowadzeniu wody do wrzenia. Sp\u0119dzili\u015bmy cztery noce pod namiotem, gdzie \u015brednia temperatura powietrza wynosi\u0142a 3\u00b0C, wi\u0119c ciep\u0142y nap\u00f3j, czy posi\u0142ek by\u0142 na wag\u0119 z\u0142ota.<\/p>\n<p>Tak przyzwyczaili\u015bmy si\u0119 do nowego termosu Esbit i tyle razy uratowa\u0142 nam sk\u00f3r\u0119, \u017ce nie wyobra\u017camy sobie przysz\u0142ych wyjazd\u00f3w bez niego. Skorzystamy z niego nawet latem. Mniej oczywistym (ale te\u017c bardzo przydatnym) zastosowaniem jest r\u00f3wnie\u017c utrzymywanie niskiej temperatury cieczy w ciep\u0142ym otoczeniu. Dlatego jest to produkt bardzo uniwersalny i sprawdzi si\u0119 \u015bwietnie w ka\u017cdej sytuacji i o ka\u017cdej porze roku. Dodatkowo, jako\u015b\u0107 wykonania zapewnia bardzo du\u017c\u0105 trwa\u0142o\u015b\u0107 termosu, co sprawia \u017ce mo\u017cemy go z czystym sumieniem poleci\u0107 ka\u017cdemu amatorowi wszelkiego rodzaju aktywno\u015bci!<\/p>\n<p>&nbsp;<\/p>\n<div id=\"attachment_9214\" style=\"width: 610px\" class=\"wp-caption aligncenter\"><img loading=\"lazy\" decoding=\"async\" aria-describedby=\"caption-attachment-9214\" class=\"wp-image-9214\" src=\"https:\/\/skalnik.pl\/blog\/wp-content\/uploads\/2019\/10\/Termos-w-g\u00f3ry-test-200x300.jpg\" alt=\"Termos w g\u00f3ry - test\" width=\"600\" height=\"900\" srcset=\"https:\/\/www.skalnik.pl\/blog\/wp-content\/uploads\/2019\/10\/Termos-w-g\u00f3ry-test-200x300.jpg 200w, https:\/\/www.skalnik.pl\/blog\/wp-content\/uploads\/2019\/10\/Termos-w-g\u00f3ry-test-768x1152.jpg 768w, https:\/\/www.skalnik.pl\/blog\/wp-content\/uploads\/2019\/10\/Termos-w-g\u00f3ry-test-683x1024.jpg 683w, https:\/\/www.skalnik.pl\/blog\/wp-content\/uploads\/2019\/10\/Termos-w-g\u00f3ry-test.jpg 1200w\" sizes=\"auto, (max-width: 600px) 100vw, 600px\" \/><p id=\"caption-attachment-9214\" class=\"wp-caption-text\">Termos Esbit zrobi\u0142 na nas naprawd\u0119 dobre wra\u017cenie. Nie wyobra\u017camy sobie kolejnych wyjazd\u00f3w bez niego (fot. Start Your Adventure)<\/p><\/div>\n<p><a href=\"https:\/\/www.instagram.com\/startyouradventure.pl\/\" rel=\"nofollow\">Start Your Adventure<\/a><\/p>\n<p>Angelika&amp;Mi\u0142osz Mazur<\/p>\n","protected":false},"excerpt":{"rendered":"<p>Terenowy test termosu Esbit. Sprawd\u017a jak poradzi\u0142 sobie w Bieszczadach i na Islandii. Termos przetestowa\u0142a ekipa Start Your Adventure.<\/p>\n","protected":false},"author":7,"featured_media":9185,"comment_status":"open","ping_status":"open","sticky":false,"template":"","format":"standard","meta":{"_acf_changed":false,"footnotes":""},"categories":[8],"tags":[87,237,118,229],"magento_category":[119],"magento_product":[843,842],"class_list":["post-9184","post","type-post","status-publish","format-standard","has-post-thumbnail","hentry","category-testy","tag-biwak","tag-odzywianie","tag-termosy","tag-testy"],"acf":[],"aioseo_notices":[],"aioseo_head":"\n\t\t<!-- All in One SEO 4.9.10 - aioseo.com -->\n\t<meta name=\"description\" content=\"Lubisz testy i recenzje? Tym razem pod lup\u0119 bierzemy termos Esbit Vacuum. Ekipa Start Your Adventure zabra\u0142a termos w Bieszczady i na Islandi\u0119.\" \/>\n\t<meta name=\"robots\" content=\"max-image-preview:large\" \/>\n\t<meta name=\"author\" content=\"Redakcja skalnik.pl\"\/>\n\t<link rel=\"canonical\" href=\"https:\/\/www.skalnik.pl\/blog\/termos-esbit-vacuum-075-test\/\" \/>\n\t<meta name=\"generator\" content=\"All in One SEO (AIOSEO) 4.9.10\" \/>\n\t\t<meta property=\"og:locale\" content=\"pl_PL\" \/>\n\t\t<meta property=\"og:site_name\" content=\"blog Skalnik - Blog, porady, artyku\u0142y - blog Skalnik\" \/>\n\t\t<meta property=\"og:type\" content=\"article\" \/>\n\t\t<meta property=\"og:title\" content=\"Termos Esbit Vacuum 0,75 l \u2013 test - blog Skalnik\" \/>\n\t\t<meta property=\"og:description\" content=\"Lubisz testy i recenzje? Tym razem pod lup\u0119 bierzemy termos Esbit Vacuum. Ekipa Start Your Adventure zabra\u0142a termos w Bieszczady i na Islandi\u0119.\" \/>\n\t\t<meta property=\"og:url\" content=\"https:\/\/www.skalnik.pl\/blog\/termos-esbit-vacuum-075-test\/\" \/>\n\t\t<meta property=\"og:image\" content=\"https:\/\/skalnik.pl\/blog\/wp-content\/uploads\/2019\/10\/Termos-turystyczny-Esbit-Start-Your-Adventure-200x300.jpg\" \/>\n\t\t<meta property=\"og:image:secure_url\" content=\"https:\/\/skalnik.pl\/blog\/wp-content\/uploads\/2019\/10\/Termos-turystyczny-Esbit-Start-Your-Adventure-200x300.jpg\" \/>\n\t\t<meta property=\"article:tag\" content=\"testy\" \/>\n\t\t<meta property=\"article:tag\" content=\"biwak\" \/>\n\t\t<meta property=\"article:tag\" content=\"od\u017cywianie\" \/>\n\t\t<meta property=\"article:tag\" content=\"termosy\" \/>\n\t\t<meta property=\"article:published_time\" content=\"2019-10-19T04:45:29+00:00\" \/>\n\t\t<meta property=\"article:modified_time\" content=\"2023-10-02T09:07:35+00:00\" \/>\n\t\t<meta name=\"twitter:card\" content=\"summary_large_image\" \/>\n\t\t<meta name=\"twitter:title\" content=\"Termos Esbit Vacuum 0,75 l \u2013 test - blog Skalnik\" \/>\n\t\t<meta name=\"twitter:description\" content=\"Lubisz testy i recenzje? Tym razem pod lup\u0119 bierzemy termos Esbit Vacuum. Ekipa Start Your Adventure zabra\u0142a termos w Bieszczady i na Islandi\u0119.\" \/>\n\t\t<meta name=\"twitter:image\" content=\"https:\/\/skalnik.pl\/blog\/wp-content\/uploads\/2019\/10\/Termos-turystyczny-Esbit-Start-Your-Adventure-200x300.jpg\" \/>\n\t\t<script type=\"application\/ld+json\" class=\"aioseo-schema\">\n\t\t\t{\"@context\":\"https:\\\/\\\/schema.org\",\"@graph\":[{\"@type\":\"BlogPosting\",\"@id\":\"https:\\\/\\\/www.skalnik.pl\\\/blog\\\/termos-esbit-vacuum-075-test\\\/#blogposting\",\"name\":\"Termos Esbit Vacuum 0,75 l \\u2013 test - blog Skalnik\",\"headline\":\"Termos Esbit Vacuum 0,75 l &#8211; test\",\"author\":{\"@id\":\"https:\\\/\\\/www.skalnik.pl\\\/blog\\\/author\\\/redakcja-skalnik-pl\\\/#author\"},\"publisher\":{\"@id\":\"https:\\\/\\\/www.skalnik.pl\\\/blog\\\/#organization\"},\"image\":{\"@type\":\"ImageObject\",\"url\":\"https:\\\/\\\/www.skalnik.pl\\\/blog\\\/wp-content\\\/uploads\\\/2019\\\/10\\\/Termos-Esbit-recenzja-ok.jpg\",\"width\":1920,\"height\":704,\"caption\":\"Termos Esbit - recenzja ok\"},\"datePublished\":\"2019-10-19T06:45:29+02:00\",\"dateModified\":\"2023-10-02T11:07:35+02:00\",\"inLanguage\":\"pl-PL\",\"mainEntityOfPage\":{\"@id\":\"https:\\\/\\\/www.skalnik.pl\\\/blog\\\/termos-esbit-vacuum-075-test\\\/#webpage\"},\"isPartOf\":{\"@id\":\"https:\\\/\\\/www.skalnik.pl\\\/blog\\\/termos-esbit-vacuum-075-test\\\/#webpage\"},\"articleSection\":\"Testy, biwak, od\\u017cywianie, termosy, testy, 1236, 608597, 988810\"},{\"@type\":\"BreadcrumbList\",\"@id\":\"https:\\\/\\\/www.skalnik.pl\\\/blog\\\/termos-esbit-vacuum-075-test\\\/#breadcrumblist\",\"itemListElement\":[{\"@type\":\"ListItem\",\"@id\":\"https:\\\/\\\/www.skalnik.pl\\\/blog#listItem\",\"position\":1,\"name\":\"Home\",\"item\":\"https:\\\/\\\/www.skalnik.pl\\\/blog\",\"nextItem\":{\"@type\":\"ListItem\",\"@id\":\"https:\\\/\\\/www.skalnik.pl\\\/blog\\\/.\\\/testy\\\/#listItem\",\"name\":\"Testy\"}},{\"@type\":\"ListItem\",\"@id\":\"https:\\\/\\\/www.skalnik.pl\\\/blog\\\/.\\\/testy\\\/#listItem\",\"position\":2,\"name\":\"Testy\",\"item\":\"https:\\\/\\\/www.skalnik.pl\\\/blog\\\/.\\\/testy\\\/\",\"nextItem\":{\"@type\":\"ListItem\",\"@id\":\"https:\\\/\\\/www.skalnik.pl\\\/blog\\\/termos-esbit-vacuum-075-test\\\/#listItem\",\"name\":\"Termos Esbit Vacuum 0,75 l &#8211; test\"},\"previousItem\":{\"@type\":\"ListItem\",\"@id\":\"https:\\\/\\\/www.skalnik.pl\\\/blog#listItem\",\"name\":\"Home\"}},{\"@type\":\"ListItem\",\"@id\":\"https:\\\/\\\/www.skalnik.pl\\\/blog\\\/termos-esbit-vacuum-075-test\\\/#listItem\",\"position\":3,\"name\":\"Termos Esbit Vacuum 0,75 l &#8211; test\",\"previousItem\":{\"@type\":\"ListItem\",\"@id\":\"https:\\\/\\\/www.skalnik.pl\\\/blog\\\/.\\\/testy\\\/#listItem\",\"name\":\"Testy\"}}]},{\"@type\":\"Organization\",\"@id\":\"https:\\\/\\\/www.skalnik.pl\\\/blog\\\/#organization\",\"name\":\"blog Skalnik\",\"description\":\"Blog, porady, artyku\\u0142y - blog Skalnik\",\"url\":\"https:\\\/\\\/www.skalnik.pl\\\/blog\\\/\"},{\"@type\":\"Person\",\"@id\":\"https:\\\/\\\/www.skalnik.pl\\\/blog\\\/author\\\/redakcja-skalnik-pl\\\/#author\",\"url\":\"https:\\\/\\\/www.skalnik.pl\\\/blog\\\/author\\\/redakcja-skalnik-pl\\\/\",\"name\":\"Redakcja skalnik.pl\",\"image\":{\"@type\":\"ImageObject\",\"@id\":\"https:\\\/\\\/www.skalnik.pl\\\/blog\\\/termos-esbit-vacuum-075-test\\\/#authorImage\",\"url\":\"https:\\\/\\\/secure.gravatar.com\\\/avatar\\\/7eab29b048aaf0899cd9a145e9adb814e2130ced31e65b454b902500bea65f9e?s=96&d=mm&r=g\",\"width\":96,\"height\":96,\"caption\":\"Redakcja skalnik.pl\"}},{\"@type\":\"WebPage\",\"@id\":\"https:\\\/\\\/www.skalnik.pl\\\/blog\\\/termos-esbit-vacuum-075-test\\\/#webpage\",\"url\":\"https:\\\/\\\/www.skalnik.pl\\\/blog\\\/termos-esbit-vacuum-075-test\\\/\",\"name\":\"Termos Esbit Vacuum 0,75 l \\u2013 test - blog Skalnik\",\"description\":\"Lubisz testy i recenzje? Tym razem pod lup\\u0119 bierzemy termos Esbit Vacuum. Ekipa Start Your Adventure zabra\\u0142a termos w Bieszczady i na Islandi\\u0119.\",\"inLanguage\":\"pl-PL\",\"isPartOf\":{\"@id\":\"https:\\\/\\\/www.skalnik.pl\\\/blog\\\/#website\"},\"breadcrumb\":{\"@id\":\"https:\\\/\\\/www.skalnik.pl\\\/blog\\\/termos-esbit-vacuum-075-test\\\/#breadcrumblist\"},\"author\":{\"@id\":\"https:\\\/\\\/www.skalnik.pl\\\/blog\\\/author\\\/redakcja-skalnik-pl\\\/#author\"},\"creator\":{\"@id\":\"https:\\\/\\\/www.skalnik.pl\\\/blog\\\/author\\\/redakcja-skalnik-pl\\\/#author\"},\"image\":{\"@type\":\"ImageObject\",\"url\":\"https:\\\/\\\/www.skalnik.pl\\\/blog\\\/wp-content\\\/uploads\\\/2019\\\/10\\\/Termos-Esbit-recenzja-ok.jpg\",\"@id\":\"https:\\\/\\\/www.skalnik.pl\\\/blog\\\/termos-esbit-vacuum-075-test\\\/#mainImage\",\"width\":1920,\"height\":704,\"caption\":\"Termos Esbit - recenzja ok\"},\"primaryImageOfPage\":{\"@id\":\"https:\\\/\\\/www.skalnik.pl\\\/blog\\\/termos-esbit-vacuum-075-test\\\/#mainImage\"},\"datePublished\":\"2019-10-19T06:45:29+02:00\",\"dateModified\":\"2023-10-02T11:07:35+02:00\"},{\"@type\":\"WebSite\",\"@id\":\"https:\\\/\\\/www.skalnik.pl\\\/blog\\\/#website\",\"url\":\"https:\\\/\\\/www.skalnik.pl\\\/blog\\\/\",\"name\":\"blog Skalnik\",\"description\":\"Blog, porady, artyku\\u0142y - blog Skalnik\",\"inLanguage\":\"pl-PL\",\"publisher\":{\"@id\":\"https:\\\/\\\/www.skalnik.pl\\\/blog\\\/#organization\"}}]}\n\t\t<\/script>\n\t\t<!-- All in One SEO -->\n\n","aioseo_head_json":{"title":"Termos Esbit Vacuum 0,75 l \u2013 test - blog Skalnik","description":"Lubisz testy i recenzje? Tym razem pod lup\u0119 bierzemy termos Esbit Vacuum. Ekipa Start Your Adventure zabra\u0142a termos w Bieszczady i na Islandi\u0119.","canonical_url":"https:\/\/www.skalnik.pl\/blog\/termos-esbit-vacuum-075-test\/","robots":"max-image-preview:large","keywords":"","webmasterTools":{"miscellaneous":""},"schema":{"@context":"https:\/\/schema.org","@graph":[{"@type":"BlogPosting","@id":"https:\/\/www.skalnik.pl\/blog\/termos-esbit-vacuum-075-test\/#blogposting","name":"Termos Esbit Vacuum 0,75 l \u2013 test - blog Skalnik","headline":"Termos Esbit Vacuum 0,75 l &#8211; test","author":{"@id":"https:\/\/www.skalnik.pl\/blog\/author\/redakcja-skalnik-pl\/#author"},"publisher":{"@id":"https:\/\/www.skalnik.pl\/blog\/#organization"},"image":{"@type":"ImageObject","url":"https:\/\/www.skalnik.pl\/blog\/wp-content\/uploads\/2019\/10\/Termos-Esbit-recenzja-ok.jpg","width":1920,"height":704,"caption":"Termos Esbit - recenzja ok"},"datePublished":"2019-10-19T06:45:29+02:00","dateModified":"2023-10-02T11:07:35+02:00","inLanguage":"pl-PL","mainEntityOfPage":{"@id":"https:\/\/www.skalnik.pl\/blog\/termos-esbit-vacuum-075-test\/#webpage"},"isPartOf":{"@id":"https:\/\/www.skalnik.pl\/blog\/termos-esbit-vacuum-075-test\/#webpage"},"articleSection":"Testy, biwak, od\u017cywianie, termosy, testy, 1236, 608597, 988810"},{"@type":"BreadcrumbList","@id":"https:\/\/www.skalnik.pl\/blog\/termos-esbit-vacuum-075-test\/#breadcrumblist","itemListElement":[{"@type":"ListItem","@id":"https:\/\/www.skalnik.pl\/blog#listItem","position":1,"name":"Home","item":"https:\/\/www.skalnik.pl\/blog","nextItem":{"@type":"ListItem","@id":"https:\/\/www.skalnik.pl\/blog\/.\/testy\/#listItem","name":"Testy"}},{"@type":"ListItem","@id":"https:\/\/www.skalnik.pl\/blog\/.\/testy\/#listItem","position":2,"name":"Testy","item":"https:\/\/www.skalnik.pl\/blog\/.\/testy\/","nextItem":{"@type":"ListItem","@id":"https:\/\/www.skalnik.pl\/blog\/termos-esbit-vacuum-075-test\/#listItem","name":"Termos Esbit Vacuum 0,75 l &#8211; test"},"previousItem":{"@type":"ListItem","@id":"https:\/\/www.skalnik.pl\/blog#listItem","name":"Home"}},{"@type":"ListItem","@id":"https:\/\/www.skalnik.pl\/blog\/termos-esbit-vacuum-075-test\/#listItem","position":3,"name":"Termos Esbit Vacuum 0,75 l &#8211; test","previousItem":{"@type":"ListItem","@id":"https:\/\/www.skalnik.pl\/blog\/.\/testy\/#listItem","name":"Testy"}}]},{"@type":"Organization","@id":"https:\/\/www.skalnik.pl\/blog\/#organization","name":"blog Skalnik","description":"Blog, porady, artyku\u0142y - blog Skalnik","url":"https:\/\/www.skalnik.pl\/blog\/"},{"@type":"Person","@id":"https:\/\/www.skalnik.pl\/blog\/author\/redakcja-skalnik-pl\/#author","url":"https:\/\/www.skalnik.pl\/blog\/author\/redakcja-skalnik-pl\/","name":"Redakcja skalnik.pl","image":{"@type":"ImageObject","@id":"https:\/\/www.skalnik.pl\/blog\/termos-esbit-vacuum-075-test\/#authorImage","url":"https:\/\/secure.gravatar.com\/avatar\/7eab29b048aaf0899cd9a145e9adb814e2130ced31e65b454b902500bea65f9e?s=96&d=mm&r=g","width":96,"height":96,"caption":"Redakcja skalnik.pl"}},{"@type":"WebPage","@id":"https:\/\/www.skalnik.pl\/blog\/termos-esbit-vacuum-075-test\/#webpage","url":"https:\/\/www.skalnik.pl\/blog\/termos-esbit-vacuum-075-test\/","name":"Termos Esbit Vacuum 0,75 l \u2013 test - blog Skalnik","description":"Lubisz testy i recenzje? Tym razem pod lup\u0119 bierzemy termos Esbit Vacuum. Ekipa Start Your Adventure zabra\u0142a termos w Bieszczady i na Islandi\u0119.","inLanguage":"pl-PL","isPartOf":{"@id":"https:\/\/www.skalnik.pl\/blog\/#website"},"breadcrumb":{"@id":"https:\/\/www.skalnik.pl\/blog\/termos-esbit-vacuum-075-test\/#breadcrumblist"},"author":{"@id":"https:\/\/www.skalnik.pl\/blog\/author\/redakcja-skalnik-pl\/#author"},"creator":{"@id":"https:\/\/www.skalnik.pl\/blog\/author\/redakcja-skalnik-pl\/#author"},"image":{"@type":"ImageObject","url":"https:\/\/www.skalnik.pl\/blog\/wp-content\/uploads\/2019\/10\/Termos-Esbit-recenzja-ok.jpg","@id":"https:\/\/www.skalnik.pl\/blog\/termos-esbit-vacuum-075-test\/#mainImage","width":1920,"height":704,"caption":"Termos Esbit - recenzja ok"},"primaryImageOfPage":{"@id":"https:\/\/www.skalnik.pl\/blog\/termos-esbit-vacuum-075-test\/#mainImage"},"datePublished":"2019-10-19T06:45:29+02:00","dateModified":"2023-10-02T11:07:35+02:00"},{"@type":"WebSite","@id":"https:\/\/www.skalnik.pl\/blog\/#website","url":"https:\/\/www.skalnik.pl\/blog\/","name":"blog Skalnik","description":"Blog, porady, artyku\u0142y - blog Skalnik","inLanguage":"pl-PL","publisher":{"@id":"https:\/\/www.skalnik.pl\/blog\/#organization"}}]},"og:locale":"pl_PL","og:site_name":"blog Skalnik - Blog, porady, artyku\u0142y - blog Skalnik","og:type":"article","og:title":"Termos Esbit Vacuum 0,75 l \u2013 test - blog Skalnik","og:description":"Lubisz testy i recenzje? Tym razem pod lup\u0119 bierzemy termos Esbit Vacuum. Ekipa Start Your Adventure zabra\u0142a termos w Bieszczady i na Islandi\u0119.","og:url":"https:\/\/www.skalnik.pl\/blog\/termos-esbit-vacuum-075-test\/","og:image":"https:\/\/skalnik.pl\/blog\/wp-content\/uploads\/2019\/10\/Termos-turystyczny-Esbit-Start-Your-Adventure-200x300.jpg","og:image:secure_url":"https:\/\/skalnik.pl\/blog\/wp-content\/uploads\/2019\/10\/Termos-turystyczny-Esbit-Start-Your-Adventure-200x300.jpg","article:tag":["testy","biwak","od\u017cywianie","termosy"],"article:published_time":"2019-10-19T04:45:29+00:00","article:modified_time":"2023-10-02T09:07:35+00:00","twitter:card":"summary_large_image","twitter:title":"Termos Esbit Vacuum 0,75 l \u2013 test - blog Skalnik","twitter:description":"Lubisz testy i recenzje? Tym razem pod lup\u0119 bierzemy termos Esbit Vacuum. Ekipa Start Your Adventure zabra\u0142a termos w Bieszczady i na Islandi\u0119.","twitter:image":"https:\/\/skalnik.pl\/blog\/wp-content\/uploads\/2019\/10\/Termos-turystyczny-Esbit-Start-Your-Adventure-200x300.jpg"},"aioseo_meta_data":{"post_id":"9184","title":null,"description":"Lubisz testy i recenzje? Tym razem pod lup\u0119 bierzemy termos Esbit Vacuum. Ekipa Start Your Adventure zabra\u0142a termos w Bieszczady i na Islandi\u0119.","keywords":[{"label":"termos","value":"termos"},{"label":"esbit","value":"esbit"},{"label":"termos esbit","value":"termos esbit"},{"label":"esbit vacuum","value":"esbit vacuum"},{"label":"termosy","value":"termosy"}],"keyphrases":{"focus":{"keyphrase":"","score":0,"analysis":{"keyphraseInTitle":{"score":0,"maxScore":9,"error":1}}},"additional":[]},"primary_term":null,"canonical_url":null,"og_title":null,"og_description":null,"og_object_type":"default","og_image_type":"default","og_image_url":null,"og_image_width":null,"og_image_height":null,"og_image_custom_url":null,"og_image_custom_fields":null,"og_video":"","og_custom_url":null,"og_article_section":null,"og_article_tags":[],"twitter_use_og":false,"twitter_card":"default","twitter_image_type":"default","twitter_image_url":null,"twitter_image_custom_url":null,"twitter_image_custom_fields":null,"twitter_title":null,"twitter_description":null,"schema":{"blockGraphs":[],"customGraphs":[],"default":{"data":{"Article":[],"Course":[],"Dataset":[],"FAQPage":[],"Movie":[],"Person":[],"Product":[],"ProductReview":[],"Car":[],"Recipe":[],"Service":[],"SoftwareApplication":[],"WebPage":[]},"graphName":"","isEnabled":true},"graphs":[]},"schema_type":"default","schema_type_options":null,"pillar_content":false,"robots_default":true,"robots_noindex":false,"robots_noarchive":false,"robots_nosnippet":false,"robots_nofollow":false,"robots_noimageindex":false,"robots_noodp":false,"robots_notranslate":false,"robots_max_snippet":"-1","robots_max_videopreview":"-1","robots_max_imagepreview":"large","priority":null,"frequency":"default","local_seo":null,"breadcrumb_settings":null,"limit_modified_date":false,"ai":null,"created":"2022-08-26 10:06:53","updated":"2026-02-17 21:39:43","seo_analyzer_scan_date":null},"aioseo_breadcrumb":"<div class=\"aioseo-breadcrumbs\"><span class=\"aioseo-breadcrumb\">\n\t\t\t<a href=\"https:\/\/www.skalnik.pl\/blog\" title=\"Home\">Home<\/a>\n\t\t<\/span><span class=\"aioseo-breadcrumb-separator\">&raquo;<\/span><span class=\"aioseo-breadcrumb\">\n\t\t\t<a href=\"https:\/\/www.skalnik.pl\/blog\/.\/testy\/\" title=\"Testy\">Testy<\/a>\n\t\t<\/span><span class=\"aioseo-breadcrumb-separator\">&raquo;<\/span><span class=\"aioseo-breadcrumb\">\n\t\t\tTermos Esbit Vacuum 0,75 l \u2013 test\n\t\t<\/span><\/div>","aioseo_breadcrumb_json":[{"label":"Home","link":"https:\/\/www.skalnik.pl\/blog"},{"label":"Testy","link":"https:\/\/www.skalnik.pl\/blog\/.\/testy\/"},{"label":"Termos Esbit Vacuum 0,75 l &#8211; test","link":"https:\/\/www.skalnik.pl\/blog\/termos-esbit-vacuum-075-test\/"}],"_links":{"self":[{"href":"https:\/\/www.skalnik.pl\/blog\/wp-json\/wp\/v2\/posts\/9184","targetHints":{"allow":["GET"]}}],"collection":[{"href":"https:\/\/www.skalnik.pl\/blog\/wp-json\/wp\/v2\/posts"}],"about":[{"href":"https:\/\/www.skalnik.pl\/blog\/wp-json\/wp\/v2\/types\/post"}],"author":[{"embeddable":true,"href":"https:\/\/www.skalnik.pl\/blog\/wp-json\/wp\/v2\/users\/7"}],"replies":[{"embeddable":true,"href":"https:\/\/www.skalnik.pl\/blog\/wp-json\/wp\/v2\/comments?post=9184"}],"version-history":[{"count":36,"href":"https:\/\/www.skalnik.pl\/blog\/wp-json\/wp\/v2\/posts\/9184\/revisions"}],"predecessor-version":[{"id":24417,"href":"https:\/\/www.skalnik.pl\/blog\/wp-json\/wp\/v2\/posts\/9184\/revisions\/24417"}],"wp:featuredmedia":[{"embeddable":true,"href":"https:\/\/www.skalnik.pl\/blog\/wp-json\/wp\/v2\/media\/9185"}],"wp:attachment":[{"href":"https:\/\/www.skalnik.pl\/blog\/wp-json\/wp\/v2\/media?parent=9184"}],"wp:term":[{"taxonomy":"category","embeddable":true,"href":"https:\/\/www.skalnik.pl\/blog\/wp-json\/wp\/v2\/categories?post=9184"},{"taxonomy":"post_tag","embeddable":true,"href":"https:\/\/www.skalnik.pl\/blog\/wp-json\/wp\/v2\/tags?post=9184"},{"taxonomy":"magento_category","embeddable":true,"href":"https:\/\/www.skalnik.pl\/blog\/wp-json\/wp\/v2\/magento_category?post=9184"},{"taxonomy":"magento_product","embeddable":true,"href":"https:\/\/www.skalnik.pl\/blog\/wp-json\/wp\/v2\/magento_product?post=9184"}],"curies":[{"name":"wp","href":"https:\/\/api.w.org\/{rel}","templated":true}]}}