{"id":9263,"date":"2019-10-23T11:09:01","date_gmt":"2019-10-23T09:09:01","guid":{"rendered":"https:\/\/skalnik.pl\/blog\/?p=9263"},"modified":"2020-01-28T12:52:28","modified_gmt":"2020-01-28T11:52:28","slug":"salewa-przewodnik-po-kolekcjach-odziezy","status":"publish","type":"post","link":"https:\/\/www.skalnik.pl\/blog\/salewa-przewodnik-po-kolekcjach-odziezy\/","title":{"rendered":"Salewa &#8211; przewodnik po kolekcjach odzie\u017cy"},"content":{"rendered":"<p><b>Lubisz outdoorowy styl, a swoj\u0105 odzie\u017c w g\u00f3ry lubisz za\u0142o\u017cy\u0107 czasem tak\u017ce na co dzie\u0144? Pewnie zdarzy\u0142o ci si\u0119 to nie raz, a powodem by\u0142a wygoda kurtki outdoor, czy swoboda jak\u0105 daj\u0105 ci spodnie turystyczne b\u0105d\u017a wspinaczkowe.<\/b><\/p>\n<p>Wszystko dlatego, \u017ce przy projektowaniu ubra\u0144 g\u00f3rskich na pierwszym miejscu stawia si\u0119 na funkcjonalno\u015b\u0107 i wygod\u0119. To w\u0142a\u015bnie one decyduj\u0105 tak naprawd\u0119 o tym jak wykonane jest ubranie. Specyficzne materia\u0142y, specjalne profilowanie, nietypowo umiejscowione kieszenie czy na oko zbyt obszerne kaptury i gardy to rozwi\u0105zania, kt\u00f3re sprawiaj\u0105, \u017ce w przypadku odzie\u017cy outdoor m\u00f3wimy o tym, \u017ce jest to tak zwana odzie\u017c techniczna.<\/p>\n<p>&nbsp;<\/p>\n<div id=\"ez-toc-container\" class=\"ez-toc-v2_0_85 counter-hierarchy ez-toc-counter ez-toc-light-blue ez-toc-container-direction\">\n<div class=\"ez-toc-title-container\">\n<p class=\"ez-toc-title\" style=\"cursor:inherit\">SPIS TRE\u015aCI <\/p>\n<span class=\"ez-toc-title-toggle\"><a href=\"#\" class=\"ez-toc-pull-right ez-toc-btn ez-toc-btn-xs ez-toc-btn-default ez-toc-toggle\" aria-label=\"Prze\u0142\u0105cznik Spisu Tre\u015bci\"><span class=\"ez-toc-js-icon-con\"><span class=\"\"><span class=\"eztoc-hide\" style=\"display:none;\">Toggle<\/span><span class=\"ez-toc-icon-toggle-span\"><svg style=\"fill: #999;color:#999\" xmlns=\"http:\/\/www.w3.org\/2000\/svg\" class=\"list-377408\" width=\"20px\" height=\"20px\" viewBox=\"0 0 24 24\" fill=\"none\"><path d=\"M6 6H4v2h2V6zm14 0H8v2h12V6zM4 11h2v2H4v-2zm16 0H8v2h12v-2zM4 16h2v2H4v-2zm16 0H8v2h12v-2z\" fill=\"currentColor\"><\/path><\/svg><svg style=\"fill: #999;color:#999\" class=\"arrow-unsorted-368013\" xmlns=\"http:\/\/www.w3.org\/2000\/svg\" width=\"10px\" height=\"10px\" viewBox=\"0 0 24 24\" version=\"1.2\" baseProfile=\"tiny\"><path d=\"M18.2 9.3l-6.2-6.3-6.2 6.3c-.2.2-.3.4-.3.7s.1.5.3.7c.2.2.4.3.7.3h11c.3 0 .5-.1.7-.3.2-.2.3-.5.3-.7s-.1-.5-.3-.7zM5.8 14.7l6.2 6.3 6.2-6.3c.2-.2.3-.5.3-.7s-.1-.5-.3-.7c-.2-.2-.4-.3-.7-.3h-11c-.3 0-.5.1-.7.3-.2.2-.3.5-.3.7s.1.5.3.7z\"\/><\/svg><\/span><\/span><\/span><\/a><\/span><\/div>\n<nav><ul class='ez-toc-list ez-toc-list-level-1 ' ><li class='ez-toc-page-1 ez-toc-heading-level-2'><a class=\"ez-toc-link ez-toc-heading-1\" href=\"https:\/\/www.skalnik.pl\/blog\/salewa-przewodnik-po-kolekcjach-odziezy\/#Jak_Salewa_projektuje_odziez\" >Jak Salewa projektuje odzie\u017c<\/a><\/li><li class='ez-toc-page-1 ez-toc-heading-level-2'><a class=\"ez-toc-link ez-toc-heading-2\" href=\"https:\/\/www.skalnik.pl\/blog\/salewa-przewodnik-po-kolekcjach-odziezy\/#Kolekcje_odziezy_Salewa\" >Kolekcje odzie\u017cy Salewa<\/a><ul class='ez-toc-list-level-3' ><li class='ez-toc-heading-level-3'><a class=\"ez-toc-link ez-toc-heading-3\" href=\"https:\/\/www.skalnik.pl\/blog\/salewa-przewodnik-po-kolekcjach-odziezy\/#Salewa_Ortles_%E2%80%93_dla_alpinistow\" >Salewa Ortles &#8211; dla alpinist\u00f3w<\/a><\/li><li class='ez-toc-page-1 ez-toc-heading-level-3'><a class=\"ez-toc-link ez-toc-heading-4\" href=\"https:\/\/www.skalnik.pl\/blog\/salewa-przewodnik-po-kolekcjach-odziezy\/#Salewa_Sesvenna_%E2%80%93_dla_skialpinistow\" >Salewa Sesvenna &#8211; dla skialpinist\u00f3w<\/a><\/li><li class='ez-toc-page-1 ez-toc-heading-level-3'><a class=\"ez-toc-link ez-toc-heading-5\" href=\"https:\/\/www.skalnik.pl\/blog\/salewa-przewodnik-po-kolekcjach-odziezy\/#Salewa_Pedroc_%E2%80%93_dla_%E2%80%9Cspeedturystow%E2%80%9D\" >Salewa Pedroc &#8211; dla \u201cspeedturyst\u00f3w\u201d<\/a><\/li><li class='ez-toc-page-1 ez-toc-heading-level-3'><a class=\"ez-toc-link ez-toc-heading-6\" href=\"https:\/\/www.skalnik.pl\/blog\/salewa-przewodnik-po-kolekcjach-odziezy\/#Salewa_Agner_%E2%80%93_dla_wspinaczy\" >Salewa Agner &#8211; dla wspinaczy<\/a><\/li><li class='ez-toc-page-1 ez-toc-heading-level-3'><a class=\"ez-toc-link ez-toc-heading-7\" href=\"https:\/\/www.skalnik.pl\/blog\/salewa-przewodnik-po-kolekcjach-odziezy\/#Salewa_Puez_%E2%80%93_dla_turystow\" >Salewa Puez &#8211; dla turyst\u00f3w<\/a><\/li><li class='ez-toc-page-1 ez-toc-heading-level-3'><a class=\"ez-toc-link ez-toc-heading-8\" href=\"https:\/\/www.skalnik.pl\/blog\/salewa-przewodnik-po-kolekcjach-odziezy\/#Salewa_Fanes_%E2%80%93_dla_turystow_i_na_co_dzien\" >Salewa Fanes &#8211; dla turyst\u00f3w i na co dzie\u0144<\/a><\/li><\/ul><\/li><\/ul><\/nav><\/div>\n<h2><span class=\"ez-toc-section\" id=\"Jak_Salewa_projektuje_odziez\"><\/span>Jak Salewa projektuje odzie\u017c<span class=\"ez-toc-section-end\"><\/span><\/h2>\n<p>W przypadku najlepszych marek outdoorowych proces projektowania odzie\u017cy jest g\u0142\u0119boko przemy\u015blany. Doskona\u0142ym przyk\u0142adem mo\u017ce by\u0107 marka <a href=\"https:\/\/skalnik.pl\/salewa\">Salewa<\/a>. Ca\u0142a kolekcja tej marki podzielona jest na grupy produktowe, do kt\u00f3rych praktycznie przypisane s\u0105 konkretne aktywno\u015bci w g\u00f3rach.<\/p>\n<p>Projektanci Salewa to zawodowcy, nie tylko w dziedzinie tworzenia ubra\u0144. W bran\u017cy outdoor praca najcz\u0119\u015bciej \u0142\u0105czy si\u0119 z pasj\u0105, dlatego ci kt\u00f3rzy projektuj\u0105 t\u0119 odzie\u017c, cz\u0119sto s\u0105 jej u\u017cytkownikami. Dobrze wi\u0119c widz\u0105, co sprawdzi si\u0119 podczas akcji w terenie. Proces projektowania supportuj\u0105 te\u017c ambasadorzy marki, czyli profesjonalni wspinacze, alpini\u015bci, przewodnicy g\u00f3rscy czy paralotniarze.<\/p>\n<p>Zr\u00f3b test. Zajrzyj do outdoorowej szafy. Wyjmij model kurtki softshell, kurtk\u0119 goretex, nawet techniczn\u0105 bielizn\u0119 termoaktywna i przyjrzyj si\u0119 dok\u0142adnie detalom. Pewnie dla cz\u0119\u015bci rozwi\u0105za\u0144 znajdziesz uzasadnienie.<\/p>\n<div id=\"attachment_9288\" style=\"width: 1034px\" class=\"wp-caption aligncenter\"><img loading=\"lazy\" decoding=\"async\" aria-describedby=\"caption-attachment-9288\" class=\"wp-image-9288 size-large\" title=\"Dolomity salewa\" src=\"https:\/\/skalnik.pl\/blog\/wp-content\/uploads\/2019\/10\/DOLOMITI_traverse_3712-1024x682.jpg\" alt=\"slewa dolomity \" width=\"1024\" height=\"682\" srcset=\"https:\/\/www.skalnik.pl\/blog\/wp-content\/uploads\/2019\/10\/DOLOMITI_traverse_3712-1024x682.jpg 1024w, https:\/\/www.skalnik.pl\/blog\/wp-content\/uploads\/2019\/10\/DOLOMITI_traverse_3712-300x200.jpg 300w, https:\/\/www.skalnik.pl\/blog\/wp-content\/uploads\/2019\/10\/DOLOMITI_traverse_3712-768x512.jpg 768w, https:\/\/www.skalnik.pl\/blog\/wp-content\/uploads\/2019\/10\/DOLOMITI_traverse_3712.jpg 1025w\" sizes=\"auto, (max-width: 1024px) 100vw, 1024px\" \/><p id=\"caption-attachment-9288\" class=\"wp-caption-text\">Salewa projektuje odzie\u017c w Dolomitach &#8211; w g\u00f3rach, w kt\u00f3rych ka\u017cdy mo\u017ce realizowa\u0107 pasje na sw\u00f3j spos\u00f3b. To miejsce dla turyst\u00f3w, wspinaczy, paralotniarzy i narciarzy. (fot. @ Daniele Molineris\/Storyteller-Labs)<\/p><\/div>\n<p>&nbsp;<\/p>\n<h2><span class=\"ez-toc-section\" id=\"Kolekcje_odziezy_Salewa\"><\/span>Kolekcje odzie\u017cy Salewa<span class=\"ez-toc-section-end\"><\/span><\/h2>\n<p>Ca\u0142a kolekcja w\u0142oskiej marki z Dolomit\u00f3w podzielona jest na kilka linii produktowych. Ka\u017cda z nich tworzy praktycznie konkretny zestaw odzie\u017cy. Jest to komplet dopasowany do potrzeb os\u00f3b uprawiaj\u0105cych dany rodzaj aktywno\u015bci w g\u00f3rach.<\/p>\n<p>Inaczej projektanci kroj\u0105 materia\u0142 i wykonuj\u0105 detale, gdy tworz\u0105 kurtki turystyczne. Inaczej dobieraj\u0105 tkaniny je\u015bli wymy\u015blaj\u0105 koncepcj\u0119 <a href=\"https:\/\/skalnik.pl\/odziez\/odziez-meska\/odziez-meska-kurtki\/goretex\">kurtki GORE-TEX\u00ae<\/a> dla alpinist\u00f3w, a odmiennie post\u0119puj\u0105, gdy si\u0119gaj\u0105 po technologie dla turyst\u00f3w nie zapuszczaj\u0105cych si\u0119 a\u017c tak wysoko. W tym artykule znajdziesz odpowied\u017a, jaka linia produktowa marki stworzona jest do jakiego typu dzia\u0142a\u0144. Dzi\u0119ki temu mo\u017ce dowiesz si\u0119 w jak\u0105 kurtk\u0119 Salewa warto zainwestowa\u0107 swoje oszcz\u0119dno\u015bci, a kiedy si\u0119gn\u0105\u0107 po bardziej bud\u017cetowy model. Nie zawsze przecie\u017c musimy kupowa\u0107 najdro\u017csze i najbardziej techniczne modele, je\u015bli z ich w\u0142a\u015bciwo\u015bci i tak nie b\u0119dziemy w pe\u0142ni korzysta\u0107.<\/p>\n<p>&nbsp;<\/p>\n<h3><span class=\"ez-toc-section\" id=\"Salewa_Ortles_%E2%80%93_dla_alpinistow\"><\/span>Salewa Ortles &#8211; dla alpinist\u00f3w<span class=\"ez-toc-section-end\"><\/span><\/h3>\n<p>Ortles (lub Ortler) to wysoki trzytysi\u0119cznik w Alpach Retyckich. Na jego wierzcho\u0142ek nie wiedzie praktycznie \u017cadna prosta droga, kt\u00f3r\u0105 mo\u017cna pokona\u0107 bez umiej\u0119tno\u015bci wspinaczki na drogach skalnych i lodowych. Najwy\u017cszy szczyt Po\u0142udniowego Tyrolu sta\u0142 si\u0119 wi\u0119c nie bez powodu ikon\u0105 dla najbardziej zaawansowanej linii odzie\u017cy. Spodnie i <a href=\"https:\/\/skalnik.pl\/odziez\/odziez-meska\/odziez-meska-kurtki\/salewa\">kurtki Salewa<\/a> z linii Ortles to modele przeznaczone do:<\/p>\n<ul>\n<li>alpinizmu<\/li>\n<li>skialpinizmu<\/li>\n<li>turystyki lodowcowej<\/li>\n<li>wspinaczki alpejskiej<\/li>\n<li>wspinaczki lodowej (i mikstowej)<\/li>\n<\/ul>\n<p>Ca\u0142a kolekcja podzielona jest oczywi\u015bcie na odzie\u017c dla kobiet i m\u0119\u017cczyzn. Prawie wszystkie kurtki Salewa m\u0119skie maj\u0105 swoje odpowiedniki jako kurtki damskie. Tak samo jest z bluzami i spodniami, cho\u0107 zdarzaj\u0105 si\u0119 nieliczne wyj\u0105tki.<\/p>\n<p>Seria Salewa Ortles to produkty, kt\u00f3re wykonane s\u0105 przy zastosowaniu najbardziej renomowanych materia\u0142\u00f3w i korzystaj\u0105 z wielu technologii outdoor. Przyk\u0142adem mo\u017ce by\u0107 kurtka przeciwdeszczowa Ortles 3 GTX. Jest to model kurtki GORE-TEX\u00ae wykorzystuj\u0105cy membran\u0119 GORE-TEX\u00ae PRO, kt\u00f3ra bez kompromis\u00f3w chroni przed opadami i wiatrem. Ze wzgl\u0119du na alpinistyczne przeznaczenie, w kurtce tej wykorzystano najs\u0142ynniejsz\u0105 membran\u0119 i to w wersji (tr\u00f3jwarstwowa membrana PRO), kt\u00f3r\u0105 cechuje najwi\u0119ksza trwa\u0142o\u015b\u0107. Do kompletu wyst\u0119puj\u0105 r\u00f3wnie\u017c spodnie Ortles 3 GTX wykonane z takiej samej membranowej tkaniny.<\/p>\n<p>Kurtki hardshell z serii Ortles cechuje bardzo techniczne wykonanie. Obszerne bry\u0142y regulowanych kaptur\u00f3w pozwalaj\u0105 zak\u0142ada\u0107 kaptur na kask wspinaczkowy. Kieszenie w tych kurtkach umieszczone s\u0105 wy\u017cej. Po za\u0142o\u017ceniu uprz\u0119\u017cy wspinaczkowej mo\u017cna mie\u0107 do nich wci\u0105\u017c dost\u0119p. Ca\u0142a kurtka skrojona jest tak, by nie ogranicza\u0107 ruch\u00f3w nawet w czasie wspinaczki, a kr\u00f3j jest dopasowany w taki spos\u00f3b, by mo\u017cna by\u0142o pod ni\u0105 zmie\u015bci\u0107 wi\u0119cej warstw odzie\u017cy.<\/p>\n<div id=\"attachment_9278\" style=\"width: 1034px\" class=\"wp-caption aligncenter\"><img loading=\"lazy\" decoding=\"async\" aria-describedby=\"caption-attachment-9278\" class=\"wp-image-9278 size-large\" src=\"https:\/\/skalnik.pl\/blog\/wp-content\/uploads\/2019\/10\/Salewa-kolekcja-ortles-1024x682.jpg\" alt=\"Salewa - kolekcja ortles\" width=\"1024\" height=\"682\" srcset=\"https:\/\/www.skalnik.pl\/blog\/wp-content\/uploads\/2019\/10\/Salewa-kolekcja-ortles-1024x682.jpg 1024w, https:\/\/www.skalnik.pl\/blog\/wp-content\/uploads\/2019\/10\/Salewa-kolekcja-ortles-300x200.jpg 300w, https:\/\/www.skalnik.pl\/blog\/wp-content\/uploads\/2019\/10\/Salewa-kolekcja-ortles-768x512.jpg 768w, https:\/\/www.skalnik.pl\/blog\/wp-content\/uploads\/2019\/10\/Salewa-kolekcja-ortles.jpg 2000w\" sizes=\"auto, (max-width: 1024px) 100vw, 1024px\" \/><p id=\"caption-attachment-9278\" class=\"wp-caption-text\">Kolekcja Ortles to najbardziej zaawansowana linia odzie\u017cy Salewa (fot. Salewa)<\/p><\/div>\n<p>W odzie\u017cy ocieplanej seria Ortles wykorzystuje naturalny puch z certyfikatem RDS oraz hybrydowe ocieplenie TirollWool\u00ae Celliant\u00ae. Kurtki puchowe Salewa Ortles wyst\u0119puj\u0105 w trzech wersjach: Heavy, Medium, Light \u2013 a ka\u017cda z nich r\u00f3\u017cni si\u0119 po prostu ilo\u015bci\u0105 izolacji. Oczywi\u015bcie kurtki Heavy s\u0105 najcieplejsze, a Light najl\u017cejsze i najbardziej pakowne.<\/p>\n<p>Kurtki ocieplane do dzia\u0142a\u0144 o wi\u0119kszej intensywno\u015bci, cho\u0107by skialpinizmu, projektowane s\u0105 z hybrydow\u0105 ocieplin\u0105 naturalno-syntetyczn\u0105 TirollWool\u00ae Celliant\u00ae. Jest to mieszanka we\u0142ny z owiec tyrolskich i poliestru wzbogaconego o minera\u0142y odbijaj\u0105ce promieniowanie podczerwone cia\u0142a. Ocieplenie nie traci izolacyjno\u015bci pod wp\u0142ywem wilgoci, wi\u0119c jest \u015bwietnym rozwi\u0105zaniem zar\u00f3wno na wyj\u015bcia w g\u00f3ry, kt\u00f3rym towarzyszy wi\u0119kszy wysi\u0142ek, b\u0105d\u017a dzia\u0142anie w zmiennych warunkach. Wi\u0119cej o tej ocieplinie pisa\u0142em w innym artykule.<\/p>\n<p>Nawet tak zwane midlayer\u2019y \u2013 czyli elastyczne bluzy outdoor po\u015bredniej warstwy \u2013 wykonane s\u0105 w tej serii z renomowanych materia\u0142\u00f3w. Wszystko po to, by zapewni\u0107 jak najwi\u0119cej ciep\u0142a przy zachowaniu niskiej wagi odzie\u017cy i zagwarantowa\u0107 dodatkowo szybkie odprowadzanie wilgoci. Bluzy Salewa damskie i m\u0119skie w tej lini produktowej wykonane s\u0105 po prostu z materia\u0142u marki Polartec\u00ae, czyli s\u0142ynnego wynalazcy kultowej dzianiny typu polar.<\/p>\n<p>&nbsp;<\/p>\n<h3><span class=\"ez-toc-section\" id=\"Salewa_Sesvenna_%E2%80%93_dla_skialpinistow\"><\/span>Salewa Sesvenna &#8211; dla skialpinist\u00f3w<span class=\"ez-toc-section-end\"><\/span><\/h3>\n<p>Szczyt Piz Sasvenna i jego pasmo nada\u0142y nazw\u0119 kolejnej kolekcji produkt\u00f3w Salewa. Modele z linii Sesvenna to odzie\u017c do dzia\u0142a\u0144 w szybszym stylu, przede wszystkim:<\/p>\n<ul>\n<li>skialpinizmu,<\/li>\n<li>skitouringu.<\/li>\n<\/ul>\n<p>Generaln\u0105 zasad\u0105 dla stworzenia tej odzie\u017cy jest zwi\u0119kszenie oddychalno\u015bci odzie\u017cy i zmniejszenie jej wagi. Znajduje to odzwierciedlenie w zastosowanych materia\u0142ach. To w\u0142a\u015bnie powody, dla kt\u00f3rych kurtki i spodnie goretex tej grupy produkt\u00f3w wykonane s\u0105 z materia\u0142u GORE-TEX\u00ae Active. U\u017cywaj\u0105c takiej membrany projektanci mog\u0105 dostarczy\u0107 najwy\u017cszej ochrony, niskiej wagi i skuteczniejszej oddychalno\u015bci odzie\u017cy hardshell. Kosztem takich rozwi\u0105za\u0144 jest jednak trwa\u0142o\u015b\u0107 odzie\u017cy. Na szcz\u0119\u015bcie modele u\u017cywane do skitouringu maj\u0105 mniejsze szanse na ci\u0105g\u0142y kontakt z czym\u015b, co mo\u017ce je uszkodzi\u0107, na przyk\u0142ad ze ska\u0142\u0105. Zastosowanie membrany GORE-TEX\u00ae Active pozwoli\u0142o te\u017c ograniczy\u0107 obj\u0119to\u015b\u0107 odzie\u017cy, kt\u00f3ra po spakowaniu zajmuje mniej miejsca w plecaku.<\/p>\n<p>Cz\u0119\u015bci\u0105 kolekcji Sesvenna s\u0105 r\u00f3wnie\u017c wygodne i oddychaj\u0105ce spodnie softshell m\u0119skie i damskie z materia\u0142u Durastretch oraz kurtki ocieplane, w kt\u00f3rych zastosowano technologi\u0119 Polartec\u00ae Alpha. Jest to ocieplenie syntetyczne marki Polartec\u00ae, stworzone pewien czas temu dla oddzia\u0142\u00f3w specjalnych ameryka\u0144skiego wojska. Polartec\u00ae Alpha \u015bwietnie sprawdza si\u0119 jako aktywne ocieplenie, kt\u00f3re nie przestaje ogrzewa\u0107 nawet w wilgotnym \u015brodowisku. Kurtki Sesvenna PTC Aplha wykorzystujace to rozwi\u0105zanie, maj\u0105 ponadto konstrukcj\u0119 wykonan\u0105 w koncepcie bodymapping. Oznacza to, \u017ce wszystkie strefy odzie\u017cy odpowiadaj\u0105 potrzebom cia\u0142a i termice, jakie cia\u0142o ma w danych miejscach podczas ruchu.<\/p>\n<div id=\"attachment_9279\" style=\"width: 1034px\" class=\"wp-caption aligncenter\"><img loading=\"lazy\" decoding=\"async\" aria-describedby=\"caption-attachment-9279\" class=\"wp-image-9279 size-large\" src=\"https:\/\/skalnik.pl\/blog\/wp-content\/uploads\/2019\/10\/Salewa-Sesvenna-1024x682.jpg\" alt=\"Salewa - Sesvenna\" width=\"1024\" height=\"682\" srcset=\"https:\/\/www.skalnik.pl\/blog\/wp-content\/uploads\/2019\/10\/Salewa-Sesvenna-1024x682.jpg 1024w, https:\/\/www.skalnik.pl\/blog\/wp-content\/uploads\/2019\/10\/Salewa-Sesvenna-300x200.jpg 300w, https:\/\/www.skalnik.pl\/blog\/wp-content\/uploads\/2019\/10\/Salewa-Sesvenna-768x512.jpg 768w, https:\/\/www.skalnik.pl\/blog\/wp-content\/uploads\/2019\/10\/Salewa-Sesvenna.jpg 2000w\" sizes=\"auto, (max-width: 1024px) 100vw, 1024px\" \/><p id=\"caption-attachment-9279\" class=\"wp-caption-text\">Sesvenna to kolekcja idealna dla skitourowc\u00f3w (fot. Salewa)<\/p><\/div>\n<p>&nbsp;<\/p>\n<h3><span class=\"ez-toc-section\" id=\"Salewa_Pedroc_%E2%80%93_dla_%E2%80%9Cspeedturystow%E2%80%9D\"><\/span>Salewa Pedroc &#8211; dla \u201cspeedturyst\u00f3w\u201d<span class=\"ez-toc-section-end\"><\/span><\/h3>\n<p>Dla os\u00f3b lubi\u0105cych szybkie wyj\u015bcia w g\u00f3ry marka stworzy\u0142a kolekcj\u0119 Pedroc. Ubrania z tej serii to odzie\u017c dopasowana do potrzeb os\u00f3b, kt\u00f3re lubi\u0105 porusza\u0107 si\u0119 w g\u00f3rach szybko. Je\u015bli lubisz dzia\u0142a\u0107 ze sportowym zaci\u0119ciem, to seria Pedroc powinna znale\u017a\u0107 si\u0119 na twoim celowniku. Salewa tworzy seri\u0119 Pedroc do:<\/p>\n<ul>\n<li>speed hikingu,<\/li>\n<li>trekkingu alpejskiego.<\/li>\n<\/ul>\n<p>W odzie\u017cy z kolekcji Pedroc liczy si\u0119 najbardziej szybkie odprowadzanie wilgoci oraz swoboda dzia\u0142a\u0144. Wystarczy zwr\u00f3ci\u0107 uwag\u0119 na dob\u00f3r materia\u0142\u00f3w. Koszulki Pedroc powstaj\u0105 z materia\u0142u Dry\u2019ton, kt\u00f3ry b\u0142yskawicznie odprowadza wilgo\u0107 i r\u00f3wnie pr\u0119dko schnie. W odzie\u017cy \u2013 od koszulek po ocieplane kurtki \u2013 stosuje si\u0119 materia\u0142y o du\u017cej elastyczno\u015bci. Dzi\u0119ki temu odzie\u017c mo\u017ce by\u0107 bardziej dopasowana i wci\u0105\u017c nie kr\u0119powa\u0107 ruch\u00f3w.<\/p>\n<p>Koszulki i <a href=\"https:\/\/skalnik.pl\/odziez\/odziez-meska\/odziez-meska-bielizna-termoaktywna\">bielizna termoaktywna<\/a> zdradza jak wa\u017cne s\u0105 detale. Warto dojrze\u0107 cho\u0107by takie szczeg\u00f3\u0142y jak p\u0142askie szwy. Takie \u0142\u0105czenia poszczeg\u00f3lnych cz\u0119\u015bci materia\u0142u nie powoduj\u0105 otar\u0107, na kt\u00f3re szczeg\u00f3lnie nara\u017cone jest cia\u0142o, w szybkim ruchu. W tego typu odzie\u017cy spotkasz cz\u0119sto materia\u0142 wzbogacony o technologi\u0119 antybakteryjn\u0105. Materia\u0142 dzi\u0119ki temu d\u0142u\u017cej mo\u017ce pozostawa\u0107 higieniczny.<\/p>\n<div id=\"attachment_9282\" style=\"width: 1034px\" class=\"wp-caption aligncenter\"><img loading=\"lazy\" decoding=\"async\" aria-describedby=\"caption-attachment-9282\" class=\"wp-image-9282 size-large\" src=\"https:\/\/skalnik.pl\/blog\/wp-content\/uploads\/2019\/10\/Salewa-kolekcja-pedroc-1024x682.jpg\" alt=\"Salewa - kolekcja pedroc\" width=\"1024\" height=\"682\" srcset=\"https:\/\/www.skalnik.pl\/blog\/wp-content\/uploads\/2019\/10\/Salewa-kolekcja-pedroc-1024x682.jpg 1024w, https:\/\/www.skalnik.pl\/blog\/wp-content\/uploads\/2019\/10\/Salewa-kolekcja-pedroc-300x200.jpg 300w, https:\/\/www.skalnik.pl\/blog\/wp-content\/uploads\/2019\/10\/Salewa-kolekcja-pedroc-768x512.jpg 768w, https:\/\/www.skalnik.pl\/blog\/wp-content\/uploads\/2019\/10\/Salewa-kolekcja-pedroc.jpg 2000w\" sizes=\"auto, (max-width: 1024px) 100vw, 1024px\" \/><p id=\"caption-attachment-9282\" class=\"wp-caption-text\">Mi\u0142o\u015bnicy speed hikingu powinni rozwa\u017cy\u0107 produkty z serii Pedroc (fot. Salewa)<\/p><\/div>\n<p>&nbsp;<\/p>\n<h3><span class=\"ez-toc-section\" id=\"Salewa_Agner_%E2%80%93_dla_wspinaczy\"><\/span>Salewa Agner &#8211; dla wspinaczy<span class=\"ez-toc-section-end\"><\/span><\/h3>\n<p>Kolejna grupa produkt\u00f3w to modele z serii Agner. Monte Agner to szczyt w Dolomitach, kt\u00f3ry s\u0142ynie z kilkuset metrowych skalnych zerw. S\u0105 one aren\u0105 trudnych wspinaczek, zatem nie trudno si\u0119 domy\u015bli\u0107, \u017ce Salewa tworzy t\u0119 kolekcj\u0119 z my\u015bl\u0105 o wspinaczach wa\u015bnie. Trzon kolekcji to ubrania do:<\/p>\n<ul>\n<li>wspinaczki alpejskiej,<\/li>\n<li>trekkingu alpejskiego.<\/li>\n<\/ul>\n<p>Trudno tu znale\u017a\u0107 modele przygotowane typowo z my\u015bl\u0105 o zimie. Do dzia\u0142a\u0144 w takich warunkach powo\u0142ana jest przecie\u017c seria Ortles.<\/p>\n<p>Agner jest wi\u0119c zasadniczo kolekcj\u0105 lekkiej odzie\u017cy na wielowyci\u0105gowe drogi w g\u00f3rach. Znajdziesz w tym segmencie przede wszystkim modele, kt\u00f3re nie kr\u0119puj\u0105 ruch\u00f3w i kt\u00f3re maj\u0105 niska wag\u0119. Opr\u00f3cz tych w\u0142a\u015bciwo\u015bci, projektanci po\u0142o\u017cyli w tej serii mocny nacisk na trwa\u0142o\u015b\u0107 tkaniny. St\u0105d w niekt\u00f3rych produktach znale\u017a\u0107 mo\u017cna wstawki z wytrzyma\u0142ej Cordury. Dzi\u0119ki temu odzie\u017c w newralgicznych strefach jest wzmocniona i bardziej odporna na kontakt ze ska\u0142\u0105. Docenia si\u0119 to na skalnych grzbietach, gdzie raz po raz trzeba przewin\u0105\u0107 si\u0119 z jednej strony na drug\u0105, w ciasnych kominach i innych tego typu formacjach skalnych.<\/p>\n<p>Kilka detali mo\u017ce przybli\u017cy\u0107 wspinaczkowego ducha tej kolekcji. W odzie\u017cy hardshell stosuje si\u0119 pakowne i lekkie membrany Powertex\u00ae o konstrukcji 2,5L. R\u0119kawy najcz\u0119\u015bciej wyposa\u017cone s\u0105 w minimalistyczne \u015bci\u0105gacze, podobnie jak nogawki spodni, kt\u00f3re musz\u0105 dopasowa\u0107 si\u0119 do w\u0105skich but\u00f3w wspinaczkowych. Uwag\u0119 zwracaj\u0105 r\u00f3wnie\u017c wy\u017cej po\u0142o\u017cone kieszenie w kurtkach i bluzach, kt\u00f3re nie koliduj\u0105 z uprz\u0119\u017cami i kaptury dopasowane do u\u017cytkowania z kaskami.<\/p>\n<p><iframe loading=\"lazy\" src=\"https:\/\/www.youtube.com\/embed\/JFG15L4ZOrM\" width=\"800\" height=\"442\" frameborder=\"0\" allowfullscreen=\"allowfullscreen\"><\/iframe><\/p>\n<h3><span class=\"ez-toc-section\" id=\"Salewa_Puez_%E2%80%93_dla_turystow\"><\/span>Salewa Puez &#8211; dla turyst\u00f3w<span class=\"ez-toc-section-end\"><\/span><\/h3>\n<p>Masyw i park krajobrazowy Puez-Odle to jedno z najpopularniejszych turystycznie miejsc w Dolomitach. W\u0142a\u015bnie masyw Puez patronuje kolekcji typowo turystycznej. Ta grupa produkt\u00f3w Salewa to bardzo bogata oferta dla os\u00f3b, kt\u00f3re sp\u0119dzaj\u0105 czas g\u0142\u00f3wnie na turystycznym szlaku. W\u015br\u00f3d produkt\u00f3w przeznaczonych przede wszystkim do<\/p>\n<ul>\n<li>turystyki,<\/li>\n<li>trekkingu,<\/li>\n<\/ul>\n<p>znajduj\u0105 si\u0119 modele o starannie zaprojektowanym kroju, w kt\u00f3rym jednak mniej b\u0119dzie typowo technicznych detali. Szeroka i kompletna oferta kolekcji (w kt\u00f3rej nie brakuje odzie\u017cy \u017cadnej warstwy) pozwala skompletowa\u0107 odpowiedni do turystyki i trekkingu model, kt\u00f3ry zazwyczaj oferowany jest w atrakcyjniejszej cenie ni\u017c na przyk\u0142ad alpinistyczna seria Ortles.<\/p>\n<p>Projektanci staraj\u0105 si\u0119, by kolekcja Puez by\u0142a zr\u00f3\u017cnicowana. Na przyk\u0142ad w\u015br\u00f3d kurtek hardshell znale\u017a\u0107 mo\u017cna zar\u00f3wno kurtki z membrana GORE-TEX\u00ae, jak i bardziej bud\u017cetowe modele na membranach Powertex, kt\u00f3re jak najbardziej sprawdz\u0105 si\u0119 przy turystycznym zastosowaniu.<\/p>\n<p>Mo\u017cna powiedzie\u0107, \u017ce kolekcj\u0105 Puez rz\u0105dzi pewnego rodzaju zasada r\u00f3wnowagi mi\u0119dzy jako\u015bci\u0105 a cen\u0105, dlatego modelom tej serii naprawd\u0119 powinni uwa\u017cnie przygl\u0105da\u0107 si\u0119 tury\u015bci. Zasad\u0105 jest tu stosowanie wielu rozwi\u0105za\u0144 w\u0142asnych marki Salewa, kt\u00f3re \u0142\u0105cz\u0105 si\u0119 z bardzo dobr\u0105 jako\u015bci\u0105, ale nie podbijaj\u0105 ceny produktu warto\u015bci\u0105 \u201cobcych\u201d technologii. Dlatego w\u0142a\u015bnie w\u015br\u00f3d produkt\u00f3w softshell niepodzielnie rz\u0105dzi materia\u0142 Durastetch, a w bluzach stretch stosowanych jako warstwa po\u015brednia, materia\u0142 Polarlite, b\u0119d\u0105cy w\u0142asnym produktem marki Salewa.<\/p>\n<div id=\"attachment_9285\" style=\"width: 1034px\" class=\"wp-caption aligncenter\"><img loading=\"lazy\" decoding=\"async\" aria-describedby=\"caption-attachment-9285\" class=\"wp-image-9285 size-large\" src=\"https:\/\/skalnik.pl\/blog\/wp-content\/uploads\/2019\/10\/Salewa-puez-1024x683.jpg\" alt=\"Salewa - puez\" width=\"1024\" height=\"683\" srcset=\"https:\/\/www.skalnik.pl\/blog\/wp-content\/uploads\/2019\/10\/Salewa-puez-1024x683.jpg 1024w, https:\/\/www.skalnik.pl\/blog\/wp-content\/uploads\/2019\/10\/Salewa-puez-300x200.jpg 300w, https:\/\/www.skalnik.pl\/blog\/wp-content\/uploads\/2019\/10\/Salewa-puez-768x512.jpg 768w, https:\/\/www.skalnik.pl\/blog\/wp-content\/uploads\/2019\/10\/Salewa-puez.jpg 2000w\" sizes=\"auto, (max-width: 1024px) 100vw, 1024px\" \/><p id=\"caption-attachment-9285\" class=\"wp-caption-text\">Puez i Fanes to kolekcje przeznaczone do trekkingu i turystyki (fot. Salewa)<\/p><\/div>\n<p>&nbsp;<\/p>\n<h3><span class=\"ez-toc-section\" id=\"Salewa_Fanes_%E2%80%93_dla_turystow_i_na_co_dzien\"><\/span>Salewa Fanes &#8211; dla turyst\u00f3w i na co dzie\u0144<span class=\"ez-toc-section-end\"><\/span><\/h3>\n<p>Podobn\u0105 grup\u0105 produkt\u00f3w jest seria Fanes. Jest to kolekcja wygodnych i funkcjonalnych modeli o bardzo szerokim zastosowaniu. Produkty tej linii sprawdz\u0105 sie przede wszystkim do:<\/p>\n<ul>\n<li>turystyki,<\/li>\n<li>trekkingu,<\/li>\n<li>podr\u00f3\u017cowania.<\/li>\n<\/ul>\n<p>Przegl\u0105daj\u0105c ofert\u0119 tego segmentu odzie\u017cy na pewno szybko dostrze\u017cesz, \u017ce mo\u017cna w niej znale\u017a\u0107 zar\u00f3wno bardziej techniczna odzie\u017c (zbli\u017con\u0105 bardzo we w\u0142a\u015bciwo\u015bciach, konstrukcjach i materia\u0142ach do produkt\u00f3w serii Puez), jak i bardzo casualowe rozwi\u0105zania. Cz\u0119\u015bci\u0105 tej kolekcji s\u0105 wygodne bluzy wykonane z mieszanek we\u0142ny i poliestru, \u201cflanelowe\u201d koszule z oddychaj\u0105cego materia\u0142u Polarlite, czy bawe\u0142niane spodnie w duchu mountain lifestyle. Seria Fanes to zdecydowanie odzie\u017c dla tych os\u00f3b, kt\u00f3re nie lubi\u0105 rozstawa\u0107 si\u0119 z outdoorowym stylem.<\/p>\n<p>&nbsp;<\/p>\n<p>Mam nadziej\u0119, \u017ce ta \u015bci\u0105ga u\u0142atwia odnale\u017a\u0107 si\u0119 po\u015br\u00f3d linii produkt\u00f3w Salewa. Dobrze przemy\u015blana kolekcja w\u0142oskiej marki to szansa na to, \u017ce ka\u017cdy, kto podziela jedn\u0105 z g\u00f3rskich pasji, b\u0119dzie w stanie dobra\u0107 odpowiedni\u0105 odzie\u017c do swoich ambicji, cel\u00f3w i stylu dzia\u0142ania w g\u00f3rach. Warto pami\u0119ta\u0107, \u017ce outdoorowymi zakupami powinny rz\u0105dzi\u0107 przede wszystkim przemy\u015blane i uzasadnione potrzebami wybory. To pewna droga do satysfakcji nie tyle z samego zakupu, ile z u\u017cytkowania produktu.<\/p>\n","protected":false},"excerpt":{"rendered":"<p>Wybierasz spodnie lub kurtk\u0119 Salewa i nie wiesz, na kt\u00f3r\u0105 si\u0119 zdecydowa\u0107? Poznaj kolekcje odzie\u017cy Salewa &#8211; ka\u017cda linia zosta\u0142a zaprojektowana z my\u015bl\u0105 o innych aktywno\u015bciach. Przeczytaj artyku\u0142, a nazwy Ortles, Puez czy Pedroc przestan\u0105 by\u0107 nierozwi\u0105zan\u0105 zagadk\u0105.<\/p>\n","protected":false},"author":8,"featured_media":9277,"comment_status":"open","ping_status":"open","sticky":false,"template":"","format":"standard","meta":{"_acf_changed":false,"footnotes":""},"categories":[5],"tags":[15,99,126],"magento_category":[190],"magento_product":[],"class_list":["post-9263","post","type-post","status-publish","format-standard","has-post-thumbnail","hentry","category-branza","tag-odziez","tag-rynek-outdoor","tag-salewa"],"acf":[],"aioseo_notices":[],"aioseo_head":"\n\t\t<!-- All in One SEO 4.9.10 - aioseo.com -->\n\t<meta name=\"description\" content=\"Salewa to marka, kt\u00f3rej proces projektowania jest mocno przemy\u015blany. Poznaj poszczeg\u00f3lne kolekcje odzie\u017cy Salewa i dowiedz si\u0119 do jakich aktywno\u015bci zosta\u0142y zaprojektowane.\" \/>\n\t<meta name=\"robots\" content=\"max-image-preview:large\" \/>\n\t<meta name=\"author\" content=\"S\u0142awek Nosal\"\/>\n\t<link rel=\"canonical\" href=\"https:\/\/www.skalnik.pl\/blog\/salewa-przewodnik-po-kolekcjach-odziezy\/\" \/>\n\t<meta name=\"generator\" content=\"All in One SEO (AIOSEO) 4.9.10\" \/>\n\t\t<meta property=\"og:locale\" content=\"pl_PL\" \/>\n\t\t<meta property=\"og:site_name\" content=\"blog Skalnik - Blog, porady, artyku\u0142y - blog Skalnik\" \/>\n\t\t<meta property=\"og:type\" content=\"article\" \/>\n\t\t<meta property=\"og:title\" content=\"Salewa \u2013 przewodnik po kolekcjach odzie\u017cy - blog Skalnik\" \/>\n\t\t<meta property=\"og:description\" content=\"Salewa to marka, kt\u00f3rej proces projektowania jest mocno przemy\u015blany. Poznaj poszczeg\u00f3lne kolekcje odzie\u017cy Salewa i dowiedz si\u0119 do jakich aktywno\u015bci zosta\u0142y zaprojektowane.\" \/>\n\t\t<meta property=\"og:url\" content=\"https:\/\/www.skalnik.pl\/blog\/salewa-przewodnik-po-kolekcjach-odziezy\/\" \/>\n\t\t<meta property=\"og:image\" content=\"https:\/\/skalnik.pl\/blog\/wp-content\/uploads\/2019\/10\/DOLOMITI_traverse_3712-1024x682.jpg\" \/>\n\t\t<meta property=\"og:image:secure_url\" content=\"https:\/\/skalnik.pl\/blog\/wp-content\/uploads\/2019\/10\/DOLOMITI_traverse_3712-1024x682.jpg\" \/>\n\t\t<meta property=\"article:tag\" content=\"bran\u017ca\" \/>\n\t\t<meta property=\"article:tag\" content=\"odzie\u017c\" \/>\n\t\t<meta property=\"article:tag\" content=\"rynek outdoor\" \/>\n\t\t<meta property=\"article:tag\" content=\"salewa\" \/>\n\t\t<meta property=\"article:published_time\" content=\"2019-10-23T09:09:01+00:00\" \/>\n\t\t<meta property=\"article:modified_time\" content=\"2020-01-28T11:52:28+00:00\" \/>\n\t\t<meta name=\"twitter:card\" content=\"summary_large_image\" \/>\n\t\t<meta name=\"twitter:title\" content=\"Salewa \u2013 przewodnik po kolekcjach odzie\u017cy - blog Skalnik\" \/>\n\t\t<meta name=\"twitter:description\" content=\"Salewa to marka, kt\u00f3rej proces projektowania jest mocno przemy\u015blany. Poznaj poszczeg\u00f3lne kolekcje odzie\u017cy Salewa i dowiedz si\u0119 do jakich aktywno\u015bci zosta\u0142y zaprojektowane.\" \/>\n\t\t<meta name=\"twitter:image\" content=\"https:\/\/skalnik.pl\/blog\/wp-content\/uploads\/2019\/10\/DOLOMITI_traverse_3712-1024x682.jpg\" \/>\n\t\t<script type=\"application\/ld+json\" class=\"aioseo-schema\">\n\t\t\t{\"@context\":\"https:\\\/\\\/schema.org\",\"@graph\":[{\"@type\":\"BlogPosting\",\"@id\":\"https:\\\/\\\/www.skalnik.pl\\\/blog\\\/salewa-przewodnik-po-kolekcjach-odziezy\\\/#blogposting\",\"name\":\"Salewa \\u2013 przewodnik po kolekcjach odzie\\u017cy - blog Skalnik\",\"headline\":\"Salewa &#8211; przewodnik po kolekcjach odzie\\u017cy\",\"author\":{\"@id\":\"https:\\\/\\\/www.skalnik.pl\\\/blog\\\/author\\\/slawek-nosal\\\/#author\"},\"publisher\":{\"@id\":\"https:\\\/\\\/www.skalnik.pl\\\/blog\\\/#organization\"},\"image\":{\"@type\":\"ImageObject\",\"url\":\"https:\\\/\\\/www.skalnik.pl\\\/blog\\\/wp-content\\\/uploads\\\/2019\\\/10\\\/Salewa-kurtki-i-spodnie-z-r\\u00f3\\u017cnych-kolekcji.jpg\",\"width\":1920,\"height\":706,\"caption\":\"Salewa - kurtki i spodnie z r\\u00f3\\u017cnych kolekcji\"},\"datePublished\":\"2019-10-23T11:09:01+02:00\",\"dateModified\":\"2020-01-28T12:52:28+02:00\",\"inLanguage\":\"pl-PL\",\"mainEntityOfPage\":{\"@id\":\"https:\\\/\\\/www.skalnik.pl\\\/blog\\\/salewa-przewodnik-po-kolekcjach-odziezy\\\/#webpage\"},\"isPartOf\":{\"@id\":\"https:\\\/\\\/www.skalnik.pl\\\/blog\\\/salewa-przewodnik-po-kolekcjach-odziezy\\\/#webpage\"},\"articleSection\":\"Bran\\u017ca, odzie\\u017c, rynek outdoor, salewa, 1088\"},{\"@type\":\"BreadcrumbList\",\"@id\":\"https:\\\/\\\/www.skalnik.pl\\\/blog\\\/salewa-przewodnik-po-kolekcjach-odziezy\\\/#breadcrumblist\",\"itemListElement\":[{\"@type\":\"ListItem\",\"@id\":\"https:\\\/\\\/www.skalnik.pl\\\/blog#listItem\",\"position\":1,\"name\":\"Home\",\"item\":\"https:\\\/\\\/www.skalnik.pl\\\/blog\",\"nextItem\":{\"@type\":\"ListItem\",\"@id\":\"https:\\\/\\\/www.skalnik.pl\\\/blog\\\/.\\\/branza\\\/#listItem\",\"name\":\"Bran\\u017ca\"}},{\"@type\":\"ListItem\",\"@id\":\"https:\\\/\\\/www.skalnik.pl\\\/blog\\\/.\\\/branza\\\/#listItem\",\"position\":2,\"name\":\"Bran\\u017ca\",\"item\":\"https:\\\/\\\/www.skalnik.pl\\\/blog\\\/.\\\/branza\\\/\",\"nextItem\":{\"@type\":\"ListItem\",\"@id\":\"https:\\\/\\\/www.skalnik.pl\\\/blog\\\/salewa-przewodnik-po-kolekcjach-odziezy\\\/#listItem\",\"name\":\"Salewa &#8211; przewodnik po kolekcjach odzie\\u017cy\"},\"previousItem\":{\"@type\":\"ListItem\",\"@id\":\"https:\\\/\\\/www.skalnik.pl\\\/blog#listItem\",\"name\":\"Home\"}},{\"@type\":\"ListItem\",\"@id\":\"https:\\\/\\\/www.skalnik.pl\\\/blog\\\/salewa-przewodnik-po-kolekcjach-odziezy\\\/#listItem\",\"position\":3,\"name\":\"Salewa &#8211; przewodnik po kolekcjach odzie\\u017cy\",\"previousItem\":{\"@type\":\"ListItem\",\"@id\":\"https:\\\/\\\/www.skalnik.pl\\\/blog\\\/.\\\/branza\\\/#listItem\",\"name\":\"Bran\\u017ca\"}}]},{\"@type\":\"Organization\",\"@id\":\"https:\\\/\\\/www.skalnik.pl\\\/blog\\\/#organization\",\"name\":\"blog Skalnik\",\"description\":\"Blog, porady, artyku\\u0142y - blog Skalnik\",\"url\":\"https:\\\/\\\/www.skalnik.pl\\\/blog\\\/\"},{\"@type\":\"Person\",\"@id\":\"https:\\\/\\\/www.skalnik.pl\\\/blog\\\/author\\\/slawek-nosal\\\/#author\",\"url\":\"https:\\\/\\\/www.skalnik.pl\\\/blog\\\/author\\\/slawek-nosal\\\/\",\"name\":\"S\\u0142awek Nosal\",\"image\":{\"@type\":\"ImageObject\",\"@id\":\"https:\\\/\\\/www.skalnik.pl\\\/blog\\\/salewa-przewodnik-po-kolekcjach-odziezy\\\/#authorImage\",\"url\":\"https:\\\/\\\/secure.gravatar.com\\\/avatar\\\/376f39150afcfc713e809ef8313d42dee4210bb1425eaad8153efa8965009197?s=96&d=mm&r=g\",\"width\":96,\"height\":96,\"caption\":\"S\\u0142awek Nosal\"}},{\"@type\":\"WebPage\",\"@id\":\"https:\\\/\\\/www.skalnik.pl\\\/blog\\\/salewa-przewodnik-po-kolekcjach-odziezy\\\/#webpage\",\"url\":\"https:\\\/\\\/www.skalnik.pl\\\/blog\\\/salewa-przewodnik-po-kolekcjach-odziezy\\\/\",\"name\":\"Salewa \\u2013 przewodnik po kolekcjach odzie\\u017cy - blog Skalnik\",\"description\":\"Salewa to marka, kt\\u00f3rej proces projektowania jest mocno przemy\\u015blany. Poznaj poszczeg\\u00f3lne kolekcje odzie\\u017cy Salewa i dowiedz si\\u0119 do jakich aktywno\\u015bci zosta\\u0142y zaprojektowane.\",\"inLanguage\":\"pl-PL\",\"isPartOf\":{\"@id\":\"https:\\\/\\\/www.skalnik.pl\\\/blog\\\/#website\"},\"breadcrumb\":{\"@id\":\"https:\\\/\\\/www.skalnik.pl\\\/blog\\\/salewa-przewodnik-po-kolekcjach-odziezy\\\/#breadcrumblist\"},\"author\":{\"@id\":\"https:\\\/\\\/www.skalnik.pl\\\/blog\\\/author\\\/slawek-nosal\\\/#author\"},\"creator\":{\"@id\":\"https:\\\/\\\/www.skalnik.pl\\\/blog\\\/author\\\/slawek-nosal\\\/#author\"},\"image\":{\"@type\":\"ImageObject\",\"url\":\"https:\\\/\\\/www.skalnik.pl\\\/blog\\\/wp-content\\\/uploads\\\/2019\\\/10\\\/Salewa-kurtki-i-spodnie-z-r\\u00f3\\u017cnych-kolekcji.jpg\",\"@id\":\"https:\\\/\\\/www.skalnik.pl\\\/blog\\\/salewa-przewodnik-po-kolekcjach-odziezy\\\/#mainImage\",\"width\":1920,\"height\":706,\"caption\":\"Salewa - kurtki i spodnie z r\\u00f3\\u017cnych kolekcji\"},\"primaryImageOfPage\":{\"@id\":\"https:\\\/\\\/www.skalnik.pl\\\/blog\\\/salewa-przewodnik-po-kolekcjach-odziezy\\\/#mainImage\"},\"datePublished\":\"2019-10-23T11:09:01+02:00\",\"dateModified\":\"2020-01-28T12:52:28+02:00\"},{\"@type\":\"WebSite\",\"@id\":\"https:\\\/\\\/www.skalnik.pl\\\/blog\\\/#website\",\"url\":\"https:\\\/\\\/www.skalnik.pl\\\/blog\\\/\",\"name\":\"blog Skalnik\",\"description\":\"Blog, porady, artyku\\u0142y - blog Skalnik\",\"inLanguage\":\"pl-PL\",\"publisher\":{\"@id\":\"https:\\\/\\\/www.skalnik.pl\\\/blog\\\/#organization\"}}]}\n\t\t<\/script>\n\t\t<!-- All in One SEO -->\n\n","aioseo_head_json":{"title":"Salewa \u2013 przewodnik po kolekcjach odzie\u017cy - blog Skalnik","description":"Salewa to marka, kt\u00f3rej proces projektowania jest mocno przemy\u015blany. Poznaj poszczeg\u00f3lne kolekcje odzie\u017cy Salewa i dowiedz si\u0119 do jakich aktywno\u015bci zosta\u0142y zaprojektowane.","canonical_url":"https:\/\/www.skalnik.pl\/blog\/salewa-przewodnik-po-kolekcjach-odziezy\/","robots":"max-image-preview:large","keywords":"","webmasterTools":{"miscellaneous":""},"schema":{"@context":"https:\/\/schema.org","@graph":[{"@type":"BlogPosting","@id":"https:\/\/www.skalnik.pl\/blog\/salewa-przewodnik-po-kolekcjach-odziezy\/#blogposting","name":"Salewa \u2013 przewodnik po kolekcjach odzie\u017cy - blog Skalnik","headline":"Salewa &#8211; przewodnik po kolekcjach odzie\u017cy","author":{"@id":"https:\/\/www.skalnik.pl\/blog\/author\/slawek-nosal\/#author"},"publisher":{"@id":"https:\/\/www.skalnik.pl\/blog\/#organization"},"image":{"@type":"ImageObject","url":"https:\/\/www.skalnik.pl\/blog\/wp-content\/uploads\/2019\/10\/Salewa-kurtki-i-spodnie-z-r\u00f3\u017cnych-kolekcji.jpg","width":1920,"height":706,"caption":"Salewa - kurtki i spodnie z r\u00f3\u017cnych kolekcji"},"datePublished":"2019-10-23T11:09:01+02:00","dateModified":"2020-01-28T12:52:28+02:00","inLanguage":"pl-PL","mainEntityOfPage":{"@id":"https:\/\/www.skalnik.pl\/blog\/salewa-przewodnik-po-kolekcjach-odziezy\/#webpage"},"isPartOf":{"@id":"https:\/\/www.skalnik.pl\/blog\/salewa-przewodnik-po-kolekcjach-odziezy\/#webpage"},"articleSection":"Bran\u017ca, odzie\u017c, rynek outdoor, salewa, 1088"},{"@type":"BreadcrumbList","@id":"https:\/\/www.skalnik.pl\/blog\/salewa-przewodnik-po-kolekcjach-odziezy\/#breadcrumblist","itemListElement":[{"@type":"ListItem","@id":"https:\/\/www.skalnik.pl\/blog#listItem","position":1,"name":"Home","item":"https:\/\/www.skalnik.pl\/blog","nextItem":{"@type":"ListItem","@id":"https:\/\/www.skalnik.pl\/blog\/.\/branza\/#listItem","name":"Bran\u017ca"}},{"@type":"ListItem","@id":"https:\/\/www.skalnik.pl\/blog\/.\/branza\/#listItem","position":2,"name":"Bran\u017ca","item":"https:\/\/www.skalnik.pl\/blog\/.\/branza\/","nextItem":{"@type":"ListItem","@id":"https:\/\/www.skalnik.pl\/blog\/salewa-przewodnik-po-kolekcjach-odziezy\/#listItem","name":"Salewa &#8211; przewodnik po kolekcjach odzie\u017cy"},"previousItem":{"@type":"ListItem","@id":"https:\/\/www.skalnik.pl\/blog#listItem","name":"Home"}},{"@type":"ListItem","@id":"https:\/\/www.skalnik.pl\/blog\/salewa-przewodnik-po-kolekcjach-odziezy\/#listItem","position":3,"name":"Salewa &#8211; przewodnik po kolekcjach odzie\u017cy","previousItem":{"@type":"ListItem","@id":"https:\/\/www.skalnik.pl\/blog\/.\/branza\/#listItem","name":"Bran\u017ca"}}]},{"@type":"Organization","@id":"https:\/\/www.skalnik.pl\/blog\/#organization","name":"blog Skalnik","description":"Blog, porady, artyku\u0142y - blog Skalnik","url":"https:\/\/www.skalnik.pl\/blog\/"},{"@type":"Person","@id":"https:\/\/www.skalnik.pl\/blog\/author\/slawek-nosal\/#author","url":"https:\/\/www.skalnik.pl\/blog\/author\/slawek-nosal\/","name":"S\u0142awek Nosal","image":{"@type":"ImageObject","@id":"https:\/\/www.skalnik.pl\/blog\/salewa-przewodnik-po-kolekcjach-odziezy\/#authorImage","url":"https:\/\/secure.gravatar.com\/avatar\/376f39150afcfc713e809ef8313d42dee4210bb1425eaad8153efa8965009197?s=96&d=mm&r=g","width":96,"height":96,"caption":"S\u0142awek Nosal"}},{"@type":"WebPage","@id":"https:\/\/www.skalnik.pl\/blog\/salewa-przewodnik-po-kolekcjach-odziezy\/#webpage","url":"https:\/\/www.skalnik.pl\/blog\/salewa-przewodnik-po-kolekcjach-odziezy\/","name":"Salewa \u2013 przewodnik po kolekcjach odzie\u017cy - blog Skalnik","description":"Salewa to marka, kt\u00f3rej proces projektowania jest mocno przemy\u015blany. Poznaj poszczeg\u00f3lne kolekcje odzie\u017cy Salewa i dowiedz si\u0119 do jakich aktywno\u015bci zosta\u0142y zaprojektowane.","inLanguage":"pl-PL","isPartOf":{"@id":"https:\/\/www.skalnik.pl\/blog\/#website"},"breadcrumb":{"@id":"https:\/\/www.skalnik.pl\/blog\/salewa-przewodnik-po-kolekcjach-odziezy\/#breadcrumblist"},"author":{"@id":"https:\/\/www.skalnik.pl\/blog\/author\/slawek-nosal\/#author"},"creator":{"@id":"https:\/\/www.skalnik.pl\/blog\/author\/slawek-nosal\/#author"},"image":{"@type":"ImageObject","url":"https:\/\/www.skalnik.pl\/blog\/wp-content\/uploads\/2019\/10\/Salewa-kurtki-i-spodnie-z-r\u00f3\u017cnych-kolekcji.jpg","@id":"https:\/\/www.skalnik.pl\/blog\/salewa-przewodnik-po-kolekcjach-odziezy\/#mainImage","width":1920,"height":706,"caption":"Salewa - kurtki i spodnie z r\u00f3\u017cnych kolekcji"},"primaryImageOfPage":{"@id":"https:\/\/www.skalnik.pl\/blog\/salewa-przewodnik-po-kolekcjach-odziezy\/#mainImage"},"datePublished":"2019-10-23T11:09:01+02:00","dateModified":"2020-01-28T12:52:28+02:00"},{"@type":"WebSite","@id":"https:\/\/www.skalnik.pl\/blog\/#website","url":"https:\/\/www.skalnik.pl\/blog\/","name":"blog Skalnik","description":"Blog, porady, artyku\u0142y - blog Skalnik","inLanguage":"pl-PL","publisher":{"@id":"https:\/\/www.skalnik.pl\/blog\/#organization"}}]},"og:locale":"pl_PL","og:site_name":"blog Skalnik - Blog, porady, artyku\u0142y - blog Skalnik","og:type":"article","og:title":"Salewa \u2013 przewodnik po kolekcjach odzie\u017cy - blog Skalnik","og:description":"Salewa to marka, kt\u00f3rej proces projektowania jest mocno przemy\u015blany. Poznaj poszczeg\u00f3lne kolekcje odzie\u017cy Salewa i dowiedz si\u0119 do jakich aktywno\u015bci zosta\u0142y zaprojektowane.","og:url":"https:\/\/www.skalnik.pl\/blog\/salewa-przewodnik-po-kolekcjach-odziezy\/","og:image":"https:\/\/skalnik.pl\/blog\/wp-content\/uploads\/2019\/10\/DOLOMITI_traverse_3712-1024x682.jpg","og:image:secure_url":"https:\/\/skalnik.pl\/blog\/wp-content\/uploads\/2019\/10\/DOLOMITI_traverse_3712-1024x682.jpg","article:tag":["bran\u017ca","odzie\u017c","rynek outdoor","salewa"],"article:published_time":"2019-10-23T09:09:01+00:00","article:modified_time":"2020-01-28T11:52:28+00:00","twitter:card":"summary_large_image","twitter:title":"Salewa \u2013 przewodnik po kolekcjach odzie\u017cy - blog Skalnik","twitter:description":"Salewa to marka, kt\u00f3rej proces projektowania jest mocno przemy\u015blany. Poznaj poszczeg\u00f3lne kolekcje odzie\u017cy Salewa i dowiedz si\u0119 do jakich aktywno\u015bci zosta\u0142y zaprojektowane.","twitter:image":"https:\/\/skalnik.pl\/blog\/wp-content\/uploads\/2019\/10\/DOLOMITI_traverse_3712-1024x682.jpg"},"aioseo_meta_data":{"post_id":"9263","title":"","description":"Salewa to marka, kt\u00f3rej proces projektowania jest mocno przemy\u015blany. Poznaj poszczeg\u00f3lne kolekcje odzie\u017cy Salewa i dowiedz si\u0119 do jakich aktywno\u015bci zosta\u0142y zaprojektowane.","keywords":[{"label":"salewa","value":"salewa"},{"label":"odzie\u017c salewa","value":"odzie\u017c salewa"},{"label":"kurtka salewa","value":"kurtka salewa"},{"label":"spodnie salewa","value":"spodnie salewa"}],"keyphrases":null,"primary_term":null,"canonical_url":null,"og_title":null,"og_description":null,"og_object_type":"default","og_image_type":"default","og_image_url":null,"og_image_width":null,"og_image_height":null,"og_image_custom_url":null,"og_image_custom_fields":null,"og_video":null,"og_custom_url":null,"og_article_section":null,"og_article_tags":null,"twitter_use_og":false,"twitter_card":"default","twitter_image_type":"default","twitter_image_url":null,"twitter_image_custom_url":null,"twitter_image_custom_fields":null,"twitter_title":null,"twitter_description":null,"schema":{"blockGraphs":[],"customGraphs":[],"default":{"data":{"Article":[],"Course":[],"Dataset":[],"FAQPage":[],"Movie":[],"Person":[],"Product":[],"ProductReview":[],"Car":[],"Recipe":[],"Service":[],"SoftwareApplication":[],"WebPage":[]},"graphName":"BlogPosting","isEnabled":true},"graphs":[]},"schema_type":"default","schema_type_options":null,"pillar_content":false,"robots_default":true,"robots_noindex":false,"robots_noarchive":false,"robots_nosnippet":false,"robots_nofollow":false,"robots_noimageindex":false,"robots_noodp":false,"robots_notranslate":false,"robots_max_snippet":null,"robots_max_videopreview":null,"robots_max_imagepreview":"large","priority":null,"frequency":null,"local_seo":null,"breadcrumb_settings":null,"limit_modified_date":false,"ai":null,"created":"2022-08-26 10:06:53","updated":"2026-02-17 21:39:43","seo_analyzer_scan_date":null},"aioseo_breadcrumb":"<div class=\"aioseo-breadcrumbs\"><span class=\"aioseo-breadcrumb\">\n\t\t\t<a href=\"https:\/\/www.skalnik.pl\/blog\" title=\"Home\">Home<\/a>\n\t\t<\/span><span class=\"aioseo-breadcrumb-separator\">&raquo;<\/span><span class=\"aioseo-breadcrumb\">\n\t\t\t<a href=\"https:\/\/www.skalnik.pl\/blog\/.\/branza\/\" title=\"Bran\u017ca\">Bran\u017ca<\/a>\n\t\t<\/span><span class=\"aioseo-breadcrumb-separator\">&raquo;<\/span><span class=\"aioseo-breadcrumb\">\n\t\t\tSalewa \u2013 przewodnik po kolekcjach odzie\u017cy\n\t\t<\/span><\/div>","aioseo_breadcrumb_json":[{"label":"Home","link":"https:\/\/www.skalnik.pl\/blog"},{"label":"Bran\u017ca","link":"https:\/\/www.skalnik.pl\/blog\/.\/branza\/"},{"label":"Salewa &#8211; przewodnik po kolekcjach odzie\u017cy","link":"https:\/\/www.skalnik.pl\/blog\/salewa-przewodnik-po-kolekcjach-odziezy\/"}],"_links":{"self":[{"href":"https:\/\/www.skalnik.pl\/blog\/wp-json\/wp\/v2\/posts\/9263","targetHints":{"allow":["GET"]}}],"collection":[{"href":"https:\/\/www.skalnik.pl\/blog\/wp-json\/wp\/v2\/posts"}],"about":[{"href":"https:\/\/www.skalnik.pl\/blog\/wp-json\/wp\/v2\/types\/post"}],"author":[{"embeddable":true,"href":"https:\/\/www.skalnik.pl\/blog\/wp-json\/wp\/v2\/users\/8"}],"replies":[{"embeddable":true,"href":"https:\/\/www.skalnik.pl\/blog\/wp-json\/wp\/v2\/comments?post=9263"}],"version-history":[{"count":21,"href":"https:\/\/www.skalnik.pl\/blog\/wp-json\/wp\/v2\/posts\/9263\/revisions"}],"predecessor-version":[{"id":11119,"href":"https:\/\/www.skalnik.pl\/blog\/wp-json\/wp\/v2\/posts\/9263\/revisions\/11119"}],"wp:featuredmedia":[{"embeddable":true,"href":"https:\/\/www.skalnik.pl\/blog\/wp-json\/wp\/v2\/media\/9277"}],"wp:attachment":[{"href":"https:\/\/www.skalnik.pl\/blog\/wp-json\/wp\/v2\/media?parent=9263"}],"wp:term":[{"taxonomy":"category","embeddable":true,"href":"https:\/\/www.skalnik.pl\/blog\/wp-json\/wp\/v2\/categories?post=9263"},{"taxonomy":"post_tag","embeddable":true,"href":"https:\/\/www.skalnik.pl\/blog\/wp-json\/wp\/v2\/tags?post=9263"},{"taxonomy":"magento_category","embeddable":true,"href":"https:\/\/www.skalnik.pl\/blog\/wp-json\/wp\/v2\/magento_category?post=9263"},{"taxonomy":"magento_product","embeddable":true,"href":"https:\/\/www.skalnik.pl\/blog\/wp-json\/wp\/v2\/magento_product?post=9263"}],"curies":[{"name":"wp","href":"https:\/\/api.w.org\/{rel}","templated":true}]}}