{"id":9298,"date":"2019-10-28T07:30:58","date_gmt":"2019-10-28T06:30:58","guid":{"rendered":"https:\/\/skalnik.pl\/blog\/?p=9298"},"modified":"2019-10-25T16:03:23","modified_gmt":"2019-10-25T14:03:23","slug":"jaki-termos-w-gory","status":"publish","type":"post","link":"https:\/\/www.skalnik.pl\/blog\/jaki-termos-w-gory\/","title":{"rendered":"Jaki termos w g\u00f3ry?"},"content":{"rendered":"<p><b>Wiatr, deszcz, mg\u0142a \u2013 ka\u017cdy mi\u0142o\u015bnik g\u00f3r pr\u0119dzej lub p\u00f3\u017aniej natrafi na tak\u0105 pogod\u0119 na szlaku. W takim momencie mo\u017cesz zacz\u0105\u0107 z ut\u0119sknieniem my\u015ble\u0107 o kominku oraz grubym kocu lub wyci\u0105gn\u0105\u0107 z plecaka termos i poprawi\u0107 sobie nastr\u00f3j cudownie rozgrzewaj\u0105c\u0105 herbat\u0105.<\/b><\/p>\n<p>Gor\u0105cy nap\u00f3j w zimny dzie\u0144 wspaniale podnosi morale i przywraca si\u0142y. Nic wi\u0119c dziwnego, \u017ce <a href=\"https:\/\/skalnik.pl\/sprzet-turystyczny\/camping\/camping-termosy\">termos<\/a> jest dla wielu os\u00f3b jedn\u0105 z najwa\u017cniejszych rzeczy niesionych w plecaku. Obecnie w ofercie producent\u00f3w znajdziemy nie tylko tradycyjne termosy na gor\u0105ce lub zimne p\u0142yny, lecz tak\u017ce termosy obiadowe. Dzi\u0119ki nim nie b\u0119dziesz potrzebowa\u0107 kuchenki, by cieszy\u0107 si\u0119 gor\u0105cym posi\u0142kiem na szczycie.<\/p>\n<p>Na co jednak zwr\u00f3ci\u0107 uwag\u0119, wybieraj\u0105c termos turystyczny lub termos obiadowy? Jak wybra\u0107 termos dla dzieci? Aby termos sta\u0142 si\u0119 twoim niezawodnym towarzyszem na szlaku, przed zakupem odpowiedz sobie na kilka pyta\u0144.<\/p>\n<p>&nbsp;<\/p>\n<div id=\"ez-toc-container\" class=\"ez-toc-v2_0_85 counter-hierarchy ez-toc-counter ez-toc-light-blue ez-toc-container-direction\">\n<div class=\"ez-toc-title-container\">\n<p class=\"ez-toc-title\" style=\"cursor:inherit\">SPIS TRE\u015aCI <\/p>\n<span class=\"ez-toc-title-toggle\"><a href=\"#\" class=\"ez-toc-pull-right ez-toc-btn ez-toc-btn-xs ez-toc-btn-default ez-toc-toggle\" aria-label=\"Prze\u0142\u0105cznik Spisu Tre\u015bci\"><span class=\"ez-toc-js-icon-con\"><span class=\"\"><span class=\"eztoc-hide\" style=\"display:none;\">Toggle<\/span><span class=\"ez-toc-icon-toggle-span\"><svg style=\"fill: #999;color:#999\" xmlns=\"http:\/\/www.w3.org\/2000\/svg\" class=\"list-377408\" width=\"20px\" height=\"20px\" viewBox=\"0 0 24 24\" fill=\"none\"><path d=\"M6 6H4v2h2V6zm14 0H8v2h12V6zM4 11h2v2H4v-2zm16 0H8v2h12v-2zM4 16h2v2H4v-2zm16 0H8v2h12v-2z\" fill=\"currentColor\"><\/path><\/svg><svg style=\"fill: #999;color:#999\" class=\"arrow-unsorted-368013\" xmlns=\"http:\/\/www.w3.org\/2000\/svg\" width=\"10px\" height=\"10px\" viewBox=\"0 0 24 24\" version=\"1.2\" baseProfile=\"tiny\"><path d=\"M18.2 9.3l-6.2-6.3-6.2 6.3c-.2.2-.3.4-.3.7s.1.5.3.7c.2.2.4.3.7.3h11c.3 0 .5-.1.7-.3.2-.2.3-.5.3-.7s-.1-.5-.3-.7zM5.8 14.7l6.2 6.3 6.2-6.3c.2-.2.3-.5.3-.7s-.1-.5-.3-.7c-.2-.2-.4-.3-.7-.3h-11c-.3 0-.5.1-.7.3-.2.2-.3.5-.3.7s.1.5.3.7z\"\/><\/svg><\/span><\/span><\/span><\/a><\/span><\/div>\n<nav><ul class='ez-toc-list ez-toc-list-level-1 ' ><li class='ez-toc-page-1 ez-toc-heading-level-2'><a class=\"ez-toc-link ez-toc-heading-1\" href=\"https:\/\/www.skalnik.pl\/blog\/jaki-termos-w-gory\/#Jak_wybrac_termos_turystyczny\" >Jak wybra\u0107 termos turystyczny?<\/a><\/li><li class='ez-toc-page-1 ez-toc-heading-level-2'><a class=\"ez-toc-link ez-toc-heading-2\" href=\"https:\/\/www.skalnik.pl\/blog\/jaki-termos-w-gory\/#Na_jakie_pytania_nalezy_sobie_odpowiedziec_wybierajac_termos_turystyczny\" >Na jakie pytania nale\u017cy sobie odpowiedzie\u0107, wybieraj\u0105c termos turystyczny?<\/a><ul class='ez-toc-list-level-3' ><li class='ez-toc-heading-level-3'><a class=\"ez-toc-link ez-toc-heading-3\" href=\"https:\/\/www.skalnik.pl\/blog\/jaki-termos-w-gory\/#1_Jakiej_pojemnosci_termos_potrzebujesz\" >1. Jakiej pojemno\u015bci termos potrzebujesz?<\/a><\/li><li class='ez-toc-page-1 ez-toc-heading-level-3'><a class=\"ez-toc-link ez-toc-heading-4\" href=\"https:\/\/www.skalnik.pl\/blog\/jaki-termos-w-gory\/#2_Jaki_korek_wybierasz\" >2. Jaki korek wybierasz?<\/a><\/li><li class='ez-toc-page-1 ez-toc-heading-level-3'><a class=\"ez-toc-link ez-toc-heading-5\" href=\"https:\/\/www.skalnik.pl\/blog\/jaki-termos-w-gory\/#3_Jak_chcesz_trzymac_termos_turystyczny\" >3. Jak chcesz trzyma\u0107 termos turystyczny?<\/a><\/li><\/ul><\/li><li class='ez-toc-page-1 ez-toc-heading-level-2'><a class=\"ez-toc-link ez-toc-heading-6\" href=\"https:\/\/www.skalnik.pl\/blog\/jaki-termos-w-gory\/#Jak_wybrac_dobry_termos_obiadowy\" >Jak wybra\u0107 dobry termos obiadowy?<\/a><\/li><li class='ez-toc-page-1 ez-toc-heading-level-2'><a class=\"ez-toc-link ez-toc-heading-7\" href=\"https:\/\/www.skalnik.pl\/blog\/jaki-termos-w-gory\/#Na_co_zwrocic_uwage_wybierajac_termos_dla_dzieci\" >Na co zwr\u00f3ci\u0107 uwag\u0119, wybieraj\u0105c termos dla dzieci?<\/a><\/li><\/ul><\/nav><\/div>\n<h2><span class=\"ez-toc-section\" id=\"Jak_wybrac_termos_turystyczny\"><\/span>Jak wybra\u0107 termos turystyczny?<span class=\"ez-toc-section-end\"><\/span><\/h2>\n<p>Na pocz\u0105tek przyjrz\u0119 si\u0119 tradycyjnemu termosowi na p\u0142yny. Obecnie na rynku dominuj\u0105 te wykonywane z wysokiej jako\u015bci nierdzewnej stali szlachetnej. Maj\u0105 one nieco gorsze w\u0142a\u015bciwo\u015bci termiczne ni\u017c termosy szklane, ale s\u0105 oczywi\u015bcie o wiele trwalsze i l\u017cejsze. Stalowe termosy nie poch\u0142aniaj\u0105 te\u017c zapach\u00f3w przechowywanych produkt\u00f3w i s\u0105 do\u015b\u0107 \u0142atwe w piel\u0119gnacji.<\/p>\n<p>Mimo \u017ce pierwszym skojarzeniem z termosem jest zazwyczaj paruj\u0105ca kawa lub herbata, to pami\u0119taj, \u017ce dobrym pomys\u0142em na upalny dzie\u0144 jest zabranie w tym szczelnym opakowaniu zimnego napoju. Termos ma bowiem jedno zadanie: jak najd\u0142u\u017cej zachowa\u0107 pierwotn\u0105 temperatur\u0119 zawarto\u015bci, niezale\u017cnie od tego ile ona wynosi. A jak w\u0142a\u015bciwie termosy osi\u0105gaj\u0105 ten cel?<\/p>\n<p>Nowoczesny termos jest naczyniem z podw\u00f3jnymi \u015bciankami, spomi\u0119dzy kt\u00f3rych wypompowano powietrze. To w\u0142a\u015bnie ta pusta przestrze\u0144 o niskim ci\u015bnieniu (tzw. pr\u00f3\u017cnia techniczna) izoluje zawarto\u015b\u0107 od otoczenia. Producenci stosuj\u0105 tak\u017ce inne sztuczki, by ograniczy\u0107 wymian\u0119 ciep\u0142a. Pokrywaj\u0105 cho\u0107by \u015bcianki na zewn\u0105trz substancj\u0105 odbijaj\u0105c\u0105 \u015bwiat\u0142o i oczywi\u015bcie dbaj\u0105 o jak najwi\u0119ksz\u0105 szczelno\u015b\u0107 korka.<\/p>\n<p>&nbsp;<\/p>\n<div id=\"attachment_9369\" style=\"width: 1034px\" class=\"wp-caption aligncenter\"><img loading=\"lazy\" decoding=\"async\" aria-describedby=\"caption-attachment-9369\" class=\"wp-image-9369 size-large\" src=\"https:\/\/skalnik.pl\/blog\/wp-content\/uploads\/2019\/10\/ilustracja-termos-z-podpisami-1024x600.jpg\" alt=\"Jak zbudowany jest termos\" width=\"1024\" height=\"600\" srcset=\"https:\/\/www.skalnik.pl\/blog\/wp-content\/uploads\/2019\/10\/ilustracja-termos-z-podpisami.jpg 1024w, https:\/\/www.skalnik.pl\/blog\/wp-content\/uploads\/2019\/10\/ilustracja-termos-z-podpisami-300x176.jpg 300w, https:\/\/www.skalnik.pl\/blog\/wp-content\/uploads\/2019\/10\/ilustracja-termos-z-podpisami-768x450.jpg 768w\" sizes=\"auto, (max-width: 1024px) 100vw, 1024px\" \/><p id=\"caption-attachment-9369\" class=\"wp-caption-text\">Za utrzymywanie temperatury odpowiadaj\u0105 przede wszystkim dwie \u015bcianki i znajduj\u0105ca si\u0119 mi\u0119dzy nimi pr\u00f3\u017cnia techniczna.<\/p><\/div>\n<p>&nbsp;<\/p>\n<h2><span class=\"ez-toc-section\" id=\"Na_jakie_pytania_nalezy_sobie_odpowiedziec_wybierajac_termos_turystyczny\"><\/span>Na jakie pytania nale\u017cy sobie odpowiedzie\u0107, wybieraj\u0105c termos turystyczny?<span class=\"ez-toc-section-end\"><\/span><\/h2>\n<p>Na rynku dost\u0119pnych jest naprawd\u0119 wiele termos\u00f3w. R\u00f3\u017cni\u0105 si\u0119 one m.in. pojemno\u015bci\u0105, rodzajem korka czy dodatkowymi akcesoriami. \u017beby wybra\u0107 odpowiedni model odpowiedz sobie na trzy poni\u017csze pytania.<\/p>\n<p>&nbsp;<\/p>\n<h3><span class=\"ez-toc-section\" id=\"1_Jakiej_pojemnosci_termos_potrzebujesz\"><\/span>1. Jakiej pojemno\u015bci termos potrzebujesz?<span class=\"ez-toc-section-end\"><\/span><\/h3>\n<p>Je\u017celi tak jak ja nie lubisz nosi\u0107 zb\u0119dnych rzeczy w plecaku, zastan\u00f3w si\u0119, jakiej pojemno\u015bci termos jest ci potrzebny. Na rynku znajdziesz zar\u00f3wno malutkie termosy mieszcz\u0105ce zaledwie 300 ml, jak i takie, do kt\u00f3rych nalejesz 1,5 l gor\u0105cej herbaty. Co wa\u017cne, im wi\u0119kszy termos, tym d\u0142u\u017cej b\u0119dzie on w stanie utrzyma\u0107 temperatur\u0119 napoju (o ile na pocz\u0105tku wype\u0142niono go do ko\u0144ca). Wi\u0119kszy termos zajmuje te\u017c jednak wi\u0119cej miejsca w plecaku i jest oczywi\u015bcie ci\u0119\u017cszy. Pomy\u015bl wi\u0119c, ile zazwyczaj wypijasz gor\u0105cej herbaty na szlaku oraz czy z termosu b\u0119dzie korzysta\u0142a jedna czy wi\u0119cej os\u00f3b. Na tej podstawie dobierz odpowiedni\u0105 pojemno\u015b\u0107. Je\u015bli kupujesz termos dla dw\u00f3ch os\u00f3b, zastan\u00f3w si\u0119 te\u017c nad termosem z dwoma kubkami. Takie rozwi\u0105zanie proponuje cho\u0107by <a href=\"https:\/\/skalnik.pl\/sprzet-turystyczny\/camping\/camping-termosy\/esbit\">termos Esbit<\/a> Vacuum.<\/p>\n<p>&nbsp;<\/p>\n<h3><span class=\"ez-toc-section\" id=\"2_Jaki_korek_wybierasz\"><\/span>2. Jaki korek wybierasz?<span class=\"ez-toc-section-end\"><\/span><\/h3>\n<p>Korek to tak naprawd\u0119 najwa\u017cniejszy element termosu, bo to w\u0142a\u015bnie t\u0119dy najszybciej mo\u017ce uciec ciep\u0142o. Dobry termos turystyczny powinien mie\u0107 korek, kt\u00f3ry jednocze\u015bnie zapewnia maksymaln\u0105 szczelno\u015b\u0107 oraz wygodny dost\u0119p do napoju. Na rynku znajdziemy dwa rozwi\u0105zania:<\/p>\n<ul>\n<li>Korek z gwintem uzbrojony w uszczelk\u0119: to prostsze rozwi\u0105zanie, co oznacza, \u017ce jest bardziej niezawodne, bo w takim korku nie ma za bardzo co si\u0119 zepsu\u0107. Przez wi\u0119kszy otw\u00f3r ucieka jednak wi\u0119cej ciep\u0142a. By zminimalizowa\u0107 ten problem, producenci dodaj\u0105 w korku rowki, kt\u00f3re pozwalaj\u0105 nala\u0107 gor\u0105c\u0105 herbat\u0119 czy kaw\u0119 ju\u017c przy cz\u0119\u015bciowym odkr\u0119ceniu.<\/li>\n<li>Korek automatyczny: posiada on na \u015brodku guziczek, po kt\u00f3rego naci\u015bni\u0119ciu otwiera si\u0119 ma\u0142y zaw\u00f3r. W przypadku tego typu korka istnieje wi\u0119ksze ryzyko, \u017ce kt\u00f3ra\u015b cz\u0119\u015b\u0107 ulegnie zepsuciu, ale mniejszy otw\u00f3r w momencie nalewania sprawia \u017ce p\u0142yn d\u0142u\u017cej utrzymuje pierwotn\u0105 temperatur\u0119. Co ciekawe produkowany przez Esbit termos ISO Vacuum Flask posiada oba typy kork\u00f3w, kt\u00f3rych mo\u017cesz u\u017cywa\u0107 wymiennie w zale\u017cno\u015bci od potrzeb. Podobnie w przypadku niekt\u00f3rych modeli post\u0119puje firma Primus znana doskonale turystom z produkcji outdoorowych naczy\u0144.<\/li>\n<\/ul>\n<p>&nbsp;<\/p>\n<h3><span class=\"ez-toc-section\" id=\"3_Jak_chcesz_trzymac_termos_turystyczny\"><\/span>3. Jak chcesz trzyma\u0107 termos turystyczny?<span class=\"ez-toc-section-end\"><\/span><\/h3>\n<p>Odkr\u0119canie termosu zmarzni\u0119tymi palcami mo\u017ce si\u0119 niekiedy zamieni\u0107 w niebezpieczn\u0105 \u017conglerk\u0119. Klasyczna, metaliczna pow\u0142oka wygl\u0105da \u0142adnie, ale sprawia te\u017c, \u017ce termos \u0142atwo wy\u015blizguje si\u0119 ze zdr\u0119twia\u0142ych r\u0105k. Niekt\u00f3re termosy s\u0105 wi\u0119c pokrywane warstw\u0105 farby o podwy\u017cszonej chropowato\u015bci, aby m\u00f3c je pewniej chwyci\u0107 na mrozie. Tak\u0105 lekko chropowat\u0105 powierzchni\u0119 ma cho\u0107by termos Primus Vacuum Bottle. Je\u017celi cz\u0119sto je\u017adzisz w g\u00f3ry zim\u0105, zastan\u00f3w si\u0119 nad wybraniem termosu o takiej w\u0142a\u015bnie chropowatej powierzchni.<\/p>\n<p>Na rynku dost\u0119pne s\u0105 tak\u017ce termosy ze specjalnym uchwytem. Podwy\u017csza on nieco wag\u0119 naczynia, ale zdecydowanie u\u0142atwia bezpieczne nalanie herbaty (zw\u0142aszcza w przypadku du\u017cych termos\u00f3w).<\/p>\n<p>&nbsp;<\/p>\n<div id=\"attachment_9331\" style=\"width: 1034px\" class=\"wp-caption aligncenter\"><img loading=\"lazy\" decoding=\"async\" aria-describedby=\"caption-attachment-9331\" class=\"wp-image-9331 size-large\" src=\"https:\/\/skalnik.pl\/blog\/wp-content\/uploads\/2019\/10\/Termos-turystyczny-1024x684.jpg\" alt=\"Termos turystyczny\" width=\"1024\" height=\"684\" srcset=\"https:\/\/www.skalnik.pl\/blog\/wp-content\/uploads\/2019\/10\/Termos-turystyczny-1024x684.jpg 1024w, https:\/\/www.skalnik.pl\/blog\/wp-content\/uploads\/2019\/10\/Termos-turystyczny-300x200.jpg 300w, https:\/\/www.skalnik.pl\/blog\/wp-content\/uploads\/2019\/10\/Termos-turystyczny-768x513.jpg 768w, https:\/\/www.skalnik.pl\/blog\/wp-content\/uploads\/2019\/10\/Termos-turystyczny.jpg 2000w\" sizes=\"auto, (max-width: 1024px) 100vw, 1024px\" \/><p id=\"caption-attachment-9331\" class=\"wp-caption-text\">Zwr\u00f3\u0107 uwag\u0119 czy termos b\u0119dzie da\u0142o si\u0119 wygodnie trzyma\u0107 w r\u0119kawiczkach (fot. Esbit)<\/p><\/div>\n<p>&nbsp;<\/p>\n<h2><span class=\"ez-toc-section\" id=\"Jak_wybrac_dobry_termos_obiadowy\"><\/span>Jak wybra\u0107 dobry termos obiadowy?<span class=\"ez-toc-section-end\"><\/span><\/h2>\n<p>Kanapka, baton czy czekolada dodaj\u0105 energii, ale nic tak nie poprawi nastroju jak gor\u0105cy posi\u0142ek. Co jednak zrobi\u0107, kiedy po drodze nie ma \u017cadnego schroniska? Mo\u017cna do plecaka zapakowa\u0107 kuchenk\u0119 turystyczn\u0105, kartusz, zestaw naczy\u0144 i sk\u0142adniki naszego dania lub\u2026 <a href=\"https:\/\/skalnik.pl\/sprzet-turystyczny\/camping\/camping-termosy\/na-zywnosc\">termos obiadowy<\/a>. Dzia\u0142a on w oparciu o te same zasady co klasyczny termos turystyczny, ale jest zazwyczaj szerszy i ni\u017cszy. Dzi\u0119ki temu \u0142atwiej wyjesz do ko\u0144ca jego zawarto\u015b\u0107.<\/p>\n<p>Termosy obiadowe przydadz\u0105 si\u0119 te\u017c oczywi\u015bcie w pracy czy na uczelni. Zapomnij o suchych kanapkach. Od dzi\u015b twoi wsp\u00f3\u0142pracownicy b\u0119d\u0105 ci zazdro\u015bci\u0107 gor\u0105cych i apetycznych klopsik\u00f3w w sosie koperkowym.<\/p>\n<p>Wybieraj\u0105c termos na zup\u0119 czy drugie danie, zacznij od odpowiedzenia sobie na te same pytania co przy klasycznym termosie. Zobacz, czy dany termos ma pow\u0142ok\u0119 antypo\u015blizgow\u0105, zastan\u00f3w si\u0119, czy jest ci potrzebna r\u0105czka (przyda si\u0119 raczej tylko w przypadku wi\u0119kszych modeli \u2013 taki uchwyt posiada cho\u0107by termos Primus na zup\u0119 o pojemno\u015bci 1,5 l) i sprawd\u017a jako\u015b\u0107 stali, z kt\u00f3rej wykonano termos. Pomy\u015bl te\u017c o tym, jaka pojemno\u015b\u0107 b\u0119dzie ci potrzebna.<\/p>\n<p>&nbsp;<\/p>\n<div id=\"attachment_9320\" style=\"width: 1034px\" class=\"wp-caption aligncenter\"><img loading=\"lazy\" decoding=\"async\" aria-describedby=\"caption-attachment-9320\" class=\"wp-image-9320 size-large\" src=\"https:\/\/skalnik.pl\/blog\/wp-content\/uploads\/2019\/10\/Termos-obiadowy-Esbit-1024x684.jpg\" alt=\"Termos obiadowy Esbit\" width=\"1024\" height=\"684\" srcset=\"https:\/\/www.skalnik.pl\/blog\/wp-content\/uploads\/2019\/10\/Termos-obiadowy-Esbit-1024x684.jpg 1024w, https:\/\/www.skalnik.pl\/blog\/wp-content\/uploads\/2019\/10\/Termos-obiadowy-Esbit-300x200.jpg 300w, https:\/\/www.skalnik.pl\/blog\/wp-content\/uploads\/2019\/10\/Termos-obiadowy-Esbit-768x513.jpg 768w, https:\/\/www.skalnik.pl\/blog\/wp-content\/uploads\/2019\/10\/Termos-obiadowy-Esbit.jpg 2000w\" sizes=\"auto, (max-width: 1024px) 100vw, 1024px\" \/><p id=\"caption-attachment-9320\" class=\"wp-caption-text\">Termosy obiadowe Esbit to jedne z najpopularniejszych modeli (fot. Esbit)<\/p><\/div>\n<p>&nbsp;<\/p>\n<p>Standardowe termosy obiadowe maj\u0105 pojemno\u015b\u0107 500 ml. Je\u015bli tw\u00f3j apetyt jest wi\u0119kszy ni\u017c przeci\u0119tny, wybierz naczynie o pojemno\u015bci 750 ml. Termos obiadowy o pojemno\u015bci 1 litra powinien natomiast starczy\u0107 dla dw\u00f3ch os\u00f3b.<\/p>\n<p>Opr\u00f3cz tego zwr\u00f3\u0107 uwag\u0119 na dodatkowe smaczki proponowane przez producent\u00f3w. Produkowany przez Esbit termos ma niekiedy \u0142y\u017ck\u0119 schowan\u0105 w zakr\u0119tce wewn\u0119trznej. Zakr\u0119tka zewn\u0119trzna mo\u017ce natomiast s\u0142u\u017cy\u0107 jako miseczka. Pokrycie \u015bcianek od wewn\u0105trz cienk\u0105 warstw\u0105 srebra sprawia natomiast, \u017ce \u0142atwiej doprowadzi\u0107 termos do czysto\u015bci, nawet je\u015bli zajmiesz si\u0119 tym dopiero w domu po powrocie z g\u00f3r.<\/p>\n<p>Sprawd\u017a te\u017c, czy ogl\u0105dany przez ciebie termos na zup\u0119 ma przycisk uruchamiaj\u0105cy zaw\u00f3r bezpiecze\u0144stwa. Pozwala on bezpiecznie pozby\u0107 si\u0119 zgromadzonej wewn\u0105trz termosu pary wodnej i wyr\u00f3wna\u0107 ci\u015bnienie.<\/p>\n<p>&nbsp;<\/p>\n<h2><span class=\"ez-toc-section\" id=\"Na_co_zwrocic_uwage_wybierajac_termos_dla_dzieci\"><\/span>Na co zwr\u00f3ci\u0107 uwag\u0119, wybieraj\u0105c termos dla dzieci?<span class=\"ez-toc-section-end\"><\/span><\/h2>\n<p>Termos dla dzieci powinien by\u0107 przede wszystkim wykonany z trwa\u0142ego i bezpiecznego materia\u0142u. Upewnij si\u0119 tak\u017ce, czy jest on wolny od szkodliwych zwi\u0105zk\u00f3w (takie jak BPA, ftalany).<\/p>\n<p>Zdecyduj si\u0119 raczej na termos o ma\u0142ej pojemno\u015bci, aby dziecko mog\u0142o same nie\u015b\u0107 go w swoim plecaku. W ko\u0144cu rado\u015b\u0107 z gor\u0105cej herbaty na szczycie jest jeszcze wi\u0119ksza, kiedy ma si\u0119 \u015bwiadomo\u015b\u0107, \u017ce samemu si\u0119 j\u0105 przynios\u0142o na g\u00f3r\u0119. Taki ma\u0142y termos dziecko b\u0119dzie te\u017c mog\u0142o spokojnie zabra\u0107 do szko\u0142y.<\/p>\n<p>I oczywi\u015bcie, zadbaj o odpowiedni wygl\u0105d termosu! Ty mo\u017cesz by\u0107 mi\u0142o\u015bnikiem klasycznej czerni, ale <a href=\"https:\/\/skalnik.pl\/sprzet-turystyczny\/sprzet-turystyczny-dla-dzieci\/sprzet-turystyczny-dla-dzieci-termosy\">termos dla dzieci<\/a> powinien by\u0107 raczej kolorowy i radosny. Najlepiej, je\u015bli dziecko samo b\u0119dzie mog\u0142o wybra\u0107 konkretn\u0105 barw\u0119. Mo\u017cna te\u017c zdecydowa\u0107 si\u0119 na termos zdobiony specjaln\u0105 grafik\u0105 (np. Esbit z serii KID lub termos dzieci\u0119cy Laken).<\/p>\n<p>&nbsp;<\/p>\n<div id=\"attachment_9334\" style=\"width: 1034px\" class=\"wp-caption aligncenter\"><img loading=\"lazy\" decoding=\"async\" aria-describedby=\"caption-attachment-9334\" class=\"wp-image-9334 size-large\" src=\"https:\/\/skalnik.pl\/blog\/wp-content\/uploads\/2019\/10\/Termos-dla-dziecka-1024x681.jpg\" alt=\"Termos dla dziecka\" width=\"1024\" height=\"681\" srcset=\"https:\/\/www.skalnik.pl\/blog\/wp-content\/uploads\/2019\/10\/Termos-dla-dziecka-1024x681.jpg 1024w, https:\/\/www.skalnik.pl\/blog\/wp-content\/uploads\/2019\/10\/Termos-dla-dziecka-300x200.jpg 300w, https:\/\/www.skalnik.pl\/blog\/wp-content\/uploads\/2019\/10\/Termos-dla-dziecka-768x511.jpg 768w, https:\/\/www.skalnik.pl\/blog\/wp-content\/uploads\/2019\/10\/Termos-dla-dziecka.jpg 2000w\" sizes=\"auto, (max-width: 1024px) 100vw, 1024px\" \/><p id=\"caption-attachment-9334\" class=\"wp-caption-text\">Dobierz pojemno\u015b\u0107 termosu tak, aby dziecko potrafi\u0142o go samodzielnie u\u017cywa\u0107<\/p><\/div>\n<p>&nbsp;<\/p>\n<p>Dobry termos jest wspania\u0142ym towarzyszem na szlaku. Wybierz taki, kt\u00f3ry b\u0119dzie pasowa\u0142 do twoich potrzeb. Zabieraj go wsz\u0119dzie, nie tylko na zimowe trasy, lecz tak\u017ce w upalne letnie dni, aby zawsze m\u00f3c cieszy\u0107 si\u0119 napojem o idealnej temperaturze.<\/p>\n<p>Autor: Katarzyna Butkiewicz<\/p>\n","protected":false},"excerpt":{"rendered":"<p>Wiatr, deszcz i \u015bnieg to standard podczas g\u00f3rskich wypad\u00f3w jesieni\u0105 i zim\u0105. W tak\u0105 pogod\u0119 warto mie\u0107 ze sob\u0105 termos z ciep\u0142\u0105 herbat\u0105 lub kaw\u0105. Ale czy na pewno wiesz jak dobra\u0107 odpowiedni termos turystyczny? Przeczytaj artyku\u0142 i dowiedz si\u0119 na jakie pytania nale\u017cy odpowiedzie\u0107 przed zakupem termosu.<\/p>\n","protected":false},"author":7,"featured_media":9319,"comment_status":"open","ping_status":"open","sticky":false,"template":"","format":"standard","meta":{"_acf_changed":false,"footnotes":""},"categories":[3],"tags":[87,237,118],"magento_category":[119],"magento_product":[],"class_list":["post-9298","post","type-post","status-publish","format-standard","has-post-thumbnail","hentry","category-porady","tag-biwak","tag-odzywianie","tag-termosy"],"acf":[],"aioseo_notices":[],"aioseo_head":"\n\t\t<!-- All in One SEO 4.9.10 - aioseo.com -->\n\t<meta name=\"description\" content=\"Zabierz termos w g\u00f3ry i ciesz si\u0119 ulubionym napojem niezale\u017cnie od pogody. Sprawd\u017a jak dzia\u0142a termos i jak wybra\u0107 model dostosowany do swoich potrzeb.\" \/>\n\t<meta name=\"robots\" content=\"max-image-preview:large\" \/>\n\t<meta name=\"author\" content=\"Redakcja skalnik.pl\"\/>\n\t<link rel=\"canonical\" href=\"https:\/\/www.skalnik.pl\/blog\/jaki-termos-w-gory\/\" \/>\n\t<meta name=\"generator\" content=\"All in One SEO (AIOSEO) 4.9.10\" \/>\n\t\t<meta property=\"og:locale\" content=\"pl_PL\" \/>\n\t\t<meta property=\"og:site_name\" content=\"blog Skalnik - Blog, porady, artyku\u0142y - blog Skalnik\" \/>\n\t\t<meta property=\"og:type\" content=\"article\" \/>\n\t\t<meta property=\"og:title\" content=\"Jaki termos w g\u00f3ry? - blog Skalnik\" \/>\n\t\t<meta property=\"og:description\" content=\"Zabierz termos w g\u00f3ry i ciesz si\u0119 ulubionym napojem niezale\u017cnie od pogody. Sprawd\u017a jak dzia\u0142a termos i jak wybra\u0107 model dostosowany do swoich potrzeb.\" \/>\n\t\t<meta property=\"og:url\" content=\"https:\/\/www.skalnik.pl\/blog\/jaki-termos-w-gory\/\" \/>\n\t\t<meta property=\"og:image\" content=\"https:\/\/skalnik.pl\/blog\/wp-content\/uploads\/2019\/10\/ilustracja-termos-z-podpisami-1024x600.jpg\" \/>\n\t\t<meta property=\"og:image:secure_url\" content=\"https:\/\/skalnik.pl\/blog\/wp-content\/uploads\/2019\/10\/ilustracja-termos-z-podpisami-1024x600.jpg\" \/>\n\t\t<meta property=\"article:tag\" content=\"porady\" \/>\n\t\t<meta property=\"article:tag\" content=\"biwak\" \/>\n\t\t<meta property=\"article:tag\" content=\"od\u017cywianie\" \/>\n\t\t<meta property=\"article:tag\" content=\"termosy\" \/>\n\t\t<meta property=\"article:published_time\" content=\"2019-10-28T06:30:58+00:00\" \/>\n\t\t<meta property=\"article:modified_time\" content=\"2019-10-25T14:03:23+00:00\" \/>\n\t\t<meta name=\"twitter:card\" content=\"summary_large_image\" \/>\n\t\t<meta name=\"twitter:title\" content=\"Jaki termos w g\u00f3ry? - blog Skalnik\" \/>\n\t\t<meta name=\"twitter:description\" content=\"Zabierz termos w g\u00f3ry i ciesz si\u0119 ulubionym napojem niezale\u017cnie od pogody. Sprawd\u017a jak dzia\u0142a termos i jak wybra\u0107 model dostosowany do swoich potrzeb.\" \/>\n\t\t<meta name=\"twitter:image\" content=\"https:\/\/skalnik.pl\/blog\/wp-content\/uploads\/2019\/10\/ilustracja-termos-z-podpisami-1024x600.jpg\" \/>\n\t\t<script type=\"application\/ld+json\" class=\"aioseo-schema\">\n\t\t\t{\"@context\":\"https:\\\/\\\/schema.org\",\"@graph\":[{\"@type\":\"BlogPosting\",\"@id\":\"https:\\\/\\\/www.skalnik.pl\\\/blog\\\/jaki-termos-w-gory\\\/#blogposting\",\"name\":\"Jaki termos w g\\u00f3ry? - blog Skalnik\",\"headline\":\"Jaki termos w g\\u00f3ry?\",\"author\":{\"@id\":\"https:\\\/\\\/www.skalnik.pl\\\/blog\\\/author\\\/redakcja-skalnik-pl\\\/#author\"},\"publisher\":{\"@id\":\"https:\\\/\\\/www.skalnik.pl\\\/blog\\\/#organization\"},\"image\":{\"@type\":\"ImageObject\",\"url\":\"https:\\\/\\\/www.skalnik.pl\\\/blog\\\/wp-content\\\/uploads\\\/2019\\\/10\\\/Jaki-termos-w-g\\u00f3ry.jpg\",\"width\":1920,\"height\":704,\"caption\":\"Jaki termos w g\\u00f3ry\"},\"datePublished\":\"2019-10-28T07:30:58+02:00\",\"dateModified\":\"2019-10-25T16:03:23+02:00\",\"inLanguage\":\"pl-PL\",\"mainEntityOfPage\":{\"@id\":\"https:\\\/\\\/www.skalnik.pl\\\/blog\\\/jaki-termos-w-gory\\\/#webpage\"},\"isPartOf\":{\"@id\":\"https:\\\/\\\/www.skalnik.pl\\\/blog\\\/jaki-termos-w-gory\\\/#webpage\"},\"articleSection\":\"Porady, biwak, od\\u017cywianie, termosy, 1236\"},{\"@type\":\"BreadcrumbList\",\"@id\":\"https:\\\/\\\/www.skalnik.pl\\\/blog\\\/jaki-termos-w-gory\\\/#breadcrumblist\",\"itemListElement\":[{\"@type\":\"ListItem\",\"@id\":\"https:\\\/\\\/www.skalnik.pl\\\/blog#listItem\",\"position\":1,\"name\":\"Home\",\"item\":\"https:\\\/\\\/www.skalnik.pl\\\/blog\",\"nextItem\":{\"@type\":\"ListItem\",\"@id\":\"https:\\\/\\\/www.skalnik.pl\\\/blog\\\/.\\\/porady\\\/#listItem\",\"name\":\"Porady\"}},{\"@type\":\"ListItem\",\"@id\":\"https:\\\/\\\/www.skalnik.pl\\\/blog\\\/.\\\/porady\\\/#listItem\",\"position\":2,\"name\":\"Porady\",\"item\":\"https:\\\/\\\/www.skalnik.pl\\\/blog\\\/.\\\/porady\\\/\",\"nextItem\":{\"@type\":\"ListItem\",\"@id\":\"https:\\\/\\\/www.skalnik.pl\\\/blog\\\/jaki-termos-w-gory\\\/#listItem\",\"name\":\"Jaki termos w g\\u00f3ry?\"},\"previousItem\":{\"@type\":\"ListItem\",\"@id\":\"https:\\\/\\\/www.skalnik.pl\\\/blog#listItem\",\"name\":\"Home\"}},{\"@type\":\"ListItem\",\"@id\":\"https:\\\/\\\/www.skalnik.pl\\\/blog\\\/jaki-termos-w-gory\\\/#listItem\",\"position\":3,\"name\":\"Jaki termos w g\\u00f3ry?\",\"previousItem\":{\"@type\":\"ListItem\",\"@id\":\"https:\\\/\\\/www.skalnik.pl\\\/blog\\\/.\\\/porady\\\/#listItem\",\"name\":\"Porady\"}}]},{\"@type\":\"Organization\",\"@id\":\"https:\\\/\\\/www.skalnik.pl\\\/blog\\\/#organization\",\"name\":\"blog Skalnik\",\"description\":\"Blog, porady, artyku\\u0142y - blog Skalnik\",\"url\":\"https:\\\/\\\/www.skalnik.pl\\\/blog\\\/\"},{\"@type\":\"Person\",\"@id\":\"https:\\\/\\\/www.skalnik.pl\\\/blog\\\/author\\\/redakcja-skalnik-pl\\\/#author\",\"url\":\"https:\\\/\\\/www.skalnik.pl\\\/blog\\\/author\\\/redakcja-skalnik-pl\\\/\",\"name\":\"Redakcja skalnik.pl\",\"image\":{\"@type\":\"ImageObject\",\"@id\":\"https:\\\/\\\/www.skalnik.pl\\\/blog\\\/jaki-termos-w-gory\\\/#authorImage\",\"url\":\"https:\\\/\\\/secure.gravatar.com\\\/avatar\\\/7eab29b048aaf0899cd9a145e9adb814e2130ced31e65b454b902500bea65f9e?s=96&d=mm&r=g\",\"width\":96,\"height\":96,\"caption\":\"Redakcja skalnik.pl\"}},{\"@type\":\"WebPage\",\"@id\":\"https:\\\/\\\/www.skalnik.pl\\\/blog\\\/jaki-termos-w-gory\\\/#webpage\",\"url\":\"https:\\\/\\\/www.skalnik.pl\\\/blog\\\/jaki-termos-w-gory\\\/\",\"name\":\"Jaki termos w g\\u00f3ry? - blog Skalnik\",\"description\":\"Zabierz termos w g\\u00f3ry i ciesz si\\u0119 ulubionym napojem niezale\\u017cnie od pogody. Sprawd\\u017a jak dzia\\u0142a termos i jak wybra\\u0107 model dostosowany do swoich potrzeb.\",\"inLanguage\":\"pl-PL\",\"isPartOf\":{\"@id\":\"https:\\\/\\\/www.skalnik.pl\\\/blog\\\/#website\"},\"breadcrumb\":{\"@id\":\"https:\\\/\\\/www.skalnik.pl\\\/blog\\\/jaki-termos-w-gory\\\/#breadcrumblist\"},\"author\":{\"@id\":\"https:\\\/\\\/www.skalnik.pl\\\/blog\\\/author\\\/redakcja-skalnik-pl\\\/#author\"},\"creator\":{\"@id\":\"https:\\\/\\\/www.skalnik.pl\\\/blog\\\/author\\\/redakcja-skalnik-pl\\\/#author\"},\"image\":{\"@type\":\"ImageObject\",\"url\":\"https:\\\/\\\/www.skalnik.pl\\\/blog\\\/wp-content\\\/uploads\\\/2019\\\/10\\\/Jaki-termos-w-g\\u00f3ry.jpg\",\"@id\":\"https:\\\/\\\/www.skalnik.pl\\\/blog\\\/jaki-termos-w-gory\\\/#mainImage\",\"width\":1920,\"height\":704,\"caption\":\"Jaki termos w g\\u00f3ry\"},\"primaryImageOfPage\":{\"@id\":\"https:\\\/\\\/www.skalnik.pl\\\/blog\\\/jaki-termos-w-gory\\\/#mainImage\"},\"datePublished\":\"2019-10-28T07:30:58+02:00\",\"dateModified\":\"2019-10-25T16:03:23+02:00\"},{\"@type\":\"WebSite\",\"@id\":\"https:\\\/\\\/www.skalnik.pl\\\/blog\\\/#website\",\"url\":\"https:\\\/\\\/www.skalnik.pl\\\/blog\\\/\",\"name\":\"blog Skalnik\",\"description\":\"Blog, porady, artyku\\u0142y - blog Skalnik\",\"inLanguage\":\"pl-PL\",\"publisher\":{\"@id\":\"https:\\\/\\\/www.skalnik.pl\\\/blog\\\/#organization\"}}]}\n\t\t<\/script>\n\t\t<!-- All in One SEO -->\n\n","aioseo_head_json":{"title":"Jaki termos w g\u00f3ry? - blog Skalnik","description":"Zabierz termos w g\u00f3ry i ciesz si\u0119 ulubionym napojem niezale\u017cnie od pogody. Sprawd\u017a jak dzia\u0142a termos i jak wybra\u0107 model dostosowany do swoich potrzeb.","canonical_url":"https:\/\/www.skalnik.pl\/blog\/jaki-termos-w-gory\/","robots":"max-image-preview:large","keywords":"","webmasterTools":{"miscellaneous":""},"schema":{"@context":"https:\/\/schema.org","@graph":[{"@type":"BlogPosting","@id":"https:\/\/www.skalnik.pl\/blog\/jaki-termos-w-gory\/#blogposting","name":"Jaki termos w g\u00f3ry? - blog Skalnik","headline":"Jaki termos w g\u00f3ry?","author":{"@id":"https:\/\/www.skalnik.pl\/blog\/author\/redakcja-skalnik-pl\/#author"},"publisher":{"@id":"https:\/\/www.skalnik.pl\/blog\/#organization"},"image":{"@type":"ImageObject","url":"https:\/\/www.skalnik.pl\/blog\/wp-content\/uploads\/2019\/10\/Jaki-termos-w-g\u00f3ry.jpg","width":1920,"height":704,"caption":"Jaki termos w g\u00f3ry"},"datePublished":"2019-10-28T07:30:58+02:00","dateModified":"2019-10-25T16:03:23+02:00","inLanguage":"pl-PL","mainEntityOfPage":{"@id":"https:\/\/www.skalnik.pl\/blog\/jaki-termos-w-gory\/#webpage"},"isPartOf":{"@id":"https:\/\/www.skalnik.pl\/blog\/jaki-termos-w-gory\/#webpage"},"articleSection":"Porady, biwak, od\u017cywianie, termosy, 1236"},{"@type":"BreadcrumbList","@id":"https:\/\/www.skalnik.pl\/blog\/jaki-termos-w-gory\/#breadcrumblist","itemListElement":[{"@type":"ListItem","@id":"https:\/\/www.skalnik.pl\/blog#listItem","position":1,"name":"Home","item":"https:\/\/www.skalnik.pl\/blog","nextItem":{"@type":"ListItem","@id":"https:\/\/www.skalnik.pl\/blog\/.\/porady\/#listItem","name":"Porady"}},{"@type":"ListItem","@id":"https:\/\/www.skalnik.pl\/blog\/.\/porady\/#listItem","position":2,"name":"Porady","item":"https:\/\/www.skalnik.pl\/blog\/.\/porady\/","nextItem":{"@type":"ListItem","@id":"https:\/\/www.skalnik.pl\/blog\/jaki-termos-w-gory\/#listItem","name":"Jaki termos w g\u00f3ry?"},"previousItem":{"@type":"ListItem","@id":"https:\/\/www.skalnik.pl\/blog#listItem","name":"Home"}},{"@type":"ListItem","@id":"https:\/\/www.skalnik.pl\/blog\/jaki-termos-w-gory\/#listItem","position":3,"name":"Jaki termos w g\u00f3ry?","previousItem":{"@type":"ListItem","@id":"https:\/\/www.skalnik.pl\/blog\/.\/porady\/#listItem","name":"Porady"}}]},{"@type":"Organization","@id":"https:\/\/www.skalnik.pl\/blog\/#organization","name":"blog Skalnik","description":"Blog, porady, artyku\u0142y - blog Skalnik","url":"https:\/\/www.skalnik.pl\/blog\/"},{"@type":"Person","@id":"https:\/\/www.skalnik.pl\/blog\/author\/redakcja-skalnik-pl\/#author","url":"https:\/\/www.skalnik.pl\/blog\/author\/redakcja-skalnik-pl\/","name":"Redakcja skalnik.pl","image":{"@type":"ImageObject","@id":"https:\/\/www.skalnik.pl\/blog\/jaki-termos-w-gory\/#authorImage","url":"https:\/\/secure.gravatar.com\/avatar\/7eab29b048aaf0899cd9a145e9adb814e2130ced31e65b454b902500bea65f9e?s=96&d=mm&r=g","width":96,"height":96,"caption":"Redakcja skalnik.pl"}},{"@type":"WebPage","@id":"https:\/\/www.skalnik.pl\/blog\/jaki-termos-w-gory\/#webpage","url":"https:\/\/www.skalnik.pl\/blog\/jaki-termos-w-gory\/","name":"Jaki termos w g\u00f3ry? - blog Skalnik","description":"Zabierz termos w g\u00f3ry i ciesz si\u0119 ulubionym napojem niezale\u017cnie od pogody. Sprawd\u017a jak dzia\u0142a termos i jak wybra\u0107 model dostosowany do swoich potrzeb.","inLanguage":"pl-PL","isPartOf":{"@id":"https:\/\/www.skalnik.pl\/blog\/#website"},"breadcrumb":{"@id":"https:\/\/www.skalnik.pl\/blog\/jaki-termos-w-gory\/#breadcrumblist"},"author":{"@id":"https:\/\/www.skalnik.pl\/blog\/author\/redakcja-skalnik-pl\/#author"},"creator":{"@id":"https:\/\/www.skalnik.pl\/blog\/author\/redakcja-skalnik-pl\/#author"},"image":{"@type":"ImageObject","url":"https:\/\/www.skalnik.pl\/blog\/wp-content\/uploads\/2019\/10\/Jaki-termos-w-g\u00f3ry.jpg","@id":"https:\/\/www.skalnik.pl\/blog\/jaki-termos-w-gory\/#mainImage","width":1920,"height":704,"caption":"Jaki termos w g\u00f3ry"},"primaryImageOfPage":{"@id":"https:\/\/www.skalnik.pl\/blog\/jaki-termos-w-gory\/#mainImage"},"datePublished":"2019-10-28T07:30:58+02:00","dateModified":"2019-10-25T16:03:23+02:00"},{"@type":"WebSite","@id":"https:\/\/www.skalnik.pl\/blog\/#website","url":"https:\/\/www.skalnik.pl\/blog\/","name":"blog Skalnik","description":"Blog, porady, artyku\u0142y - blog Skalnik","inLanguage":"pl-PL","publisher":{"@id":"https:\/\/www.skalnik.pl\/blog\/#organization"}}]},"og:locale":"pl_PL","og:site_name":"blog Skalnik - Blog, porady, artyku\u0142y - blog Skalnik","og:type":"article","og:title":"Jaki termos w g\u00f3ry? - blog Skalnik","og:description":"Zabierz termos w g\u00f3ry i ciesz si\u0119 ulubionym napojem niezale\u017cnie od pogody. Sprawd\u017a jak dzia\u0142a termos i jak wybra\u0107 model dostosowany do swoich potrzeb.","og:url":"https:\/\/www.skalnik.pl\/blog\/jaki-termos-w-gory\/","og:image":"https:\/\/skalnik.pl\/blog\/wp-content\/uploads\/2019\/10\/ilustracja-termos-z-podpisami-1024x600.jpg","og:image:secure_url":"https:\/\/skalnik.pl\/blog\/wp-content\/uploads\/2019\/10\/ilustracja-termos-z-podpisami-1024x600.jpg","article:tag":["porady","biwak","od\u017cywianie","termosy"],"article:published_time":"2019-10-28T06:30:58+00:00","article:modified_time":"2019-10-25T14:03:23+00:00","twitter:card":"summary_large_image","twitter:title":"Jaki termos w g\u00f3ry? - blog Skalnik","twitter:description":"Zabierz termos w g\u00f3ry i ciesz si\u0119 ulubionym napojem niezale\u017cnie od pogody. Sprawd\u017a jak dzia\u0142a termos i jak wybra\u0107 model dostosowany do swoich potrzeb.","twitter:image":"https:\/\/skalnik.pl\/blog\/wp-content\/uploads\/2019\/10\/ilustracja-termos-z-podpisami-1024x600.jpg"},"aioseo_meta_data":{"post_id":"9298","title":"","description":"Zabierz termos w g\u00f3ry i ciesz si\u0119 ulubionym napojem niezale\u017cnie od pogody. Sprawd\u017a jak dzia\u0142a termos i jak wybra\u0107 model dostosowany do swoich potrzeb.","keywords":[{"label":"termos","value":"termos"},{"label":"termosy","value":"termosy"},{"label":"termos turystyczny","value":"termos turystyczny"},{"label":"termos w g\u00f3ry","value":"termos w g\u00f3ry"},{"label":"termos esbit","value":"termos esbit"}],"keyphrases":null,"primary_term":null,"canonical_url":null,"og_title":null,"og_description":null,"og_object_type":"default","og_image_type":"default","og_image_url":null,"og_image_width":null,"og_image_height":null,"og_image_custom_url":null,"og_image_custom_fields":null,"og_video":null,"og_custom_url":null,"og_article_section":null,"og_article_tags":null,"twitter_use_og":false,"twitter_card":"default","twitter_image_type":"default","twitter_image_url":null,"twitter_image_custom_url":null,"twitter_image_custom_fields":null,"twitter_title":null,"twitter_description":null,"schema":{"blockGraphs":[],"customGraphs":[],"default":{"data":{"Article":[],"Course":[],"Dataset":[],"FAQPage":[],"Movie":[],"Person":[],"Product":[],"ProductReview":[],"Car":[],"Recipe":[],"Service":[],"SoftwareApplication":[],"WebPage":[]},"graphName":"BlogPosting","isEnabled":true},"graphs":[]},"schema_type":"default","schema_type_options":null,"pillar_content":false,"robots_default":true,"robots_noindex":false,"robots_noarchive":false,"robots_nosnippet":false,"robots_nofollow":false,"robots_noimageindex":false,"robots_noodp":false,"robots_notranslate":false,"robots_max_snippet":null,"robots_max_videopreview":null,"robots_max_imagepreview":"large","priority":null,"frequency":null,"local_seo":null,"breadcrumb_settings":null,"limit_modified_date":false,"ai":null,"created":"2022-08-26 10:06:53","updated":"2026-02-17 21:40:21","seo_analyzer_scan_date":null},"aioseo_breadcrumb":"<div class=\"aioseo-breadcrumbs\"><span class=\"aioseo-breadcrumb\">\n\t\t\t<a href=\"https:\/\/www.skalnik.pl\/blog\" title=\"Home\">Home<\/a>\n\t\t<\/span><span class=\"aioseo-breadcrumb-separator\">&raquo;<\/span><span class=\"aioseo-breadcrumb\">\n\t\t\t<a href=\"https:\/\/www.skalnik.pl\/blog\/.\/porady\/\" title=\"Porady\">Porady<\/a>\n\t\t<\/span><span class=\"aioseo-breadcrumb-separator\">&raquo;<\/span><span class=\"aioseo-breadcrumb\">\n\t\t\tJaki termos w g\u00f3ry?\n\t\t<\/span><\/div>","aioseo_breadcrumb_json":[{"label":"Home","link":"https:\/\/www.skalnik.pl\/blog"},{"label":"Porady","link":"https:\/\/www.skalnik.pl\/blog\/.\/porady\/"},{"label":"Jaki termos w g\u00f3ry?","link":"https:\/\/www.skalnik.pl\/blog\/jaki-termos-w-gory\/"}],"_links":{"self":[{"href":"https:\/\/www.skalnik.pl\/blog\/wp-json\/wp\/v2\/posts\/9298","targetHints":{"allow":["GET"]}}],"collection":[{"href":"https:\/\/www.skalnik.pl\/blog\/wp-json\/wp\/v2\/posts"}],"about":[{"href":"https:\/\/www.skalnik.pl\/blog\/wp-json\/wp\/v2\/types\/post"}],"author":[{"embeddable":true,"href":"https:\/\/www.skalnik.pl\/blog\/wp-json\/wp\/v2\/users\/7"}],"replies":[{"embeddable":true,"href":"https:\/\/www.skalnik.pl\/blog\/wp-json\/wp\/v2\/comments?post=9298"}],"version-history":[{"count":19,"href":"https:\/\/www.skalnik.pl\/blog\/wp-json\/wp\/v2\/posts\/9298\/revisions"}],"predecessor-version":[{"id":9371,"href":"https:\/\/www.skalnik.pl\/blog\/wp-json\/wp\/v2\/posts\/9298\/revisions\/9371"}],"wp:featuredmedia":[{"embeddable":true,"href":"https:\/\/www.skalnik.pl\/blog\/wp-json\/wp\/v2\/media\/9319"}],"wp:attachment":[{"href":"https:\/\/www.skalnik.pl\/blog\/wp-json\/wp\/v2\/media?parent=9298"}],"wp:term":[{"taxonomy":"category","embeddable":true,"href":"https:\/\/www.skalnik.pl\/blog\/wp-json\/wp\/v2\/categories?post=9298"},{"taxonomy":"post_tag","embeddable":true,"href":"https:\/\/www.skalnik.pl\/blog\/wp-json\/wp\/v2\/tags?post=9298"},{"taxonomy":"magento_category","embeddable":true,"href":"https:\/\/www.skalnik.pl\/blog\/wp-json\/wp\/v2\/magento_category?post=9298"},{"taxonomy":"magento_product","embeddable":true,"href":"https:\/\/www.skalnik.pl\/blog\/wp-json\/wp\/v2\/magento_product?post=9298"}],"curies":[{"name":"wp","href":"https:\/\/api.w.org\/{rel}","templated":true}]}}