{"id":9529,"date":"2019-11-07T06:57:18","date_gmt":"2019-11-07T05:57:18","guid":{"rendered":"https:\/\/skalnik.pl\/blog\/?p=9529"},"modified":"2019-12-06T09:39:57","modified_gmt":"2019-12-06T08:39:57","slug":"nowosc-rab-i-membrana-gore-tex","status":"publish","type":"post","link":"https:\/\/www.skalnik.pl\/blog\/nowosc-rab-i-membrana-gore-tex\/","title":{"rendered":"Nowo\u015b\u0107 \u2013 Rab i membrana GORE-TEX"},"content":{"rendered":"<p><b>Brytyjska marka Rab s\u0142ynie z najwy\u017cszej jako\u015bci odzie\u017cy i akcesori\u00f3w g\u00f3rskich. Od niemal 40 lat tworzy z pasj\u0105 odzie\u017c dla ludzi z pasj\u0105. Produkty z oferty Rab powstaj\u0105 we wsp\u00f3\u0142pracy z lud\u017ami, kt\u00f3rzy aktywnie sp\u0119dzaj\u0105 czas w g\u00f3rach. W tym roku zaczyna si\u0119 nowy rozdzia\u0142 historii Rab \u2013 odzie\u017c z membran\u0105 GORE-TEX\u00ae.<\/b><\/p>\n<p>Misj\u0105 <a href=\"https:\/\/skalnik.pl\/rab\">Rab<\/a> jest tworzenie coraz lepszej, wytrzymalszej, zaawansowanej odzie\u017cy technicznej, kt\u00f3ra zapewni ochron\u0119 w najci\u0119\u017cszych warunkach, a jednocze\u015bnie b\u0119dzie lekka i wygodna. Przypomn\u0119 jedynie, \u017ce dotychczas po\u0142\u0105czenie wodoodporno\u015bci i oddychalno\u015bci zapewnia\u0142a membrana eVent. Jednak od sezonu jesie\u0144-zima 2019\/20 w odzie\u017cy i akcesoriach Rab znajdziemy najbardziej znan\u0105 outdoorow\u0105 membran\u0119 Gore Tex.<\/p>\n<p><iframe loading=\"lazy\" src=\"https:\/\/www.youtube.com\/embed\/YlHBm5dP-XQ\" width=\"1024\" height=\"740\" frameborder=\"0\" allowfullscreen=\"allowfullscreen\"><\/iframe><\/p>\n<p>Jest to dobra wiadomo\u015b\u0107 dla wszystkich, kt\u00f3rzy ceni\u0105 Rab Equipment za jako\u015b\u0107 i rozwi\u0105zania, a do pe\u0142ni szcz\u0119\u015bcia brakowa\u0142o im jedynie membrany Gore Tex. Aktualn\u0105 histori\u0119 obie marki zaczynaj\u0105 pisa\u0107 razem i jest to wsp\u00f3\u0142praca na zasadach partnerskich. Zyskuj\u0105 na tym nie tylko obie marki, ale tak\u017ce \u2013 a mo\u017ce przede wszystkim \u2013 klienci. Do przemy\u015blanej konstrukcyjnie odzie\u017cy do\u0142\u0105cza najbardziej znana na \u015bwiecie membrana. Efektem tego po\u0142\u0105czenia jest odzie\u017c Gore Tex, kt\u00f3ra sprawdzi si\u0119 w r\u00f3\u017cnych warunkach.<\/p>\n<div id=\"ez-toc-container\" class=\"ez-toc-v2_0_85 counter-hierarchy ez-toc-counter ez-toc-light-blue ez-toc-container-direction\">\n<div class=\"ez-toc-title-container\">\n<p class=\"ez-toc-title\" style=\"cursor:inherit\">SPIS TRE\u015aCI <\/p>\n<span class=\"ez-toc-title-toggle\"><a href=\"#\" class=\"ez-toc-pull-right ez-toc-btn ez-toc-btn-xs ez-toc-btn-default ez-toc-toggle\" aria-label=\"Prze\u0142\u0105cznik Spisu Tre\u015bci\"><span class=\"ez-toc-js-icon-con\"><span class=\"\"><span class=\"eztoc-hide\" style=\"display:none;\">Toggle<\/span><span class=\"ez-toc-icon-toggle-span\"><svg style=\"fill: #999;color:#999\" xmlns=\"http:\/\/www.w3.org\/2000\/svg\" class=\"list-377408\" width=\"20px\" height=\"20px\" viewBox=\"0 0 24 24\" fill=\"none\"><path d=\"M6 6H4v2h2V6zm14 0H8v2h12V6zM4 11h2v2H4v-2zm16 0H8v2h12v-2zM4 16h2v2H4v-2zm16 0H8v2h12v-2z\" fill=\"currentColor\"><\/path><\/svg><svg style=\"fill: #999;color:#999\" class=\"arrow-unsorted-368013\" xmlns=\"http:\/\/www.w3.org\/2000\/svg\" width=\"10px\" height=\"10px\" viewBox=\"0 0 24 24\" version=\"1.2\" baseProfile=\"tiny\"><path d=\"M18.2 9.3l-6.2-6.3-6.2 6.3c-.2.2-.3.4-.3.7s.1.5.3.7c.2.2.4.3.7.3h11c.3 0 .5-.1.7-.3.2-.2.3-.5.3-.7s-.1-.5-.3-.7zM5.8 14.7l6.2 6.3 6.2-6.3c.2-.2.3-.5.3-.7s-.1-.5-.3-.7c-.2-.2-.4-.3-.7-.3h-11c-.3 0-.5.1-.7.3-.2.2-.3.5-.3.7s.1.5.3.7z\"\/><\/svg><\/span><\/span><\/span><\/a><\/span><\/div>\n<nav><ul class='ez-toc-list ez-toc-list-level-1 ' ><li class='ez-toc-page-1 ez-toc-heading-level-2'><a class=\"ez-toc-link ez-toc-heading-1\" href=\"https:\/\/www.skalnik.pl\/blog\/nowosc-rab-i-membrana-gore-tex\/#Gore-Tex_na_pogode_i_niepogode\" >Gore-Tex na pogod\u0119 i niepogod\u0119<\/a><\/li><li class='ez-toc-page-1 ez-toc-heading-level-2'><a class=\"ez-toc-link ez-toc-heading-2\" href=\"https:\/\/www.skalnik.pl\/blog\/nowosc-rab-i-membrana-gore-tex\/#Odziez_Rab_z_membrana_Gore-Tex\" >Odzie\u017c Rab z membran\u0105 Gore-Tex<\/a><\/li><li class='ez-toc-page-1 ez-toc-heading-level-2'><a class=\"ez-toc-link ez-toc-heading-3\" href=\"https:\/\/www.skalnik.pl\/blog\/nowosc-rab-i-membrana-gore-tex\/#Bialy_Gore_Tex\" >Bia\u0142y Gore Tex<\/a><\/li><li class='ez-toc-page-1 ez-toc-heading-level-2'><a class=\"ez-toc-link ez-toc-heading-4\" href=\"https:\/\/www.skalnik.pl\/blog\/nowosc-rab-i-membrana-gore-tex\/#Rekawiczki_Rab\" >R\u0119kawiczki Rab<\/a><\/li><\/ul><\/nav><\/div>\n<h2><span class=\"ez-toc-section\" id=\"Gore-Tex_na_pogode_i_niepogode\"><\/span>Gore-Tex na pogod\u0119 i niepogod\u0119<span class=\"ez-toc-section-end\"><\/span><\/h2>\n<p>Pisz\u0105c o rozmaitych warunkach mam naprawd\u0119 na my\u015bli ca\u0142y przekr\u00f3j pogody, jaka zdarza si\u0119 na outdoorowych wypadach w okresie jesienno-zimowym. Przed deszczem chroni klasyczna membrana Gore-Tex, zapewniaj\u0105ca jednocze\u015bnie wysok\u0105 oddychalno\u015b\u0107, co oznacza, \u017ce nawet w deszczu nie musisz rezygnowa\u0107 z ulubionych aktywno\u015bci. Przypomnij sobie, jak cz\u0119sto \u2013 szczeg\u00f3lnie jesieni\u0105 \u2013 masz do czynienia z deszczem. Czy to jest jednak pow\u00f3d, \u017ceby rezygnowa\u0107 z wyj\u015b\u0107 w g\u00f3ry i porzuca\u0107 ambitne plany? W \u017cadnym razie. W takim wypadku odzie\u017c Rab z klasyczn\u0105 membran\u0105 Gore-Tex sprawdzi si\u0119 znakomicie. <a href=\"https:\/\/skalnik.pl\/odziez\/odziez-meska\/odziez-meska-kurtki\/goretex\">Kurtka GORE-TEX<\/a> to produkt, kt\u00f3ry sprawi, \u017ce nie b\u0119dziesz mie\u0107 wym\u00f3wek o deszczowej pogodzie.<\/p>\n<div id=\"attachment_9544\" style=\"width: 1034px\" class=\"wp-caption aligncenter\"><img loading=\"lazy\" decoding=\"async\" aria-describedby=\"caption-attachment-9544\" class=\"wp-image-9544 size-large\" title=\"Kurtka Gore-Tex na deszcz\" src=\"https:\/\/skalnik.pl\/blog\/wp-content\/uploads\/2019\/10\/Kangri-1024x683.jpg\" alt=\"\" width=\"1024\" height=\"683\" srcset=\"https:\/\/www.skalnik.pl\/blog\/wp-content\/uploads\/2019\/10\/Kangri-1024x683.jpg 1024w, https:\/\/www.skalnik.pl\/blog\/wp-content\/uploads\/2019\/10\/Kangri-300x200.jpg 300w, https:\/\/www.skalnik.pl\/blog\/wp-content\/uploads\/2019\/10\/Kangri-768x512.jpg 768w, https:\/\/www.skalnik.pl\/blog\/wp-content\/uploads\/2019\/10\/Kangri.jpg 1920w\" sizes=\"auto, (max-width: 1024px) 100vw, 1024px\" \/><p id=\"caption-attachment-9544\" class=\"wp-caption-text\">W\u0119dr\u00f3wka w deszcz &#8211; kurtka Rab Kangri w akcji. Fot. Rab<\/p><\/div>\n<p>A co z zim\u0105? Tu sprawdzi si\u0119 GORE-TEX\u00ae INFINIUM\u2122 (niekt\u00f3rzy m\u00f3wi\u0105 na niego bia\u0142y goretex). Ta technologia \u015bwietnie pasuje do odzie\u017cy puchowej, by razem tworzy\u0107 duet, kt\u00f3ry jest nie do pokonania nawet przez \u015bnieg, wiatr i mr\u00f3z. GORE-TEX\u00ae INFINIUM\u2122 zapewnia ochron\u0119 przed wiatrem, lekkim deszczem i \u015bniegiem, ale przede wszystkim zapewnia doskona\u0142\u0105 oddychalno\u015b\u0107. Teraz nie musisz si\u0119 ju\u017c martwi\u0107 czy twoja puch\u00f3wka da sobie rad\u0119 w \u015bnie\u017cycy.<\/p>\n<p>Sprawd\u017amy co si\u0119 kryje pod has\u0142em Rab Gore Tex.<\/p>\n<h2><span class=\"ez-toc-section\" id=\"Odziez_Rab_z_membrana_Gore-Tex\"><\/span>Odzie\u017c Rab z membran\u0105 Gore-Tex<span class=\"ez-toc-section-end\"><\/span><\/h2>\n<p>Do technicznego i przemy\u015blanego w ka\u017cdym detalu kroju kurtek, spodni i r\u0119kawic, dodano atut w postaci membrany Gore Tex. Odzie\u017c zyska\u0142a tym samym du\u017c\u0105 odporno\u015b\u0107 na wod\u0119 i wiatr przy zapewnieniu jednoczesnej oddychalno\u015bci, czyli wsparciu naturalnej termoregulacji organizmu. Dzi\u0119ki niej mo\u017cesz pozostawa\u0107 w ruchu niezale\u017cnie od aury, czuj\u0105c si\u0119 przy tym komfortowo.<\/p>\n<p>Kurtka Rab Muztag to jeden z topowych produkt\u00f3w nowej kolekcji. \u00a0Dzi\u0119ki hybrydowej budowie, w kt\u00f3rej wykorzystano materia\u0142y dw\u00f3ch grubo\u015bci, kurtka Muztag jest jednocze\u015bnie wytrzyma\u0142a i lekka. Ma tak\u017ce znakomite parametry oddychalno\u015bci, a to za spraw\u0105 zar\u00f3wno membrany, jak i specjalnych paneli. W kroju zadbano o szczeg\u00f3\u0142y, kt\u00f3re przek\u0142adaj\u0105 si\u0119 na wysoki komfort u\u017cytkowania w najbardziej ekstremalnych warunkach. Znajdziesz w niej m.in. techniczny kaptur z pe\u0142n\u0105 regulacj\u0105, kt\u00f3ry mo\u017cna \u0142atwo dopasowa\u0107 do kszta\u0142tu g\u0142owy, wysok\u0105\u00a0 gard\u0119 z mi\u0119kk\u0105 wy\u015bci\u00f3\u0142k\u0105 wewn\u0119trzn\u0105, dwubiegowy zamek (ostatnio widywany w najbardziej zaawansowanych modelach), wywietrzniki pod pachami.<\/p>\n<div id=\"attachment_9546\" style=\"width: 1034px\" class=\"wp-caption aligncenter\"><img loading=\"lazy\" decoding=\"async\" aria-describedby=\"caption-attachment-9546\" class=\"wp-image-9546 size-large\" src=\"https:\/\/skalnik.pl\/blog\/wp-content\/uploads\/2019\/10\/Muztag-1024x684.jpg\" alt=\"\" width=\"1024\" height=\"684\" srcset=\"https:\/\/www.skalnik.pl\/blog\/wp-content\/uploads\/2019\/10\/Muztag-1024x684.jpg 1024w, https:\/\/www.skalnik.pl\/blog\/wp-content\/uploads\/2019\/10\/Muztag-300x200.jpg 300w, https:\/\/www.skalnik.pl\/blog\/wp-content\/uploads\/2019\/10\/Muztag-768x513.jpg 768w, https:\/\/www.skalnik.pl\/blog\/wp-content\/uploads\/2019\/10\/Muztag.jpg 1920w\" sizes=\"auto, (max-width: 1024px) 100vw, 1024px\" \/><p id=\"caption-attachment-9546\" class=\"wp-caption-text\">Dopracowana w szczeg\u00f3\u0142ach kurtka Muztag sprosta g\u00f3rskich wyzwaniom. Fot. Rab<\/p><\/div>\n<p>Technicznym modelem jest tak\u017ce Kangri GTX. Mamy tu do czynienia z trzywarstwow\u0105 membran\u0105 Gore Tex. Ta <a href=\"https:\/\/skalnik.pl\/odziez\/przeciwdeszczowa\">kurtka przeciwdeszczowa<\/a> jest wytrzyma\u0142a, gotowa na najci\u0119\u017csze warunki, jakie spotyka si\u0119 w g\u00f3rach jesieni\u0105 i zim\u0105. Sprawdzi si\u0119 zar\u00f3wno jako zewn\u0119trzna warstwa zim\u0105, chroni\u0105c przed wyzi\u0119biaj\u0105cym wiatrem, jak i podczas jesiennej niepogody i ulewnego deszczu. Jej kr\u00f3j jest przemy\u015blany, tak by nie kr\u0119powa\u0142a ruch\u00f3w tak\u017ce podczas sport\u00f3w wymagaj\u0105cych precyzji. Zastosowane rozwi\u0105zania s\u0105 podobne jak w modelu Muztag \u2013 \u0142atwy w regulacji kaptur, wysoka garda, obszerne kieszenie, dwubiegowy, wodoodporny zamek i wywietrzniki pod pachami to najwa\u017cniejsze z nich.<\/p>\n<p>Dla porz\u0105dku wspomn\u0119 tylko, \u017ce oczywi\u015bcie znajdziesz w ofercie Rab kurtki zar\u00f3wno damskie, jak i m\u0119skie.<\/p>\n<p>Je\u015bli ruszasz na szlak niezale\u017cnie od pogody zapewne ucieszy ci\u0119 wie\u015b\u0107, \u017ce dost\u0119pne s\u0105 tak\u017ce spodnie Rab z membran\u0105 Gore Tex. Podobnie jak w przypadku kurtek \u2013 dzi\u0119ki membranie masz dobr\u0105 ochron\u0119 przed wiatrem i wod\u0105, a tak\u017ce oddychalno\u015b\u0107, kt\u00f3ra nie wp\u0142ynie na komfort w\u0119dr\u00f3wki. Mo\u017cesz wybiera\u0107 czy wolisz klasyczny kr\u00f3j, czy te\u017c spodnie z odpinanymi na ca\u0142ej d\u0142ugo\u015bci nogawkami. To ostatnie rozwi\u0105zanie umo\u017cliwia b\u0142yskawiczne za\u0142o\u017cenie (i zdj\u0119cie) spodni bez wzgl\u0119du na warunki i bez konieczno\u015bci zdejmowania but\u00f3w.<\/p>\n<div id=\"attachment_9547\" style=\"width: 1034px\" class=\"wp-caption aligncenter\"><img loading=\"lazy\" decoding=\"async\" aria-describedby=\"caption-attachment-9547\" class=\"wp-image-9547\" title=\"spodnie i kurtka Gore-Tex\" src=\"https:\/\/skalnik.pl\/blog\/wp-content\/uploads\/2019\/10\/AW19_Latok_Firecracker_16.jpg\" alt=\"\" width=\"1024\" height=\"682\" srcset=\"https:\/\/www.skalnik.pl\/blog\/wp-content\/uploads\/2019\/10\/AW19_Latok_Firecracker_16.jpg 850w, https:\/\/www.skalnik.pl\/blog\/wp-content\/uploads\/2019\/10\/AW19_Latok_Firecracker_16-300x200.jpg 300w, https:\/\/www.skalnik.pl\/blog\/wp-content\/uploads\/2019\/10\/AW19_Latok_Firecracker_16-768x511.jpg 768w\" sizes=\"auto, (max-width: 1024px) 100vw, 1024px\" \/><p id=\"caption-attachment-9547\" class=\"wp-caption-text\">Gore-Tex od st\u00f3p do g\u0142\u00f3w, czyli bez przeszk\u00f3d do celu. Fot. Rab<\/p><\/div>\n<p>&nbsp;<\/p>\n<h2><span class=\"ez-toc-section\" id=\"Bialy_Gore_Tex\"><\/span>Bia\u0142y Gore Tex<span class=\"ez-toc-section-end\"><\/span><\/h2>\n<p>Rab proponuje tak\u017ce kurtki z nowoczesn\u0105 membran\u0105 GORE-TEX\u00ae INFINIUM\u2122 (nazwa ta nic ci nie m\u00f3wi? przeczytaj <a href=\"https:\/\/skalnik.pl\/blog\/gore-tex-infinium-czym-jest-i-jak-dziala\/\" target=\"_blank\" rel=\"noopener\">ten tekst<\/a>). Kurtk\u0119 Infinity doceni\u0105 wszyscy, kt\u00f3rzy potrzebuj\u0105 nie tylko du\u017co ciep\u0142a, ale tak\u017ce odporno\u015bci na wiatr oraz niespodziewane opady deszczu czy deszczu ze \u015bniegiem. Dzi\u0119ki po\u0142\u0105czeniu izolacji z puchu g\u0119siego i membrany GORE-TEX\u00ae INFINIUM\u2122 masz kurtk\u0119, kt\u00f3ra sprawdzi si\u0119 w najci\u0119\u017cszych warunkach. W parze z doskona\u0142ymi materia\u0142ami idzie tak\u017ce przemy\u015blany kr\u00f3j z minimaln\u0105 ilo\u015bci\u0105 szw\u00f3w i specjalnymi pow\u0142okami ochronnymi.<\/p>\n<div id=\"attachment_9543\" style=\"width: 1034px\" class=\"wp-caption aligncenter\"><img loading=\"lazy\" decoding=\"async\" aria-describedby=\"caption-attachment-9543\" class=\"wp-image-9543 size-large\" title=\"Niezast\u0105piona w g\u00f3rach kurtka Infinity Rab\" src=\"https:\/\/skalnik.pl\/blog\/wp-content\/uploads\/2019\/10\/infinity-1024x683.jpg\" alt=\"\" width=\"1024\" height=\"683\" srcset=\"https:\/\/www.skalnik.pl\/blog\/wp-content\/uploads\/2019\/10\/infinity-1024x683.jpg 1024w, https:\/\/www.skalnik.pl\/blog\/wp-content\/uploads\/2019\/10\/infinity-300x200.jpg 300w, https:\/\/www.skalnik.pl\/blog\/wp-content\/uploads\/2019\/10\/infinity-768x512.jpg 768w, https:\/\/www.skalnik.pl\/blog\/wp-content\/uploads\/2019\/10\/infinity.jpg 1920w\" sizes=\"auto, (max-width: 1024px) 100vw, 1024px\" \/><p id=\"caption-attachment-9543\" class=\"wp-caption-text\">Kurtka Rab Infinity w technologii GORE-TEX\u00ae INFINIUM\u2122. Komfort w ka\u017cdych warunkach. Fot. Rab<\/p><\/div>\n<p>&nbsp;<\/p>\n<h2><span class=\"ez-toc-section\" id=\"Rekawiczki_Rab\"><\/span>R\u0119kawiczki Rab<span class=\"ez-toc-section-end\"><\/span><\/h2>\n<p>Membran\u0119 GORE-TEX\u00ae znale\u017a\u0107 mo\u017cna tak\u017ce w kolekcji r\u0119kawic Rab. Warto podkre\u015bli\u0107, \u017ce nie jest to tylko \u201eczarny\u201d GORE-TEX\u00ae. W technicznych r\u0119kawicach Axis zastosowano bowiem GORE-TEX\u00ae INFINIUM\u2122. Dzi\u0119ki modelowaniu 3D r\u0119kawice doskonale dopasowuj\u0105 si\u0119 do d\u0142oni. Przek\u0142ada si\u0119 to na precyzj\u0119 ruch\u00f3w, potrzebn\u0105 chocia\u017cby podczas zimowej wspinaczki. Jednocze\u015bnie membrana zapewnia znakomit\u0105 odporno\u015b\u0107 na wiatr, chroni tak\u017ce przed niewielkimi opadami. Membrana ta w po\u0142\u0105czeniu z ocieplin\u0105 Primaloft Gold zapewni twoim d\u0142oniom komfort termiczny, a doskonale dobrane materia\u0142y zewn\u0119trzne zapewni\u0105 r\u0119kawicom trwa\u0142o\u015b\u0107, co jest istotne, gdy operujesz zimowym sprz\u0119tem.<\/p>\n<div id=\"attachment_9542\" style=\"width: 1034px\" class=\"wp-caption aligncenter\"><img loading=\"lazy\" decoding=\"async\" aria-describedby=\"caption-attachment-9542\" class=\"wp-image-9542 size-large\" title=\"R\u0119kawice z membran\u0105 Gore-Tex\" src=\"https:\/\/skalnik.pl\/blog\/wp-content\/uploads\/2019\/10\/rekawice-1024x683.jpg\" alt=\"\" width=\"1024\" height=\"683\" srcset=\"https:\/\/www.skalnik.pl\/blog\/wp-content\/uploads\/2019\/10\/rekawice-1024x683.jpg 1024w, https:\/\/www.skalnik.pl\/blog\/wp-content\/uploads\/2019\/10\/rekawice-300x200.jpg 300w, https:\/\/www.skalnik.pl\/blog\/wp-content\/uploads\/2019\/10\/rekawice-768x512.jpg 768w, https:\/\/www.skalnik.pl\/blog\/wp-content\/uploads\/2019\/10\/rekawice.jpg 1920w\" sizes=\"auto, (max-width: 1024px) 100vw, 1024px\" \/><p id=\"caption-attachment-9542\" class=\"wp-caption-text\">R\u0119kawice GORE-TEX to komfort podczas zimowej wspinaczki. Fot. Rab<\/p><\/div>\n<p>&nbsp;<\/p>\n<p>Je\u015bli do znanej marki dodamy bardzo znan\u0105 technologi\u0119 powstan\u0105 produkty najwy\u017cszej jako\u015bci. Dwie legendy jako\u015bci zamkni\u0119te w produktach, kt\u00f3re b\u0119d\u0105 sprawdza\u0142y si\u0119 w deszczu i ch\u0142odzie. Na wsp\u00f3\u0142pracy Rab i Gore ka\u017cdy zyskuje \u2013 najbardziej zadowoleni powinni za\u015b by\u0107 klienci i entuzja\u015bci obu marek.<\/p>\n","protected":false},"excerpt":{"rendered":"<p>Od sezonu jesie\u0144-zima 2019\/20 zaczyna si\u0119 wsp\u00f3\u0142praca pomi\u0119dzy Rab a Gore. Teraz ceniona odzie\u017c g\u00f3rska otrzymuje najbardziej znan\u0105 membran\u0119, by lepiej stawia\u0107 czo\u0142a kaprysom pogody.<\/p>\n","protected":false},"author":9,"featured_media":9541,"comment_status":"open","ping_status":"open","sticky":false,"template":"","format":"standard","meta":{"_acf_changed":false,"footnotes":""},"categories":[5],"tags":[109,15,16],"magento_category":[190],"magento_product":[],"class_list":["post-9529","post","type-post","status-publish","format-standard","has-post-thumbnail","hentry","category-branza","tag-gore-tex","tag-odziez","tag-zima"],"acf":[],"aioseo_notices":[],"aioseo_head":"\n\t\t<!-- All in One SEO 4.9.10 - aioseo.com -->\n\t<meta name=\"description\" content=\"Od teraz w kolekcji brytyjskiej marki Rab znajdziesz produkty z membran\u0105 GORE-TEX. Twoja ulubiona kurtka Rab jeszcze lepiej stawi czo\u0142a kaprysom pogody.\" \/>\n\t<meta name=\"robots\" content=\"max-image-preview:large\" \/>\n\t<meta name=\"author\" content=\"Beata Nawrotkiewicz\"\/>\n\t<link rel=\"canonical\" href=\"https:\/\/www.skalnik.pl\/blog\/nowosc-rab-i-membrana-gore-tex\/\" \/>\n\t<meta name=\"generator\" content=\"All in One SEO (AIOSEO) 4.9.10\" \/>\n\t\t<meta property=\"og:locale\" content=\"pl_PL\" \/>\n\t\t<meta property=\"og:site_name\" content=\"blog Skalnik - Blog, porady, artyku\u0142y - blog Skalnik\" \/>\n\t\t<meta property=\"og:type\" content=\"article\" \/>\n\t\t<meta property=\"og:title\" content=\"Nowo\u015b\u0107 \u2013 Rab i membrana GORE-TEX - blog Skalnik\" \/>\n\t\t<meta property=\"og:description\" content=\"Od teraz w kolekcji brytyjskiej marki Rab znajdziesz produkty z membran\u0105 GORE-TEX. Twoja ulubiona kurtka Rab jeszcze lepiej stawi czo\u0142a kaprysom pogody.\" \/>\n\t\t<meta property=\"og:url\" content=\"https:\/\/www.skalnik.pl\/blog\/nowosc-rab-i-membrana-gore-tex\/\" \/>\n\t\t<meta property=\"og:image\" content=\"https:\/\/skalnik.pl\/blog\/wp-content\/uploads\/2019\/10\/Kangri-1024x683.jpg\" \/>\n\t\t<meta property=\"og:image:secure_url\" content=\"https:\/\/skalnik.pl\/blog\/wp-content\/uploads\/2019\/10\/Kangri-1024x683.jpg\" \/>\n\t\t<meta property=\"article:tag\" content=\"bran\u017ca\" \/>\n\t\t<meta property=\"article:tag\" content=\"gore-tex\" \/>\n\t\t<meta property=\"article:tag\" content=\"odzie\u017c\" \/>\n\t\t<meta property=\"article:tag\" content=\"zima\" \/>\n\t\t<meta property=\"article:published_time\" content=\"2019-11-07T05:57:18+00:00\" \/>\n\t\t<meta property=\"article:modified_time\" content=\"2019-12-06T08:39:57+00:00\" \/>\n\t\t<meta name=\"twitter:card\" content=\"summary_large_image\" \/>\n\t\t<meta name=\"twitter:title\" content=\"Nowo\u015b\u0107 \u2013 Rab i membrana GORE-TEX - blog Skalnik\" \/>\n\t\t<meta name=\"twitter:description\" content=\"Od teraz w kolekcji brytyjskiej marki Rab znajdziesz produkty z membran\u0105 GORE-TEX. Twoja ulubiona kurtka Rab jeszcze lepiej stawi czo\u0142a kaprysom pogody.\" \/>\n\t\t<meta name=\"twitter:image\" content=\"https:\/\/skalnik.pl\/blog\/wp-content\/uploads\/2019\/10\/Kangri-1024x683.jpg\" \/>\n\t\t<script type=\"application\/ld+json\" class=\"aioseo-schema\">\n\t\t\t{\"@context\":\"https:\\\/\\\/schema.org\",\"@graph\":[{\"@type\":\"BlogPosting\",\"@id\":\"https:\\\/\\\/www.skalnik.pl\\\/blog\\\/nowosc-rab-i-membrana-gore-tex\\\/#blogposting\",\"name\":\"Nowo\\u015b\\u0107 \\u2013 Rab i membrana GORE-TEX - blog Skalnik\",\"headline\":\"Nowo\\u015b\\u0107 \\u2013 Rab i membrana GORE-TEX\",\"author\":{\"@id\":\"https:\\\/\\\/www.skalnik.pl\\\/blog\\\/author\\\/beata-nawrotkiewicz\\\/#author\"},\"publisher\":{\"@id\":\"https:\\\/\\\/www.skalnik.pl\\\/blog\\\/#organization\"},\"image\":{\"@type\":\"ImageObject\",\"url\":\"https:\\\/\\\/www.skalnik.pl\\\/blog\\\/wp-content\\\/uploads\\\/2019\\\/10\\\/rab-w-tle.jpg\",\"width\":1920,\"height\":705,\"caption\":\"kobieta w g\\u00f3rach\"},\"datePublished\":\"2019-11-07T06:57:18+02:00\",\"dateModified\":\"2019-12-06T09:39:57+02:00\",\"inLanguage\":\"pl-PL\",\"mainEntityOfPage\":{\"@id\":\"https:\\\/\\\/www.skalnik.pl\\\/blog\\\/nowosc-rab-i-membrana-gore-tex\\\/#webpage\"},\"isPartOf\":{\"@id\":\"https:\\\/\\\/www.skalnik.pl\\\/blog\\\/nowosc-rab-i-membrana-gore-tex\\\/#webpage\"},\"articleSection\":\"Bran\\u017ca, gore-tex, odzie\\u017c, zima, 1088\"},{\"@type\":\"BreadcrumbList\",\"@id\":\"https:\\\/\\\/www.skalnik.pl\\\/blog\\\/nowosc-rab-i-membrana-gore-tex\\\/#breadcrumblist\",\"itemListElement\":[{\"@type\":\"ListItem\",\"@id\":\"https:\\\/\\\/www.skalnik.pl\\\/blog#listItem\",\"position\":1,\"name\":\"Home\",\"item\":\"https:\\\/\\\/www.skalnik.pl\\\/blog\",\"nextItem\":{\"@type\":\"ListItem\",\"@id\":\"https:\\\/\\\/www.skalnik.pl\\\/blog\\\/.\\\/branza\\\/#listItem\",\"name\":\"Bran\\u017ca\"}},{\"@type\":\"ListItem\",\"@id\":\"https:\\\/\\\/www.skalnik.pl\\\/blog\\\/.\\\/branza\\\/#listItem\",\"position\":2,\"name\":\"Bran\\u017ca\",\"item\":\"https:\\\/\\\/www.skalnik.pl\\\/blog\\\/.\\\/branza\\\/\",\"nextItem\":{\"@type\":\"ListItem\",\"@id\":\"https:\\\/\\\/www.skalnik.pl\\\/blog\\\/nowosc-rab-i-membrana-gore-tex\\\/#listItem\",\"name\":\"Nowo\\u015b\\u0107 \\u2013 Rab i membrana GORE-TEX\"},\"previousItem\":{\"@type\":\"ListItem\",\"@id\":\"https:\\\/\\\/www.skalnik.pl\\\/blog#listItem\",\"name\":\"Home\"}},{\"@type\":\"ListItem\",\"@id\":\"https:\\\/\\\/www.skalnik.pl\\\/blog\\\/nowosc-rab-i-membrana-gore-tex\\\/#listItem\",\"position\":3,\"name\":\"Nowo\\u015b\\u0107 \\u2013 Rab i membrana GORE-TEX\",\"previousItem\":{\"@type\":\"ListItem\",\"@id\":\"https:\\\/\\\/www.skalnik.pl\\\/blog\\\/.\\\/branza\\\/#listItem\",\"name\":\"Bran\\u017ca\"}}]},{\"@type\":\"Organization\",\"@id\":\"https:\\\/\\\/www.skalnik.pl\\\/blog\\\/#organization\",\"name\":\"blog Skalnik\",\"description\":\"Blog, porady, artyku\\u0142y - blog Skalnik\",\"url\":\"https:\\\/\\\/www.skalnik.pl\\\/blog\\\/\"},{\"@type\":\"Person\",\"@id\":\"https:\\\/\\\/www.skalnik.pl\\\/blog\\\/author\\\/beata-nawrotkiewicz\\\/#author\",\"url\":\"https:\\\/\\\/www.skalnik.pl\\\/blog\\\/author\\\/beata-nawrotkiewicz\\\/\",\"name\":\"Beata Nawrotkiewicz\",\"image\":{\"@type\":\"ImageObject\",\"@id\":\"https:\\\/\\\/www.skalnik.pl\\\/blog\\\/nowosc-rab-i-membrana-gore-tex\\\/#authorImage\",\"url\":\"https:\\\/\\\/secure.gravatar.com\\\/avatar\\\/53cf81cfcc3a81694535515925ffcf159be725e8bd1fb455eeb9e2cadcaa5684?s=96&d=mm&r=g\",\"width\":96,\"height\":96,\"caption\":\"Beata Nawrotkiewicz\"}},{\"@type\":\"WebPage\",\"@id\":\"https:\\\/\\\/www.skalnik.pl\\\/blog\\\/nowosc-rab-i-membrana-gore-tex\\\/#webpage\",\"url\":\"https:\\\/\\\/www.skalnik.pl\\\/blog\\\/nowosc-rab-i-membrana-gore-tex\\\/\",\"name\":\"Nowo\\u015b\\u0107 \\u2013 Rab i membrana GORE-TEX - blog Skalnik\",\"description\":\"Od teraz w kolekcji brytyjskiej marki Rab znajdziesz produkty z membran\\u0105 GORE-TEX. Twoja ulubiona kurtka Rab jeszcze lepiej stawi czo\\u0142a kaprysom pogody.\",\"inLanguage\":\"pl-PL\",\"isPartOf\":{\"@id\":\"https:\\\/\\\/www.skalnik.pl\\\/blog\\\/#website\"},\"breadcrumb\":{\"@id\":\"https:\\\/\\\/www.skalnik.pl\\\/blog\\\/nowosc-rab-i-membrana-gore-tex\\\/#breadcrumblist\"},\"author\":{\"@id\":\"https:\\\/\\\/www.skalnik.pl\\\/blog\\\/author\\\/beata-nawrotkiewicz\\\/#author\"},\"creator\":{\"@id\":\"https:\\\/\\\/www.skalnik.pl\\\/blog\\\/author\\\/beata-nawrotkiewicz\\\/#author\"},\"image\":{\"@type\":\"ImageObject\",\"url\":\"https:\\\/\\\/www.skalnik.pl\\\/blog\\\/wp-content\\\/uploads\\\/2019\\\/10\\\/rab-w-tle.jpg\",\"@id\":\"https:\\\/\\\/www.skalnik.pl\\\/blog\\\/nowosc-rab-i-membrana-gore-tex\\\/#mainImage\",\"width\":1920,\"height\":705,\"caption\":\"kobieta w g\\u00f3rach\"},\"primaryImageOfPage\":{\"@id\":\"https:\\\/\\\/www.skalnik.pl\\\/blog\\\/nowosc-rab-i-membrana-gore-tex\\\/#mainImage\"},\"datePublished\":\"2019-11-07T06:57:18+02:00\",\"dateModified\":\"2019-12-06T09:39:57+02:00\"},{\"@type\":\"WebSite\",\"@id\":\"https:\\\/\\\/www.skalnik.pl\\\/blog\\\/#website\",\"url\":\"https:\\\/\\\/www.skalnik.pl\\\/blog\\\/\",\"name\":\"blog Skalnik\",\"description\":\"Blog, porady, artyku\\u0142y - blog Skalnik\",\"inLanguage\":\"pl-PL\",\"publisher\":{\"@id\":\"https:\\\/\\\/www.skalnik.pl\\\/blog\\\/#organization\"}}]}\n\t\t<\/script>\n\t\t<!-- All in One SEO -->\n\n","aioseo_head_json":{"title":"Nowo\u015b\u0107 \u2013 Rab i membrana GORE-TEX - blog Skalnik","description":"Od teraz w kolekcji brytyjskiej marki Rab znajdziesz produkty z membran\u0105 GORE-TEX. Twoja ulubiona kurtka Rab jeszcze lepiej stawi czo\u0142a kaprysom pogody.","canonical_url":"https:\/\/www.skalnik.pl\/blog\/nowosc-rab-i-membrana-gore-tex\/","robots":"max-image-preview:large","keywords":"","webmasterTools":{"miscellaneous":""},"schema":{"@context":"https:\/\/schema.org","@graph":[{"@type":"BlogPosting","@id":"https:\/\/www.skalnik.pl\/blog\/nowosc-rab-i-membrana-gore-tex\/#blogposting","name":"Nowo\u015b\u0107 \u2013 Rab i membrana GORE-TEX - blog Skalnik","headline":"Nowo\u015b\u0107 \u2013 Rab i membrana GORE-TEX","author":{"@id":"https:\/\/www.skalnik.pl\/blog\/author\/beata-nawrotkiewicz\/#author"},"publisher":{"@id":"https:\/\/www.skalnik.pl\/blog\/#organization"},"image":{"@type":"ImageObject","url":"https:\/\/www.skalnik.pl\/blog\/wp-content\/uploads\/2019\/10\/rab-w-tle.jpg","width":1920,"height":705,"caption":"kobieta w g\u00f3rach"},"datePublished":"2019-11-07T06:57:18+02:00","dateModified":"2019-12-06T09:39:57+02:00","inLanguage":"pl-PL","mainEntityOfPage":{"@id":"https:\/\/www.skalnik.pl\/blog\/nowosc-rab-i-membrana-gore-tex\/#webpage"},"isPartOf":{"@id":"https:\/\/www.skalnik.pl\/blog\/nowosc-rab-i-membrana-gore-tex\/#webpage"},"articleSection":"Bran\u017ca, gore-tex, odzie\u017c, zima, 1088"},{"@type":"BreadcrumbList","@id":"https:\/\/www.skalnik.pl\/blog\/nowosc-rab-i-membrana-gore-tex\/#breadcrumblist","itemListElement":[{"@type":"ListItem","@id":"https:\/\/www.skalnik.pl\/blog#listItem","position":1,"name":"Home","item":"https:\/\/www.skalnik.pl\/blog","nextItem":{"@type":"ListItem","@id":"https:\/\/www.skalnik.pl\/blog\/.\/branza\/#listItem","name":"Bran\u017ca"}},{"@type":"ListItem","@id":"https:\/\/www.skalnik.pl\/blog\/.\/branza\/#listItem","position":2,"name":"Bran\u017ca","item":"https:\/\/www.skalnik.pl\/blog\/.\/branza\/","nextItem":{"@type":"ListItem","@id":"https:\/\/www.skalnik.pl\/blog\/nowosc-rab-i-membrana-gore-tex\/#listItem","name":"Nowo\u015b\u0107 \u2013 Rab i membrana GORE-TEX"},"previousItem":{"@type":"ListItem","@id":"https:\/\/www.skalnik.pl\/blog#listItem","name":"Home"}},{"@type":"ListItem","@id":"https:\/\/www.skalnik.pl\/blog\/nowosc-rab-i-membrana-gore-tex\/#listItem","position":3,"name":"Nowo\u015b\u0107 \u2013 Rab i membrana GORE-TEX","previousItem":{"@type":"ListItem","@id":"https:\/\/www.skalnik.pl\/blog\/.\/branza\/#listItem","name":"Bran\u017ca"}}]},{"@type":"Organization","@id":"https:\/\/www.skalnik.pl\/blog\/#organization","name":"blog Skalnik","description":"Blog, porady, artyku\u0142y - blog Skalnik","url":"https:\/\/www.skalnik.pl\/blog\/"},{"@type":"Person","@id":"https:\/\/www.skalnik.pl\/blog\/author\/beata-nawrotkiewicz\/#author","url":"https:\/\/www.skalnik.pl\/blog\/author\/beata-nawrotkiewicz\/","name":"Beata Nawrotkiewicz","image":{"@type":"ImageObject","@id":"https:\/\/www.skalnik.pl\/blog\/nowosc-rab-i-membrana-gore-tex\/#authorImage","url":"https:\/\/secure.gravatar.com\/avatar\/53cf81cfcc3a81694535515925ffcf159be725e8bd1fb455eeb9e2cadcaa5684?s=96&d=mm&r=g","width":96,"height":96,"caption":"Beata Nawrotkiewicz"}},{"@type":"WebPage","@id":"https:\/\/www.skalnik.pl\/blog\/nowosc-rab-i-membrana-gore-tex\/#webpage","url":"https:\/\/www.skalnik.pl\/blog\/nowosc-rab-i-membrana-gore-tex\/","name":"Nowo\u015b\u0107 \u2013 Rab i membrana GORE-TEX - blog Skalnik","description":"Od teraz w kolekcji brytyjskiej marki Rab znajdziesz produkty z membran\u0105 GORE-TEX. Twoja ulubiona kurtka Rab jeszcze lepiej stawi czo\u0142a kaprysom pogody.","inLanguage":"pl-PL","isPartOf":{"@id":"https:\/\/www.skalnik.pl\/blog\/#website"},"breadcrumb":{"@id":"https:\/\/www.skalnik.pl\/blog\/nowosc-rab-i-membrana-gore-tex\/#breadcrumblist"},"author":{"@id":"https:\/\/www.skalnik.pl\/blog\/author\/beata-nawrotkiewicz\/#author"},"creator":{"@id":"https:\/\/www.skalnik.pl\/blog\/author\/beata-nawrotkiewicz\/#author"},"image":{"@type":"ImageObject","url":"https:\/\/www.skalnik.pl\/blog\/wp-content\/uploads\/2019\/10\/rab-w-tle.jpg","@id":"https:\/\/www.skalnik.pl\/blog\/nowosc-rab-i-membrana-gore-tex\/#mainImage","width":1920,"height":705,"caption":"kobieta w g\u00f3rach"},"primaryImageOfPage":{"@id":"https:\/\/www.skalnik.pl\/blog\/nowosc-rab-i-membrana-gore-tex\/#mainImage"},"datePublished":"2019-11-07T06:57:18+02:00","dateModified":"2019-12-06T09:39:57+02:00"},{"@type":"WebSite","@id":"https:\/\/www.skalnik.pl\/blog\/#website","url":"https:\/\/www.skalnik.pl\/blog\/","name":"blog Skalnik","description":"Blog, porady, artyku\u0142y - blog Skalnik","inLanguage":"pl-PL","publisher":{"@id":"https:\/\/www.skalnik.pl\/blog\/#organization"}}]},"og:locale":"pl_PL","og:site_name":"blog Skalnik - Blog, porady, artyku\u0142y - blog Skalnik","og:type":"article","og:title":"Nowo\u015b\u0107 \u2013 Rab i membrana GORE-TEX - blog Skalnik","og:description":"Od teraz w kolekcji brytyjskiej marki Rab znajdziesz produkty z membran\u0105 GORE-TEX. Twoja ulubiona kurtka Rab jeszcze lepiej stawi czo\u0142a kaprysom pogody.","og:url":"https:\/\/www.skalnik.pl\/blog\/nowosc-rab-i-membrana-gore-tex\/","og:image":"https:\/\/skalnik.pl\/blog\/wp-content\/uploads\/2019\/10\/Kangri-1024x683.jpg","og:image:secure_url":"https:\/\/skalnik.pl\/blog\/wp-content\/uploads\/2019\/10\/Kangri-1024x683.jpg","article:tag":["bran\u017ca","gore-tex","odzie\u017c","zima"],"article:published_time":"2019-11-07T05:57:18+00:00","article:modified_time":"2019-12-06T08:39:57+00:00","twitter:card":"summary_large_image","twitter:title":"Nowo\u015b\u0107 \u2013 Rab i membrana GORE-TEX - blog Skalnik","twitter:description":"Od teraz w kolekcji brytyjskiej marki Rab znajdziesz produkty z membran\u0105 GORE-TEX. Twoja ulubiona kurtka Rab jeszcze lepiej stawi czo\u0142a kaprysom pogody.","twitter:image":"https:\/\/skalnik.pl\/blog\/wp-content\/uploads\/2019\/10\/Kangri-1024x683.jpg"},"aioseo_meta_data":{"post_id":"9529","title":"","description":"Od teraz w kolekcji brytyjskiej marki Rab znajdziesz produkty z membran\u0105 GORE-TEX. Twoja ulubiona kurtka Rab jeszcze lepiej stawi czo\u0142a kaprysom pogody.","keywords":[{"label":"rab gore tex","value":"rab gore tex"},{"label":"rab","value":"rab"},{"label":"gore tex","value":"gore tex"},{"label":"odzie\u017c rab","value":"odzie\u017c rab"},{"label":"rab kurtki","value":"rab kurtki"}],"keyphrases":null,"primary_term":null,"canonical_url":null,"og_title":null,"og_description":null,"og_object_type":"default","og_image_type":"default","og_image_url":null,"og_image_width":null,"og_image_height":null,"og_image_custom_url":null,"og_image_custom_fields":null,"og_video":null,"og_custom_url":null,"og_article_section":null,"og_article_tags":null,"twitter_use_og":false,"twitter_card":"default","twitter_image_type":"default","twitter_image_url":null,"twitter_image_custom_url":null,"twitter_image_custom_fields":null,"twitter_title":null,"twitter_description":null,"schema":{"blockGraphs":[],"customGraphs":[],"default":{"data":{"Article":[],"Course":[],"Dataset":[],"FAQPage":[],"Movie":[],"Person":[],"Product":[],"ProductReview":[],"Car":[],"Recipe":[],"Service":[],"SoftwareApplication":[],"WebPage":[]},"graphName":"BlogPosting","isEnabled":true},"graphs":[]},"schema_type":"default","schema_type_options":null,"pillar_content":false,"robots_default":true,"robots_noindex":false,"robots_noarchive":false,"robots_nosnippet":false,"robots_nofollow":false,"robots_noimageindex":false,"robots_noodp":false,"robots_notranslate":false,"robots_max_snippet":null,"robots_max_videopreview":null,"robots_max_imagepreview":"large","priority":null,"frequency":null,"local_seo":null,"breadcrumb_settings":null,"limit_modified_date":false,"ai":null,"created":"2022-08-26 10:08:02","updated":"2026-02-17 21:41:28","seo_analyzer_scan_date":null},"aioseo_breadcrumb":"<div class=\"aioseo-breadcrumbs\"><span class=\"aioseo-breadcrumb\">\n\t\t\t<a href=\"https:\/\/www.skalnik.pl\/blog\" title=\"Home\">Home<\/a>\n\t\t<\/span><span class=\"aioseo-breadcrumb-separator\">&raquo;<\/span><span class=\"aioseo-breadcrumb\">\n\t\t\t<a href=\"https:\/\/www.skalnik.pl\/blog\/.\/branza\/\" title=\"Bran\u017ca\">Bran\u017ca<\/a>\n\t\t<\/span><span class=\"aioseo-breadcrumb-separator\">&raquo;<\/span><span class=\"aioseo-breadcrumb\">\n\t\t\tNowo\u015b\u0107 \u2013 Rab i membrana GORE-TEX\n\t\t<\/span><\/div>","aioseo_breadcrumb_json":[{"label":"Home","link":"https:\/\/www.skalnik.pl\/blog"},{"label":"Bran\u017ca","link":"https:\/\/www.skalnik.pl\/blog\/.\/branza\/"},{"label":"Nowo\u015b\u0107 \u2013 Rab i membrana GORE-TEX","link":"https:\/\/www.skalnik.pl\/blog\/nowosc-rab-i-membrana-gore-tex\/"}],"_links":{"self":[{"href":"https:\/\/www.skalnik.pl\/blog\/wp-json\/wp\/v2\/posts\/9529","targetHints":{"allow":["GET"]}}],"collection":[{"href":"https:\/\/www.skalnik.pl\/blog\/wp-json\/wp\/v2\/posts"}],"about":[{"href":"https:\/\/www.skalnik.pl\/blog\/wp-json\/wp\/v2\/types\/post"}],"author":[{"embeddable":true,"href":"https:\/\/www.skalnik.pl\/blog\/wp-json\/wp\/v2\/users\/9"}],"replies":[{"embeddable":true,"href":"https:\/\/www.skalnik.pl\/blog\/wp-json\/wp\/v2\/comments?post=9529"}],"version-history":[{"count":15,"href":"https:\/\/www.skalnik.pl\/blog\/wp-json\/wp\/v2\/posts\/9529\/revisions"}],"predecessor-version":[{"id":9613,"href":"https:\/\/www.skalnik.pl\/blog\/wp-json\/wp\/v2\/posts\/9529\/revisions\/9613"}],"wp:featuredmedia":[{"embeddable":true,"href":"https:\/\/www.skalnik.pl\/blog\/wp-json\/wp\/v2\/media\/9541"}],"wp:attachment":[{"href":"https:\/\/www.skalnik.pl\/blog\/wp-json\/wp\/v2\/media?parent=9529"}],"wp:term":[{"taxonomy":"category","embeddable":true,"href":"https:\/\/www.skalnik.pl\/blog\/wp-json\/wp\/v2\/categories?post=9529"},{"taxonomy":"post_tag","embeddable":true,"href":"https:\/\/www.skalnik.pl\/blog\/wp-json\/wp\/v2\/tags?post=9529"},{"taxonomy":"magento_category","embeddable":true,"href":"https:\/\/www.skalnik.pl\/blog\/wp-json\/wp\/v2\/magento_category?post=9529"},{"taxonomy":"magento_product","embeddable":true,"href":"https:\/\/www.skalnik.pl\/blog\/wp-json\/wp\/v2\/magento_product?post=9529"}],"curies":[{"name":"wp","href":"https:\/\/api.w.org\/{rel}","templated":true}]}}