{"id":9658,"date":"2019-11-11T08:04:06","date_gmt":"2019-11-11T07:04:06","guid":{"rendered":"https:\/\/skalnik.pl\/blog\/?p=9658"},"modified":"2025-08-06T12:42:43","modified_gmt":"2025-08-06T10:42:43","slug":"nosidelka-turystyczne-deuter","status":"publish","type":"post","link":"https:\/\/www.skalnik.pl\/blog\/nosidelka-turystyczne-deuter\/","title":{"rendered":"Noside\u0142ka turystyczne Deuter"},"content":{"rendered":"\n<p><b>Na pierwszy wyjazd z dzieckiem w g\u00f3ry wcale nie trzeba czeka\u0107 kilka lat. Noside\u0142ko turystyczne pozwoli zdobywa\u0107 g\u00f3rskie szczyty jeszcze przed uko\u0144czeniem przez twojego malucha pierwszego roku. Czy nosid\u0142o firmy Deuter b\u0119dzie dobrym wyborem na takie rodzinne wyprawy?<\/b><\/p>\n\n\n\n<p>Projektuj\u0105c noside\u0142ko dla dziecka w g\u00f3ry, firmy outdoorowe stosuj\u0105 wiele rozwi\u0105za\u0144, kt\u00f3re zosta\u0142y ju\u017c dok\u0142adnie przetestowane na plecakach. Nic wi\u0119c dziwnego, \u017ce niemiecka firma <a href=\"https:\/\/skalnik.pl\/deuter\">Deuter<\/a>, specjalizuj\u0105ca si\u0119 w plecakach turystycznych, jest tak\u017ce jedn\u0105 z pierwszych firm, kt\u00f3ra zacz\u0119\u0142a produkcj\u0119 noside\u0142 na g\u00f3rskie szlaki. Noside\u0142ka turystyczne s\u0105 dost\u0119pne w ofercie tej firmy ju\u017c od 1996 roku.<\/p>\n\n\n\n<div id=\"ez-toc-container\" class=\"ez-toc-v2_0_85 counter-hierarchy ez-toc-counter ez-toc-light-blue ez-toc-container-direction\">\n<div class=\"ez-toc-title-container\">\n<p class=\"ez-toc-title\" style=\"cursor:inherit\">SPIS TRE\u015aCI <\/p>\n<span class=\"ez-toc-title-toggle\"><a href=\"#\" class=\"ez-toc-pull-right ez-toc-btn ez-toc-btn-xs ez-toc-btn-default ez-toc-toggle\" aria-label=\"Prze\u0142\u0105cznik Spisu Tre\u015bci\"><span class=\"ez-toc-js-icon-con\"><span class=\"\"><span class=\"eztoc-hide\" style=\"display:none;\">Toggle<\/span><span class=\"ez-toc-icon-toggle-span\"><svg style=\"fill: #999;color:#999\" xmlns=\"http:\/\/www.w3.org\/2000\/svg\" class=\"list-377408\" width=\"20px\" height=\"20px\" viewBox=\"0 0 24 24\" fill=\"none\"><path d=\"M6 6H4v2h2V6zm14 0H8v2h12V6zM4 11h2v2H4v-2zm16 0H8v2h12v-2zM4 16h2v2H4v-2zm16 0H8v2h12v-2z\" fill=\"currentColor\"><\/path><\/svg><svg style=\"fill: #999;color:#999\" class=\"arrow-unsorted-368013\" xmlns=\"http:\/\/www.w3.org\/2000\/svg\" width=\"10px\" height=\"10px\" viewBox=\"0 0 24 24\" version=\"1.2\" baseProfile=\"tiny\"><path d=\"M18.2 9.3l-6.2-6.3-6.2 6.3c-.2.2-.3.4-.3.7s.1.5.3.7c.2.2.4.3.7.3h11c.3 0 .5-.1.7-.3.2-.2.3-.5.3-.7s-.1-.5-.3-.7zM5.8 14.7l6.2 6.3 6.2-6.3c.2-.2.3-.5.3-.7s-.1-.5-.3-.7c-.2-.2-.4-.3-.7-.3h-11c-.3 0-.5.1-.7.3-.2.2-.3.5-.3.7s.1.5.3.7z\"\/><\/svg><\/span><\/span><\/span><\/a><\/span><\/div>\n<nav><ul class='ez-toc-list ez-toc-list-level-1 ' ><li class='ez-toc-page-1 ez-toc-heading-level-2'><a class=\"ez-toc-link ez-toc-heading-1\" href=\"https:\/\/www.skalnik.pl\/blog\/nosidelka-turystyczne-deuter\/#Jakie_elementy_musi_miec_nosidlo_turystyczne\" >Jakie elementy musi mie\u0107 nosid\u0142o turystyczne<\/a><ul class='ez-toc-list-level-3' ><li class='ez-toc-heading-level-3'><a class=\"ez-toc-link ez-toc-heading-2\" href=\"https:\/\/www.skalnik.pl\/blog\/nosidelka-turystyczne-deuter\/#1_Rama_i_system_nosny\" >1. Rama i system no\u015bny<\/a><\/li><li class='ez-toc-page-1 ez-toc-heading-level-3'><a class=\"ez-toc-link ez-toc-heading-3\" href=\"https:\/\/www.skalnik.pl\/blog\/nosidelka-turystyczne-deuter\/#2_Siedzisko_i_pasy_bezpieczenstwa\" >2. Siedzisko i pasy bezpiecze\u0144stwa<\/a><\/li><li class='ez-toc-page-1 ez-toc-heading-level-3'><a class=\"ez-toc-link ez-toc-heading-4\" href=\"https:\/\/www.skalnik.pl\/blog\/nosidelka-turystyczne-deuter\/#3_Daszek_przeciwsloneczny_i_pokrowiec_przeciwdeszczowy\" >3. Daszek przeciws\u0142oneczny i pokrowiec przeciwdeszczowy<\/a><\/li><li class='ez-toc-page-1 ez-toc-heading-level-3'><a class=\"ez-toc-link ez-toc-heading-5\" href=\"https:\/\/www.skalnik.pl\/blog\/nosidelka-turystyczne-deuter\/#4_Kieszenie\" >4. Kieszenie<\/a><\/li><li class='ez-toc-page-1 ez-toc-heading-level-3'><a class=\"ez-toc-link ez-toc-heading-6\" href=\"https:\/\/www.skalnik.pl\/blog\/nosidelka-turystyczne-deuter\/#5_Dodatkowe_akcesoria\" >5. Dodatkowe akcesoria<\/a><\/li><\/ul><\/li><li class='ez-toc-page-1 ez-toc-heading-level-2'><a class=\"ez-toc-link ez-toc-heading-7\" href=\"https:\/\/www.skalnik.pl\/blog\/nosidelka-turystyczne-deuter\/#Nosidelko_Deuter_%E2%80%93_kiedy_mozna_zaczac_go_uzywac\" >Noside\u0142ko Deuter \u2013 kiedy mo\u017cna zacz\u0105\u0107 go u\u017cywa\u0107<\/a><\/li><li class='ez-toc-page-1 ez-toc-heading-level-2'><a class=\"ez-toc-link ez-toc-heading-8\" href=\"https:\/\/www.skalnik.pl\/blog\/nosidelka-turystyczne-deuter\/#Ktory_model_Deuter_Kid_Comfort_wybrac\" >Kt\u00f3ry model Deuter Kid Comfort wybra\u0107<\/a><\/li><\/ul><\/nav><\/div>\n<h2 class=\"wp-block-heading\"><span class=\"ez-toc-section\" id=\"Jakie_elementy_musi_miec_nosidlo_turystyczne\"><\/span>Jakie elementy musi mie\u0107 nosid\u0142o turystyczne<span class=\"ez-toc-section-end\"><\/span><\/h2>\n\n\n\n<p>Nosid\u0142o g\u00f3rskie, wbrew swojej nazwie, przyda si\u0119 nie tylko w g\u00f3rach. Wsz\u0119dzie tam, gdzie teren uniemo\u017cliwia wygodne poruszanie si\u0119 z w\u00f3zkiem (pla\u017ca, las, pola), zak\u0142adane na plecy noside\u0142ko turystyczne sprawdzi si\u0119 doskonale. Warto wi\u0119c w nie zainwestowa\u0107 tak\u017ce wtedy, kiedy w g\u00f3ry je\u017adzisz tylko od czasu do czasu. Zw\u0142aszcza \u017ce dobre nosid\u0142o wytrzyma wiele lat i mo\u017ce s\u0142u\u017cy\u0107 nawet kilkorgu dzieciom.<\/p>\n\n\n\n<p>Co to jednak oznacza dobre noside\u0142ko? Wybieraj\u0105c nosid\u0142o turystyczne dla dziecka, zwr\u00f3\u0107 uwag\u0119 na nast\u0119puj\u0105ce elementy:<\/p>\n\n\n\n<h3 class=\"wp-block-heading\"><span class=\"ez-toc-section\" id=\"1_Rama_i_system_nosny\"><\/span>1. Rama i system no\u015bny<span class=\"ez-toc-section-end\"><\/span><\/h3>\n\n\n\n<p>Rama no\u015bna, wykonana z rur aluminiowych lub stalowych (te pierwsze b\u0119d\u0105 oczywi\u015bcie l\u017cejsze), to podstawa noside\u0142ka umo\u017cliwiaj\u0105ca wygodne niesienie malucha. Dobre noside\u0142ko turystyczne dla dziecka posiada tak\u017ce sk\u0142adan\u0105 n\u00f3\u017ck\u0119, kt\u00f3ra pomaga w stabilnym ustawieniu nosid\u0142a na ziemi.<\/p>\n\n\n<div class=\"wp-block-image wp-image-9666 size-large\">\n<figure class=\"aligncenter\"><img loading=\"lazy\" decoding=\"async\" width=\"1024\" height=\"682\" src=\"https:\/\/skalnik.pl\/blog\/wp-content\/uploads\/2019\/11\/Nosid\u0142o-turystyczne-Deuter-1024x682.jpg\" alt=\"Nosid\u0142o turystyczne Deuter\" class=\"wp-image-9666\" srcset=\"https:\/\/www.skalnik.pl\/blog\/wp-content\/uploads\/2019\/11\/Nosid\u0142o-turystyczne-Deuter-1024x682.jpg 1024w, https:\/\/www.skalnik.pl\/blog\/wp-content\/uploads\/2019\/11\/Nosid\u0142o-turystyczne-Deuter-300x200.jpg 300w, https:\/\/www.skalnik.pl\/blog\/wp-content\/uploads\/2019\/11\/Nosid\u0142o-turystyczne-Deuter-768x512.jpg 768w, https:\/\/www.skalnik.pl\/blog\/wp-content\/uploads\/2019\/11\/Nosid\u0142o-turystyczne-Deuter.jpg 2000w\" sizes=\"auto, (max-width: 1024px) 100vw, 1024px\" \/><figcaption class=\"wp-element-caption\">Specjalna n\u00f3\u017cka pomaga w stablinym ustawieniu noside\u0142ka na ziemi (fot. Deuter)<\/figcaption><\/figure>\n<\/div>\n\n\n<p>Firmy outdoorowe adaptuj\u0105 zazwyczaj w noside\u0142kach systemy no\u015bne z plecak\u00f3w turystycznych. Tak w\u0142a\u015bnie robi Deuter, wykorzystuj\u0105c w swoich noside\u0142kach na przyk\u0142ad system no\u015bny Aircomfort. Przymierzaj\u0105c noside\u0142ko dla dziecka w g\u00f3ry, czerp wi\u0119c pe\u0142n\u0105 gar\u015bci\u0105 z do\u015bwiadcze\u0144 wyniesionych z wybierania plecak\u00f3w. Zwr\u00f3\u0107 zatem uwag\u0119, czy szelki nigdzie ci si\u0119 nie wbijaj\u0105 i czy pas biodrowy jest wystarczaj\u0105co szeroki. Noside\u0142ko w g\u00f3ry powinno te\u017c oczywi\u015bcie posiada\u0107 mo\u017cliwo\u015b\u0107 regulacji systemu, aby ka\u017cdy rodzic m\u00f3g\u0142 go dopasowa\u0107 do swojego wzrostu i budowy. Tylko wtedy system no\u015bny faktycznie odci\u0105\u017cy ramiona i przeniesie ci\u0119\u017car na biodra.<\/p>\n\n\n\n<h3 class=\"wp-block-heading\"><span class=\"ez-toc-section\" id=\"2_Siedzisko_i_pasy_bezpieczenstwa\"><\/span>2. Siedzisko i pasy bezpiecze\u0144stwa<span class=\"ez-toc-section-end\"><\/span><\/h3>\n\n\n\n<p>Podczas gdy system no\u015bny zapewnia wygod\u0119 rodzicom, to siedzisko i pasy bezpiecze\u0144stwa s\u0105 tymi elementami, kt\u00f3re gwarantuj\u0105 komfort i bezpiecze\u0144stwo dzieciom. <a href=\"https:\/\/skalnik.pl\/sprzet-turystyczny\/plecaki\/plecaki-nosidelka\">Noside\u0142ko turystyczne<\/a> powinno mie\u0107 siedzisko obszyte mi\u0119kkim i wytrzyma\u0142ym materia\u0142em syntetycznym. Zwr\u00f3\u0107 uwag\u0119, by by\u0142o ono regulowane zar\u00f3wno w pionie (wzrost dziecka zmienia si\u0119 bardzo szybko), jak i w poziomie (jesieni\u0105 ubi\u00f3r dziecka zajmie o wiele wi\u0119cej miejsca ni\u017c latem).<\/p>\n\n\n\n<p>W noside\u0142kach turystycznych stosuje si\u0119 zazwyczaj pasy cztero- lub pi\u0119ciopunktowe, kt\u00f3re utrzymuj\u0105 dziecko w jednej pozycji. Produkowane przez Deuter noside\u0142ko ma dodatkowo klamry w kontrastowym kolorze. Dzi\u0119ki temu szybko sprawdzisz, czy wszystko jest odpowiednio zapi\u0119te.<\/p>\n\n\n<div class=\"wp-block-image wp-image-9662 size-large\">\n<figure class=\"aligncenter\"><img loading=\"lazy\" decoding=\"async\" width=\"1024\" height=\"682\" src=\"https:\/\/skalnik.pl\/blog\/wp-content\/uploads\/2019\/11\/Noside\u0142ko-dla-dziecka-w-g\u00f3ry-1024x682.jpg\" alt=\"Noside\u0142ko dla dziecka w g\u00f3ry\" class=\"wp-image-9662\" srcset=\"https:\/\/www.skalnik.pl\/blog\/wp-content\/uploads\/2019\/11\/Noside\u0142ko-dla-dziecka-w-g\u00f3ry-1024x682.jpg 1024w, https:\/\/www.skalnik.pl\/blog\/wp-content\/uploads\/2019\/11\/Noside\u0142ko-dla-dziecka-w-g\u00f3ry-300x200.jpg 300w, https:\/\/www.skalnik.pl\/blog\/wp-content\/uploads\/2019\/11\/Noside\u0142ko-dla-dziecka-w-g\u00f3ry-768x512.jpg 768w, https:\/\/www.skalnik.pl\/blog\/wp-content\/uploads\/2019\/11\/Noside\u0142ko-dla-dziecka-w-g\u00f3ry.jpg 2000w\" sizes=\"auto, (max-width: 1024px) 100vw, 1024px\" \/><figcaption class=\"wp-element-caption\">Klamry w odblaskowych kolorach sprawiaj\u0105, \u017ce \u0142atwo sprawdzisz czy wszystko jest prawid\u0142owo zapi\u0119te (fot. Deuter)<\/figcaption><\/figure>\n<\/div>\n\n\n<h3 class=\"wp-block-heading\"><span class=\"ez-toc-section\" id=\"3_Daszek_przeciwsloneczny_i_pokrowiec_przeciwdeszczowy\"><\/span>3. Daszek przeciws\u0142oneczny i pokrowiec przeciwdeszczowy<span class=\"ez-toc-section-end\"><\/span><\/h3>\n\n\n\n<p>Oczywi\u015bcie z malutkim dzieckiem nie rusza si\u0119 na szlak w z\u0142\u0105 pogod\u0119. Pokrowiec przeciwdeszczowy zapewni jednak ochron\u0119 w razie nag\u0142ego opadu, a tak\u017ce przed silniejszym wiatrem. Upewnij si\u0119, czy przykrywa on ca\u0142\u0105 posta\u0107 dziecka. Odpowiednio wyprofilowany daszek ochroni natomiast przed silnym s\u0142o\u0144cem.<\/p>\n\n\n\n<p>Niekiedy nosid\u0142o g\u00f3rskie jest od razu wyposa\u017cone w te elementy, ale cz\u0119sto trzeba je dokupywa\u0107 oddzielnie. Dla przyk\u0142adu w nosidle Deuter Kid Comfort Pro otwierany daszek chroni\u0105cy przed s\u0142o\u0144cem jest na sta\u0142e po\u0142\u0105czony z noside\u0142kiem. Pokrowiec przeciwdeszczowy nale\u017cy ju\u017c natomiast dokupi\u0107 osobno.<\/p>\n\n\n\n<h3 class=\"wp-block-heading\"><span class=\"ez-toc-section\" id=\"4_Kieszenie\"><\/span>4. Kieszenie<span class=\"ez-toc-section-end\"><\/span><\/h3>\n\n\n\n<p>Im wi\u0119cej kieszeni ma nosid\u0142o turystyczne, tym lepiej. Na tras\u0119, zw\u0142aszcza kiedy w\u0119druje si\u0119 z malutkim dzieckiem, zabiera si\u0119 przecie\u017c wiele rzeczy. Chowanie ich wszystkich do plecak\u00f3w pozosta\u0142ych towarzyszy wyprawy nie jest na d\u0142u\u017csz\u0105 met\u0119 zbyt dobrym rozwi\u0105zaniem.<\/p>\n\n\n\n<p>Najwi\u0119cej rzeczy zmie\u015bci si\u0119 zazwyczaj w du\u017cej kieszeni pod siedziskiem, ale bardzo u\u017cyteczne b\u0119d\u0105 tak\u017ce pozosta\u0142e kieszonki (boczne z siateczki czy ma\u0142e w pasie biodrowym). Noside\u0142ko Deuter Kid Comfort posiada cho\u0107by specjaln\u0105 kiesze\u0144 na buk\u0142ak, aby rodzic m\u00f3g\u0142 w dowolnym momencie napi\u0107 si\u0119 wody.<\/p>\n\n\n\n<h3 class=\"wp-block-heading\"><span class=\"ez-toc-section\" id=\"5_Dodatkowe_akcesoria\"><\/span>5. Dodatkowe akcesoria<span class=\"ez-toc-section-end\"><\/span><\/h3>\n\n\n\n<p>Producenci noside\u0142ek prze\u015bcigaj\u0105 si\u0119 oczywi\u015bcie w wymy\u015blaniu dodatkowych akcesori\u00f3w, kt\u00f3re maj\u0105 zwi\u0119kszy\u0107 komfort zar\u00f3wno dziecka, jak i rodzica. Bardzo przydatne dla nieco starszych dzieci s\u0105 regulowane strzemiona, kt\u00f3re zapewniaj\u0105 oparcie dla st\u00f3p. Noside\u0142ko w g\u00f3ry mo\u017ce by\u0107 tak\u017ce wyposa\u017cone w poduszki chroni\u0105ce g\u0142\u00f3wk\u0119 dziecka w czasie drzemki czy nawet lusterko pozwalaj\u0105ce obserwowa\u0107 poczynania malucha bez odwracania g\u0142owy (takie lusterko posiada na przyk\u0142ad nosid\u0142o Deuter Kid Comfort Pro).<\/p>\n\n\n\n<style>\n.video-container {\n  position: relative;\n  width: 100%;\n  padding-bottom: 56.25%; \/* proporcje 16:9 *\/\n  height: 0;\n  overflow: hidden;\n}\n\n.video-container iframe {\n  position: absolute;\n  top: 0;\n  left: 0;\n  width: 100%;\n  height: 100%;\n  border: 0;\n}\n<\/style>\n\n<div class=\"video-container\">\n  <iframe \n    src=\"https:\/\/www.youtube.com\/embed\/i_mKcNdiC08?si=Tzq-WoVQQwQXGVDA\" \n    title=\"YouTube video player\" \n    frameborder=\"0\" \n    allow=\"accelerometer; autoplay; clipboard-write; encrypted-media; gyroscope; picture-in-picture; web-share\" \n    referrerpolicy=\"strict-origin-when-cross-origin\" \n    allowfullscreen>\n  <\/iframe>\n<\/div>\n\n\n\n<h2 class=\"wp-block-heading\"><span class=\"ez-toc-section\" id=\"Nosidelko_Deuter_%E2%80%93_kiedy_mozna_zaczac_go_uzywac\"><\/span>Noside\u0142ko Deuter \u2013 kiedy mo\u017cna zacz\u0105\u0107 go u\u017cywa\u0107<span class=\"ez-toc-section-end\"><\/span><\/h2>\n\n\n\n<p>Bezpiecze\u0144stwo dziecka powinno zawsze sta\u0107 na pierwszym miejscu. Dlatego uwa\u017caj, by g\u00f3rskiej przygody nie zacz\u0105\u0107 zbyt wcze\u015bnie. Kiedy dziecko mo\u017ce wyruszy\u0107 na szlak w noside\u0142ku turystycznym wyprodukowanym przez firm\u0119 Deuter?<\/p>\n\n\n\n<p>M\u00f3wi\u0105c og\u00f3lnie, nosid\u0142o g\u00f3rskie mo\u017cesz zacz\u0105\u0107 u\u017cywa\u0107 wtedy, kiedy mi\u0119\u015bnie dziecka wzd\u0142u\u017c kr\u0119gos\u0142upa (ze szczeg\u00f3lnym uwzgl\u0119dnieniem szyi) potrafi\u0105 ju\u017c utrzyma\u0107 pewnie g\u0142\u00f3wk\u0119, a twoja pociecha nauczy\u0142a si\u0119 samodzielnie siada\u0107. W przypadku wi\u0119kszo\u015bci dzieci doln\u0105 granic\u0105 b\u0119dzie wi\u0119c 7-8 miesi\u0119cy, ale pami\u0119taj, by zawsze dostosowa\u0107 generalne zasady do swojego maluszka. Lepiej poczeka\u0107 miesi\u0105c z wycieczk\u0105, ni\u017c wyruszy\u0107 za wcze\u015bnie na szlak.<\/p>\n\n\n<div class=\"wp-block-image wp-image-9669 size-large\">\n<figure class=\"aligncenter\"><img loading=\"lazy\" decoding=\"async\" width=\"1024\" height=\"682\" src=\"https:\/\/skalnik.pl\/blog\/wp-content\/uploads\/2019\/11\/Deuter-noside\u0142ko-Kid-Comfort-1024x682.jpg\" alt=\"Deuter noside\u0142ko Kid Comfort\" class=\"wp-image-9669\" srcset=\"https:\/\/www.skalnik.pl\/blog\/wp-content\/uploads\/2019\/11\/Deuter-noside\u0142ko-Kid-Comfort-1024x682.jpg 1024w, https:\/\/www.skalnik.pl\/blog\/wp-content\/uploads\/2019\/11\/Deuter-noside\u0142ko-Kid-Comfort-300x200.jpg 300w, https:\/\/www.skalnik.pl\/blog\/wp-content\/uploads\/2019\/11\/Deuter-noside\u0142ko-Kid-Comfort-768x512.jpg 768w, https:\/\/www.skalnik.pl\/blog\/wp-content\/uploads\/2019\/11\/Deuter-noside\u0142ko-Kid-Comfort.jpg 2000w\" sizes=\"auto, (max-width: 1024px) 100vw, 1024px\" \/><figcaption class=\"wp-element-caption\">Pami\u0119taj, \u017ce noside\u0142ko turystyczne nie nadaje si\u0119 dla noworodk\u00f3w (fot. Deuter)<\/figcaption><\/figure>\n<\/div>\n\n\n<h2 class=\"wp-block-heading\"><span class=\"ez-toc-section\" id=\"Ktory_model_Deuter_Kid_Comfort_wybrac\"><\/span>Kt\u00f3ry model Deuter Kid Comfort wybra\u0107<span class=\"ez-toc-section-end\"><\/span><\/h2>\n\n\n\n<p>Nosid\u0142o Deuter Kid Comfort to ju\u017c klasyka g\u00f3rskich noside\u0142ek. Co najwa\u017cniejsze, wszystkie modele z tej linii posiadaj\u0105 certyfikat bezpiecze\u0144stwa T\u00dcV SUD GS. Na kt\u00f3ry jednak konkretnie model warto si\u0119 zdecydowa\u0107?<\/p>\n\n\n\n<p>Noside\u0142ko turystyczne dla dziecka Kid Comfort to standardowy model o wadze 3100 gram\u00f3w. Przy jego produkcji Deuter wykorzysta\u0142 regulowany system no\u015bny Aircomfort Sensic Vario u\u017cywany z powodzeniem w plecakach. W pasie biodrowym, wykonanym z mi\u0119kkiej pianki, zastosowano natomiast technologi\u0119 VariFlex. Dzi\u0119ki temu p\u0142etwy pasa b\u0119d\u0105 pod\u0105\u017ca\u0107 za skr\u0119tami twoich bioder. <a href=\"https:\/\/skalnik.pl\/sprzet-turystyczny\/plecaki\/plecaki-nosidelka\/deuter\">Noside\u0142ko Deuter<\/a> Kid Comfort wyposa\u017cono tak\u017ce w regulowane siedzisko oraz strzemiona. Sk\u0142adana n\u00f3\u017cka pozwoli natomiast swobodnie postawi\u0107 nosid\u0142o turystyczne na ziemi. Je\u015bli szukasz po prostu dobrego noside\u0142ka turystycznego, ten model spe\u0142ni twoje oczekiwania.<\/p>\n\n\n<div class=\"wp-block-image wp-image-9674 size-full\">\n<figure class=\"aligncenter\"><img loading=\"lazy\" decoding=\"async\" width=\"686\" height=\"686\" src=\"https:\/\/skalnik.pl\/blog\/wp-content\/uploads\/2019\/11\/Deuetr-Kid-Comfort.jpg\" alt=\"Deuetr Kid Comfort\" class=\"wp-image-9674\" srcset=\"https:\/\/www.skalnik.pl\/blog\/wp-content\/uploads\/2019\/11\/Deuetr-Kid-Comfort.jpg 686w, https:\/\/www.skalnik.pl\/blog\/wp-content\/uploads\/2019\/11\/Deuetr-Kid-Comfort-300x300.jpg 300w\" sizes=\"auto, (max-width: 686px) 100vw, 686px\" \/><figcaption class=\"wp-element-caption\">Deuetr Kid Comfort (fot. Deuter)<\/figcaption><\/figure>\n<\/div>\n\n\n<p>Je\u017celi jednak planujesz nieco d\u0142u\u017csze trasy i zale\u017cy ci bardzo na wadze, powinno ci\u0119 zainteresowa\u0107 nosid\u0142o Deuter Kid Comfort Active. W tym noside\u0142ku wykorzystano system no\u015bny Deuter Lite. To najl\u017cejszy z system\u00f3w no\u015bnych niemieckiej firmy, kt\u00f3ry jest u\u017cywany r\u00f3wnie\u017c w bardzo lekkich plecakach alpinistycznych. Dzi\u0119ki temu samo nosid\u0142o turystyczne wa\u017cy zaledwie 2450 gram\u00f3w. Posiada ono tak\u017ce system regulacji VariQuick. Odpowiednie u\u0142o\u017cenie wszystkich pas\u00f3w zajmie wi\u0119c jedynie chwil\u0119. Dziecko natomiast z pewno\u015bci\u0105 doceni poduszk\u0119 przyczepion\u0105 z ty\u0142u stela\u017ca, kt\u00f3ra umo\u017cliwi bezpieczn\u0105 i wygodn\u0105 drzemk\u0119.<\/p>\n\n\n<div class=\"wp-block-image wp-image-9678 size-full\">\n<figure class=\"aligncenter\"><img loading=\"lazy\" decoding=\"async\" width=\"686\" height=\"686\" src=\"https:\/\/skalnik.pl\/blog\/wp-content\/uploads\/2019\/11\/Noside\u0142ko-Deuetr-Kid-Comfort-Active-SL.jpg\" alt=\"Noside\u0142ko Deuetr Kid Comfort Active SL\" class=\"wp-image-9678\" srcset=\"https:\/\/www.skalnik.pl\/blog\/wp-content\/uploads\/2019\/11\/Noside\u0142ko-Deuetr-Kid-Comfort-Active-SL.jpg 686w, https:\/\/www.skalnik.pl\/blog\/wp-content\/uploads\/2019\/11\/Noside\u0142ko-Deuetr-Kid-Comfort-Active-SL-300x300.jpg 300w\" sizes=\"auto, (max-width: 686px) 100vw, 686px\" \/><figcaption class=\"wp-element-caption\">Deuetr Kid Comfort Active SL (fot. Deuter)<\/figcaption><\/figure>\n<\/div>\n\n\n<p>Noside\u0142ko turystyczne Deuter Kid Comfort Pro jest z kolei wyposa\u017cone w najwi\u0119ksz\u0105 liczb\u0119 dodatkowych udogodnie\u0144. Deuter do\u0142\u0105cza do niego ma\u0142y plecak (10 l), kt\u00f3ry mo\u017cna wygodnie przymocowa\u0107 do noside\u0142ka. To nosid\u0142o g\u00f3rskie wyposa\u017cono te\u017c w lusterko oraz otwierany daszek przeciws\u0142oneczny. Kieszenie boczne z siateczki, do kt\u00f3rych dosi\u0119gnie tak\u017ce dziecko, to idealne miejsce na schowanie maskotki towarzysz\u0105cej rodzinie na szlaku. Oczywi\u015bcie wi\u0119ksza liczba akcesori\u00f3w oznacza te\u017c wi\u0119kszy ci\u0119\u017car, wi\u0119c to noside\u0142ko nada si\u0119 raczej na kr\u00f3tsze szlaki.<\/p>\n\n\n<div class=\"wp-block-image wp-image-9672 size-full\">\n<figure class=\"aligncenter\"><img loading=\"lazy\" decoding=\"async\" width=\"686\" height=\"686\" src=\"https:\/\/skalnik.pl\/blog\/wp-content\/uploads\/2019\/11\/Deuetr-Kid-Comfort-Pro.jpg\" alt=\"Deuetr Kid Comfort Pro\" class=\"wp-image-9672\" srcset=\"https:\/\/www.skalnik.pl\/blog\/wp-content\/uploads\/2019\/11\/Deuetr-Kid-Comfort-Pro.jpg 686w, https:\/\/www.skalnik.pl\/blog\/wp-content\/uploads\/2019\/11\/Deuetr-Kid-Comfort-Pro-300x300.jpg 300w\" sizes=\"auto, (max-width: 686px) 100vw, 686px\" \/><figcaption class=\"wp-element-caption\">Deuetr Kid Comfort Pro (fot. Deuter)<\/figcaption><\/figure>\n<\/div>\n\n\n<p>Ju\u017c malutkie dziecko mo\u017ce czerpa\u0107 wiele przyjemno\u015bci z kontaktu z natur\u0105. Nie odwlekaj wi\u0119c momentu, kiedy zaszczepisz swojej pociesze pasj\u0119 do g\u00f3rskich wycieczek. W\u0119dr\u00f3wki w noside\u0142ku to przecie\u017c najlepszy wst\u0119p do wypraw na w\u0142asnych nogach. Przed wyruszeniem na szlak zajrzyj te\u017c do naszego dzia\u0142u dzieci\u0119cego. Znajdziesz go <a href=\"https:\/\/skalnik.pl\/specjalne\/odziez-i-sprzet-turystyczny-dla-dzieci\">tutaj<\/a>.<\/p>\n\n\n\n<p class=\"has-text-align-right\"><i>Katarzyna Butkiewicz<\/i><\/p>\n","protected":false},"excerpt":{"rendered":"<p>Noside\u0142ko turystyczne pozwoli prze\u017cy\u0107 g\u00f3rskie przygody nawet w pierwszym roku \u017cycia. Przygl\u0105damy si\u0119 noside\u0142kom Deuter Kid Comfort. Sprawd\u017a czy warto zainwestowa\u0107 w nosid\u0142o turystyczne tej marki.<\/p>\n","protected":false},"author":7,"featured_media":9661,"comment_status":"open","ping_status":"open","sticky":false,"template":"","format":"standard","meta":{"_acf_changed":false,"footnotes":""},"categories":[5],"tags":[173,95],"magento_category":[185],"magento_product":[],"class_list":["post-9658","post","type-post","status-publish","format-standard","has-post-thumbnail","hentry","category-branza","tag-dziecko-w-gorach","tag-sprzet-turystyczny"],"acf":[],"aioseo_notices":[],"aioseo_head":"\n\t\t<!-- All in One SEO 4.9.10 - aioseo.com -->\n\t<meta name=\"description\" content=\"G\u00f3rskie szczyty mo\u017cna zdobywa\u0107 ju\u017c w pierwszym roku \u017cycia. Noside\u0142ko Deuter pozwoli zabra\u0107 malucha na g\u00f3rskie wycieczki. Sprawd\u017a jak zbudowane s\u0105 noside\u0142ka Deuter Kid Comfort.\" \/>\n\t<meta name=\"robots\" content=\"max-image-preview:large\" \/>\n\t<meta name=\"author\" content=\"Redakcja skalnik.pl\"\/>\n\t<link rel=\"canonical\" href=\"https:\/\/www.skalnik.pl\/blog\/nosidelka-turystyczne-deuter\/\" \/>\n\t<meta name=\"generator\" content=\"All in One SEO (AIOSEO) 4.9.10\" \/>\n\t\t<meta property=\"og:locale\" content=\"pl_PL\" \/>\n\t\t<meta property=\"og:site_name\" content=\"blog Skalnik - Blog, porady, artyku\u0142y - blog Skalnik\" \/>\n\t\t<meta property=\"og:type\" content=\"article\" \/>\n\t\t<meta property=\"og:title\" content=\"Noside\u0142ka turystyczne Deuter - blog Skalnik\" \/>\n\t\t<meta property=\"og:description\" content=\"G\u00f3rskie szczyty mo\u017cna zdobywa\u0107 ju\u017c w pierwszym roku \u017cycia. Noside\u0142ko Deuter pozwoli zabra\u0107 malucha na g\u00f3rskie wycieczki. Sprawd\u017a jak zbudowane s\u0105 noside\u0142ka Deuter Kid Comfort.\" \/>\n\t\t<meta property=\"og:url\" content=\"https:\/\/www.skalnik.pl\/blog\/nosidelka-turystyczne-deuter\/\" \/>\n\t\t<meta property=\"og:image\" content=\"https:\/\/skalnik.pl\/blog\/wp-content\/uploads\/2019\/11\/Nosid\u0142o-turystyczne-Deuter-1024x682.jpg\" \/>\n\t\t<meta property=\"og:image:secure_url\" content=\"https:\/\/skalnik.pl\/blog\/wp-content\/uploads\/2019\/11\/Nosid\u0142o-turystyczne-Deuter-1024x682.jpg\" \/>\n\t\t<meta property=\"article:tag\" content=\"bran\u017ca\" \/>\n\t\t<meta property=\"article:tag\" content=\"dziecko w g\u00f3rach\" \/>\n\t\t<meta property=\"article:tag\" content=\"sprz\u0119t turystyczny\" \/>\n\t\t<meta property=\"article:published_time\" content=\"2019-11-11T07:04:06+00:00\" \/>\n\t\t<meta property=\"article:modified_time\" content=\"2025-08-06T10:42:43+00:00\" \/>\n\t\t<meta name=\"twitter:card\" content=\"summary_large_image\" \/>\n\t\t<meta name=\"twitter:title\" content=\"Noside\u0142ka turystyczne Deuter - blog Skalnik\" \/>\n\t\t<meta name=\"twitter:description\" content=\"G\u00f3rskie szczyty mo\u017cna zdobywa\u0107 ju\u017c w pierwszym roku \u017cycia. Noside\u0142ko Deuter pozwoli zabra\u0107 malucha na g\u00f3rskie wycieczki. Sprawd\u017a jak zbudowane s\u0105 noside\u0142ka Deuter Kid Comfort.\" \/>\n\t\t<meta name=\"twitter:image\" content=\"https:\/\/skalnik.pl\/blog\/wp-content\/uploads\/2019\/11\/Nosid\u0142o-turystyczne-Deuter-1024x682.jpg\" \/>\n\t\t<script type=\"application\/ld+json\" class=\"aioseo-schema\">\n\t\t\t{\"@context\":\"https:\\\/\\\/schema.org\",\"@graph\":[{\"@type\":\"BlogPosting\",\"@id\":\"https:\\\/\\\/www.skalnik.pl\\\/blog\\\/nosidelka-turystyczne-deuter\\\/#blogposting\",\"name\":\"Noside\\u0142ka turystyczne Deuter - blog Skalnik\",\"headline\":\"Noside\\u0142ka turystyczne Deuter\",\"author\":{\"@id\":\"https:\\\/\\\/www.skalnik.pl\\\/blog\\\/author\\\/redakcja-skalnik-pl\\\/#author\"},\"publisher\":{\"@id\":\"https:\\\/\\\/www.skalnik.pl\\\/blog\\\/#organization\"},\"image\":{\"@type\":\"ImageObject\",\"url\":\"https:\\\/\\\/www.skalnik.pl\\\/blog\\\/wp-content\\\/uploads\\\/2019\\\/11\\\/Noside\\u0142ka-Deuter.jpg\",\"width\":1920,\"height\":705,\"caption\":\"Noside\\u0142ka Deuter\"},\"datePublished\":\"2019-11-11T08:04:06+02:00\",\"dateModified\":\"2025-08-06T12:42:43+02:00\",\"inLanguage\":\"pl-PL\",\"mainEntityOfPage\":{\"@id\":\"https:\\\/\\\/www.skalnik.pl\\\/blog\\\/nosidelka-turystyczne-deuter\\\/#webpage\"},\"isPartOf\":{\"@id\":\"https:\\\/\\\/www.skalnik.pl\\\/blog\\\/nosidelka-turystyczne-deuter\\\/#webpage\"},\"articleSection\":\"Bran\\u017ca, dziecko w g\\u00f3rach, sprz\\u0119t turystyczny, 1204\"},{\"@type\":\"BreadcrumbList\",\"@id\":\"https:\\\/\\\/www.skalnik.pl\\\/blog\\\/nosidelka-turystyczne-deuter\\\/#breadcrumblist\",\"itemListElement\":[{\"@type\":\"ListItem\",\"@id\":\"https:\\\/\\\/www.skalnik.pl\\\/blog#listItem\",\"position\":1,\"name\":\"Home\",\"item\":\"https:\\\/\\\/www.skalnik.pl\\\/blog\",\"nextItem\":{\"@type\":\"ListItem\",\"@id\":\"https:\\\/\\\/www.skalnik.pl\\\/blog\\\/.\\\/branza\\\/#listItem\",\"name\":\"Bran\\u017ca\"}},{\"@type\":\"ListItem\",\"@id\":\"https:\\\/\\\/www.skalnik.pl\\\/blog\\\/.\\\/branza\\\/#listItem\",\"position\":2,\"name\":\"Bran\\u017ca\",\"item\":\"https:\\\/\\\/www.skalnik.pl\\\/blog\\\/.\\\/branza\\\/\",\"nextItem\":{\"@type\":\"ListItem\",\"@id\":\"https:\\\/\\\/www.skalnik.pl\\\/blog\\\/nosidelka-turystyczne-deuter\\\/#listItem\",\"name\":\"Noside\\u0142ka turystyczne Deuter\"},\"previousItem\":{\"@type\":\"ListItem\",\"@id\":\"https:\\\/\\\/www.skalnik.pl\\\/blog#listItem\",\"name\":\"Home\"}},{\"@type\":\"ListItem\",\"@id\":\"https:\\\/\\\/www.skalnik.pl\\\/blog\\\/nosidelka-turystyczne-deuter\\\/#listItem\",\"position\":3,\"name\":\"Noside\\u0142ka turystyczne Deuter\",\"previousItem\":{\"@type\":\"ListItem\",\"@id\":\"https:\\\/\\\/www.skalnik.pl\\\/blog\\\/.\\\/branza\\\/#listItem\",\"name\":\"Bran\\u017ca\"}}]},{\"@type\":\"Organization\",\"@id\":\"https:\\\/\\\/www.skalnik.pl\\\/blog\\\/#organization\",\"name\":\"blog Skalnik\",\"description\":\"Blog, porady, artyku\\u0142y - blog Skalnik\",\"url\":\"https:\\\/\\\/www.skalnik.pl\\\/blog\\\/\"},{\"@type\":\"Person\",\"@id\":\"https:\\\/\\\/www.skalnik.pl\\\/blog\\\/author\\\/redakcja-skalnik-pl\\\/#author\",\"url\":\"https:\\\/\\\/www.skalnik.pl\\\/blog\\\/author\\\/redakcja-skalnik-pl\\\/\",\"name\":\"Redakcja skalnik.pl\",\"image\":{\"@type\":\"ImageObject\",\"@id\":\"https:\\\/\\\/www.skalnik.pl\\\/blog\\\/nosidelka-turystyczne-deuter\\\/#authorImage\",\"url\":\"https:\\\/\\\/secure.gravatar.com\\\/avatar\\\/7eab29b048aaf0899cd9a145e9adb814e2130ced31e65b454b902500bea65f9e?s=96&d=mm&r=g\",\"width\":96,\"height\":96,\"caption\":\"Redakcja skalnik.pl\"}},{\"@type\":\"WebPage\",\"@id\":\"https:\\\/\\\/www.skalnik.pl\\\/blog\\\/nosidelka-turystyczne-deuter\\\/#webpage\",\"url\":\"https:\\\/\\\/www.skalnik.pl\\\/blog\\\/nosidelka-turystyczne-deuter\\\/\",\"name\":\"Noside\\u0142ka turystyczne Deuter - blog Skalnik\",\"description\":\"G\\u00f3rskie szczyty mo\\u017cna zdobywa\\u0107 ju\\u017c w pierwszym roku \\u017cycia. Noside\\u0142ko Deuter pozwoli zabra\\u0107 malucha na g\\u00f3rskie wycieczki. Sprawd\\u017a jak zbudowane s\\u0105 noside\\u0142ka Deuter Kid Comfort.\",\"inLanguage\":\"pl-PL\",\"isPartOf\":{\"@id\":\"https:\\\/\\\/www.skalnik.pl\\\/blog\\\/#website\"},\"breadcrumb\":{\"@id\":\"https:\\\/\\\/www.skalnik.pl\\\/blog\\\/nosidelka-turystyczne-deuter\\\/#breadcrumblist\"},\"author\":{\"@id\":\"https:\\\/\\\/www.skalnik.pl\\\/blog\\\/author\\\/redakcja-skalnik-pl\\\/#author\"},\"creator\":{\"@id\":\"https:\\\/\\\/www.skalnik.pl\\\/blog\\\/author\\\/redakcja-skalnik-pl\\\/#author\"},\"image\":{\"@type\":\"ImageObject\",\"url\":\"https:\\\/\\\/www.skalnik.pl\\\/blog\\\/wp-content\\\/uploads\\\/2019\\\/11\\\/Noside\\u0142ka-Deuter.jpg\",\"@id\":\"https:\\\/\\\/www.skalnik.pl\\\/blog\\\/nosidelka-turystyczne-deuter\\\/#mainImage\",\"width\":1920,\"height\":705,\"caption\":\"Noside\\u0142ka Deuter\"},\"primaryImageOfPage\":{\"@id\":\"https:\\\/\\\/www.skalnik.pl\\\/blog\\\/nosidelka-turystyczne-deuter\\\/#mainImage\"},\"datePublished\":\"2019-11-11T08:04:06+02:00\",\"dateModified\":\"2025-08-06T12:42:43+02:00\"},{\"@type\":\"WebSite\",\"@id\":\"https:\\\/\\\/www.skalnik.pl\\\/blog\\\/#website\",\"url\":\"https:\\\/\\\/www.skalnik.pl\\\/blog\\\/\",\"name\":\"blog Skalnik\",\"description\":\"Blog, porady, artyku\\u0142y - blog Skalnik\",\"inLanguage\":\"pl-PL\",\"publisher\":{\"@id\":\"https:\\\/\\\/www.skalnik.pl\\\/blog\\\/#organization\"}}]}\n\t\t<\/script>\n\t\t<!-- All in One SEO -->\n\n","aioseo_head_json":{"title":"Noside\u0142ka turystyczne Deuter - blog Skalnik","description":"G\u00f3rskie szczyty mo\u017cna zdobywa\u0107 ju\u017c w pierwszym roku \u017cycia. Noside\u0142ko Deuter pozwoli zabra\u0107 malucha na g\u00f3rskie wycieczki. Sprawd\u017a jak zbudowane s\u0105 noside\u0142ka Deuter Kid Comfort.","canonical_url":"https:\/\/www.skalnik.pl\/blog\/nosidelka-turystyczne-deuter\/","robots":"max-image-preview:large","keywords":"","webmasterTools":{"miscellaneous":""},"schema":{"@context":"https:\/\/schema.org","@graph":[{"@type":"BlogPosting","@id":"https:\/\/www.skalnik.pl\/blog\/nosidelka-turystyczne-deuter\/#blogposting","name":"Noside\u0142ka turystyczne Deuter - blog Skalnik","headline":"Noside\u0142ka turystyczne Deuter","author":{"@id":"https:\/\/www.skalnik.pl\/blog\/author\/redakcja-skalnik-pl\/#author"},"publisher":{"@id":"https:\/\/www.skalnik.pl\/blog\/#organization"},"image":{"@type":"ImageObject","url":"https:\/\/www.skalnik.pl\/blog\/wp-content\/uploads\/2019\/11\/Noside\u0142ka-Deuter.jpg","width":1920,"height":705,"caption":"Noside\u0142ka Deuter"},"datePublished":"2019-11-11T08:04:06+02:00","dateModified":"2025-08-06T12:42:43+02:00","inLanguage":"pl-PL","mainEntityOfPage":{"@id":"https:\/\/www.skalnik.pl\/blog\/nosidelka-turystyczne-deuter\/#webpage"},"isPartOf":{"@id":"https:\/\/www.skalnik.pl\/blog\/nosidelka-turystyczne-deuter\/#webpage"},"articleSection":"Bran\u017ca, dziecko w g\u00f3rach, sprz\u0119t turystyczny, 1204"},{"@type":"BreadcrumbList","@id":"https:\/\/www.skalnik.pl\/blog\/nosidelka-turystyczne-deuter\/#breadcrumblist","itemListElement":[{"@type":"ListItem","@id":"https:\/\/www.skalnik.pl\/blog#listItem","position":1,"name":"Home","item":"https:\/\/www.skalnik.pl\/blog","nextItem":{"@type":"ListItem","@id":"https:\/\/www.skalnik.pl\/blog\/.\/branza\/#listItem","name":"Bran\u017ca"}},{"@type":"ListItem","@id":"https:\/\/www.skalnik.pl\/blog\/.\/branza\/#listItem","position":2,"name":"Bran\u017ca","item":"https:\/\/www.skalnik.pl\/blog\/.\/branza\/","nextItem":{"@type":"ListItem","@id":"https:\/\/www.skalnik.pl\/blog\/nosidelka-turystyczne-deuter\/#listItem","name":"Noside\u0142ka turystyczne Deuter"},"previousItem":{"@type":"ListItem","@id":"https:\/\/www.skalnik.pl\/blog#listItem","name":"Home"}},{"@type":"ListItem","@id":"https:\/\/www.skalnik.pl\/blog\/nosidelka-turystyczne-deuter\/#listItem","position":3,"name":"Noside\u0142ka turystyczne Deuter","previousItem":{"@type":"ListItem","@id":"https:\/\/www.skalnik.pl\/blog\/.\/branza\/#listItem","name":"Bran\u017ca"}}]},{"@type":"Organization","@id":"https:\/\/www.skalnik.pl\/blog\/#organization","name":"blog Skalnik","description":"Blog, porady, artyku\u0142y - blog Skalnik","url":"https:\/\/www.skalnik.pl\/blog\/"},{"@type":"Person","@id":"https:\/\/www.skalnik.pl\/blog\/author\/redakcja-skalnik-pl\/#author","url":"https:\/\/www.skalnik.pl\/blog\/author\/redakcja-skalnik-pl\/","name":"Redakcja skalnik.pl","image":{"@type":"ImageObject","@id":"https:\/\/www.skalnik.pl\/blog\/nosidelka-turystyczne-deuter\/#authorImage","url":"https:\/\/secure.gravatar.com\/avatar\/7eab29b048aaf0899cd9a145e9adb814e2130ced31e65b454b902500bea65f9e?s=96&d=mm&r=g","width":96,"height":96,"caption":"Redakcja skalnik.pl"}},{"@type":"WebPage","@id":"https:\/\/www.skalnik.pl\/blog\/nosidelka-turystyczne-deuter\/#webpage","url":"https:\/\/www.skalnik.pl\/blog\/nosidelka-turystyczne-deuter\/","name":"Noside\u0142ka turystyczne Deuter - blog Skalnik","description":"G\u00f3rskie szczyty mo\u017cna zdobywa\u0107 ju\u017c w pierwszym roku \u017cycia. Noside\u0142ko Deuter pozwoli zabra\u0107 malucha na g\u00f3rskie wycieczki. Sprawd\u017a jak zbudowane s\u0105 noside\u0142ka Deuter Kid Comfort.","inLanguage":"pl-PL","isPartOf":{"@id":"https:\/\/www.skalnik.pl\/blog\/#website"},"breadcrumb":{"@id":"https:\/\/www.skalnik.pl\/blog\/nosidelka-turystyczne-deuter\/#breadcrumblist"},"author":{"@id":"https:\/\/www.skalnik.pl\/blog\/author\/redakcja-skalnik-pl\/#author"},"creator":{"@id":"https:\/\/www.skalnik.pl\/blog\/author\/redakcja-skalnik-pl\/#author"},"image":{"@type":"ImageObject","url":"https:\/\/www.skalnik.pl\/blog\/wp-content\/uploads\/2019\/11\/Noside\u0142ka-Deuter.jpg","@id":"https:\/\/www.skalnik.pl\/blog\/nosidelka-turystyczne-deuter\/#mainImage","width":1920,"height":705,"caption":"Noside\u0142ka Deuter"},"primaryImageOfPage":{"@id":"https:\/\/www.skalnik.pl\/blog\/nosidelka-turystyczne-deuter\/#mainImage"},"datePublished":"2019-11-11T08:04:06+02:00","dateModified":"2025-08-06T12:42:43+02:00"},{"@type":"WebSite","@id":"https:\/\/www.skalnik.pl\/blog\/#website","url":"https:\/\/www.skalnik.pl\/blog\/","name":"blog Skalnik","description":"Blog, porady, artyku\u0142y - blog Skalnik","inLanguage":"pl-PL","publisher":{"@id":"https:\/\/www.skalnik.pl\/blog\/#organization"}}]},"og:locale":"pl_PL","og:site_name":"blog Skalnik - Blog, porady, artyku\u0142y - blog Skalnik","og:type":"article","og:title":"Noside\u0142ka turystyczne Deuter - blog Skalnik","og:description":"G\u00f3rskie szczyty mo\u017cna zdobywa\u0107 ju\u017c w pierwszym roku \u017cycia. Noside\u0142ko Deuter pozwoli zabra\u0107 malucha na g\u00f3rskie wycieczki. Sprawd\u017a jak zbudowane s\u0105 noside\u0142ka Deuter Kid Comfort.","og:url":"https:\/\/www.skalnik.pl\/blog\/nosidelka-turystyczne-deuter\/","og:image":"https:\/\/skalnik.pl\/blog\/wp-content\/uploads\/2019\/11\/Nosid\u0142o-turystyczne-Deuter-1024x682.jpg","og:image:secure_url":"https:\/\/skalnik.pl\/blog\/wp-content\/uploads\/2019\/11\/Nosid\u0142o-turystyczne-Deuter-1024x682.jpg","article:tag":["bran\u017ca","dziecko w g\u00f3rach","sprz\u0119t turystyczny"],"article:published_time":"2019-11-11T07:04:06+00:00","article:modified_time":"2025-08-06T10:42:43+00:00","twitter:card":"summary_large_image","twitter:title":"Noside\u0142ka turystyczne Deuter - blog Skalnik","twitter:description":"G\u00f3rskie szczyty mo\u017cna zdobywa\u0107 ju\u017c w pierwszym roku \u017cycia. Noside\u0142ko Deuter pozwoli zabra\u0107 malucha na g\u00f3rskie wycieczki. Sprawd\u017a jak zbudowane s\u0105 noside\u0142ka Deuter Kid Comfort.","twitter:image":"https:\/\/skalnik.pl\/blog\/wp-content\/uploads\/2019\/11\/Nosid\u0142o-turystyczne-Deuter-1024x682.jpg"},"aioseo_meta_data":{"post_id":"9658","title":null,"description":"G\u00f3rskie szczyty mo\u017cna zdobywa\u0107 ju\u017c w pierwszym roku \u017cycia. Noside\u0142ko Deuter pozwoli zabra\u0107 malucha na g\u00f3rskie wycieczki. Sprawd\u017a jak zbudowane s\u0105 noside\u0142ka Deuter Kid Comfort.","keywords":[{"label":"noside\u0142ko turystyczne","value":"noside\u0142ko turystyczne"},{"label":"nosid\u0142o turystyczne","value":"nosid\u0142o turystyczne"},{"label":"noside\u0142ko deuter","value":"noside\u0142ko deuter"},{"label":"noside\u0142ko dla dziecka w g\u00f3ry","value":"noside\u0142ko dla dziecka w g\u00f3ry"},{"label":"deuter kid comfort","value":"deuter kid comfort"},{"label":"deuter","value":"deuter"}],"keyphrases":{"focus":{"keyphrase":"","score":0,"analysis":{"keyphraseInTitle":{"score":0,"maxScore":9,"error":1}}},"additional":[]},"primary_term":null,"canonical_url":null,"og_title":null,"og_description":null,"og_object_type":"default","og_image_type":"default","og_image_url":null,"og_image_width":null,"og_image_height":null,"og_image_custom_url":null,"og_image_custom_fields":null,"og_video":"","og_custom_url":null,"og_article_section":null,"og_article_tags":[],"twitter_use_og":false,"twitter_card":"default","twitter_image_type":"default","twitter_image_url":null,"twitter_image_custom_url":null,"twitter_image_custom_fields":null,"twitter_title":null,"twitter_description":null,"schema":{"blockGraphs":[],"customGraphs":[],"default":{"data":{"Article":[],"Course":[],"Dataset":[],"FAQPage":[],"Movie":[],"Person":[],"Product":[],"ProductReview":[],"Car":[],"Recipe":[],"Service":[],"SoftwareApplication":[],"WebPage":[]},"graphName":"","isEnabled":true},"graphs":[]},"schema_type":"default","schema_type_options":null,"pillar_content":false,"robots_default":true,"robots_noindex":false,"robots_noarchive":false,"robots_nosnippet":false,"robots_nofollow":false,"robots_noimageindex":false,"robots_noodp":false,"robots_notranslate":false,"robots_max_snippet":"-1","robots_max_videopreview":"-1","robots_max_imagepreview":"large","priority":null,"frequency":"default","local_seo":null,"breadcrumb_settings":null,"limit_modified_date":false,"ai":null,"created":"2022-08-26 10:09:03","updated":"2026-02-17 21:41:28","seo_analyzer_scan_date":null},"aioseo_breadcrumb":"<div class=\"aioseo-breadcrumbs\"><span class=\"aioseo-breadcrumb\">\n\t\t\t<a href=\"https:\/\/www.skalnik.pl\/blog\" title=\"Home\">Home<\/a>\n\t\t<\/span><span class=\"aioseo-breadcrumb-separator\">&raquo;<\/span><span class=\"aioseo-breadcrumb\">\n\t\t\t<a href=\"https:\/\/www.skalnik.pl\/blog\/.\/branza\/\" title=\"Bran\u017ca\">Bran\u017ca<\/a>\n\t\t<\/span><span class=\"aioseo-breadcrumb-separator\">&raquo;<\/span><span class=\"aioseo-breadcrumb\">\n\t\t\tNoside\u0142ka turystyczne Deuter\n\t\t<\/span><\/div>","aioseo_breadcrumb_json":[{"label":"Home","link":"https:\/\/www.skalnik.pl\/blog"},{"label":"Bran\u017ca","link":"https:\/\/www.skalnik.pl\/blog\/.\/branza\/"},{"label":"Noside\u0142ka turystyczne Deuter","link":"https:\/\/www.skalnik.pl\/blog\/nosidelka-turystyczne-deuter\/"}],"_links":{"self":[{"href":"https:\/\/www.skalnik.pl\/blog\/wp-json\/wp\/v2\/posts\/9658","targetHints":{"allow":["GET"]}}],"collection":[{"href":"https:\/\/www.skalnik.pl\/blog\/wp-json\/wp\/v2\/posts"}],"about":[{"href":"https:\/\/www.skalnik.pl\/blog\/wp-json\/wp\/v2\/types\/post"}],"author":[{"embeddable":true,"href":"https:\/\/www.skalnik.pl\/blog\/wp-json\/wp\/v2\/users\/7"}],"replies":[{"embeddable":true,"href":"https:\/\/www.skalnik.pl\/blog\/wp-json\/wp\/v2\/comments?post=9658"}],"version-history":[{"count":23,"href":"https:\/\/www.skalnik.pl\/blog\/wp-json\/wp\/v2\/posts\/9658\/revisions"}],"predecessor-version":[{"id":27245,"href":"https:\/\/www.skalnik.pl\/blog\/wp-json\/wp\/v2\/posts\/9658\/revisions\/27245"}],"wp:featuredmedia":[{"embeddable":true,"href":"https:\/\/www.skalnik.pl\/blog\/wp-json\/wp\/v2\/media\/9661"}],"wp:attachment":[{"href":"https:\/\/www.skalnik.pl\/blog\/wp-json\/wp\/v2\/media?parent=9658"}],"wp:term":[{"taxonomy":"category","embeddable":true,"href":"https:\/\/www.skalnik.pl\/blog\/wp-json\/wp\/v2\/categories?post=9658"},{"taxonomy":"post_tag","embeddable":true,"href":"https:\/\/www.skalnik.pl\/blog\/wp-json\/wp\/v2\/tags?post=9658"},{"taxonomy":"magento_category","embeddable":true,"href":"https:\/\/www.skalnik.pl\/blog\/wp-json\/wp\/v2\/magento_category?post=9658"},{"taxonomy":"magento_product","embeddable":true,"href":"https:\/\/www.skalnik.pl\/blog\/wp-json\/wp\/v2\/magento_product?post=9658"}],"curies":[{"name":"wp","href":"https:\/\/api.w.org\/{rel}","templated":true}]}}