{"id":9703,"date":"2019-11-15T08:00:02","date_gmt":"2019-11-15T07:00:02","guid":{"rendered":"https:\/\/skalnik.pl\/blog\/?p=9703"},"modified":"2019-12-09T10:41:41","modified_gmt":"2019-12-09T09:41:41","slug":"goretex-najpopularniejsza-membrana-na-swiecie","status":"publish","type":"post","link":"https:\/\/www.skalnik.pl\/blog\/goretex-najpopularniejsza-membrana-na-swiecie\/","title":{"rendered":"GORE-TEX &#8211; najpopularniejsza membrana na \u015bwiecie"},"content":{"rendered":"<p><b>Wszyscy \u2013 bezsprzecznie \u2013 kochamy przebywa\u0107 na zewn\u0105trz. Cieszy nas ka\u017cdy promie\u0144 s\u0142o\u0144ca, lekki podmuch wiatru, czy te\u017c chrz\u0119szczenie \u015bniegu pod butami. I ciep\u0142y, letni deszcz dla niekt\u00f3rych z nas b\u0119dzie czym\u015b przyjemnym. Pr\u00f3cz tych wszystkich rzeczy, kt\u00f3re daj\u0105 nam rado\u015b\u0107, jest jedna rzecz, kt\u00f3ra \u0142\u0105czy nas mo\u017ce w najmocniejszy spos\u00f3b. Nikt z nas nie lubi by\u0107 mokry, nawet w najmniejszym stopniu.<\/b><\/p>\n<p>Przemoczenie to co\u015b, co skutecznie uprzykrzy nam trekking i mo\u017ce stanowi\u0107 spore zagro\u017cenie dla naszego zdrowia. Na szcz\u0119\u015bcie mo\u017cemy go unikn\u0105\u0107. To czy si\u0119 uda, b\u0119dzie zale\u017ca\u0142o od \u015brodk\u00f3w, jakich u\u017cyjemy. Z do\u015bwiadczenia wiem, \u017ce w takich sytuacjach nie warto przebiera\u0107 w \u015brodkach, tylko stawia\u0107 na najlepsze rozwi\u0105zania. Tutaj, niczym rycerz na bia\u0142ym koniu i z parasolem zamiast miecza, pojawiaj\u0105 si\u0119 produkty znanej i uznanej ju\u017c w \u015bwiecie outdooru marki <a href=\"https:\/\/skalnik.pl\/odziez\/odziez-meska\/odziez-meska-kurtki\/goretex\">GORE-TEX<\/a><sup>\u00ae<\/sup>.<\/p>\n<p>&nbsp;<\/p>\n<div id=\"ez-toc-container\" class=\"ez-toc-v2_0_85 counter-hierarchy ez-toc-counter ez-toc-light-blue ez-toc-container-direction\">\n<div class=\"ez-toc-title-container\">\n<p class=\"ez-toc-title\" style=\"cursor:inherit\">SPIS TRE\u015aCI <\/p>\n<span class=\"ez-toc-title-toggle\"><a href=\"#\" class=\"ez-toc-pull-right ez-toc-btn ez-toc-btn-xs ez-toc-btn-default ez-toc-toggle\" aria-label=\"Prze\u0142\u0105cznik Spisu Tre\u015bci\"><span class=\"ez-toc-js-icon-con\"><span class=\"\"><span class=\"eztoc-hide\" style=\"display:none;\">Toggle<\/span><span class=\"ez-toc-icon-toggle-span\"><svg style=\"fill: #999;color:#999\" xmlns=\"http:\/\/www.w3.org\/2000\/svg\" class=\"list-377408\" width=\"20px\" height=\"20px\" viewBox=\"0 0 24 24\" fill=\"none\"><path d=\"M6 6H4v2h2V6zm14 0H8v2h12V6zM4 11h2v2H4v-2zm16 0H8v2h12v-2zM4 16h2v2H4v-2zm16 0H8v2h12v-2z\" fill=\"currentColor\"><\/path><\/svg><svg style=\"fill: #999;color:#999\" class=\"arrow-unsorted-368013\" xmlns=\"http:\/\/www.w3.org\/2000\/svg\" width=\"10px\" height=\"10px\" viewBox=\"0 0 24 24\" version=\"1.2\" baseProfile=\"tiny\"><path d=\"M18.2 9.3l-6.2-6.3-6.2 6.3c-.2.2-.3.4-.3.7s.1.5.3.7c.2.2.4.3.7.3h11c.3 0 .5-.1.7-.3.2-.2.3-.5.3-.7s-.1-.5-.3-.7zM5.8 14.7l6.2 6.3 6.2-6.3c.2-.2.3-.5.3-.7s-.1-.5-.3-.7c-.2-.2-.4-.3-.7-.3h-11c-.3 0-.5.1-.7.3-.2.2-.3.5-.3.7s.1.5.3.7z\"\/><\/svg><\/span><\/span><\/span><\/a><\/span><\/div>\n<nav><ul class='ez-toc-list ez-toc-list-level-1 ' ><li class='ez-toc-page-1 ez-toc-heading-level-2'><a class=\"ez-toc-link ez-toc-heading-1\" href=\"https:\/\/www.skalnik.pl\/blog\/goretex-najpopularniejsza-membrana-na-swiecie\/#Czym_jest_GORE-TEX%C2%AE\" >Czym jest GORE-TEX\u00ae<\/a><\/li><li class='ez-toc-page-1 ez-toc-heading-level-2'><a class=\"ez-toc-link ez-toc-heading-2\" href=\"https:\/\/www.skalnik.pl\/blog\/goretex-najpopularniejsza-membrana-na-swiecie\/#Gdzie_uzywane_sa_laminaty_GORE-TEX%C2%AE\" >Gdzie u\u017cywane s\u0105 laminaty GORE-TEX\u00ae<\/a><\/li><li class='ez-toc-page-1 ez-toc-heading-level-2'><a class=\"ez-toc-link ez-toc-heading-3\" href=\"https:\/\/www.skalnik.pl\/blog\/goretex-najpopularniejsza-membrana-na-swiecie\/#Dla_kogo_GORE-TEX%C2%AE\" >Dla kogo GORE-TEX\u00ae<\/a><\/li><li class='ez-toc-page-1 ez-toc-heading-level-2'><a class=\"ez-toc-link ez-toc-heading-4\" href=\"https:\/\/www.skalnik.pl\/blog\/goretex-najpopularniejsza-membrana-na-swiecie\/#Technologia_GORE-TEX%C2%AE_moc_wszechtronnosci\" >Technologia GORE-TEX\u00ae\u00a0moc wszechtronno\u015bci<\/a><\/li><li class='ez-toc-page-1 ez-toc-heading-level-2'><a class=\"ez-toc-link ez-toc-heading-5\" href=\"https:\/\/www.skalnik.pl\/blog\/goretex-najpopularniejsza-membrana-na-swiecie\/#GORE-TEX%C2%AE_Pro_%E2%80%93_profesjonalizm_w_kazdym_calu\" >GORE-TEX\u00ae\u00a0Pro \u2013 profesjonalizm w ka\u017cdym calu<\/a><\/li><li class='ez-toc-page-1 ez-toc-heading-level-2'><a class=\"ez-toc-link ez-toc-heading-6\" href=\"https:\/\/www.skalnik.pl\/blog\/goretex-najpopularniejsza-membrana-na-swiecie\/#GORE-TEX_Paclite_i_Paclite_Plus\" >GORE-TEX Paclite i Paclite Plus<\/a><\/li><li class='ez-toc-page-1 ez-toc-heading-level-2'><a class=\"ez-toc-link ez-toc-heading-7\" href=\"https:\/\/www.skalnik.pl\/blog\/goretex-najpopularniejsza-membrana-na-swiecie\/#GORE-TEX_Active%C2%AE_%E2%80%93_dla_aktywnych\" >GORE-TEX Active\u00ae\u00a0\u2013 dla aktywnych<\/a><\/li><li class='ez-toc-page-1 ez-toc-heading-level-2'><a class=\"ez-toc-link ez-toc-heading-8\" href=\"https:\/\/www.skalnik.pl\/blog\/goretex-najpopularniejsza-membrana-na-swiecie\/#GORE-TEX_Active_Shake_Dry_%E2%80%93_sucho_za_jednym_potrzasnieciem\" >GORE-TEX Active Shake Dry \u2013 sucho za jednym potrz\u0105\u015bni\u0119ciem<\/a><\/li><li class='ez-toc-page-1 ez-toc-heading-level-2'><a class=\"ez-toc-link ez-toc-heading-9\" href=\"https:\/\/www.skalnik.pl\/blog\/goretex-najpopularniejsza-membrana-na-swiecie\/#GORE-TEX_Footwear_%E2%80%93_ochrona_twoich_stop_przed_wilgocia\" >GORE-TEX Footwear \u2013 ochrona twoich st\u00f3p przed wilgoci\u0105<\/a><ul class='ez-toc-list-level-3' ><li class='ez-toc-heading-level-3'><a class=\"ez-toc-link ez-toc-heading-10\" href=\"https:\/\/www.skalnik.pl\/blog\/goretex-najpopularniejsza-membrana-na-swiecie\/#Extended_Comfort_Footwear_%E2%80%93_ponadprzecietna_oddychalnosc\" >Extended Comfort Footwear \u2013 ponadprzeci\u0119tna oddychalno\u015b\u0107<\/a><\/li><li class='ez-toc-page-1 ez-toc-heading-level-3'><a class=\"ez-toc-link ez-toc-heading-11\" href=\"https:\/\/www.skalnik.pl\/blog\/goretex-najpopularniejsza-membrana-na-swiecie\/#Performance_Comfort_Footwear_%E2%80%93_komfort_uniwersalny\" >Performance Comfort Footwear \u2013 komfort uniwersalny<\/a><\/li><li class='ez-toc-page-1 ez-toc-heading-level-3'><a class=\"ez-toc-link ez-toc-heading-12\" href=\"https:\/\/www.skalnik.pl\/blog\/goretex-najpopularniejsza-membrana-na-swiecie\/#Insulated_Comfort_Footwear_%E2%80%93_sucho_i_cieplo\" >Insulated Comfort Footwear \u2013 sucho i ciep\u0142o<\/a><\/li><li class='ez-toc-page-1 ez-toc-heading-level-3'><a class=\"ez-toc-link ez-toc-heading-13\" href=\"https:\/\/www.skalnik.pl\/blog\/goretex-najpopularniejsza-membrana-na-swiecie\/#GORE-TEX_Surround_%E2%80%93_oddychalnosc_na_okraglo\" >GORE-TEX Surround \u2013 oddychalno\u015b\u0107 na okr\u0105g\u0142o<\/a><\/li><li class='ez-toc-page-1 ez-toc-heading-level-3'><a class=\"ez-toc-link ez-toc-heading-14\" href=\"https:\/\/www.skalnik.pl\/blog\/goretex-najpopularniejsza-membrana-na-swiecie\/#GORE-TEX_Invisible_Fit_%E2%80%93_jeszcze_lepsza_ochrona\" >GORE-TEX Invisible Fit \u2013 jeszcze lepsza ochrona<\/a><\/li><\/ul><\/li><li class='ez-toc-page-1 ez-toc-heading-level-2'><a class=\"ez-toc-link ez-toc-heading-15\" href=\"https:\/\/www.skalnik.pl\/blog\/goretex-najpopularniejsza-membrana-na-swiecie\/#GORE-TEX_Infinium_%E2%80%93_twoj_komfort\" >GORE-TEX Infinium \u2013 tw\u00f3j komfort<\/a><\/li><\/ul><\/nav><\/div>\n<h2><span class=\"ez-toc-section\" id=\"Czym_jest_GORE-TEX%C2%AE\"><\/span>Czym jest GORE-TEX<sup>\u00ae<\/sup><span class=\"ez-toc-section-end\"><\/span><\/h2>\n<p>GORE-TEX<sup>\u00ae<\/sup> to grupa produkt\u00f3w zapewniaj\u0105cych wodo- i wiatroszczelno\u015b\u0107 w ka\u017cdych warunkach. Sekretem tej niezawodnej membrany jest teflon, kt\u00f3ry przez r\u00f3wnomierne, dwukierunkowe rozci\u0105ganie zyskuje optymaln\u0105 porowato\u015b\u0107. Dzi\u0119ki mikroporom przepuszczaj\u0105cym cz\u0105steczki pary i selektywnie wybieranym materia\u0142om otrzymuje si\u0119 laminat, kt\u00f3ry pr\u00f3cz wodoszczelno\u015bci gwarantuje wysok\u0105 oddychalno\u015b\u0107. Ta ostatnia jest nieocenionym partnerem podczas wszelkich outdoorowych aktywno\u015bci.<\/p>\n<p>&nbsp;<\/p>\n<div id=\"attachment_9767\" style=\"width: 1034px\" class=\"wp-caption aligncenter\"><img loading=\"lazy\" decoding=\"async\" aria-describedby=\"caption-attachment-9767\" class=\"wp-image-9767 size-large\" src=\"https:\/\/skalnik.pl\/blog\/wp-content\/uploads\/2019\/11\/Wodoodporna-kurtka-GORE-TEX-1024x683.jpg\" alt=\"Wodoodporna kurtka GORE-TEX\" width=\"1024\" height=\"683\" srcset=\"https:\/\/www.skalnik.pl\/blog\/wp-content\/uploads\/2019\/11\/Wodoodporna-kurtka-GORE-TEX.jpg 1024w, https:\/\/www.skalnik.pl\/blog\/wp-content\/uploads\/2019\/11\/Wodoodporna-kurtka-GORE-TEX-300x200.jpg 300w, https:\/\/www.skalnik.pl\/blog\/wp-content\/uploads\/2019\/11\/Wodoodporna-kurtka-GORE-TEX-768x512.jpg 768w\" sizes=\"auto, (max-width: 1024px) 100vw, 1024px\" \/><p id=\"caption-attachment-9767\" class=\"wp-caption-text\">Membrana GORE-TEX jest powszechnie znana ze swoich w\u0142a\u015bciwo\u015bci wodoodpornych. (fot. GORE-TEX)<\/p><\/div>\n<p>&nbsp;<\/p>\n<h2><span class=\"ez-toc-section\" id=\"Gdzie_uzywane_sa_laminaty_GORE-TEX%C2%AE\"><\/span>Gdzie u\u017cywane s\u0105 laminaty GORE-TEX<sup>\u00ae<\/sup><span class=\"ez-toc-section-end\"><\/span><\/h2>\n<p>\u0141atwiej by\u0142oby powiedzie\u0107, gdzie nie s\u0105 u\u017cywane, bo spektrum u\u017cycia jest naprawd\u0119 imponuj\u0105ce. Produkty GORE-TEX<sup>\u00ae<\/sup> spotka\u0107 mo\u017cesz w kurtkach, butach, r\u0119kawicach i w czapkach najlepszych producent\u00f3w. Ka\u017cda z tych grup korzysta z innych podtechnologii, kt\u00f3re s\u0105 do nich dostosowane. Dlatego te\u017c inne wersje laminatu znajdziesz w butach, a inne w kurtkach, co nie ma \u017cadnego wp\u0142ywu na ich wodoszczelno\u015b\u0107.<\/p>\n<p>&nbsp;<\/p>\n<h2><span class=\"ez-toc-section\" id=\"Dla_kogo_GORE-TEX%C2%AE\"><\/span>Dla kogo GORE-TEX<sup>\u00ae<\/sup><span class=\"ez-toc-section-end\"><\/span><\/h2>\n<p>Dla ka\u017cdego! To w\u0142a\u015bnie czyni t\u0119 technologi\u0119 tak wyj\u0105tkow\u0105. Niezale\u017cnie od tego, czy twoje ambicj\u0119 si\u0119gaj\u0105 najwy\u017cszych szczyt\u00f3w, czy czasami zwyczajnie uciekasz po prostu poza miasto, to GORE-TEX<sup>\u00ae<\/sup> ochroni ci\u0119 przed niesprzyjaj\u0105c\u0105 aur\u0105.<\/p>\n<p>&nbsp;<\/p>\n<div id=\"attachment_9772\" style=\"width: 1034px\" class=\"wp-caption aligncenter\"><img loading=\"lazy\" decoding=\"async\" aria-describedby=\"caption-attachment-9772\" class=\"wp-image-9772 size-large\" src=\"https:\/\/skalnik.pl\/blog\/wp-content\/uploads\/2019\/11\/Odzie\u017c-GORE-TEX-1024x683.jpg\" alt=\"Odzie\u017c GORE-TEX\" width=\"1024\" height=\"683\" srcset=\"https:\/\/www.skalnik.pl\/blog\/wp-content\/uploads\/2019\/11\/Odzie\u017c-GORE-TEX.jpg 1024w, https:\/\/www.skalnik.pl\/blog\/wp-content\/uploads\/2019\/11\/Odzie\u017c-GORE-TEX-300x200.jpg 300w, https:\/\/www.skalnik.pl\/blog\/wp-content\/uploads\/2019\/11\/Odzie\u017c-GORE-TEX-768x512.jpg 768w\" sizes=\"auto, (max-width: 1024px) 100vw, 1024px\" \/><p id=\"caption-attachment-9772\" class=\"wp-caption-text\">Produkty GORE-TEX maj\u0105 bardzo szerokie zastosowanie. Ka\u017cdy znajdzie co\u015b dla siebie. (fot. GORE-TEX)<\/p><\/div>\n<p>&nbsp;<\/p>\n<h2><span class=\"ez-toc-section\" id=\"Technologia_GORE-TEX%C2%AE_moc_wszechtronnosci\"><\/span>Technologia GORE-TEX<sup>\u00ae\u00a0<\/sup>moc wszechtronno\u015bci<span class=\"ez-toc-section-end\"><\/span><\/h2>\n<p>Najpopularniejszym rozwi\u0105zaniem s\u0105 laminaty dwu- i tr\u00f3jwarstwowe. Laminat dwuwarstwowy, jak sama nazwa wskazuje sk\u0142ada si\u0119 z dw\u00f3ch warstw. Pierwsz\u0105 z nich jest materia\u0142 zewn\u0119trzny, kt\u00f3ry chroni membran\u0119 przed uszkodzeniami i jest powleczony warstw\u0105 DWR, kt\u00f3ra jest hydrofobowa, to znaczy nie ch\u0142onie wody. Materia\u0142 ten po\u0142\u0105czony jest trwale z membran\u0105. Od wewn\u0119trznej strony odzie\u017cy membrana ochraniana jest przez podszewk\u0119, kt\u00f3ra zbiera r\u00f3wnie\u017c wilgo\u0107, jak\u0105 generuje cia\u0142o podczas wysi\u0142ku. Podszewka chwyta i transportuje j\u0105 nast\u0119pnie do dalszych warstw laminatu, a\u017c do warstwy zewn\u0119trznej, sk\u0105d wilgo\u0107 mo\u017ce odparowa\u0107.<\/p>\n<p>Tr\u00f3jwarstwowa wersja GORE-TEX<sup>\u00ae<\/sup> r\u00f3\u017cni si\u0119 podszewk\u0105, kt\u00f3ra jest, jak i materia\u0142 zewn\u0119trzny, trwale po\u0142\u0105czona z membran\u0105. Takie rozwi\u0105zanie gwarantuje jeszcze szybszy transport wilgoci, obni\u017cenie wagi i znacz\u0105co podnosi wytrzyma\u0142o\u015b\u0107. Odzie\u017c wyprodukowana w tej technologii jest idealn\u0105 propozycj\u0105 dla tych, kt\u00f3rzy ponad wszystko ceni\u0105 sprz\u0119t uniwersalny, daj\u0105cy sobie rad\u0119 w ka\u017cdej sytuacji od miejskiej d\u017cungli, a\u017c po bieszczadzkie po\u0142oniny.<\/p>\n<p>&nbsp;<\/p>\n<h2><span class=\"ez-toc-section\" id=\"GORE-TEX%C2%AE_Pro_%E2%80%93_profesjonalizm_w_kazdym_calu\"><\/span>GORE-TEX<sup>\u00ae\u00a0<\/sup>Pro \u2013 profesjonalizm w ka\u017cdym calu<span class=\"ez-toc-section-end\"><\/span><\/h2>\n<p>Tam gdzie nie ma miejsce na kompromisy, a ochrona przed skrajnymi zjawiskami pogodowymi jest kluczowa, pojawiaj\u0105 si\u0119 produkty wykonane w technologii GORE-TEX Pro. Trzy warstwy po\u0142\u0105czone w jeden niezwykle wytrzyma\u0142y laminat s\u0105 synonimem wytrzyma\u0142o\u015bci i lekko\u015bci, cech kt\u00f3re s\u0105 niesamowicie po\u017c\u0105dane podczas prowadzenia najtrudniejszych dr\u00f3g wspinaczkowych, czy te\u017c podczas wymagaj\u0105cych alpejskich przej\u015b\u0107.<\/p>\n<p>Produkty wykonane w tej technologii cechuje zwi\u0119kszona wytrzyma\u0142o\u015b\u0107 na uszkodzenia mechaniczne, kt\u00f3re mog\u0105 zdarzy\u0107 si\u0119, kiedy otrzesz si\u0119 o ska\u0142\u0119. Wysoki parametr oddychalno\u015bci tego laminatu uda\u0142o si\u0119 uzyska\u0107 poprzez zastosowanie podszewki Micro Grid Backer, kt\u00f3ra pozwala na jeszcze szybszy transport wilgoci na zewn\u0105trz kurtki. Odzie\u017c wykonan\u0105 w tej technologii \u015bmia\u0142o mo\u017cna poleci\u0107 mi\u0142o\u015bnikom zimowego wspinania w wielkich lodowych \u015bcianach, jak i r\u00f3wnie\u017c tym, kt\u00f3rzy szukaj\u0105 produkt\u00f3w o najlepszych parametrach.<\/p>\n<p>&nbsp;<\/p>\n<div id=\"attachment_9757\" style=\"width: 1034px\" class=\"wp-caption aligncenter\"><img loading=\"lazy\" decoding=\"async\" aria-describedby=\"caption-attachment-9757\" class=\"wp-image-9757 size-large\" src=\"https:\/\/skalnik.pl\/blog\/wp-content\/uploads\/2019\/11\/Gore-tex-Pro-kurtka-1024x683.jpg\" alt=\"Gore tex Pro - kurtka\" width=\"1024\" height=\"683\" srcset=\"https:\/\/www.skalnik.pl\/blog\/wp-content\/uploads\/2019\/11\/Gore-tex-Pro-kurtka.jpg 1024w, https:\/\/www.skalnik.pl\/blog\/wp-content\/uploads\/2019\/11\/Gore-tex-Pro-kurtka-300x200.jpg 300w, https:\/\/www.skalnik.pl\/blog\/wp-content\/uploads\/2019\/11\/Gore-tex-Pro-kurtka-768x512.jpg 768w\" sizes=\"auto, (max-width: 1024px) 100vw, 1024px\" \/><p id=\"caption-attachment-9757\" class=\"wp-caption-text\">GORE-TEX Pro ma zastosowanie tam, gdzie nie ma miejsca na kompromisy. (fot. GORE-TEX)<\/p><\/div>\n<p>&nbsp;<\/p>\n<h2><span class=\"ez-toc-section\" id=\"GORE-TEX_Paclite_i_Paclite_Plus\"><\/span>GORE-TEX Paclite i Paclite Plus<span class=\"ez-toc-section-end\"><\/span><\/h2>\n<p>GORE-TEX Paclite oraz Paclite+ to laminaty dwuwarstwowe (zwane r\u00f3wnie\u017c dwuip\u00f3\u0142warstwowymi). Zamiast trzeciej warstwy w postaci podszewki zastosowano warstw\u0119 tworzywa, kt\u00f3ra stanowi zabezpieczenie membrany. Produkty w tej linii cechuje bardzo niska waga, kt\u00f3ra mo\u017ce zwr\u00f3ci\u0107 na siebie uwag\u0119 ka\u017cdego, licz\u0105cego gramy turysty. Odzie\u017c wykonana z GORE-TEX Paclite jest te\u017c niesamowicie pakowna, co sprawia \u017ce mo\u017cesz mie\u0107 j\u0105 zawsze w swoim plecaku i przesta\u0107 si\u0119 martwi\u0107 niedok\u0142adno\u015bci\u0105 prognozy pogody.<\/p>\n<p>Nowo\u015bci\u0105 jest niemal\u017ce identyczna technologia Gore-Tex Paclite Plus, kt\u00f3ra odziedziczy\u0142a wszystkie najlepsze cechy swojej poprzedniczki, ale zyska\u0142a now\u0105 wewn\u0119trzn\u0105 pow\u0142ok\u0119. Pow\u0142oka wewn\u0119trzna GORE-TEX<sup>\u00ae<\/sup> Paclite Plus jest du\u017co bardziej wytrzyma\u0142\u0105 na uszkodzenia mechaniczne i zyska\u0142a inn\u0105, bardziej przyjemn\u0105 dla sk\u00f3ry struktur\u0119. Dzi\u0119ki temu jest du\u017co przyjemniejsza w dotyku, \u0142atwiej j\u0105 za\u0142o\u017cy\u0107 i \u015bci\u0105gn\u0105\u0107, co sprawia, \u017ce mo\u017cesz z niej korzysta\u0107 nawet podczas bardzo intensywnych aktywno\u015bci.<\/p>\n<p>&nbsp;<\/p>\n<h2><span class=\"ez-toc-section\" id=\"GORE-TEX_Active%C2%AE_%E2%80%93_dla_aktywnych\"><\/span>GORE-TEX Active<sup>\u00ae\u00a0<\/sup>\u2013 dla aktywnych<span class=\"ez-toc-section-end\"><\/span><\/h2>\n<p>Dla tych, kt\u00f3rzy wol\u0105 porusza\u0107 si\u0119 szybciej i nie chc\u0105 czu\u0107 si\u0119 jak zawini\u0119ci w foli\u0119 powsta\u0142a technologia GORE-TEX Acive<sup>\u00ae<\/sup>. Tym co wyr\u00f3\u017cnia ten laminat jest tr\u00f3jwarstwowa konstrukcja, oparta na materiale wierzchnim z ekstremalnie cienkimi w\u0142\u00f3knami, dzi\u0119ki czemu twoja <a href=\"https:\/\/skalnik.pl\/odziez\/odziez-meska\/odziez-meska-kurtki\/goretex\">kurtka GORE-TEX<\/a> mo\u017ce wa\u017cy\u0107 jeszcze mniej, transportowa\u0107 wilgo\u0107 jeszcze szybciej, b\u0119d\u0105c przy tym niesamowicie mi\u0119kk\u0105 i pakown\u0105. Je\u017celi kochasz je\u017adzi\u0107 na rowerze lub uprawiasz biegi g\u00f3rskie, a podczas treningu lub zawod\u00f3w nie chcesz przejmowa\u0107 si\u0119 niesprzyjaj\u0105c\u0105 aur\u0105, to produkty z linii GORE-TEX Active s\u0105 dla ciebie.<\/p>\n<p>&nbsp;<\/p>\n<div id=\"attachment_9759\" style=\"width: 1034px\" class=\"wp-caption aligncenter\"><img loading=\"lazy\" decoding=\"async\" aria-describedby=\"caption-attachment-9759\" class=\"wp-image-9759 size-large\" src=\"https:\/\/skalnik.pl\/blog\/wp-content\/uploads\/2019\/11\/Kurtka-GORE-TEX-Active-1024x683.jpg\" alt=\"Kurtka GORE-TEX Active\" width=\"1024\" height=\"683\" srcset=\"https:\/\/www.skalnik.pl\/blog\/wp-content\/uploads\/2019\/11\/Kurtka-GORE-TEX-Active.jpg 1024w, https:\/\/www.skalnik.pl\/blog\/wp-content\/uploads\/2019\/11\/Kurtka-GORE-TEX-Active-300x200.jpg 300w, https:\/\/www.skalnik.pl\/blog\/wp-content\/uploads\/2019\/11\/Kurtka-GORE-TEX-Active-768x512.jpg 768w\" sizes=\"auto, (max-width: 1024px) 100vw, 1024px\" \/><p id=\"caption-attachment-9759\" class=\"wp-caption-text\">Odzie\u017c z serii GORE-TEX Active to przede wszystkim ni\u017csza waga i wi\u0119ksza oddychalno\u015b\u0107 laminatu. (fot. GORE-TEX)<\/p><\/div>\n<p>&nbsp;<\/p>\n<h2><span class=\"ez-toc-section\" id=\"GORE-TEX_Active_Shake_Dry_%E2%80%93_sucho_za_jednym_potrzasnieciem\"><\/span>GORE-TEX Active Shake Dry \u2013 sucho za jednym potrz\u0105\u015bni\u0119ciem<span class=\"ez-toc-section-end\"><\/span><\/h2>\n<p>Technologia Shake Dry to absolutna rewolucja w dziedzinie odzie\u017cy wodoodpornej. Pozbawiona materia\u0142u zewn\u0119trznego konstrukcja pozwoli\u0142a uzyska\u0107 ekstremalnie nisk\u0105 wag\u0119 i wysok\u0105 oddychalno\u015b\u0107. Brak materia\u0142u zewn\u0119trznego sprawia, \u017ce kurtka jest, najpro\u015bciej rzecz ujmuj\u0105c, permanentnie hydrofobowa, a ka\u017cda kropla deszczu, kt\u00f3ra si\u0119 z ni\u0105 zetknie, sp\u0142ywa po niej jak po kaczce. Je\u017celi laminat nie posiada warstwy wierzchniej, to oznacza to, \u017ce nie b\u0119dzie nasi\u0105ka\u0142 wod\u0105 i nie do\u0142o\u017cy dodatkowych gram\u00f3w do wagi kurtki. GORE-TEX Active Shake Dry jest rozwi\u0105zaniem przede wszystkim dla biegaczy trailowych, kt\u00f3rzy oczekuj\u0105 ultra niskiej wagi, oddychalno\u015bci i pe\u0142nej wodoszczelno\u015bci.<\/p>\n<p>&nbsp;<\/p>\n<div id=\"attachment_9761\" style=\"width: 1034px\" class=\"wp-caption aligncenter\"><img loading=\"lazy\" decoding=\"async\" aria-describedby=\"caption-attachment-9761\" class=\"wp-image-9761 size-large\" src=\"https:\/\/skalnik.pl\/blog\/wp-content\/uploads\/2019\/11\/GORE-TEX-Shakedry-1024x684.jpg\" alt=\"GORE-TEX Shakedry\" width=\"1024\" height=\"684\" srcset=\"https:\/\/www.skalnik.pl\/blog\/wp-content\/uploads\/2019\/11\/GORE-TEX-Shakedry.jpg 1024w, https:\/\/www.skalnik.pl\/blog\/wp-content\/uploads\/2019\/11\/GORE-TEX-Shakedry-300x200.jpg 300w, https:\/\/www.skalnik.pl\/blog\/wp-content\/uploads\/2019\/11\/GORE-TEX-Shakedry-768x513.jpg 768w\" sizes=\"auto, (max-width: 1024px) 100vw, 1024px\" \/><p id=\"caption-attachment-9761\" class=\"wp-caption-text\">Produkty z membran\u0105 GORE-TEX Shakedry zaprojektowano z my\u015bl\u0105 o biegaczach. (fot. GORE-TEX)<\/p><\/div>\n<p>&nbsp;<\/p>\n<h2><span class=\"ez-toc-section\" id=\"GORE-TEX_Footwear_%E2%80%93_ochrona_twoich_stop_przed_wilgocia\"><\/span>GORE-TEX Footwear \u2013 ochrona twoich st\u00f3p przed wilgoci\u0105<span class=\"ez-toc-section-end\"><\/span><\/h2>\n<p>GORE-TEX to nie tylko odzie\u017c wierzchnia, ale r\u00f3wnie\u017c i obuwie. Technologie GORE-TEX Footwear znajdziesz w obuwiu biegowym, hikingowym, trekkingowym czy te\u017c w tym, przeznaczonym do wspinaczki wysokog\u00f3rskiej. <a href=\"https:\/\/skalnik.pl\/buty\/goretex\">Buty GORE-TEX<\/a>\u00a0zyskuj\u0105 nie tylko wodoodporno\u015b\u0107. W zale\u017cno\u015bci od zastosowanego rodzaju membrany zyskujemy dodatkowe w\u0142a\u015bciwo\u015bci.<\/p>\n<p>&nbsp;<\/p>\n<div id=\"attachment_9765\" style=\"width: 1034px\" class=\"wp-caption aligncenter\"><img loading=\"lazy\" decoding=\"async\" aria-describedby=\"caption-attachment-9765\" class=\"wp-image-9765 size-large\" src=\"https:\/\/skalnik.pl\/blog\/wp-content\/uploads\/2019\/11\/Buty-GORE-TEX-testy-1024x681.jpg\" alt=\"Buty GORE-TEX testy\" width=\"1024\" height=\"681\" srcset=\"https:\/\/www.skalnik.pl\/blog\/wp-content\/uploads\/2019\/11\/Buty-GORE-TEX-testy.jpg 1024w, https:\/\/www.skalnik.pl\/blog\/wp-content\/uploads\/2019\/11\/Buty-GORE-TEX-testy-300x200.jpg 300w, https:\/\/www.skalnik.pl\/blog\/wp-content\/uploads\/2019\/11\/Buty-GORE-TEX-testy-768x511.jpg 768w\" sizes=\"auto, (max-width: 1024px) 100vw, 1024px\" \/><p id=\"caption-attachment-9765\" class=\"wp-caption-text\">Buty z membran\u0105 GORE-TEX testowane s\u0105 na specjalnych urz\u0105dzeniach. (fot. GORE-TEX)<\/p><\/div>\n<p>&nbsp;<\/p>\n<h3><span class=\"ez-toc-section\" id=\"Extended_Comfort_Footwear_%E2%80%93_ponadprzecietna_oddychalnosc\"><\/span>Extended Comfort Footwear \u2013 ponadprzeci\u0119tna oddychalno\u015b\u0107<span class=\"ez-toc-section-end\"><\/span><\/h3>\n<p>Je\u017celi jeste\u015b biegaczem, lubisz si\u0119 intensywnie rusza\u0107 lub potrzebujesz wodoszczelnego obuwia, kt\u00f3re podczas wy\u017cszych temperatur nie zachowa si\u0119 jak kalosz, to w\u0142a\u015bnie ta technologia jest stworzona z my\u015bl\u0105 o tobie. Buty wykonane w technologii Extreme Comfort Footwear, to lekkie, jednowarstwowe konstrukcje, kt\u00f3rych priorytetowym zadaniem jest odprowadzenie jak najwi\u0119kszej ilo\u015bci wilgoci w mo\u017cliwie najkr\u00f3tszym czasie, nie wspominaj\u0105c ju\u017c o pe\u0142nej wodoodporno\u015bci.<\/p>\n<p>&nbsp;<\/p>\n<h3><span class=\"ez-toc-section\" id=\"Performance_Comfort_Footwear_%E2%80%93_komfort_uniwersalny\"><\/span>Performance Comfort Footwear \u2013 komfort uniwersalny<span class=\"ez-toc-section-end\"><\/span><\/h3>\n<p>T\u0119 technologi\u0119 spotkasz w <a href=\"https:\/\/skalnik.pl\/buty\">butach trekkingowych<\/a> i tych przeznaczonych na trudniejsze, bardziej techniczne szlaki. Performance Comfort Footwear gwarantuje optymalny komfort dla twoich st\u00f3p w niesprzyjaj\u0105cych warunkach. Jest to najbardziej uniwersalne rozwi\u0105zanie, kt\u00f3re znajduje swoje zastosowanie w wi\u0119kszo\u015bci aktywno\u015bci outdoorowych.<\/p>\n<p>&nbsp;<\/p>\n<h3><span class=\"ez-toc-section\" id=\"Insulated_Comfort_Footwear_%E2%80%93_sucho_i_cieplo\"><\/span>Insulated Comfort Footwear \u2013 sucho i ciep\u0142o<span class=\"ez-toc-section-end\"><\/span><\/h3>\n<p>GORE-TEX Insulated Comfort Footwear to propozycja dla ka\u017cdego, kto potrzebuje ochrony nie tylko przed wilgoci\u0105. To absolutny gwarant odpowiedniej i niezb\u0119dnej izolacji termicznej dla st\u00f3p ka\u017cdego, kto kocha g\u00f3ry wysokie zim\u0105. Wszystko dzi\u0119ki dodatkowej warstwie oddychaj\u0105cej ociepliny. Zima w g\u00f3rach wysokich wci\u0105\u017c b\u0119dzie wyzwaniem dla ciebie, ale nie dla twoich but\u00f3w.<\/p>\n<p>&nbsp;<\/p>\n<h3><span class=\"ez-toc-section\" id=\"GORE-TEX_Surround_%E2%80%93_oddychalnosc_na_okraglo\"><\/span>GORE-TEX Surround \u2013 oddychalno\u015b\u0107 na okr\u0105g\u0142o<span class=\"ez-toc-section-end\"><\/span><\/h3>\n<p>Pr\u00f3cz tego, \u017ce GORE-TEX<sup>\u00ae<\/sup> odprowadza wilgo\u0107 ca\u0142\u0105 cholewk\u0105, to dzi\u0119ki konstrukcji 360\u00b0, buty mog\u0105 odprowadza\u0107 nadmiar ciep\u0142a i wilgoci r\u00f3wnie\u017c i przez podeszw\u0119. Dzi\u0119ki tej technologi twoje stopy mog\u0105 zachowa\u0107 sw\u00f3j mikroklimat, a ty b\u0119dziesz czu\u0107 si\u0119 komfortowo niezale\u017cnie od tego, czy jeste\u015b w parku, w biurze lub na szlaku. Wszystko to odbywa si\u0119 wci\u0105\u017c przy zachowaniu pe\u0142nej wodoodporno\u015bci obuwia.<\/p>\n<p>&nbsp;<\/p>\n<p><iframe loading=\"lazy\" src=\"https:\/\/www.youtube.com\/embed\/SZXlPZHFBY4\" width=\"1024\" height=\"567\" frameborder=\"0\" allowfullscreen=\"allowfullscreen\"><span data-mce-type=\"bookmark\" style=\"display: inline-block; width: 0px; overflow: hidden; line-height: 0;\" class=\"mce_SELRES_start\">\ufeff<\/span><\/iframe><\/p>\n<p>&nbsp;<\/p>\n<h3><span class=\"ez-toc-section\" id=\"GORE-TEX_Invisible_Fit_%E2%80%93_jeszcze_lepsza_ochrona\"><\/span>GORE-TEX Invisible Fit \u2013 jeszcze lepsza ochrona<span class=\"ez-toc-section-end\"><\/span><\/h3>\n<p>Invisible Fit to zupe\u0142nie nowe podej\u015bcie do u\u017cycia GORE-TEX w obuwiu. W tym przypadku membran\u0119 scalono z cholewk\u0105, czyni\u0105c j\u0105 niemal\u017ce niezauwa\u017caln\u0105 podnosz\u0105c komfort u\u017cytkownika. Dzi\u0119ki takiemu rozwi\u0105zaniu uda\u0142o si\u0119 stworzy\u0107 obuwie, kt\u00f3rego cholewka nie ch\u0142onie wody w tak du\u017cym stopniu, schnie znacznie szybciej i gwarantuje wy\u017csz\u0105 oddychalno\u015b\u0107. Buty s\u0105 bardziej elastyczne i tym samym bardziej komfortowe, co nie jest bez znaczenia dla kogo\u015b, kto chce dotrze\u0107 do celu pewnie i szybko.<\/p>\n<p>&nbsp;<\/p>\n<h2><span class=\"ez-toc-section\" id=\"GORE-TEX_Infinium_%E2%80%93_twoj_komfort\"><\/span>GORE-TEX Infinium \u2013 tw\u00f3j komfort<span class=\"ez-toc-section-end\"><\/span><\/h2>\n<p>Seria produkt\u00f3w Infinium to wypadkowa bezustannej ch\u0119ci rozwoju, badania zachowa\u0144 ludzkiego cia\u0142a w przer\u00f3\u017cnych warunkach i pragnienie stworzenia odzie\u017cy uniwersalnej i ekstremalnie funkcjonalnej. W tej kategorii znajdziesz dla siebie kurtki, r\u0119kawice, kt\u00f3re ochroni\u0105 ci\u0119 przed lekkim deszczem, wiatrem i przy tym wszystkim b\u0119d\u0105 \u015bwietnie oddycha\u0142y. Produkty GORE-TEX Infinum to r\u00f3wnie\u017c ochrona przed niskimi temperaturami, kt\u00f3r\u0105 znajdziesz w odzie\u017cy i w obuwiu. O GORE-TEX Infinium mo\u017cesz przeczyta\u0107 szerzej we <a href=\"https:\/\/skalnik.pl\/blog\/gore-tex-infinium-czym-jest-i-jak-dziala\/\">wpisie Paw\u0142a<\/a>. GORE-TEX Infinium to zbi\u00f3r bardzo ciekawych i funkcjonalnych technologii marki GORE<sup>\u00ae<\/sup>.<\/p>\n<p>&nbsp;<\/p>\n<div id=\"attachment_9770\" style=\"width: 1034px\" class=\"wp-caption aligncenter\"><img loading=\"lazy\" decoding=\"async\" aria-describedby=\"caption-attachment-9770\" class=\"wp-image-9770 size-large\" src=\"https:\/\/skalnik.pl\/blog\/wp-content\/uploads\/2019\/11\/gore-tex-infinium-1024x683.jpg\" alt=\"gore-tex infinium\" width=\"1024\" height=\"683\" srcset=\"https:\/\/www.skalnik.pl\/blog\/wp-content\/uploads\/2019\/11\/gore-tex-infinium.jpg 1024w, https:\/\/www.skalnik.pl\/blog\/wp-content\/uploads\/2019\/11\/gore-tex-infinium-300x200.jpg 300w, https:\/\/www.skalnik.pl\/blog\/wp-content\/uploads\/2019\/11\/gore-tex-infinium-768x512.jpg 768w\" sizes=\"auto, (max-width: 1024px) 100vw, 1024px\" \/><p id=\"caption-attachment-9770\" class=\"wp-caption-text\">Produkty z GORE-TEX Infinium oznaczane s\u0105 bia\u0142\u0105 metk\u0105. (fot. GORE-TEX)<\/p><\/div>\n<p>&nbsp;<\/p>\n<p>Technologie GORE-TEX znajduj\u0105 swoje zastosowanie w ka\u017cdej dziedzinie outdoorowego (i nie tylko) \u017cycia. Bezustanne badania i wprowadzane innowacje pokazuj\u0105, \u017ce granice oddychalno\u015bci i wodoszczelno\u015bci wci\u0105\u017c mo\u017cna przesuwa\u0107, a ostatnie s\u0142owo wci\u0105\u017c nie zosta\u0142o wypowiedziane. Mo\u017cna si\u0119 jednak domy\u015bli\u0107 do kogo mo\u017ce owo \u201eostatnie s\u0142owo\u201d w przysz\u0142o\u015bci mo\u017ce nale\u017ce\u0107. Bez wzgl\u0119du na to, czy jeste\u015b na beskidzkim szlaku, czy te\u017c w Alpach, produkty GORE-TEX spe\u0142ni\u0105 swoje zadanie r\u00f3wnie dobrze, zapewniaj\u0105c tobie pe\u0142ny komfort. To po prostu rozwi\u0105zania, na kt\u00f3rych mo\u017cesz w pe\u0142ni polega\u0107 i skupi\u0107 si\u0119 na realizacji postawionych sobie cel\u00f3w.<\/p>\n","protected":false},"excerpt":{"rendered":"<p>Membrana GORE-TEX\u00ae &#8211; co raz wi\u0119cej os\u00f3b szuka jej w odzie\u017cy turystycznej. Jednak nie \u0142atwo jest si\u0119 odnale\u017a\u0107 w g\u0105szczu produkt\u00f3w GORE-TEX\u00ae. Wyja\u015bniamy co kryje si\u0119 pod poszczeg\u00f3lnymi nazwami i podpowiadamy kiedy dana membrana si\u0119 najlepiej sprawdzi.<\/p>\n","protected":false},"author":15,"featured_media":9756,"comment_status":"open","ping_status":"open","sticky":false,"template":"","format":"standard","meta":{"_acf_changed":false,"footnotes":""},"categories":[5],"tags":[109,15,99],"magento_category":[190],"magento_product":[],"class_list":["post-9703","post","type-post","status-publish","format-standard","has-post-thumbnail","hentry","category-branza","tag-gore-tex","tag-odziez","tag-rynek-outdoor"],"acf":[],"aioseo_notices":[],"aioseo_head":"\n\t\t<!-- All in One SEO 4.9.10 - aioseo.com -->\n\t<meta name=\"description\" content=\"GORE-TEX\u00ae to bardzo rozpoznawalna marka w \u015bwiecie outdooru. Jednak czy znasz wszystkie produkty z rodziny GORE-TEX\u00ae? Sprawdzamy co kryje si\u0119 pod poszczeg\u00f3lnymi nazwami.\" \/>\n\t<meta name=\"robots\" content=\"max-image-preview:large\" \/>\n\t<meta name=\"author\" content=\"Marcin Nowak\"\/>\n\t<link rel=\"canonical\" href=\"https:\/\/www.skalnik.pl\/blog\/goretex-najpopularniejsza-membrana-na-swiecie\/\" \/>\n\t<meta name=\"generator\" content=\"All in One SEO (AIOSEO) 4.9.10\" \/>\n\t\t<meta property=\"og:locale\" content=\"pl_PL\" \/>\n\t\t<meta property=\"og:site_name\" content=\"blog Skalnik - Blog, porady, artyku\u0142y - blog Skalnik\" \/>\n\t\t<meta property=\"og:type\" content=\"article\" \/>\n\t\t<meta property=\"og:title\" content=\"GORE-TEX \u2013 najpopularniejsza membrana na \u015bwiecie - blog Skalnik\" \/>\n\t\t<meta property=\"og:description\" content=\"GORE-TEX\u00ae to bardzo rozpoznawalna marka w \u015bwiecie outdooru. Jednak czy znasz wszystkie produkty z rodziny GORE-TEX\u00ae? Sprawdzamy co kryje si\u0119 pod poszczeg\u00f3lnymi nazwami.\" \/>\n\t\t<meta property=\"og:url\" content=\"https:\/\/www.skalnik.pl\/blog\/goretex-najpopularniejsza-membrana-na-swiecie\/\" \/>\n\t\t<meta property=\"og:image\" content=\"https:\/\/skalnik.pl\/blog\/wp-content\/uploads\/2019\/11\/Wodoodporna-kurtka-GORE-TEX-1024x683.jpg\" \/>\n\t\t<meta property=\"og:image:secure_url\" content=\"https:\/\/skalnik.pl\/blog\/wp-content\/uploads\/2019\/11\/Wodoodporna-kurtka-GORE-TEX-1024x683.jpg\" \/>\n\t\t<meta property=\"article:tag\" content=\"bran\u017ca\" \/>\n\t\t<meta property=\"article:tag\" content=\"gore-tex\" \/>\n\t\t<meta property=\"article:tag\" content=\"odzie\u017c\" \/>\n\t\t<meta property=\"article:tag\" content=\"rynek outdoor\" \/>\n\t\t<meta property=\"article:published_time\" content=\"2019-11-15T07:00:02+00:00\" \/>\n\t\t<meta property=\"article:modified_time\" content=\"2019-12-09T09:41:41+00:00\" \/>\n\t\t<meta name=\"twitter:card\" content=\"summary_large_image\" \/>\n\t\t<meta name=\"twitter:title\" content=\"GORE-TEX \u2013 najpopularniejsza membrana na \u015bwiecie - blog Skalnik\" \/>\n\t\t<meta name=\"twitter:description\" content=\"GORE-TEX\u00ae to bardzo rozpoznawalna marka w \u015bwiecie outdooru. Jednak czy znasz wszystkie produkty z rodziny GORE-TEX\u00ae? Sprawdzamy co kryje si\u0119 pod poszczeg\u00f3lnymi nazwami.\" \/>\n\t\t<meta name=\"twitter:image\" content=\"https:\/\/skalnik.pl\/blog\/wp-content\/uploads\/2019\/11\/Wodoodporna-kurtka-GORE-TEX-1024x683.jpg\" \/>\n\t\t<script type=\"application\/ld+json\" class=\"aioseo-schema\">\n\t\t\t{\"@context\":\"https:\\\/\\\/schema.org\",\"@graph\":[{\"@type\":\"BlogPosting\",\"@id\":\"https:\\\/\\\/www.skalnik.pl\\\/blog\\\/goretex-najpopularniejsza-membrana-na-swiecie\\\/#blogposting\",\"name\":\"GORE-TEX \\u2013 najpopularniejsza membrana na \\u015bwiecie - blog Skalnik\",\"headline\":\"GORE-TEX &#8211; najpopularniejsza membrana na \\u015bwiecie\",\"author\":{\"@id\":\"https:\\\/\\\/www.skalnik.pl\\\/blog\\\/author\\\/marcin-nowak\\\/#author\"},\"publisher\":{\"@id\":\"https:\\\/\\\/www.skalnik.pl\\\/blog\\\/#organization\"},\"image\":{\"@type\":\"ImageObject\",\"url\":\"https:\\\/\\\/www.skalnik.pl\\\/blog\\\/wp-content\\\/uploads\\\/2019\\\/11\\\/Gore-tex-przegl\\u0105d-produkt\\u00f3w.jpg\",\"width\":1920,\"height\":704,\"caption\":\"Gore tex przegl\\u0105d produkt\\u00f3w\"},\"datePublished\":\"2019-11-15T08:00:02+02:00\",\"dateModified\":\"2019-12-09T10:41:41+02:00\",\"inLanguage\":\"pl-PL\",\"mainEntityOfPage\":{\"@id\":\"https:\\\/\\\/www.skalnik.pl\\\/blog\\\/goretex-najpopularniejsza-membrana-na-swiecie\\\/#webpage\"},\"isPartOf\":{\"@id\":\"https:\\\/\\\/www.skalnik.pl\\\/blog\\\/goretex-najpopularniejsza-membrana-na-swiecie\\\/#webpage\"},\"articleSection\":\"Bran\\u017ca, gore-tex, odzie\\u017c, rynek outdoor, 1088\"},{\"@type\":\"BreadcrumbList\",\"@id\":\"https:\\\/\\\/www.skalnik.pl\\\/blog\\\/goretex-najpopularniejsza-membrana-na-swiecie\\\/#breadcrumblist\",\"itemListElement\":[{\"@type\":\"ListItem\",\"@id\":\"https:\\\/\\\/www.skalnik.pl\\\/blog#listItem\",\"position\":1,\"name\":\"Home\",\"item\":\"https:\\\/\\\/www.skalnik.pl\\\/blog\",\"nextItem\":{\"@type\":\"ListItem\",\"@id\":\"https:\\\/\\\/www.skalnik.pl\\\/blog\\\/.\\\/branza\\\/#listItem\",\"name\":\"Bran\\u017ca\"}},{\"@type\":\"ListItem\",\"@id\":\"https:\\\/\\\/www.skalnik.pl\\\/blog\\\/.\\\/branza\\\/#listItem\",\"position\":2,\"name\":\"Bran\\u017ca\",\"item\":\"https:\\\/\\\/www.skalnik.pl\\\/blog\\\/.\\\/branza\\\/\",\"nextItem\":{\"@type\":\"ListItem\",\"@id\":\"https:\\\/\\\/www.skalnik.pl\\\/blog\\\/goretex-najpopularniejsza-membrana-na-swiecie\\\/#listItem\",\"name\":\"GORE-TEX &#8211; najpopularniejsza membrana na \\u015bwiecie\"},\"previousItem\":{\"@type\":\"ListItem\",\"@id\":\"https:\\\/\\\/www.skalnik.pl\\\/blog#listItem\",\"name\":\"Home\"}},{\"@type\":\"ListItem\",\"@id\":\"https:\\\/\\\/www.skalnik.pl\\\/blog\\\/goretex-najpopularniejsza-membrana-na-swiecie\\\/#listItem\",\"position\":3,\"name\":\"GORE-TEX &#8211; najpopularniejsza membrana na \\u015bwiecie\",\"previousItem\":{\"@type\":\"ListItem\",\"@id\":\"https:\\\/\\\/www.skalnik.pl\\\/blog\\\/.\\\/branza\\\/#listItem\",\"name\":\"Bran\\u017ca\"}}]},{\"@type\":\"Organization\",\"@id\":\"https:\\\/\\\/www.skalnik.pl\\\/blog\\\/#organization\",\"name\":\"blog Skalnik\",\"description\":\"Blog, porady, artyku\\u0142y - blog Skalnik\",\"url\":\"https:\\\/\\\/www.skalnik.pl\\\/blog\\\/\"},{\"@type\":\"Person\",\"@id\":\"https:\\\/\\\/www.skalnik.pl\\\/blog\\\/author\\\/marcin-nowak\\\/#author\",\"url\":\"https:\\\/\\\/www.skalnik.pl\\\/blog\\\/author\\\/marcin-nowak\\\/\",\"name\":\"Marcin Nowak\",\"image\":{\"@type\":\"ImageObject\",\"@id\":\"https:\\\/\\\/www.skalnik.pl\\\/blog\\\/goretex-najpopularniejsza-membrana-na-swiecie\\\/#authorImage\",\"url\":\"https:\\\/\\\/secure.gravatar.com\\\/avatar\\\/f73628a26381dc449e848c17fc0bed5da595b192c42ec3df1b8c321ba4534014?s=96&d=mm&r=g\",\"width\":96,\"height\":96,\"caption\":\"Marcin Nowak\"}},{\"@type\":\"WebPage\",\"@id\":\"https:\\\/\\\/www.skalnik.pl\\\/blog\\\/goretex-najpopularniejsza-membrana-na-swiecie\\\/#webpage\",\"url\":\"https:\\\/\\\/www.skalnik.pl\\\/blog\\\/goretex-najpopularniejsza-membrana-na-swiecie\\\/\",\"name\":\"GORE-TEX \\u2013 najpopularniejsza membrana na \\u015bwiecie - blog Skalnik\",\"description\":\"GORE-TEX\\u00ae to bardzo rozpoznawalna marka w \\u015bwiecie outdooru. Jednak czy znasz wszystkie produkty z rodziny GORE-TEX\\u00ae? Sprawdzamy co kryje si\\u0119 pod poszczeg\\u00f3lnymi nazwami.\",\"inLanguage\":\"pl-PL\",\"isPartOf\":{\"@id\":\"https:\\\/\\\/www.skalnik.pl\\\/blog\\\/#website\"},\"breadcrumb\":{\"@id\":\"https:\\\/\\\/www.skalnik.pl\\\/blog\\\/goretex-najpopularniejsza-membrana-na-swiecie\\\/#breadcrumblist\"},\"author\":{\"@id\":\"https:\\\/\\\/www.skalnik.pl\\\/blog\\\/author\\\/marcin-nowak\\\/#author\"},\"creator\":{\"@id\":\"https:\\\/\\\/www.skalnik.pl\\\/blog\\\/author\\\/marcin-nowak\\\/#author\"},\"image\":{\"@type\":\"ImageObject\",\"url\":\"https:\\\/\\\/www.skalnik.pl\\\/blog\\\/wp-content\\\/uploads\\\/2019\\\/11\\\/Gore-tex-przegl\\u0105d-produkt\\u00f3w.jpg\",\"@id\":\"https:\\\/\\\/www.skalnik.pl\\\/blog\\\/goretex-najpopularniejsza-membrana-na-swiecie\\\/#mainImage\",\"width\":1920,\"height\":704,\"caption\":\"Gore tex przegl\\u0105d produkt\\u00f3w\"},\"primaryImageOfPage\":{\"@id\":\"https:\\\/\\\/www.skalnik.pl\\\/blog\\\/goretex-najpopularniejsza-membrana-na-swiecie\\\/#mainImage\"},\"datePublished\":\"2019-11-15T08:00:02+02:00\",\"dateModified\":\"2019-12-09T10:41:41+02:00\"},{\"@type\":\"WebSite\",\"@id\":\"https:\\\/\\\/www.skalnik.pl\\\/blog\\\/#website\",\"url\":\"https:\\\/\\\/www.skalnik.pl\\\/blog\\\/\",\"name\":\"blog Skalnik\",\"description\":\"Blog, porady, artyku\\u0142y - blog Skalnik\",\"inLanguage\":\"pl-PL\",\"publisher\":{\"@id\":\"https:\\\/\\\/www.skalnik.pl\\\/blog\\\/#organization\"}}]}\n\t\t<\/script>\n\t\t<!-- All in One SEO -->\n\n","aioseo_head_json":{"title":"GORE-TEX \u2013 najpopularniejsza membrana na \u015bwiecie - blog Skalnik","description":"GORE-TEX\u00ae to bardzo rozpoznawalna marka w \u015bwiecie outdooru. Jednak czy znasz wszystkie produkty z rodziny GORE-TEX\u00ae? Sprawdzamy co kryje si\u0119 pod poszczeg\u00f3lnymi nazwami.","canonical_url":"https:\/\/www.skalnik.pl\/blog\/goretex-najpopularniejsza-membrana-na-swiecie\/","robots":"max-image-preview:large","keywords":"","webmasterTools":{"miscellaneous":""},"schema":{"@context":"https:\/\/schema.org","@graph":[{"@type":"BlogPosting","@id":"https:\/\/www.skalnik.pl\/blog\/goretex-najpopularniejsza-membrana-na-swiecie\/#blogposting","name":"GORE-TEX \u2013 najpopularniejsza membrana na \u015bwiecie - blog Skalnik","headline":"GORE-TEX &#8211; najpopularniejsza membrana na \u015bwiecie","author":{"@id":"https:\/\/www.skalnik.pl\/blog\/author\/marcin-nowak\/#author"},"publisher":{"@id":"https:\/\/www.skalnik.pl\/blog\/#organization"},"image":{"@type":"ImageObject","url":"https:\/\/www.skalnik.pl\/blog\/wp-content\/uploads\/2019\/11\/Gore-tex-przegl\u0105d-produkt\u00f3w.jpg","width":1920,"height":704,"caption":"Gore tex przegl\u0105d produkt\u00f3w"},"datePublished":"2019-11-15T08:00:02+02:00","dateModified":"2019-12-09T10:41:41+02:00","inLanguage":"pl-PL","mainEntityOfPage":{"@id":"https:\/\/www.skalnik.pl\/blog\/goretex-najpopularniejsza-membrana-na-swiecie\/#webpage"},"isPartOf":{"@id":"https:\/\/www.skalnik.pl\/blog\/goretex-najpopularniejsza-membrana-na-swiecie\/#webpage"},"articleSection":"Bran\u017ca, gore-tex, odzie\u017c, rynek outdoor, 1088"},{"@type":"BreadcrumbList","@id":"https:\/\/www.skalnik.pl\/blog\/goretex-najpopularniejsza-membrana-na-swiecie\/#breadcrumblist","itemListElement":[{"@type":"ListItem","@id":"https:\/\/www.skalnik.pl\/blog#listItem","position":1,"name":"Home","item":"https:\/\/www.skalnik.pl\/blog","nextItem":{"@type":"ListItem","@id":"https:\/\/www.skalnik.pl\/blog\/.\/branza\/#listItem","name":"Bran\u017ca"}},{"@type":"ListItem","@id":"https:\/\/www.skalnik.pl\/blog\/.\/branza\/#listItem","position":2,"name":"Bran\u017ca","item":"https:\/\/www.skalnik.pl\/blog\/.\/branza\/","nextItem":{"@type":"ListItem","@id":"https:\/\/www.skalnik.pl\/blog\/goretex-najpopularniejsza-membrana-na-swiecie\/#listItem","name":"GORE-TEX &#8211; najpopularniejsza membrana na \u015bwiecie"},"previousItem":{"@type":"ListItem","@id":"https:\/\/www.skalnik.pl\/blog#listItem","name":"Home"}},{"@type":"ListItem","@id":"https:\/\/www.skalnik.pl\/blog\/goretex-najpopularniejsza-membrana-na-swiecie\/#listItem","position":3,"name":"GORE-TEX &#8211; najpopularniejsza membrana na \u015bwiecie","previousItem":{"@type":"ListItem","@id":"https:\/\/www.skalnik.pl\/blog\/.\/branza\/#listItem","name":"Bran\u017ca"}}]},{"@type":"Organization","@id":"https:\/\/www.skalnik.pl\/blog\/#organization","name":"blog Skalnik","description":"Blog, porady, artyku\u0142y - blog Skalnik","url":"https:\/\/www.skalnik.pl\/blog\/"},{"@type":"Person","@id":"https:\/\/www.skalnik.pl\/blog\/author\/marcin-nowak\/#author","url":"https:\/\/www.skalnik.pl\/blog\/author\/marcin-nowak\/","name":"Marcin Nowak","image":{"@type":"ImageObject","@id":"https:\/\/www.skalnik.pl\/blog\/goretex-najpopularniejsza-membrana-na-swiecie\/#authorImage","url":"https:\/\/secure.gravatar.com\/avatar\/f73628a26381dc449e848c17fc0bed5da595b192c42ec3df1b8c321ba4534014?s=96&d=mm&r=g","width":96,"height":96,"caption":"Marcin Nowak"}},{"@type":"WebPage","@id":"https:\/\/www.skalnik.pl\/blog\/goretex-najpopularniejsza-membrana-na-swiecie\/#webpage","url":"https:\/\/www.skalnik.pl\/blog\/goretex-najpopularniejsza-membrana-na-swiecie\/","name":"GORE-TEX \u2013 najpopularniejsza membrana na \u015bwiecie - blog Skalnik","description":"GORE-TEX\u00ae to bardzo rozpoznawalna marka w \u015bwiecie outdooru. Jednak czy znasz wszystkie produkty z rodziny GORE-TEX\u00ae? Sprawdzamy co kryje si\u0119 pod poszczeg\u00f3lnymi nazwami.","inLanguage":"pl-PL","isPartOf":{"@id":"https:\/\/www.skalnik.pl\/blog\/#website"},"breadcrumb":{"@id":"https:\/\/www.skalnik.pl\/blog\/goretex-najpopularniejsza-membrana-na-swiecie\/#breadcrumblist"},"author":{"@id":"https:\/\/www.skalnik.pl\/blog\/author\/marcin-nowak\/#author"},"creator":{"@id":"https:\/\/www.skalnik.pl\/blog\/author\/marcin-nowak\/#author"},"image":{"@type":"ImageObject","url":"https:\/\/www.skalnik.pl\/blog\/wp-content\/uploads\/2019\/11\/Gore-tex-przegl\u0105d-produkt\u00f3w.jpg","@id":"https:\/\/www.skalnik.pl\/blog\/goretex-najpopularniejsza-membrana-na-swiecie\/#mainImage","width":1920,"height":704,"caption":"Gore tex przegl\u0105d produkt\u00f3w"},"primaryImageOfPage":{"@id":"https:\/\/www.skalnik.pl\/blog\/goretex-najpopularniejsza-membrana-na-swiecie\/#mainImage"},"datePublished":"2019-11-15T08:00:02+02:00","dateModified":"2019-12-09T10:41:41+02:00"},{"@type":"WebSite","@id":"https:\/\/www.skalnik.pl\/blog\/#website","url":"https:\/\/www.skalnik.pl\/blog\/","name":"blog Skalnik","description":"Blog, porady, artyku\u0142y - blog Skalnik","inLanguage":"pl-PL","publisher":{"@id":"https:\/\/www.skalnik.pl\/blog\/#organization"}}]},"og:locale":"pl_PL","og:site_name":"blog Skalnik - Blog, porady, artyku\u0142y - blog Skalnik","og:type":"article","og:title":"GORE-TEX \u2013 najpopularniejsza membrana na \u015bwiecie - blog Skalnik","og:description":"GORE-TEX\u00ae to bardzo rozpoznawalna marka w \u015bwiecie outdooru. Jednak czy znasz wszystkie produkty z rodziny GORE-TEX\u00ae? Sprawdzamy co kryje si\u0119 pod poszczeg\u00f3lnymi nazwami.","og:url":"https:\/\/www.skalnik.pl\/blog\/goretex-najpopularniejsza-membrana-na-swiecie\/","og:image":"https:\/\/skalnik.pl\/blog\/wp-content\/uploads\/2019\/11\/Wodoodporna-kurtka-GORE-TEX-1024x683.jpg","og:image:secure_url":"https:\/\/skalnik.pl\/blog\/wp-content\/uploads\/2019\/11\/Wodoodporna-kurtka-GORE-TEX-1024x683.jpg","article:tag":["bran\u017ca","gore-tex","odzie\u017c","rynek outdoor"],"article:published_time":"2019-11-15T07:00:02+00:00","article:modified_time":"2019-12-09T09:41:41+00:00","twitter:card":"summary_large_image","twitter:title":"GORE-TEX \u2013 najpopularniejsza membrana na \u015bwiecie - blog Skalnik","twitter:description":"GORE-TEX\u00ae to bardzo rozpoznawalna marka w \u015bwiecie outdooru. Jednak czy znasz wszystkie produkty z rodziny GORE-TEX\u00ae? Sprawdzamy co kryje si\u0119 pod poszczeg\u00f3lnymi nazwami.","twitter:image":"https:\/\/skalnik.pl\/blog\/wp-content\/uploads\/2019\/11\/Wodoodporna-kurtka-GORE-TEX-1024x683.jpg"},"aioseo_meta_data":{"post_id":"9703","title":null,"description":"GORE-TEX\u00ae to bardzo rozpoznawalna marka w \u015bwiecie outdooru. Jednak czy znasz wszystkie produkty z rodziny GORE-TEX\u00ae? Sprawdzamy co kryje si\u0119 pod poszczeg\u00f3lnymi nazwami.","keywords":[{"label":"gore tex","value":"gore tex"},{"label":"kurtka gore tex","value":"kurtka gore tex"},{"label":"membrana gore tex","value":"membrana gore tex"},{"label":"buty gore tex","value":"buty gore tex"}],"keyphrases":null,"primary_term":null,"canonical_url":null,"og_title":null,"og_description":null,"og_object_type":"default","og_image_type":"default","og_image_url":null,"og_image_width":null,"og_image_height":null,"og_image_custom_url":null,"og_image_custom_fields":null,"og_video":null,"og_custom_url":null,"og_article_section":null,"og_article_tags":null,"twitter_use_og":false,"twitter_card":"default","twitter_image_type":"default","twitter_image_url":null,"twitter_image_custom_url":null,"twitter_image_custom_fields":null,"twitter_title":null,"twitter_description":null,"schema":{"blockGraphs":[],"customGraphs":[],"default":{"data":{"Article":[],"Course":[],"Dataset":[],"FAQPage":[],"Movie":[],"Person":[],"Product":[],"ProductReview":[],"Car":[],"Recipe":[],"Service":[],"SoftwareApplication":[],"WebPage":[]},"graphName":"BlogPosting","isEnabled":true},"graphs":[]},"schema_type":"default","schema_type_options":null,"pillar_content":false,"robots_default":true,"robots_noindex":false,"robots_noarchive":false,"robots_nosnippet":false,"robots_nofollow":false,"robots_noimageindex":false,"robots_noodp":false,"robots_notranslate":false,"robots_max_snippet":null,"robots_max_videopreview":null,"robots_max_imagepreview":"large","priority":null,"frequency":null,"local_seo":null,"breadcrumb_settings":null,"limit_modified_date":false,"ai":null,"created":"2022-08-26 10:09:03","updated":"2026-02-17 21:41:28","seo_analyzer_scan_date":null},"aioseo_breadcrumb":"<div class=\"aioseo-breadcrumbs\"><span class=\"aioseo-breadcrumb\">\n\t\t\t<a href=\"https:\/\/www.skalnik.pl\/blog\" title=\"Home\">Home<\/a>\n\t\t<\/span><span class=\"aioseo-breadcrumb-separator\">&raquo;<\/span><span class=\"aioseo-breadcrumb\">\n\t\t\t<a href=\"https:\/\/www.skalnik.pl\/blog\/.\/branza\/\" title=\"Bran\u017ca\">Bran\u017ca<\/a>\n\t\t<\/span><span class=\"aioseo-breadcrumb-separator\">&raquo;<\/span><span class=\"aioseo-breadcrumb\">\n\t\t\tGORE-TEX \u2013 najpopularniejsza membrana na \u015bwiecie\n\t\t<\/span><\/div>","aioseo_breadcrumb_json":[{"label":"Home","link":"https:\/\/www.skalnik.pl\/blog"},{"label":"Bran\u017ca","link":"https:\/\/www.skalnik.pl\/blog\/.\/branza\/"},{"label":"GORE-TEX &#8211; najpopularniejsza membrana na \u015bwiecie","link":"https:\/\/www.skalnik.pl\/blog\/goretex-najpopularniejsza-membrana-na-swiecie\/"}],"_links":{"self":[{"href":"https:\/\/www.skalnik.pl\/blog\/wp-json\/wp\/v2\/posts\/9703","targetHints":{"allow":["GET"]}}],"collection":[{"href":"https:\/\/www.skalnik.pl\/blog\/wp-json\/wp\/v2\/posts"}],"about":[{"href":"https:\/\/www.skalnik.pl\/blog\/wp-json\/wp\/v2\/types\/post"}],"author":[{"embeddable":true,"href":"https:\/\/www.skalnik.pl\/blog\/wp-json\/wp\/v2\/users\/15"}],"replies":[{"embeddable":true,"href":"https:\/\/www.skalnik.pl\/blog\/wp-json\/wp\/v2\/comments?post=9703"}],"version-history":[{"count":24,"href":"https:\/\/www.skalnik.pl\/blog\/wp-json\/wp\/v2\/posts\/9703\/revisions"}],"predecessor-version":[{"id":9775,"href":"https:\/\/www.skalnik.pl\/blog\/wp-json\/wp\/v2\/posts\/9703\/revisions\/9775"}],"wp:featuredmedia":[{"embeddable":true,"href":"https:\/\/www.skalnik.pl\/blog\/wp-json\/wp\/v2\/media\/9756"}],"wp:attachment":[{"href":"https:\/\/www.skalnik.pl\/blog\/wp-json\/wp\/v2\/media?parent=9703"}],"wp:term":[{"taxonomy":"category","embeddable":true,"href":"https:\/\/www.skalnik.pl\/blog\/wp-json\/wp\/v2\/categories?post=9703"},{"taxonomy":"post_tag","embeddable":true,"href":"https:\/\/www.skalnik.pl\/blog\/wp-json\/wp\/v2\/tags?post=9703"},{"taxonomy":"magento_category","embeddable":true,"href":"https:\/\/www.skalnik.pl\/blog\/wp-json\/wp\/v2\/magento_category?post=9703"},{"taxonomy":"magento_product","embeddable":true,"href":"https:\/\/www.skalnik.pl\/blog\/wp-json\/wp\/v2\/magento_product?post=9703"}],"curies":[{"name":"wp","href":"https:\/\/api.w.org\/{rel}","templated":true}]}}