{"id":9793,"date":"2019-11-15T15:54:42","date_gmt":"2019-11-15T14:54:42","guid":{"rendered":"https:\/\/skalnik.pl\/blog\/?p=9793"},"modified":"2025-07-11T14:45:18","modified_gmt":"2025-07-11T12:45:18","slug":"gory-dalekie-i-bliskie-bogdan-jankowski","status":"publish","type":"post","link":"https:\/\/www.skalnik.pl\/blog\/gory-dalekie-i-bliskie-bogdan-jankowski\/","title":{"rendered":"G\u00f3ry dalekie i bliskie &#8211; in memoriam Bogdan Jankowski"},"content":{"rendered":"<p><b>TEMAT:<img loading=\"lazy\" decoding=\"async\" class=\"size-full wp-image-9797 alignright\" src=\"https:\/\/skalnik.pl\/blog\/wp-content\/uploads\/2019\/11\/na-blog-spotkania.jpg\" alt=\"Bogdan Jankowski\" width=\"260\" height=\"340\" srcset=\"https:\/\/www.skalnik.pl\/blog\/wp-content\/uploads\/2019\/11\/na-blog-spotkania.jpg 260w, https:\/\/www.skalnik.pl\/blog\/wp-content\/uploads\/2019\/11\/na-blog-spotkania-229x300.jpg 229w\" sizes=\"auto, (max-width: 260px) 100vw, 260px\" \/><\/b><\/p>\n<p>&#8222;G\u00f3ry dalekie i bliskie&#8221; &#8211; in memoriam Bogdan Jankowski<\/p>\n<p><b>PRELEGENCI:&nbsp;<\/b><\/p>\n<p>Krzysztof Jankowski w imieniu Bogdana Jankowskiego<\/p>\n<p><b>MIEJSCE:<\/b><\/p>\n<p>Wybrze\u017ce Wyspia\u0144skiego 27, Politechnika Wroc\u0142awska, budynek A1, sala 329<\/p>\n<p><b>DATA:<\/b> 20.11.2019, godz. 19:00<\/p>\n<p>&nbsp;<\/p>\n<div id=\"ez-toc-container\" class=\"ez-toc-v2_0_85 counter-hierarchy ez-toc-counter ez-toc-light-blue ez-toc-container-direction\">\n<div class=\"ez-toc-title-container\">\n<p class=\"ez-toc-title\" style=\"cursor:inherit\">SPIS TRE\u015aCI <\/p>\n<span class=\"ez-toc-title-toggle\"><a href=\"#\" class=\"ez-toc-pull-right ez-toc-btn ez-toc-btn-xs ez-toc-btn-default ez-toc-toggle\" aria-label=\"Prze\u0142\u0105cznik Spisu Tre\u015bci\"><span class=\"ez-toc-js-icon-con\"><span class=\"\"><span class=\"eztoc-hide\" style=\"display:none;\">Toggle<\/span><span class=\"ez-toc-icon-toggle-span\"><svg style=\"fill: #999;color:#999\" xmlns=\"http:\/\/www.w3.org\/2000\/svg\" class=\"list-377408\" width=\"20px\" height=\"20px\" viewBox=\"0 0 24 24\" fill=\"none\"><path d=\"M6 6H4v2h2V6zm14 0H8v2h12V6zM4 11h2v2H4v-2zm16 0H8v2h12v-2zM4 16h2v2H4v-2zm16 0H8v2h12v-2z\" fill=\"currentColor\"><\/path><\/svg><svg style=\"fill: #999;color:#999\" class=\"arrow-unsorted-368013\" xmlns=\"http:\/\/www.w3.org\/2000\/svg\" width=\"10px\" height=\"10px\" viewBox=\"0 0 24 24\" version=\"1.2\" baseProfile=\"tiny\"><path d=\"M18.2 9.3l-6.2-6.3-6.2 6.3c-.2.2-.3.4-.3.7s.1.5.3.7c.2.2.4.3.7.3h11c.3 0 .5-.1.7-.3.2-.2.3-.5.3-.7s-.1-.5-.3-.7zM5.8 14.7l6.2 6.3 6.2-6.3c.2-.2.3-.5.3-.7s-.1-.5-.3-.7c-.2-.2-.4-.3-.7-.3h-11c-.3 0-.5.1-.7.3-.2.2-.3.5-.3.7s.1.5.3.7z\"\/><\/svg><\/span><\/span><\/span><\/a><\/span><\/div>\n<nav><ul class='ez-toc-list ez-toc-list-level-1 ' ><li class='ez-toc-page-1 ez-toc-heading-level-2'><a class=\"ez-toc-link ez-toc-heading-1\" href=\"https:\/\/www.skalnik.pl\/blog\/gory-dalekie-i-bliskie-bogdan-jankowski\/#O_prelekcji\" >O prelekcji:<\/a><\/li><li class='ez-toc-page-1 ez-toc-heading-level-2'><a class=\"ez-toc-link ez-toc-heading-2\" href=\"https:\/\/www.skalnik.pl\/blog\/gory-dalekie-i-bliskie-bogdan-jankowski\/#_Bogdan_Jankowski\" >&nbsp;Bogdan Jankowski<\/a><\/li><li class='ez-toc-page-1 ez-toc-heading-level-2'><a class=\"ez-toc-link ez-toc-heading-3\" href=\"https:\/\/www.skalnik.pl\/blog\/gory-dalekie-i-bliskie-bogdan-jankowski\/#Sponsorzy\" >Sponsorzy<\/a><\/li><\/ul><\/nav><\/div>\n<h2><span class=\"ez-toc-section\" id=\"O_prelekcji\"><\/span>O prelekcji:<span class=\"ez-toc-section-end\"><\/span><\/h2>\n<p>Listopadowe Spotkania z G\u00f3rami odb\u0119d\u0105 si\u0119 w \u015brod\u0119 20 listopada. To spotkanie b\u0119dzie niezwyk\u0142e, poniewa\u017c po\u015bwi\u0119cone pami\u0119ci niezwyk\u0142ego cz\u0142owieka, kt\u00f3rego niestety po\u017cegnali\u015bmy wiosn\u0105 tego roku &#8211; Bogdana Jankowskiego. By\u0142 on mocno zwi\u0105zany z g\u00f3rami wysokimi, od lat \u201860 ubieg\u0142ego wieku uczestniczy\u0142 w polskich wyprawach w Himalaje i przywozi\u0142 z nich pi\u0119kne materia\u0142y &#8211; fotografie, nagrania, a w trakcie wypraw zajmowa\u0142 si\u0119 \u0142\u0105czno\u015bci\u0105 radiow\u0105.<\/p>\n<div id=\"attachment_9799\" style=\"width: 710px\" class=\"wp-caption aligncenter\"><img loading=\"lazy\" decoding=\"async\" aria-describedby=\"caption-attachment-9799\" class=\"wp-image-9799\" src=\"https:\/\/skalnik.pl\/blog\/wp-content\/uploads\/2019\/11\/018p_Tatry-1024x768.jpg\" alt=\"Tatry_Bogdan_Jankowski\" width=\"700\" height=\"525\" srcset=\"https:\/\/www.skalnik.pl\/blog\/wp-content\/uploads\/2019\/11\/018p_Tatry-1024x768.jpg 1024w, https:\/\/www.skalnik.pl\/blog\/wp-content\/uploads\/2019\/11\/018p_Tatry-300x225.jpg 300w, https:\/\/www.skalnik.pl\/blog\/wp-content\/uploads\/2019\/11\/018p_Tatry-768x576.jpg 768w, https:\/\/www.skalnik.pl\/blog\/wp-content\/uploads\/2019\/11\/018p_Tatry.jpg 1440w\" sizes=\"auto, (max-width: 700px) 100vw, 700px\" \/><p id=\"caption-attachment-9799\" class=\"wp-caption-text\">Swoj\u0105 g\u00f3rsk\u0105 przygod\u0119 Bogdan Jankowski rozpoczyna\u0142 w rodzimych Tatrach (fot. B. Jankowski)<\/p><\/div>\n<p>Bogdan Jankowski przygotowa\u0142 prelekcj\u0119 o swoim g\u00f3rskim \u017cyciorysie. Jej tytu\u0142: \u201cG\u00f3ry dalekie i bliskie\u201d. Nawi\u0105zuje do g\u00f3r, z kt\u00f3rymi mia\u0142 styczno\u015b\u0107 bezpo\u015bredni\u0105, w kt\u00f3rych bywa\u0142 i kt\u00f3re kocha\u0142. Autor wielokrotnie wyg\u0142asza\u0142 swoj\u0105 prelekcj\u0119, dlatego to co przygotowa\u0142 pozwala na stworzenie wyj\u0105tkowego spotkania, po\u015bwi\u0119conego jego pami\u0119ci i poznania jego g\u00f3rskiej historii.<\/p>\n<p>Na listopadowych Spotkaniach z G\u00f3rami zjawi si\u0119 syn Bogdana &#8211; Krzysztof Jankowski, i w imieniu ojca poprowadzi przygotowywan\u0105 przez niego prelekcj\u0119, kt\u00f3r\u0105 uda\u0142o mu si\u0119 tak\u017ce uwieczni\u0107 i zobrazowa\u0107 poprawionymi zdj\u0119ciami. Samego Bogdana Jankowskiego tak\u017ce us\u0142yszymy, poniewa\u017c syn podzieli si\u0119 z nami nagraniem, kt\u00f3re powsta\u0142o podczas jednego z wyst\u0105pie\u0144 i b\u0119dziemy mogli wsp\u00f3lnie wys\u0142ucha\u0107 na sali opowie\u015bci Bogdana z pod\u0142o\u017conym z nagrania d\u017awi\u0119kiem i jego autorskimi materia\u0142ami.<\/p>\n<div class=\"page_gallery\">\n\n\t\t<style type=\"text\/css\">\n\t\t\t#gallery-1 {\n\t\t\t\tmargin: auto;\n\t\t\t}\n\t\t\t#gallery-1 .gallery-item {\n\t\t\t\tfloat: left;\n\t\t\t\tmargin-top: 10px;\n\t\t\t\ttext-align: center;\n\t\t\t\twidth: 33%;\n\t\t\t}\n\t\t\t#gallery-1 img {\n\t\t\t\tborder: 2px solid #cfcfcf;\n\t\t\t}\n\t\t\t#gallery-1 .gallery-caption {\n\t\t\t\tmargin-left: 0;\n\t\t\t}\n\t\t\t\/* see gallery_shortcode() in wp-includes\/media.php *\/\n\t\t<\/style>\n\t\t<div id='gallery-1' class='gallery galleryid-9793 gallery-columns-3 gallery-size-full'><dl class='gallery-item'>\n\t\t\t<dt class='gallery-icon landscape'>\n\t\t\t\t<img loading=\"lazy\" decoding=\"async\" width=\"1440\" height=\"1080\" src=\"https:\/\/www.skalnik.pl\/blog\/wp-content\/uploads\/2019\/11\/140_Everest-grupa-31.jpg\" class=\"attachment-full size-full\" alt=\"Zimowa wyprawa na Mt Everest 1980 r.\" aria-describedby=\"gallery-1-9809\" srcset=\"https:\/\/www.skalnik.pl\/blog\/wp-content\/uploads\/2019\/11\/140_Everest-grupa-31.jpg 1440w, https:\/\/www.skalnik.pl\/blog\/wp-content\/uploads\/2019\/11\/140_Everest-grupa-31-300x225.jpg 300w, https:\/\/www.skalnik.pl\/blog\/wp-content\/uploads\/2019\/11\/140_Everest-grupa-31-768x576.jpg 768w, https:\/\/www.skalnik.pl\/blog\/wp-content\/uploads\/2019\/11\/140_Everest-grupa-31-1024x768.jpg 1024w\" sizes=\"auto, (max-width: 1440px) 100vw, 1440px\" \/>\n\t\t\t<\/dt>\n\t\t\t\t<dd class='wp-caption-text gallery-caption' id='gallery-1-9809'>\n\t\t\t\tUczestnicy pierwszej zimowej, zdobywczej wyprawy na Everest, 1979\/80 &#8211; w bazie g\u0142\u00f3wnej wyprawy. (fot. B. Jankowski)\n\t\t\t\t<\/dd><\/dl><dl class='gallery-item'>\n\t\t\t<dt class='gallery-icon landscape'>\n\t\t\t\t<img loading=\"lazy\" decoding=\"async\" width=\"1440\" height=\"1080\" src=\"https:\/\/www.skalnik.pl\/blog\/wp-content\/uploads\/2019\/11\/015_Krzysztof-Wielicki-1-1973.jpg\" class=\"attachment-full size-full\" alt=\"Krzysztof Wielicki w obiektywie Bogdana\" aria-describedby=\"gallery-1-9808\" srcset=\"https:\/\/www.skalnik.pl\/blog\/wp-content\/uploads\/2019\/11\/015_Krzysztof-Wielicki-1-1973.jpg 1440w, https:\/\/www.skalnik.pl\/blog\/wp-content\/uploads\/2019\/11\/015_Krzysztof-Wielicki-1-1973-300x225.jpg 300w, https:\/\/www.skalnik.pl\/blog\/wp-content\/uploads\/2019\/11\/015_Krzysztof-Wielicki-1-1973-768x576.jpg 768w, https:\/\/www.skalnik.pl\/blog\/wp-content\/uploads\/2019\/11\/015_Krzysztof-Wielicki-1-1973-1024x768.jpg 1024w\" sizes=\"auto, (max-width: 1440px) 100vw, 1440px\" \/>\n\t\t\t<\/dt>\n\t\t\t\t<dd class='wp-caption-text gallery-caption' id='gallery-1-9808'>\n\t\t\t\tKrzysiek Wielicki na obozie w Dolinie Kie\u017cmarskiej, sierpie\u0144 1973. (fot. B. Jankowski)\n\t\t\t\t<\/dd><\/dl><dl class='gallery-item'>\n\t\t\t<dt class='gallery-icon landscape'>\n\t\t\t\t<img loading=\"lazy\" decoding=\"async\" width=\"1440\" height=\"1080\" src=\"https:\/\/www.skalnik.pl\/blog\/wp-content\/uploads\/2019\/11\/004_Tytulowy.jpg\" class=\"attachment-full size-full\" alt=\"Slajd Tytu\u0142owy przygotowywanej prezentacji Bogdana Jankowskiego\" aria-describedby=\"gallery-1-9807\" srcset=\"https:\/\/www.skalnik.pl\/blog\/wp-content\/uploads\/2019\/11\/004_Tytulowy.jpg 1440w, https:\/\/www.skalnik.pl\/blog\/wp-content\/uploads\/2019\/11\/004_Tytulowy-300x225.jpg 300w, https:\/\/www.skalnik.pl\/blog\/wp-content\/uploads\/2019\/11\/004_Tytulowy-768x576.jpg 768w, https:\/\/www.skalnik.pl\/blog\/wp-content\/uploads\/2019\/11\/004_Tytulowy-1024x768.jpg 1024w\" sizes=\"auto, (max-width: 1440px) 100vw, 1440px\" \/>\n\t\t\t<\/dt>\n\t\t\t\t<dd class='wp-caption-text gallery-caption' id='gallery-1-9807'>\n\t\t\t\tSlajd Tytu\u0142owy przygotowywanej prezentacji Bogdana Jankowskiego\n\t\t\t\t<\/dd><\/dl><br style=\"clear: both\" \/>\n\t\t<\/div>\n\n<\/div>\n<p>Gdzie przeniesie nas opowie\u015b\u0107 tego dnia? Najlepiej opowie sam autor, dlatego zapraszamy do przeczytania poni\u017cej wst\u0119pu do prelekcji Bogdana Jankowskiego przygotowanego przez niego samego:<\/p>\n<p>&#8222;Szanowni Pa\u0144stwo, Drodzy Przyjaciele, mam przyjemno\u015b\u0107 opowiedzie\u0107 Pa\u0144stwu o moich g\u00f3rach. Nie o g\u00f3rach w og\u00f3le, ale w\u0142a\u015bnie o moich g\u00f3rach. G\u00f3rach, w kt\u00f3rych mia\u0142em szcz\u0119\u015bcie by\u0107, kt\u00f3re zapisa\u0142y si\u0119 w mojej pami\u0119ci, kt\u00f3re stara\u0142em si\u0119 zapisa\u0107 na zdj\u0119ciach, a czasem na ta\u015bmie magnetofonowej. Opowiem o g\u00f3rach wielkich i dalekich, ale te\u017c o g\u00f3rach ma\u0142ych i bliskich. Bliskich w sensie fizycznym, mentalnie r\u00f3wnie\u017c bliskich, bliskich sercu. B\u0119d\u0119 stara\u0142 si\u0119 pokaza\u0107 te g\u00f3ry widziane z mojego subiektywnego punktu widzenia. B\u0119d\u0119 stara\u0142 si\u0119 podzieli\u0107 z Pa\u0144stwem moim podej\u015bciem do g\u00f3r, moim przekonaniem, \u017ce g\u00f3ry to owszem himalajskie olbrzymy, ale r\u00f3wnie\u017c ma\u0142y, l\u015bni\u0105cy kamyk znaleziony na lodowcu, \u017ce g\u00f3ry to monstrualna lawina, ale te\u017c pojedyncza gwiazdka \u015bniegu, kt\u00f3ra siad\u0142a na ciemnym r\u0119kawie kurtki i nie chce si\u0119 stopi\u0107 i pozwala si\u0119 obserwowa\u0107, kiedy stoimy zim\u0105 na stanowisku asekuracyjnym przez godzin\u0119, czasem przez drug\u0105, \u017ce g\u00f3ry to legendarny Yeti i jego \u015blady, ale te\u017c bo\u017ca kr\u00f3wka na \u017ad\u017able trawy w Sokolikach, \u017ce g\u00f3ry to te\u017c dzwonki jak\u00f3w id\u0105cych w karawanie, skrzypienie m\u0142ynka modlitewnego w Thyangboche, \u017ce g\u00f3ry to noc w rwanym wiatrem namiocie, gdzie\u015b tam wysoko, na wysoko\u015bci siedmiu tysi\u0119cy metr\u00f3w, ale r\u00f3wnie\u017c noc przy ognisku w Sokolikach. Ciep\u0142a noc i ciep\u0142e poczucie obecno\u015bci kogo\u015b bliskiego. I dopiero to wszystko razem stanowi g\u00f3ry, kt\u00f3re mog\u0105 sta\u0107 si\u0119 spor\u0105 cz\u0119\u015bci\u0105 czyjego\u015b \u017cycia.&#8221;<\/p>\n<div class=\"page_gallery\">\n\n\t\t<style type=\"text\/css\">\n\t\t\t#gallery-2 {\n\t\t\t\tmargin: auto;\n\t\t\t}\n\t\t\t#gallery-2 .gallery-item {\n\t\t\t\tfloat: left;\n\t\t\t\tmargin-top: 10px;\n\t\t\t\ttext-align: center;\n\t\t\t\twidth: 33%;\n\t\t\t}\n\t\t\t#gallery-2 img {\n\t\t\t\tborder: 2px solid #cfcfcf;\n\t\t\t}\n\t\t\t#gallery-2 .gallery-caption {\n\t\t\t\tmargin-left: 0;\n\t\t\t}\n\t\t\t\/* see gallery_shortcode() in wp-includes\/media.php *\/\n\t\t<\/style>\n\t\t<div id='gallery-2' class='gallery galleryid-9793 gallery-columns-3 gallery-size-full'><dl class='gallery-item'>\n\t\t\t<dt class='gallery-icon landscape'>\n\t\t\t\t<img loading=\"lazy\" decoding=\"async\" width=\"1440\" height=\"1080\" src=\"https:\/\/www.skalnik.pl\/blog\/wp-content\/uploads\/2019\/11\/141_K2-do-Samotni.jpg\" class=\"attachment-full size-full\" alt=\"K2 widziane z lodowca Baltoro\" aria-describedby=\"gallery-2-9802\" srcset=\"https:\/\/www.skalnik.pl\/blog\/wp-content\/uploads\/2019\/11\/141_K2-do-Samotni.jpg 1440w, https:\/\/www.skalnik.pl\/blog\/wp-content\/uploads\/2019\/11\/141_K2-do-Samotni-300x225.jpg 300w, https:\/\/www.skalnik.pl\/blog\/wp-content\/uploads\/2019\/11\/141_K2-do-Samotni-768x576.jpg 768w, https:\/\/www.skalnik.pl\/blog\/wp-content\/uploads\/2019\/11\/141_K2-do-Samotni-1024x768.jpg 1024w\" sizes=\"auto, (max-width: 1440px) 100vw, 1440px\" \/>\n\t\t\t<\/dt>\n\t\t\t\t<dd class='wp-caption-text gallery-caption' id='gallery-2-9802'>\n\t\t\t\tDrugi szczyt \u015bwiata K2 widziany z  lodowca Baltoro w Karakorum. Polnocny Pakistan. Zima 1987\/88. (fot. B. Jankowski)\n\t\t\t\t<\/dd><\/dl><dl class='gallery-item'>\n\t\t\t<dt class='gallery-icon landscape'>\n\t\t\t\t<img loading=\"lazy\" decoding=\"async\" width=\"1440\" height=\"1080\" src=\"https:\/\/www.skalnik.pl\/blog\/wp-content\/uploads\/2019\/11\/241_Nanga-96-97-noc2.jpg\" class=\"attachment-full size-full\" alt=\"Noc w bazie pod Nanga Parbat\" aria-describedby=\"gallery-2-9804\" srcset=\"https:\/\/www.skalnik.pl\/blog\/wp-content\/uploads\/2019\/11\/241_Nanga-96-97-noc2.jpg 1440w, https:\/\/www.skalnik.pl\/blog\/wp-content\/uploads\/2019\/11\/241_Nanga-96-97-noc2-300x225.jpg 300w, https:\/\/www.skalnik.pl\/blog\/wp-content\/uploads\/2019\/11\/241_Nanga-96-97-noc2-768x576.jpg 768w, https:\/\/www.skalnik.pl\/blog\/wp-content\/uploads\/2019\/11\/241_Nanga-96-97-noc2-1024x768.jpg 1024w\" sizes=\"auto, (max-width: 1440px) 100vw, 1440px\" \/>\n\t\t\t<\/dt>\n\t\t\t\t<dd class='wp-caption-text gallery-caption' id='gallery-2-9804'>\n\t\t\t\tNoc w obozie bazowym (3900m) pod Nanga Parbat. Polska wyprawa zimowa 1996\/97. (fot. B. Jankowski)\n\t\t\t\t<\/dd><\/dl><dl class='gallery-item'>\n\t\t\t<dt class='gallery-icon landscape'>\n\t\t\t\t<img loading=\"lazy\" decoding=\"async\" width=\"1440\" height=\"1080\" src=\"https:\/\/www.skalnik.pl\/blog\/wp-content\/uploads\/2019\/11\/010_Granie_1.jpg\" class=\"attachment-full size-full\" alt=\"\" aria-describedby=\"gallery-2-9800\" srcset=\"https:\/\/www.skalnik.pl\/blog\/wp-content\/uploads\/2019\/11\/010_Granie_1.jpg 1440w, https:\/\/www.skalnik.pl\/blog\/wp-content\/uploads\/2019\/11\/010_Granie_1-300x225.jpg 300w, https:\/\/www.skalnik.pl\/blog\/wp-content\/uploads\/2019\/11\/010_Granie_1-768x576.jpg 768w, https:\/\/www.skalnik.pl\/blog\/wp-content\/uploads\/2019\/11\/010_Granie_1-1024x768.jpg 1024w\" sizes=\"auto, (max-width: 1440px) 100vw, 1440px\" \/>\n\t\t\t<\/dt>\n\t\t\t\t<dd class='wp-caption-text gallery-caption' id='gallery-2-9800'>\n\t\t\t\t(fot. B. Jankowski)\n\t\t\t\t<\/dd><\/dl><br style=\"clear: both\" \/><dl class='gallery-item'>\n\t\t\t<dt class='gallery-icon landscape'>\n\t\t\t\t<img loading=\"lazy\" decoding=\"async\" width=\"1440\" height=\"1080\" src=\"https:\/\/www.skalnik.pl\/blog\/wp-content\/uploads\/2019\/11\/105_Jurek-Surdel.jpg\" class=\"attachment-full size-full\" alt=\"Jurek Surdel na tropie Yeti\" aria-describedby=\"gallery-2-9801\" srcset=\"https:\/\/www.skalnik.pl\/blog\/wp-content\/uploads\/2019\/11\/105_Jurek-Surdel.jpg 1440w, https:\/\/www.skalnik.pl\/blog\/wp-content\/uploads\/2019\/11\/105_Jurek-Surdel-300x225.jpg 300w, https:\/\/www.skalnik.pl\/blog\/wp-content\/uploads\/2019\/11\/105_Jurek-Surdel-768x576.jpg 768w, https:\/\/www.skalnik.pl\/blog\/wp-content\/uploads\/2019\/11\/105_Jurek-Surdel-1024x768.jpg 1024w\" sizes=\"auto, (max-width: 1440px) 100vw, 1440px\" \/>\n\t\t\t<\/dt>\n\t\t\t\t<dd class='wp-caption-text gallery-caption' id='gallery-2-9801'>\n\t\t\t\tJurek Surdel na tropie yeti.\nPolska wyprawa jesie\u0144\/zima Lhotse, 1974\/75. (fot. B. Jankowski)\n\t\t\t\t<\/dd><\/dl><dl class='gallery-item'>\n\t\t\t<dt class='gallery-icon landscape'>\n\t\t\t\t<img loading=\"lazy\" decoding=\"async\" width=\"1440\" height=\"1080\" src=\"https:\/\/www.skalnik.pl\/blog\/wp-content\/uploads\/2019\/11\/191_Mostek.jpg\" class=\"attachment-full size-full\" alt=\"Mostek z g\u00f3rami w tle\" aria-describedby=\"gallery-2-9803\" srcset=\"https:\/\/www.skalnik.pl\/blog\/wp-content\/uploads\/2019\/11\/191_Mostek.jpg 1440w, https:\/\/www.skalnik.pl\/blog\/wp-content\/uploads\/2019\/11\/191_Mostek-300x225.jpg 300w, https:\/\/www.skalnik.pl\/blog\/wp-content\/uploads\/2019\/11\/191_Mostek-768x576.jpg 768w, https:\/\/www.skalnik.pl\/blog\/wp-content\/uploads\/2019\/11\/191_Mostek-1024x768.jpg 1024w\" sizes=\"auto, (max-width: 1440px) 100vw, 1440px\" \/>\n\t\t\t<\/dt>\n\t\t\t\t<dd class='wp-caption-text gallery-caption' id='gallery-2-9803'>\n\t\t\t\t(fot. B. Jankowski)\n\t\t\t\t<\/dd><\/dl>\n\t\t\t<br style='clear: both' \/>\n\t\t<\/div>\n\n<\/div>\n<h2><span class=\"ez-toc-section\" id=\"_Bogdan_Jankowski\"><\/span>&nbsp;<b>Bogdan Jankowski<\/b><span class=\"ez-toc-section-end\"><\/span><\/h2>\n<p>taternik, instruktor alpinizmu, z zawodu elektronik i pracownik Politechniki Wroc\u0142awskiej. Cz\u0142onek zarz\u0105du PZA (1977-1992), prezes wroc\u0142awskiego KW (1974-1980). Uczestniczy\u0142 w wyprawach pod kierownictwem Andrzeja Zawady, a jako radioamator-kr\u00f3tkofalowiec by\u0142 odpowiedzialny za \u0142\u0105czno\u015b\u0107 radiow\u0105 w ich trakcie. Pomys\u0142odawca i za\u0142o\u017cyciel zespo\u0142u \u0142\u0105czno\u015bci radiowej PZA. By\u0142 jednym ze zdobywc\u00f3w 5 dziewiczych szczyt\u00f3w podczas wyprawy do Pamiro-A\u0142aju. W 1971 roku bra\u0142 udzia\u0142 w historycznej wyprawie na Kunyang Chhish w Karakorum oraz udanej, zimowej wyprawie na Everest w 1980 r. Zosta\u0142 dwukrotnie nagrodzony z\u0142otym medalem \u201cZa Wybitne Osi\u0105gni\u0119cia Sportowe\u201d, Z\u0142otym Krzy\u017cem Zas\u0142ugi i nagrod\u0105 \u201cFair Play\u201d Polskiego Komitetu Olimpijskiego. Autor wystawy \u201cHimalaje, Karakorum &#8211; obrazki i g\u0142osy z g\u00f3r\u201d. Jego artyku\u0142y pojawia\u0142y si\u0119 w \u201cTaterniku\u201d. Zmar\u0142 20 maja 2019 roku.<\/p>\n<p><img loading=\"lazy\" decoding=\"async\" class=\"wp-image-9798 aligncenter\" src=\"https:\/\/skalnik.pl\/blog\/wp-content\/uploads\/2019\/11\/000_Bogdan_Jankowski_In_memoriam-300x225.jpg\" alt=\"Bogdan Jankowski in memoriam\" width=\"600\" height=\"450\" srcset=\"https:\/\/www.skalnik.pl\/blog\/wp-content\/uploads\/2019\/11\/000_Bogdan_Jankowski_In_memoriam-300x225.jpg 300w, https:\/\/www.skalnik.pl\/blog\/wp-content\/uploads\/2019\/11\/000_Bogdan_Jankowski_In_memoriam-768x576.jpg 768w, https:\/\/www.skalnik.pl\/blog\/wp-content\/uploads\/2019\/11\/000_Bogdan_Jankowski_In_memoriam-1024x768.jpg 1024w, https:\/\/www.skalnik.pl\/blog\/wp-content\/uploads\/2019\/11\/000_Bogdan_Jankowski_In_memoriam.jpg 1440w\" sizes=\"auto, (max-width: 600px) 100vw, 600px\" \/><\/p>\n<div class=\"sponsors\">\n<h2><span class=\"ez-toc-section\" id=\"Sponsorzy\"><\/span>Sponsorzy<span class=\"ez-toc-section-end\"><\/span><\/h2>\n\n\t\t<style type=\"text\/css\">\n\t\t\t#gallery-3 {\n\t\t\t\tmargin: auto;\n\t\t\t}\n\t\t\t#gallery-3 .gallery-item {\n\t\t\t\tfloat: left;\n\t\t\t\tmargin-top: 10px;\n\t\t\t\ttext-align: center;\n\t\t\t\twidth: 20%;\n\t\t\t}\n\t\t\t#gallery-3 img {\n\t\t\t\tborder: 2px solid #cfcfcf;\n\t\t\t}\n\t\t\t#gallery-3 .gallery-caption {\n\t\t\t\tmargin-left: 0;\n\t\t\t}\n\t\t\t\/* see gallery_shortcode() in wp-includes\/media.php *\/\n\t\t<\/style>\n\t\t<div id='gallery-3' class='gallery galleryid-9793 gallery-columns-5 gallery-size-thumbnail'><dl class='gallery-item'>\n\t\t\t<dt class='gallery-icon landscape'>\n\t\t\t\t<img loading=\"lazy\" decoding=\"async\" width=\"150\" height=\"150\" src=\"https:\/\/www.skalnik.pl\/blog\/wp-content\/uploads\/2016\/10\/74236798.jpg\" class=\"attachment-thumbnail size-thumbnail\" alt=\"skalnik logo\" \/>\n\t\t\t<\/dt><\/dl><dl class='gallery-item'>\n\t\t\t<dt class='gallery-icon landscape'>\n\t\t\t\t<img loading=\"lazy\" decoding=\"async\" width=\"150\" height=\"150\" src=\"https:\/\/www.skalnik.pl\/blog\/wp-content\/uploads\/2016\/10\/18654627.jpg\" class=\"attachment-thumbnail size-thumbnail\" alt=\"DKF logo\" \/>\n\t\t\t<\/dt><\/dl><dl class='gallery-item'>\n\t\t\t<dt class='gallery-icon landscape'>\n\t\t\t\t<img loading=\"lazy\" decoding=\"async\" width=\"150\" height=\"150\" src=\"https:\/\/www.skalnik.pl\/blog\/wp-content\/uploads\/2016\/10\/55774142.jpg\" class=\"attachment-thumbnail size-thumbnail\" alt=\"Politechnika logo\" \/>\n\t\t\t<\/dt><\/dl><dl class='gallery-item'>\n\t\t\t<dt class='gallery-icon landscape'>\n\t\t\t\t<img loading=\"lazy\" decoding=\"async\" width=\"150\" height=\"150\" src=\"https:\/\/www.skalnik.pl\/blog\/wp-content\/uploads\/2016\/10\/64382480.jpg\" class=\"attachment-thumbnail size-thumbnail\" alt=\"VI.6+ logo\" \/>\n\t\t\t<\/dt><\/dl><dl class='gallery-item'>\n\t\t\t<dt class='gallery-icon landscape'>\n\t\t\t\t<img loading=\"lazy\" decoding=\"async\" width=\"150\" height=\"150\" src=\"https:\/\/www.skalnik.pl\/blog\/wp-content\/uploads\/2016\/10\/25112021.jpg\" class=\"attachment-thumbnail size-thumbnail\" alt=\"volven logo\" \/>\n\t\t\t<\/dt><\/dl><br style=\"clear: both\" \/><dl class='gallery-item'>\n\t\t\t<dt class='gallery-icon landscape'>\n\t\t\t\t<img loading=\"lazy\" decoding=\"async\" width=\"150\" height=\"150\" src=\"https:\/\/www.skalnik.pl\/blog\/wp-content\/uploads\/2018\/07\/images.png\" class=\"attachment-thumbnail size-thumbnail\" alt=\"silver rock logo\" \/>\n\t\t\t<\/dt><\/dl><dl class='gallery-item'>\n\t\t\t<dt class='gallery-icon landscape'>\n\t\t\t\t<img loading=\"lazy\" decoding=\"async\" width=\"150\" height=\"150\" src=\"https:\/\/www.skalnik.pl\/blog\/wp-content\/uploads\/2019\/03\/zerwa-logo-150px.jpg\" class=\"attachment-thumbnail size-thumbnail\" alt=\"\" \/>\n\t\t\t<\/dt><\/dl><dl class='gallery-item'>\n\t\t\t<dt class='gallery-icon landscape'>\n\t\t\t\t<img loading=\"lazy\" decoding=\"async\" width=\"150\" height=\"150\" src=\"https:\/\/www.skalnik.pl\/blog\/wp-content\/uploads\/2016\/11\/81e6707944de360c.jpg\" class=\"attachment-thumbnail size-thumbnail\" alt=\"wspinanie.pl logo\" \/>\n\t\t\t<\/dt><\/dl>\n\t\t\t<br style='clear: both' \/>\n\t\t<\/div>\n\n<\/div>\n","protected":false},"excerpt":{"rendered":"<p>Najbli\u017csze Spotkania z G\u00f3rami to prelekcja po\u015bwi\u0119cona Bogdanowi Jankowskiemu. Jego nieuko\u0144czona prezentacja zostanie przedstawiona przez syna &#8211; Krzysztofa Jankowskiego, kt\u00f3remu uda\u0142o si\u0119 j\u0105 dopi\u0105\u0107 do ko\u0144ca. Odtworzone zostanie tak\u017ce nagranie, na kt\u00f3rym Bogdan sam opowiada o bliskich mu g\u00f3rach.<\/p>\n","protected":false},"author":10,"featured_media":9795,"comment_status":"open","ping_status":"open","sticky":false,"template":"","format":"standard","meta":{"_acf_changed":false,"footnotes":""},"categories":[9],"tags":[28,164,202,92],"magento_category":[],"magento_product":[],"class_list":["post-9793","post","type-post","status-publish","format-standard","has-post-thumbnail","hentry","category-spotkania-z-gorami","tag-gory","tag-himalaizm","tag-spotkania-z-gorami","tag-styl-zycia"],"acf":[],"aioseo_notices":[],"aioseo_head":"\n\t\t<!-- All in One SEO 4.9.10 - aioseo.com -->\n\t<meta name=\"description\" content=\"Najbli\u017csze Spotkania z G\u00f3rami to prelekcja po\u015bwi\u0119cona Bogdanowi Jankowskiemu. Jego nieuko\u0144czona prezentacja zostanie przedstawiona przez syna - Krzysztofa Jankowskiego, kt\u00f3remu uda\u0142o si\u0119 j\u0105 dopi\u0105\u0107 do ko\u0144ca. Odtworzone zostanie tak\u017ce nagranie, na kt\u00f3rym Bogdan sam opowiada o bliskich mu g\u00f3rach.\" \/>\n\t<meta name=\"robots\" content=\"noindex, nofollow, max-snippet:-1, max-image-preview:large, max-video-preview:-1\" \/>\n\t<meta name=\"author\" content=\"Spotkania z G\u00f3rami\"\/>\n\t<link rel=\"canonical\" href=\"https:\/\/www.skalnik.pl\/blog\/gory-dalekie-i-bliskie-bogdan-jankowski\/\" \/>\n\t<meta name=\"generator\" content=\"All in One SEO (AIOSEO) 4.9.10\" \/>\n\t\t<meta property=\"og:locale\" content=\"pl_PL\" \/>\n\t\t<meta property=\"og:site_name\" content=\"blog Skalnik - Blog, porady, artyku\u0142y - blog Skalnik\" \/>\n\t\t<meta property=\"og:type\" content=\"article\" \/>\n\t\t<meta property=\"og:title\" content=\"G\u00f3ry dalekie i bliskie \u2013 in memoriam Bogdan Jankowski - blog Skalnik\" \/>\n\t\t<meta property=\"og:description\" content=\"Najbli\u017csze Spotkania z G\u00f3rami to prelekcja po\u015bwi\u0119cona Bogdanowi Jankowskiemu. Jego nieuko\u0144czona prezentacja zostanie przedstawiona przez syna - Krzysztofa Jankowskiego, kt\u00f3remu uda\u0142o si\u0119 j\u0105 dopi\u0105\u0107 do ko\u0144ca. Odtworzone zostanie tak\u017ce nagranie, na kt\u00f3rym Bogdan sam opowiada o bliskich mu g\u00f3rach.\" \/>\n\t\t<meta property=\"og:url\" content=\"https:\/\/www.skalnik.pl\/blog\/gory-dalekie-i-bliskie-bogdan-jankowski\/\" \/>\n\t\t<meta property=\"og:image\" content=\"https:\/\/skalnik.pl\/blog\/wp-content\/uploads\/2019\/11\/na-blog-spotkania.jpg\" \/>\n\t\t<meta property=\"og:image:secure_url\" content=\"https:\/\/skalnik.pl\/blog\/wp-content\/uploads\/2019\/11\/na-blog-spotkania.jpg\" \/>\n\t\t<meta property=\"article:tag\" content=\"spotkania z g\u00f3rami\" \/>\n\t\t<meta property=\"article:tag\" content=\"g\u00f3ry\" \/>\n\t\t<meta property=\"article:tag\" content=\"himalaizm\" \/>\n\t\t<meta property=\"article:tag\" content=\"styl \u017cycia\" \/>\n\t\t<meta property=\"article:published_time\" content=\"2019-11-15T14:54:42+00:00\" \/>\n\t\t<meta property=\"article:modified_time\" content=\"2025-07-11T12:45:18+00:00\" \/>\n\t\t<meta name=\"twitter:card\" content=\"summary_large_image\" \/>\n\t\t<meta name=\"twitter:title\" content=\"G\u00f3ry dalekie i bliskie \u2013 in memoriam Bogdan Jankowski - blog Skalnik\" \/>\n\t\t<meta name=\"twitter:description\" content=\"Najbli\u017csze Spotkania z G\u00f3rami to prelekcja po\u015bwi\u0119cona Bogdanowi Jankowskiemu. Jego nieuko\u0144czona prezentacja zostanie przedstawiona przez syna - Krzysztofa Jankowskiego, kt\u00f3remu uda\u0142o si\u0119 j\u0105 dopi\u0105\u0107 do ko\u0144ca. Odtworzone zostanie tak\u017ce nagranie, na kt\u00f3rym Bogdan sam opowiada o bliskich mu g\u00f3rach.\" \/>\n\t\t<meta name=\"twitter:image\" content=\"https:\/\/skalnik.pl\/blog\/wp-content\/uploads\/2019\/11\/na-blog-spotkania.jpg\" \/>\n\t\t<script type=\"application\/ld+json\" class=\"aioseo-schema\">\n\t\t\t{\"@context\":\"https:\\\/\\\/schema.org\",\"@graph\":[{\"@type\":\"BlogPosting\",\"@id\":\"https:\\\/\\\/www.skalnik.pl\\\/blog\\\/gory-dalekie-i-bliskie-bogdan-jankowski\\\/#blogposting\",\"name\":\"G\\u00f3ry dalekie i bliskie \\u2013 in memoriam Bogdan Jankowski - blog Skalnik\",\"headline\":\"G\\u00f3ry dalekie i bliskie &#8211; in memoriam Bogdan Jankowski\",\"author\":{\"@id\":\"https:\\\/\\\/www.skalnik.pl\\\/blog\\\/author\\\/spotkania\\\/#author\"},\"publisher\":{\"@id\":\"https:\\\/\\\/www.skalnik.pl\\\/blog\\\/#organization\"},\"image\":{\"@type\":\"ImageObject\",\"url\":\"https:\\\/\\\/www.skalnik.pl\\\/blog\\\/wp-content\\\/uploads\\\/2019\\\/11\\\/spotka-t\\u0142o.jpg\",\"width\":1920,\"height\":705,\"caption\":\"Spotkania z G\\u00f3rami Bogdan Jankowski\"},\"datePublished\":\"2019-11-15T15:54:42+02:00\",\"dateModified\":\"2025-07-11T14:45:18+02:00\",\"inLanguage\":\"pl-PL\",\"mainEntityOfPage\":{\"@id\":\"https:\\\/\\\/www.skalnik.pl\\\/blog\\\/gory-dalekie-i-bliskie-bogdan-jankowski\\\/#webpage\"},\"isPartOf\":{\"@id\":\"https:\\\/\\\/www.skalnik.pl\\\/blog\\\/gory-dalekie-i-bliskie-bogdan-jankowski\\\/#webpage\"},\"articleSection\":\"Spotkania z g\\u00f3rami, g\\u00f3ry, himalaizm, spotkania z g\\u00f3rami, styl \\u017cycia\"},{\"@type\":\"BreadcrumbList\",\"@id\":\"https:\\\/\\\/www.skalnik.pl\\\/blog\\\/gory-dalekie-i-bliskie-bogdan-jankowski\\\/#breadcrumblist\",\"itemListElement\":[{\"@type\":\"ListItem\",\"@id\":\"https:\\\/\\\/www.skalnik.pl\\\/blog#listItem\",\"position\":1,\"name\":\"Home\",\"item\":\"https:\\\/\\\/www.skalnik.pl\\\/blog\",\"nextItem\":{\"@type\":\"ListItem\",\"@id\":\"https:\\\/\\\/www.skalnik.pl\\\/blog\\\/.\\\/spotkania-z-gorami\\\/#listItem\",\"name\":\"Spotkania z g\\u00f3rami\"}},{\"@type\":\"ListItem\",\"@id\":\"https:\\\/\\\/www.skalnik.pl\\\/blog\\\/.\\\/spotkania-z-gorami\\\/#listItem\",\"position\":2,\"name\":\"Spotkania z g\\u00f3rami\",\"item\":\"https:\\\/\\\/www.skalnik.pl\\\/blog\\\/.\\\/spotkania-z-gorami\\\/\",\"nextItem\":{\"@type\":\"ListItem\",\"@id\":\"https:\\\/\\\/www.skalnik.pl\\\/blog\\\/gory-dalekie-i-bliskie-bogdan-jankowski\\\/#listItem\",\"name\":\"G\\u00f3ry dalekie i bliskie &#8211; in memoriam Bogdan Jankowski\"},\"previousItem\":{\"@type\":\"ListItem\",\"@id\":\"https:\\\/\\\/www.skalnik.pl\\\/blog#listItem\",\"name\":\"Home\"}},{\"@type\":\"ListItem\",\"@id\":\"https:\\\/\\\/www.skalnik.pl\\\/blog\\\/gory-dalekie-i-bliskie-bogdan-jankowski\\\/#listItem\",\"position\":3,\"name\":\"G\\u00f3ry dalekie i bliskie &#8211; in memoriam Bogdan Jankowski\",\"previousItem\":{\"@type\":\"ListItem\",\"@id\":\"https:\\\/\\\/www.skalnik.pl\\\/blog\\\/.\\\/spotkania-z-gorami\\\/#listItem\",\"name\":\"Spotkania z g\\u00f3rami\"}}]},{\"@type\":\"Organization\",\"@id\":\"https:\\\/\\\/www.skalnik.pl\\\/blog\\\/#organization\",\"name\":\"blog Skalnik\",\"description\":\"Blog, porady, artyku\\u0142y - blog Skalnik\",\"url\":\"https:\\\/\\\/www.skalnik.pl\\\/blog\\\/\"},{\"@type\":\"Person\",\"@id\":\"https:\\\/\\\/www.skalnik.pl\\\/blog\\\/author\\\/spotkania\\\/#author\",\"url\":\"https:\\\/\\\/www.skalnik.pl\\\/blog\\\/author\\\/spotkania\\\/\",\"name\":\"Spotkania z G\\u00f3rami\",\"image\":{\"@type\":\"ImageObject\",\"@id\":\"https:\\\/\\\/www.skalnik.pl\\\/blog\\\/gory-dalekie-i-bliskie-bogdan-jankowski\\\/#authorImage\",\"url\":\"https:\\\/\\\/secure.gravatar.com\\\/avatar\\\/e09dd3aeee26ff64ebd6fda736cd0f273a292e33f7d42d8fbdff1ba323502b0b?s=96&d=mm&r=g\",\"width\":96,\"height\":96,\"caption\":\"Spotkania z G\\u00f3rami\"}},{\"@type\":\"WebPage\",\"@id\":\"https:\\\/\\\/www.skalnik.pl\\\/blog\\\/gory-dalekie-i-bliskie-bogdan-jankowski\\\/#webpage\",\"url\":\"https:\\\/\\\/www.skalnik.pl\\\/blog\\\/gory-dalekie-i-bliskie-bogdan-jankowski\\\/\",\"name\":\"G\\u00f3ry dalekie i bliskie \\u2013 in memoriam Bogdan Jankowski - blog Skalnik\",\"description\":\"Najbli\\u017csze Spotkania z G\\u00f3rami to prelekcja po\\u015bwi\\u0119cona Bogdanowi Jankowskiemu. Jego nieuko\\u0144czona prezentacja zostanie przedstawiona przez syna - Krzysztofa Jankowskiego, kt\\u00f3remu uda\\u0142o si\\u0119 j\\u0105 dopi\\u0105\\u0107 do ko\\u0144ca. Odtworzone zostanie tak\\u017ce nagranie, na kt\\u00f3rym Bogdan sam opowiada o bliskich mu g\\u00f3rach.\",\"inLanguage\":\"pl-PL\",\"isPartOf\":{\"@id\":\"https:\\\/\\\/www.skalnik.pl\\\/blog\\\/#website\"},\"breadcrumb\":{\"@id\":\"https:\\\/\\\/www.skalnik.pl\\\/blog\\\/gory-dalekie-i-bliskie-bogdan-jankowski\\\/#breadcrumblist\"},\"author\":{\"@id\":\"https:\\\/\\\/www.skalnik.pl\\\/blog\\\/author\\\/spotkania\\\/#author\"},\"creator\":{\"@id\":\"https:\\\/\\\/www.skalnik.pl\\\/blog\\\/author\\\/spotkania\\\/#author\"},\"image\":{\"@type\":\"ImageObject\",\"url\":\"https:\\\/\\\/www.skalnik.pl\\\/blog\\\/wp-content\\\/uploads\\\/2019\\\/11\\\/spotka-t\\u0142o.jpg\",\"@id\":\"https:\\\/\\\/www.skalnik.pl\\\/blog\\\/gory-dalekie-i-bliskie-bogdan-jankowski\\\/#mainImage\",\"width\":1920,\"height\":705,\"caption\":\"Spotkania z G\\u00f3rami Bogdan Jankowski\"},\"primaryImageOfPage\":{\"@id\":\"https:\\\/\\\/www.skalnik.pl\\\/blog\\\/gory-dalekie-i-bliskie-bogdan-jankowski\\\/#mainImage\"},\"datePublished\":\"2019-11-15T15:54:42+02:00\",\"dateModified\":\"2025-07-11T14:45:18+02:00\"},{\"@type\":\"WebSite\",\"@id\":\"https:\\\/\\\/www.skalnik.pl\\\/blog\\\/#website\",\"url\":\"https:\\\/\\\/www.skalnik.pl\\\/blog\\\/\",\"name\":\"blog Skalnik\",\"description\":\"Blog, porady, artyku\\u0142y - blog Skalnik\",\"inLanguage\":\"pl-PL\",\"publisher\":{\"@id\":\"https:\\\/\\\/www.skalnik.pl\\\/blog\\\/#organization\"}}]}\n\t\t<\/script>\n\t\t<!-- All in One SEO -->\n\n","aioseo_head_json":{"title":"G\u00f3ry dalekie i bliskie \u2013 in memoriam Bogdan Jankowski - blog Skalnik","description":"Najbli\u017csze Spotkania z G\u00f3rami to prelekcja po\u015bwi\u0119cona Bogdanowi Jankowskiemu. Jego nieuko\u0144czona prezentacja zostanie przedstawiona przez syna - Krzysztofa Jankowskiego, kt\u00f3remu uda\u0142o si\u0119 j\u0105 dopi\u0105\u0107 do ko\u0144ca. Odtworzone zostanie tak\u017ce nagranie, na kt\u00f3rym Bogdan sam opowiada o bliskich mu g\u00f3rach.","canonical_url":"https:\/\/www.skalnik.pl\/blog\/gory-dalekie-i-bliskie-bogdan-jankowski\/","robots":"noindex, nofollow, max-snippet:-1, max-image-preview:large, max-video-preview:-1","keywords":"","webmasterTools":{"miscellaneous":""},"schema":{"@context":"https:\/\/schema.org","@graph":[{"@type":"BlogPosting","@id":"https:\/\/www.skalnik.pl\/blog\/gory-dalekie-i-bliskie-bogdan-jankowski\/#blogposting","name":"G\u00f3ry dalekie i bliskie \u2013 in memoriam Bogdan Jankowski - blog Skalnik","headline":"G\u00f3ry dalekie i bliskie &#8211; in memoriam Bogdan Jankowski","author":{"@id":"https:\/\/www.skalnik.pl\/blog\/author\/spotkania\/#author"},"publisher":{"@id":"https:\/\/www.skalnik.pl\/blog\/#organization"},"image":{"@type":"ImageObject","url":"https:\/\/www.skalnik.pl\/blog\/wp-content\/uploads\/2019\/11\/spotka-t\u0142o.jpg","width":1920,"height":705,"caption":"Spotkania z G\u00f3rami Bogdan Jankowski"},"datePublished":"2019-11-15T15:54:42+02:00","dateModified":"2025-07-11T14:45:18+02:00","inLanguage":"pl-PL","mainEntityOfPage":{"@id":"https:\/\/www.skalnik.pl\/blog\/gory-dalekie-i-bliskie-bogdan-jankowski\/#webpage"},"isPartOf":{"@id":"https:\/\/www.skalnik.pl\/blog\/gory-dalekie-i-bliskie-bogdan-jankowski\/#webpage"},"articleSection":"Spotkania z g\u00f3rami, g\u00f3ry, himalaizm, spotkania z g\u00f3rami, styl \u017cycia"},{"@type":"BreadcrumbList","@id":"https:\/\/www.skalnik.pl\/blog\/gory-dalekie-i-bliskie-bogdan-jankowski\/#breadcrumblist","itemListElement":[{"@type":"ListItem","@id":"https:\/\/www.skalnik.pl\/blog#listItem","position":1,"name":"Home","item":"https:\/\/www.skalnik.pl\/blog","nextItem":{"@type":"ListItem","@id":"https:\/\/www.skalnik.pl\/blog\/.\/spotkania-z-gorami\/#listItem","name":"Spotkania z g\u00f3rami"}},{"@type":"ListItem","@id":"https:\/\/www.skalnik.pl\/blog\/.\/spotkania-z-gorami\/#listItem","position":2,"name":"Spotkania z g\u00f3rami","item":"https:\/\/www.skalnik.pl\/blog\/.\/spotkania-z-gorami\/","nextItem":{"@type":"ListItem","@id":"https:\/\/www.skalnik.pl\/blog\/gory-dalekie-i-bliskie-bogdan-jankowski\/#listItem","name":"G\u00f3ry dalekie i bliskie &#8211; in memoriam Bogdan Jankowski"},"previousItem":{"@type":"ListItem","@id":"https:\/\/www.skalnik.pl\/blog#listItem","name":"Home"}},{"@type":"ListItem","@id":"https:\/\/www.skalnik.pl\/blog\/gory-dalekie-i-bliskie-bogdan-jankowski\/#listItem","position":3,"name":"G\u00f3ry dalekie i bliskie &#8211; in memoriam Bogdan Jankowski","previousItem":{"@type":"ListItem","@id":"https:\/\/www.skalnik.pl\/blog\/.\/spotkania-z-gorami\/#listItem","name":"Spotkania z g\u00f3rami"}}]},{"@type":"Organization","@id":"https:\/\/www.skalnik.pl\/blog\/#organization","name":"blog Skalnik","description":"Blog, porady, artyku\u0142y - blog Skalnik","url":"https:\/\/www.skalnik.pl\/blog\/"},{"@type":"Person","@id":"https:\/\/www.skalnik.pl\/blog\/author\/spotkania\/#author","url":"https:\/\/www.skalnik.pl\/blog\/author\/spotkania\/","name":"Spotkania z G\u00f3rami","image":{"@type":"ImageObject","@id":"https:\/\/www.skalnik.pl\/blog\/gory-dalekie-i-bliskie-bogdan-jankowski\/#authorImage","url":"https:\/\/secure.gravatar.com\/avatar\/e09dd3aeee26ff64ebd6fda736cd0f273a292e33f7d42d8fbdff1ba323502b0b?s=96&d=mm&r=g","width":96,"height":96,"caption":"Spotkania z G\u00f3rami"}},{"@type":"WebPage","@id":"https:\/\/www.skalnik.pl\/blog\/gory-dalekie-i-bliskie-bogdan-jankowski\/#webpage","url":"https:\/\/www.skalnik.pl\/blog\/gory-dalekie-i-bliskie-bogdan-jankowski\/","name":"G\u00f3ry dalekie i bliskie \u2013 in memoriam Bogdan Jankowski - blog Skalnik","description":"Najbli\u017csze Spotkania z G\u00f3rami to prelekcja po\u015bwi\u0119cona Bogdanowi Jankowskiemu. Jego nieuko\u0144czona prezentacja zostanie przedstawiona przez syna - Krzysztofa Jankowskiego, kt\u00f3remu uda\u0142o si\u0119 j\u0105 dopi\u0105\u0107 do ko\u0144ca. Odtworzone zostanie tak\u017ce nagranie, na kt\u00f3rym Bogdan sam opowiada o bliskich mu g\u00f3rach.","inLanguage":"pl-PL","isPartOf":{"@id":"https:\/\/www.skalnik.pl\/blog\/#website"},"breadcrumb":{"@id":"https:\/\/www.skalnik.pl\/blog\/gory-dalekie-i-bliskie-bogdan-jankowski\/#breadcrumblist"},"author":{"@id":"https:\/\/www.skalnik.pl\/blog\/author\/spotkania\/#author"},"creator":{"@id":"https:\/\/www.skalnik.pl\/blog\/author\/spotkania\/#author"},"image":{"@type":"ImageObject","url":"https:\/\/www.skalnik.pl\/blog\/wp-content\/uploads\/2019\/11\/spotka-t\u0142o.jpg","@id":"https:\/\/www.skalnik.pl\/blog\/gory-dalekie-i-bliskie-bogdan-jankowski\/#mainImage","width":1920,"height":705,"caption":"Spotkania z G\u00f3rami Bogdan Jankowski"},"primaryImageOfPage":{"@id":"https:\/\/www.skalnik.pl\/blog\/gory-dalekie-i-bliskie-bogdan-jankowski\/#mainImage"},"datePublished":"2019-11-15T15:54:42+02:00","dateModified":"2025-07-11T14:45:18+02:00"},{"@type":"WebSite","@id":"https:\/\/www.skalnik.pl\/blog\/#website","url":"https:\/\/www.skalnik.pl\/blog\/","name":"blog Skalnik","description":"Blog, porady, artyku\u0142y - blog Skalnik","inLanguage":"pl-PL","publisher":{"@id":"https:\/\/www.skalnik.pl\/blog\/#organization"}}]},"og:locale":"pl_PL","og:site_name":"blog Skalnik - Blog, porady, artyku\u0142y - blog Skalnik","og:type":"article","og:title":"G\u00f3ry dalekie i bliskie \u2013 in memoriam Bogdan Jankowski - blog Skalnik","og:description":"Najbli\u017csze Spotkania z G\u00f3rami to prelekcja po\u015bwi\u0119cona Bogdanowi Jankowskiemu. Jego nieuko\u0144czona prezentacja zostanie przedstawiona przez syna - Krzysztofa Jankowskiego, kt\u00f3remu uda\u0142o si\u0119 j\u0105 dopi\u0105\u0107 do ko\u0144ca. Odtworzone zostanie tak\u017ce nagranie, na kt\u00f3rym Bogdan sam opowiada o bliskich mu g\u00f3rach.","og:url":"https:\/\/www.skalnik.pl\/blog\/gory-dalekie-i-bliskie-bogdan-jankowski\/","og:image":"https:\/\/skalnik.pl\/blog\/wp-content\/uploads\/2019\/11\/na-blog-spotkania.jpg","og:image:secure_url":"https:\/\/skalnik.pl\/blog\/wp-content\/uploads\/2019\/11\/na-blog-spotkania.jpg","article:tag":{"0":"spotkania z g\u00f3rami","1":"g\u00f3ry","2":"himalaizm","4":"styl \u017cycia"},"article:published_time":"2019-11-15T14:54:42+00:00","article:modified_time":"2025-07-11T12:45:18+00:00","twitter:card":"summary_large_image","twitter:title":"G\u00f3ry dalekie i bliskie \u2013 in memoriam Bogdan Jankowski - blog Skalnik","twitter:description":"Najbli\u017csze Spotkania z G\u00f3rami to prelekcja po\u015bwi\u0119cona Bogdanowi Jankowskiemu. Jego nieuko\u0144czona prezentacja zostanie przedstawiona przez syna - Krzysztofa Jankowskiego, kt\u00f3remu uda\u0142o si\u0119 j\u0105 dopi\u0105\u0107 do ko\u0144ca. Odtworzone zostanie tak\u017ce nagranie, na kt\u00f3rym Bogdan sam opowiada o bliskich mu g\u00f3rach.","twitter:image":"https:\/\/skalnik.pl\/blog\/wp-content\/uploads\/2019\/11\/na-blog-spotkania.jpg"},"aioseo_meta_data":{"post_id":"9793","title":null,"description":null,"keywords":[{"label":"spotkania z g\u00f3rami","value":"spotkania z g\u00f3rami"},{"label":"himalaje","value":"himalaje"},{"label":"bogdan jankowski","value":"bogdan jankowski"},{"label":"g\u00f3ry wysokie","value":"g\u00f3ry wysokie"}],"keyphrases":{"focus":{"keyphrase":"","score":0,"analysis":{"keyphraseInTitle":{"score":0,"maxScore":9,"error":1}}},"additional":[]},"primary_term":null,"canonical_url":null,"og_title":null,"og_description":null,"og_object_type":"default","og_image_type":"default","og_image_url":null,"og_image_width":null,"og_image_height":null,"og_image_custom_url":null,"og_image_custom_fields":null,"og_video":"","og_custom_url":null,"og_article_section":null,"og_article_tags":[],"twitter_use_og":false,"twitter_card":"default","twitter_image_type":"default","twitter_image_url":null,"twitter_image_custom_url":null,"twitter_image_custom_fields":null,"twitter_title":null,"twitter_description":null,"schema":{"blockGraphs":[],"customGraphs":[],"default":{"data":{"Article":[],"Course":[],"Dataset":[],"FAQPage":[],"Movie":[],"Person":[],"Product":[],"ProductReview":[],"Car":[],"Recipe":[],"Service":[],"SoftwareApplication":[],"WebPage":[]},"graphName":"","isEnabled":true},"graphs":[]},"schema_type":"default","schema_type_options":null,"pillar_content":false,"robots_default":false,"robots_noindex":true,"robots_noarchive":false,"robots_nosnippet":false,"robots_nofollow":true,"robots_noimageindex":false,"robots_noodp":false,"robots_notranslate":false,"robots_max_snippet":"-1","robots_max_videopreview":"-1","robots_max_imagepreview":"large","priority":null,"frequency":"default","local_seo":null,"breadcrumb_settings":null,"limit_modified_date":false,"ai":null,"created":"2022-08-26 10:09:04","updated":"2026-02-17 21:41:28","seo_analyzer_scan_date":null},"aioseo_breadcrumb":"<div class=\"aioseo-breadcrumbs\"><span class=\"aioseo-breadcrumb\">\n\t\t\t<a href=\"https:\/\/www.skalnik.pl\/blog\" title=\"Home\">Home<\/a>\n\t\t<\/span><span class=\"aioseo-breadcrumb-separator\">&raquo;<\/span><span class=\"aioseo-breadcrumb\">\n\t\t\t<a href=\"https:\/\/www.skalnik.pl\/blog\/.\/spotkania-z-gorami\/\" title=\"Spotkania z g\u00f3rami\">Spotkania z g\u00f3rami<\/a>\n\t\t<\/span><span class=\"aioseo-breadcrumb-separator\">&raquo;<\/span><span class=\"aioseo-breadcrumb\">\n\t\t\tG\u00f3ry dalekie i bliskie \u2013 in memoriam Bogdan Jankowski\n\t\t<\/span><\/div>","aioseo_breadcrumb_json":[{"label":"Home","link":"https:\/\/www.skalnik.pl\/blog"},{"label":"Spotkania z g\u00f3rami","link":"https:\/\/www.skalnik.pl\/blog\/.\/spotkania-z-gorami\/"},{"label":"G\u00f3ry dalekie i bliskie &#8211; in memoriam Bogdan Jankowski","link":"https:\/\/www.skalnik.pl\/blog\/gory-dalekie-i-bliskie-bogdan-jankowski\/"}],"_links":{"self":[{"href":"https:\/\/www.skalnik.pl\/blog\/wp-json\/wp\/v2\/posts\/9793","targetHints":{"allow":["GET"]}}],"collection":[{"href":"https:\/\/www.skalnik.pl\/blog\/wp-json\/wp\/v2\/posts"}],"about":[{"href":"https:\/\/www.skalnik.pl\/blog\/wp-json\/wp\/v2\/types\/post"}],"author":[{"embeddable":true,"href":"https:\/\/www.skalnik.pl\/blog\/wp-json\/wp\/v2\/users\/10"}],"replies":[{"embeddable":true,"href":"https:\/\/www.skalnik.pl\/blog\/wp-json\/wp\/v2\/comments?post=9793"}],"version-history":[{"count":11,"href":"https:\/\/www.skalnik.pl\/blog\/wp-json\/wp\/v2\/posts\/9793\/revisions"}],"predecessor-version":[{"id":27061,"href":"https:\/\/www.skalnik.pl\/blog\/wp-json\/wp\/v2\/posts\/9793\/revisions\/27061"}],"wp:featuredmedia":[{"embeddable":true,"href":"https:\/\/www.skalnik.pl\/blog\/wp-json\/wp\/v2\/media\/9795"}],"wp:attachment":[{"href":"https:\/\/www.skalnik.pl\/blog\/wp-json\/wp\/v2\/media?parent=9793"}],"wp:term":[{"taxonomy":"category","embeddable":true,"href":"https:\/\/www.skalnik.pl\/blog\/wp-json\/wp\/v2\/categories?post=9793"},{"taxonomy":"post_tag","embeddable":true,"href":"https:\/\/www.skalnik.pl\/blog\/wp-json\/wp\/v2\/tags?post=9793"},{"taxonomy":"magento_category","embeddable":true,"href":"https:\/\/www.skalnik.pl\/blog\/wp-json\/wp\/v2\/magento_category?post=9793"},{"taxonomy":"magento_product","embeddable":true,"href":"https:\/\/www.skalnik.pl\/blog\/wp-json\/wp\/v2\/magento_product?post=9793"}],"curies":[{"name":"wp","href":"https:\/\/api.w.org\/{rel}","templated":true}]}}